{"id":153214,"date":"2021-11-03T01:00:00","date_gmt":"2021-11-03T00:00:00","guid":{"rendered":"https:\/\/www.region-schwabach.de\/wordpress\/?p=153214"},"modified":"2021-11-02T23:02:19","modified_gmt":"2021-11-02T22:02:19","slug":"biobrotaktion-mit-ob-peter-reiss-an-der-schule-am-museum-in-schwabach","status":"publish","type":"post","link":"https:\/\/www.region-schwabach.de\/wordpress\/biobrotaktion-mit-ob-peter-reiss-an-der-schule-am-museum-in-schwabach\/","title":{"rendered":"Biobrotaktion mit OB Peter Rei\u00df an der Schule am Museum in Schwabach"},"content":{"rendered":"\t\t<div data-elementor-type=\"wp-post\" data-elementor-id=\"153214\" class=\"elementor elementor-153214\">\n\t\t\t\t\t\t<section class=\"elementor-section elementor-top-section elementor-element elementor-element-678181b elementor-section-boxed elementor-section-height-default elementor-section-height-default\" data-id=\"678181b\" data-element_type=\"section\">\n\t\t\t\t\t\t<div class=\"elementor-container elementor-column-gap-default\">\n\t\t\t\t\t<div class=\"elementor-column elementor-col-66 elementor-top-column elementor-element elementor-element-6b34026\" data-id=\"6b34026\" data-element_type=\"column\">\n\t\t\t<div class=\"elementor-widget-wrap elementor-element-populated\">\n\t\t\t\t\t\t<div class=\"elementor-element elementor-element-443ab98 elementor-widget elementor-widget-text-editor\" data-id=\"443ab98\" data-element_type=\"widget\" data-widget_type=\"text-editor.default\">\n\t\t\t\t<div class=\"elementor-widget-container\">\n\t\t\t\t\t\t\t<h3>Biobrotbox\u00a0<br \/>Gesundes Fr\u00fchst\u00fcck im Focus<\/h3><p><span style=\"font-size: 12pt;\">Schwabach &#8211; In Schwabach besuchten Oberb\u00fcrgermeister Peter Rei\u00df, Stadtrechtsrat Knut Engelbrecht und Claus Eitel, Direktor der AOK Mittelfranken zwei erste Klassen der Schule am Museum Schwabach. Im Pausenhof verteilten sie die kostenlosen Fr\u00fchst\u00fccks-Boxen an die Sch\u00fclerinnen und Sch\u00fcler. Dabei drehte sich alles um das gesunde Fr\u00fchst\u00fcck und das Pausenbrot. Die Schulkinder erfuhren, dass f\u00fcr Gesundheit, Spa\u00df und Leistungsf\u00e4higkeit insbesondere die Ern\u00e4hrung eine wichtige Grundlage bildet. Auch die Umwelt profitiert von dieser Aktion: Plastik- und Alufolie geh\u00f6ren mit der Mehrwegbox der Vergangenheit an.\u00a0<\/span><\/p><h3><span style=\"font-size: 12pt;\"><span style=\"font-size: 14pt;\">F\u00fcr 10 250 Erstkl\u00e4ssler<\/span><br \/><\/span><\/h3><p><span style=\"font-size: 12pt;\">10 250 Erstkl\u00e4ssler durften sich in der Metropolregion \u00fcber eine BioBrotbox freuen. Die Bio-Brotboxen machen wieder darauf aufmerksam, wie wichtig Ern\u00e4hrungsbildung schon im fr\u00fchen Alter ist. Gesundheit ist untrennbar mit guter Ern\u00e4hrung verbunden. Unter dem Motto \u201eS\u00e4en, Ernten, Schmecken\u201c erhalten die Sch\u00fcler zur Box dieses Jahr unter anderem Bio-Kressesamen zum Auss\u00e4en, dazu ein Br\u00f6tchenrezept f\u00fcr ein selbst gebackenes Kressebrot. So wird die Herstellung von Lebensmitteln ganz praktisch erfahrbar. <br \/><\/span><\/p><h3><span style=\"font-size: 14pt;\">Boxen werden an rund 158 Schulen gesendet<\/span><\/h3><p><span style=\"font-size: 12pt;\">Die Boxen werden an rund 158 Schulen gesendet. Damit bekommen <\/span><span style=\"font-size: 12pt;\">Erstkl\u00e4ssler in N\u00fcrnberg, F\u00fcrth, Erlangen, Schwabach, Ansbach, <\/span><span style=\"font-size: 12pt;\">Neumarkt, Herzogenaurach, Altdorf, Feuchtwangen, im Landkreis Roth <\/span><span style=\"font-size: 12pt;\">und Dinkelsb\u00fchl, eine Pausenbrotbox mit Informationen zu guten BioLebensmitteln geschenkt. Die Aktion Bio-Brotbox wird im Gro\u00dfraum <\/span><span style=\"font-size: 12pt;\">durch zahlreiche Sponsoren, der Biometropole N\u00fcrnberg, den <\/span><span style=\"font-size: 12pt;\">B\u00fcrgermeistern sowie Landr\u00e4ten aus den St\u00e4dten und Landkreisen <\/span><span style=\"font-size: 12pt;\">erm\u00f6glicht. <\/span><\/p><h3>Weiterf\u00fchrende Informationen:\u00a0<\/h3><p><span style=\"font-size: 12pt;\">Im Internet findet man unter <a href=\"http:\/\/www.die-biometropole.de\" target=\"_blank\" rel=\"noopener\">www.die-biometropole.de<\/a> und <\/span><span style=\"font-size: 12pt;\">dem Namen \u201eBio-Brotbox Kids\u201c zahlreiche Tipps und Informationen \u00fcber <\/span><span style=\"font-size: 12pt;\">die Bio-Brotboxaktion.\u00a0<\/span><\/p><p><span style=\"font-size: 12pt;\"><strong>Foto (Angelika Kappes, AOK Mittelfranken):<\/strong> (von links) OB Peter Rei\u00df <\/span><span style=\"font-size: 12pt;\">\u00fcbergibt zusammen mit Claus Eitel von der AOK den Kindern die <\/span><span style=\"font-size: 12pt;\">Biobrotboxen.<\/span><\/p>\t\t\t\t\t\t<\/div>\n\t\t\t\t<\/div>\n\t\t\t\t<div class=\"elementor-element elementor-element-a2cb79b elementor-widget-divider--view-line elementor-widget elementor-widget-divider\" data-id=\"a2cb79b\" data-element_type=\"widget\" data-widget_type=\"divider.default\">\n\t\t\t\t<div class=\"elementor-widget-container\">\n\t\t\t\t\t<div class=\"elementor-divider\">\n\t\t\t<span class=\"elementor-divider-separator\">\n\t\t\t\t\t\t<\/span>\n\t\t<\/div>\n\t\t\t\t<\/div>\n\t\t\t\t<\/div>\n\t\t\t\t<div class=\"elementor-element elementor-element-da20a21 elementor-widget elementor-widget-google_maps\" data-id=\"da20a21\" data-element_type=\"widget\" data-widget_type=\"google_maps.default\">\n\t\t\t\t<div class=\"elementor-widget-container\">\n\t\t\t\t\t<div class=\"elementor-custom-embed\">\n\t\t\t<iframe loading=\"lazy\"\n\t\t\t\t\tsrc=\"https:\/\/maps.google.com\/maps?q=Ansbacher%20Stra%C3%9Fe%2011%2C%20Schwabach%2C%20Deutschland&#038;t=m&#038;z=17&#038;output=embed&#038;iwloc=near\"\n\t\t\t\t\ttitle=\"Ansbacher Stra\u00dfe 11, Schwabach, Deutschland\"\n\t\t\t\t\taria-label=\"Ansbacher Stra\u00dfe 11, Schwabach, Deutschland\"\n\t\t\t><\/iframe>\n\t\t<\/div>\n\t\t\t\t<\/div>\n\t\t\t\t<\/div>\n\t\t\t\t\t<\/div>\n\t\t<\/div>\n\t\t\t\t<div class=\"elementor-column elementor-col-33 elementor-top-column elementor-element elementor-element-f645137\" data-id=\"f645137\" data-element_type=\"column\">\n\t\t\t<div class=\"elementor-widget-wrap elementor-element-populated\">\n\t\t\t\t\t\t<div class=\"elementor-element elementor-element-25043c1 elementor-widget elementor-widget-image\" data-id=\"25043c1\" data-element_type=\"widget\" data-widget_type=\"image.default\">\n\t\t\t\t<div class=\"elementor-widget-container\">\n\t\t\t\t\t\t\t\t\t\t\t\t\t<img fetchpriority=\"high\" decoding=\"async\" width=\"300\" height=\"300\" src=\"https:\/\/www.region-schwabach.de\/wordpress\/wp-content\/uploads\/2018\/04\/werbung1-300x300.png\" class=\"attachment-medium size-medium wp-image-35382\" alt=\"\" srcset=\"https:\/\/www.region-schwabach.de\/wordpress\/wp-content\/uploads\/2018\/04\/werbung1-300x300.png 300w, https:\/\/www.region-schwabach.de\/wordpress\/wp-content\/uploads\/2018\/04\/werbung1-150x150.png 150w, https:\/\/www.region-schwabach.de\/wordpress\/wp-content\/uploads\/2018\/04\/werbung1-768x768.png 768w, https:\/\/www.region-schwabach.de\/wordpress\/wp-content\/uploads\/2018\/04\/werbung1-1024x1024.png 1024w, https:\/\/www.region-schwabach.de\/wordpress\/wp-content\/uploads\/2018\/04\/werbung1.png 1200w\" sizes=\"(max-width: 300px) 100vw, 300px\" \/>\t\t\t\t\t\t\t\t\t\t\t\t\t<\/div>\n\t\t\t\t<\/div>\n\t\t\t\t\t<\/div>\n\t\t<\/div>\n\t\t\t\t\t<\/div>\n\t\t<\/section>\n\t\t\t\t<\/div>\n\t\t","protected":false},"excerpt":{"rendered":"<div class=\"mh-excerpt\"><p>Biobrotbox\u00a0Gesundes Fr\u00fchst\u00fcck im Focus Schwabach &#8211; In Schwabach besuchten Oberb\u00fcrgermeister Peter Rei\u00df, Stadtrechtsrat Knut Engelbrecht und Claus Eitel, Direktor der AOK Mittelfranken zwei erste Klassen der Schule am Museum Schwabach. Im Pausenhof verteilten sie die <a class=\"mh-excerpt-more\" href=\"https:\/\/www.region-schwabach.de\/wordpress\/biobrotaktion-mit-ob-peter-reiss-an-der-schule-am-museum-in-schwabach\/\" title=\"Biobrotaktion mit OB Peter Rei\u00df an der Schule am Museum in Schwabach\">[&#8230;]<\/a><\/p>\n<\/div>","protected":false},"author":1,"featured_media":153215,"comment_status":"open","ping_status":"open","sticky":false,"template":"","format":"standard","meta":{"_cbd_carousel_blocks":"[]","footnotes":""},"categories":[16,1,287,61,46],"tags":[6032,6030,17419,17423,17420,17421,6008,3559,17422,17235,1480,4538,17056,6010,19,5326],"class_list":{"0":"post-153214","1":"post","2":"type-post","3":"status-publish","4":"format-standard","5":"has-post-thumbnail","7":"category-aktuell","8":"category-allgemein","9":"category-jugend-und-familie","10":"category-rathaus","11":"category-verbaende","12":"tag-aok","13":"tag-bio-brotbox","14":"tag-claus-eitel","15":"tag-ernaehrung","16":"tag-fruehstuecks-boxen","17":"tag-gesundheit","18":"tag-grundschulen","19":"tag-grundschueler","20":"tag-leistungsfaehigkeit","21":"tag-oktober-2021","22":"tag-rathaus","23":"tag-schueler","24":"tag-schulerinnen","25":"tag-schulstart","26":"tag-schwabach","27":"tag-spass"},"_links":{"self":[{"href":"https:\/\/www.region-schwabach.de\/wordpress\/wp-json\/wp\/v2\/posts\/153214","targetHints":{"allow":["GET"]}}],"collection":[{"href":"https:\/\/www.region-schwabach.de\/wordpress\/wp-json\/wp\/v2\/posts"}],"about":[{"href":"https:\/\/www.region-schwabach.de\/wordpress\/wp-json\/wp\/v2\/types\/post"}],"author":[{"embeddable":true,"href":"https:\/\/www.region-schwabach.de\/wordpress\/wp-json\/wp\/v2\/users\/1"}],"replies":[{"embeddable":true,"href":"https:\/\/www.region-schwabach.de\/wordpress\/wp-json\/wp\/v2\/comments?post=153214"}],"version-history":[{"count":0,"href":"https:\/\/www.region-schwabach.de\/wordpress\/wp-json\/wp\/v2\/posts\/153214\/revisions"}],"wp:featuredmedia":[{"embeddable":true,"href":"https:\/\/www.region-schwabach.de\/wordpress\/wp-json\/wp\/v2\/media\/153215"}],"wp:attachment":[{"href":"https:\/\/www.region-schwabach.de\/wordpress\/wp-json\/wp\/v2\/media?parent=153214"}],"wp:term":[{"taxonomy":"category","embeddable":true,"href":"https:\/\/www.region-schwabach.de\/wordpress\/wp-json\/wp\/v2\/categories?post=153214"},{"taxonomy":"post_tag","embeddable":true,"href":"https:\/\/www.region-schwabach.de\/wordpress\/wp-json\/wp\/v2\/tags?post=153214"}],"curies":[{"name":"wp","href":"https:\/\/api.w.org\/{rel}","templated":true}]}}