{"id":153556,"date":"2021-11-07T01:00:00","date_gmt":"2021-11-07T00:00:00","guid":{"rendered":"https:\/\/www.region-schwabach.de\/wordpress\/?p=153556"},"modified":"2021-11-07T09:23:28","modified_gmt":"2021-11-07T08:23:28","slug":"zachor-erinnere-dich-erinnern-an-die-pogromnacht-1938-am-sonntag-den-7-november-2021","status":"publish","type":"post","link":"https:\/\/www.region-schwabach.de\/wordpress\/zachor-erinnere-dich-erinnern-an-die-pogromnacht-1938-am-sonntag-den-7-november-2021\/","title":{"rendered":"ZACHOR! ERINNERE DICH \u2013 Erinnern an die Pogromnacht 1938 am Sonntag, den 7. November 2021"},"content":{"rendered":"\t\t<div data-elementor-type=\"wp-post\" data-elementor-id=\"153556\" class=\"elementor elementor-153556\">\n\t\t\t\t\t\t<section class=\"elementor-section elementor-top-section elementor-element elementor-element-678181b elementor-section-boxed elementor-section-height-default elementor-section-height-default\" data-id=\"678181b\" data-element_type=\"section\">\n\t\t\t\t\t\t<div class=\"elementor-container elementor-column-gap-default\">\n\t\t\t\t\t<div class=\"elementor-column elementor-col-50 elementor-top-column elementor-element elementor-element-6b34026\" data-id=\"6b34026\" data-element_type=\"column\">\n\t\t\t<div class=\"elementor-widget-wrap elementor-element-populated\">\n\t\t\t\t\t\t<div class=\"elementor-element elementor-element-e3fa2ca elementor-widget elementor-widget-wp-widget-advads_ad_widget\" data-id=\"e3fa2ca\" data-element_type=\"widget\" data-widget_type=\"wp-widget-advads_ad_widget.default\">\n\t\t\t\t<div class=\"elementor-widget-container\">\n\t\t\t<div id=\"regio-1760741331\"><div class=\"regio-adlabel\">Werbung<\/div><center><a href=\"https:\/\/a.partner-versicherung.de\/click.php?partner_id=19992&ad_id=1578&deep=kreditkarten\"  target=\"_blank\"><img decoding=\"async\" src=\"https:\/\/a.partner-versicherung.de\/view.php?partner_id=19992&ad_id=1578\" ><\/a><\/center><\/div>\t\t<\/div>\n\t\t\t\t<\/div>\n\t\t\t\t<div class=\"elementor-element elementor-element-443ab98 elementor-widget elementor-widget-text-editor\" data-id=\"443ab98\" data-element_type=\"widget\" data-widget_type=\"text-editor.default\">\n\t\t\t\t<div class=\"elementor-widget-container\">\n\t\t\t\t\t\t\t<h3><span dir=\"ltr\" role=\"presentation\">S<\/span><span dir=\"ltr\" role=\"presentation\">onntag<\/span><span dir=\"ltr\" role=\"presentation\">, den <\/span><span dir=\"ltr\" role=\"presentation\">07. November <\/span><span dir=\"ltr\" role=\"presentation\">2021, 1<\/span><span dir=\"ltr\" role=\"presentation\">4.00<\/span> <span dir=\"ltr\" role=\"presentation\">Uhr<\/span> <br role=\"presentation\" \/><span dir=\"ltr\" role=\"presentation\">ZACHOR! ERINNERE DICH <\/span><span dir=\"ltr\" role=\"presentation\">\u2013<\/span> <span dir=\"ltr\" role=\"presentation\">Erinnern an die Pogromnacht 1938<\/span><\/h3><p><span style=\"font-size: 12pt;\">Schwabach &#8211; <span dir=\"ltr\" role=\"presentation\">Allj\u00e4hrlich erinnert die Stadt Schwabach in einer <\/span><span dir=\"ltr\" role=\"presentation\">Gedenkstunde unter den Rathaus<\/span><span dir=\"ltr\" role=\"presentation\">&#8211;<\/span><span dir=\"ltr\" role=\"presentation\">Arkaden am <\/span><span dir=\"ltr\" role=\"presentation\">9. November um 17:30 Uhr an die Pogromnacht von 1938. Dazu geh\u00f6rt auch die F\u00fchrung von <\/span><span dir=\"ltr\" role=\"presentation\">Stadtheimatpflegerin Ursula Kaiser<\/span><span dir=\"ltr\" role=\"presentation\">&#8211;<\/span><span dir=\"ltr\" role=\"presentation\">Biburger, zu der sie in einer Kooperation mit dem J\u00fcdischen <\/span><span dir=\"ltr\" role=\"presentation\">Museum Franken am Sonntag, 7. No<\/span><span dir=\"ltr\" role=\"presentation\">vember<\/span> <span dir=\"ltr\" role=\"presentation\">um<\/span> <span dir=\"ltr\" role=\"presentation\">14 Uhr, einl\u00e4dt.<\/span> <br role=\"presentation\" \/><\/span><\/p><p><span style=\"font-size: 12pt;\"><span dir=\"ltr\" role=\"presentation\">Erinnert wird an die Geschehnisse und an Schicksale j\u00fcdischer Familien im November 1938. Im <\/span><span dir=\"ltr\" role=\"presentation\">Fokus steht auch die Geschichte der Familie Rosenstein<\/span><span dir=\"ltr\" role=\"presentation\">&#8211;<\/span><span dir=\"ltr\" role=\"presentation\">Gerstle, die ein f\u00fchrendes <\/span><span dir=\"ltr\" role=\"presentation\">Bekleidungsgesch\u00e4ft in Schwabach f\u00fchrte <\/span><span dir=\"ltr\" role=\"presentation\">\u2013<\/span> <span dir=\"ltr\" role=\"presentation\">bis die Famil<\/span><span dir=\"ltr\" role=\"presentation\">ie 1935 dazu gezwungen wurde, ihr <\/span><span dir=\"ltr\" role=\"presentation\">Gesch\u00e4ft zu schlie\u00dfen und aus Schwabach wegzuziehen &#8230;<\/span> <br role=\"presentation\" \/><span dir=\"ltr\" role=\"presentation\">Im Anschluss an die F\u00fchrung k\u00f6nnen die Alte Synagoge und das J\u00fcdische Museum in der <\/span><span dir=\"ltr\" role=\"presentation\">Synagogengasse 10a besucht werden. Die F\u00fchrung beginnt am Schwabacher Rathaus.\u00a0<\/span><\/span><\/p><p><span style=\"font-size: 12pt;\"><span dir=\"ltr\" role=\"presentation\">Eine <\/span><span dir=\"ltr\" role=\"presentation\">Veranstaltung der Stadt Schwabach in Kooperation mit dem J\u00fcdischen Museum Franken <\/span><span dir=\"ltr\" role=\"presentation\">anl\u00e4sslich<\/span> <span dir=\"ltr\" role=\"presentation\">des Jubil\u00e4umsjahres \u201e321 <\/span><span dir=\"ltr\" role=\"presentation\">\u2013<\/span> <span dir=\"ltr\" role=\"presentation\">1700 Jahre j\u00fcdisches Leben in Deutschland<\/span><span dir=\"ltr\" role=\"presentation\">\u201c<\/span><span dir=\"ltr\" role=\"presentation\">.<\/span><\/span><\/p><p><span style=\"font-size: 12pt;\">Eine Anmeldung unter <a href=\"mailto:tourismus@schwabach.de\" target=\"_blank\" rel=\"noopener\">tourismus@schwabach.de<\/a>\u00a0ist erforderlich. Es gelten die jeweils aktuellen Corona-Regeln.\u00a0<\/span><\/p><h3>Infos:\u00a0<\/h3><table style=\"border-collapse: collapse; width: 100%;\"><tbody><tr><td style=\"width: 29.4824%;\"><strong><span style=\"font-size: 12pt;\">Anmeldung:<\/span><\/strong><\/td><td style=\"width: 70.5176%;\"><span style=\"font-size: 12pt;\">Anmeldung: erforderlich per Mail an <a href=\"mailto:tourismus@schwabach.de\" target=\"_blank\" rel=\"noopener\">tourismus@schwabach.de<\/a><\/span><\/td><\/tr><tr><td style=\"width: 29.4824%;\"><strong><span style=\"font-size: 12pt;\">Wann:<\/span><\/strong><\/td><td style=\"width: 70.5176%;\"><span style=\"font-size: 12pt;\">Sonntag, den 7. November 2021, 14.00 Uhr<\/span><\/td><\/tr><tr><td style=\"width: 29.4824%;\"><strong><span style=\"font-size: 12pt;\">Dauer:<\/span><\/strong><\/td><td style=\"width: 70.5176%;\"><span style=\"font-size: 12pt;\">90 Minuten<\/span><\/td><\/tr><tr><td style=\"width: 29.4824%;\"><strong><span style=\"font-size: 12pt;\">Wo:<\/span><\/strong><\/td><td style=\"width: 70.5176%;\"><span style=\"font-size: 12pt;\">Rathaus Schwabach, K\u00f6nigsplatz 1, 91126 Schwabach<\/span><\/td><\/tr><tr><td style=\"width: 29.4824%;\"><strong><span style=\"font-size: 12pt;\">F\u00fchrungsgeb\u00fchr:<\/span><\/strong><\/td><td style=\"width: 70.5176%;\"><span style=\"font-size: 12pt;\">frei<\/span><\/td><\/tr><tr><td style=\"width: 29.4824%;\"><strong><span style=\"font-size: 12pt;\">Museumseintritt:<\/span><\/strong><\/td><td style=\"width: 70.5176%;\"><span style=\"font-size: 12pt;\">frei<\/span><\/td><\/tr><tr><td style=\"width: 29.4824%;\"><strong><span style=\"font-size: 12pt;\">Pandemie:<\/span><\/strong><\/td><td style=\"width: 70.5176%;\"><span style=\"font-size: 12pt;\">Im Museum gelten Maskenpflicht und Abstandsregeln. W\u00e4hrend der F\u00fchrung im Au\u00dfenbereich gelten die \u00fcblichen Abstandsregeln<\/span><\/td><\/tr><tr><td style=\"width: 29.4824%;\"><strong><span style=\"font-size: 12pt;\">Abbildung:<\/span><\/strong><\/td><td style=\"width: 70.5176%;\"><span style=\"font-size: 12pt;\"><span dir=\"ltr\" role=\"presentation\">renoviertes Bekleidungshaus der Familie Frenzel, S\u00fcdliche Ringstra\u00dfe 2 in Schwabach<\/span> <br role=\"presentation\" \/><span dir=\"ltr\" role=\"presentation\">\u00a9 Ursula Kaiser<\/span><span dir=\"ltr\" role=\"presentation\">&#8211;<\/span><span dir=\"ltr\" role=\"presentation\">Biburger |<\/span> <span dir=\"ltr\" role=\"presentation\">Nutzungsrechte f\u00fcr Berichterstattung frei<\/span>\u00a0<\/span><\/td><\/tr><\/tbody><\/table><p><a href=\"http:\/\/www.juedisches-museum.org\/judisches-museum-franken-in-schwabach\/\" target=\"_blank\" rel=\"noopener\"><span style=\"font-size: 12pt;\">Hier geht&#8217;s zur Homepage vom JMF Schwabach &#8230;<\/span><\/a><\/p>\t\t\t\t\t\t<\/div>\n\t\t\t\t<\/div>\n\t\t\t\t<div class=\"elementor-element elementor-element-c8dd997 elementor-widget elementor-widget-shortcode\" data-id=\"c8dd997\" data-element_type=\"widget\" data-widget_type=\"shortcode.default\">\n\t\t\t\t<div class=\"elementor-widget-container\">\n\t\t\t\t\t<div class=\"elementor-shortcode\"><!-- Beginn https:\/\/www.financeads.net\/-Code --><a href=\"https:\/\/www.financeads.net\/tc.php?t=36648C38513858B\" target=\"_blank\"><center><img decoding=\"async\" src=\"https:\/\/www.financeads.net\/tb.php?t=36648V38513858B&https=1\" alt=\"\" border=\"0\" width=\"468\" height=\"60\"><\/a><!-- Ende https:\/\/www.financeads.net\/-Code --><\/div>\n\t\t\t\t<\/div>\n\t\t\t\t<\/div>\n\t\t\t\t<div class=\"elementor-element elementor-element-0c834d7 elementor-widget-divider--view-line elementor-widget elementor-widget-divider\" data-id=\"0c834d7\" data-element_type=\"widget\" data-widget_type=\"divider.default\">\n\t\t\t\t<div class=\"elementor-widget-container\">\n\t\t\t\t\t<div class=\"elementor-divider\">\n\t\t\t<span class=\"elementor-divider-separator\">\n\t\t\t\t\t\t<\/span>\n\t\t<\/div>\n\t\t\t\t<\/div>\n\t\t\t\t<\/div>\n\t\t\t\t<div class=\"elementor-element elementor-element-325f51f elementor-widget elementor-widget-google_maps\" data-id=\"325f51f\" data-element_type=\"widget\" data-widget_type=\"google_maps.default\">\n\t\t\t\t<div class=\"elementor-widget-container\">\n\t\t\t\t\t<div class=\"elementor-custom-embed\">\n\t\t\t<iframe loading=\"lazy\"\n\t\t\t\t\tsrc=\"https:\/\/maps.google.com\/maps?q=K%C3%B6nigsplatz%201%2C%20Schwabach%2C%20Deutschland&#038;t=m&#038;z=17&#038;output=embed&#038;iwloc=near\"\n\t\t\t\t\ttitle=\"K\u00f6nigsplatz 1, Schwabach, Deutschland\"\n\t\t\t\t\taria-label=\"K\u00f6nigsplatz 1, Schwabach, Deutschland\"\n\t\t\t><\/iframe>\n\t\t<\/div>\n\t\t\t\t<\/div>\n\t\t\t\t<\/div>\n\t\t\t\t\t<\/div>\n\t\t<\/div>\n\t\t\t\t<div class=\"elementor-column elementor-col-50 elementor-top-column elementor-element elementor-element-f3d2d15\" data-id=\"f3d2d15\" data-element_type=\"column\">\n\t\t\t<div class=\"elementor-widget-wrap elementor-element-populated\">\n\t\t\t\t\t\t<div class=\"elementor-element elementor-element-6165363 elementor-widget elementor-widget-heading\" data-id=\"6165363\" data-element_type=\"widget\" data-widget_type=\"heading.default\">\n\t\t\t\t<div class=\"elementor-widget-container\">\n\t\t\t<h3 class=\"elementor-heading-title elementor-size-default\">Schnell vergleichen und sparen!<\/h3>\t\t<\/div>\n\t\t\t\t<\/div>\n\t\t\t\t<div class=\"elementor-element elementor-element-3842e95 elementor-widget elementor-widget-wp-widget-advads_ad_widget\" data-id=\"3842e95\" data-element_type=\"widget\" data-widget_type=\"wp-widget-advads_ad_widget.default\">\n\t\t\t\t<div class=\"elementor-widget-container\">\n\t\t\t<div id=\"regio-722077936\"><div class=\"regio-adlabel\">Werbung<\/div><!-- Beginn https:\/\/www.financeads.net\/-Code --><a href=\"https:\/\/www.financeads.net\/tc.php?t=36648C236142529B\" target=\"_blank\"><img fetchpriority=\"high\" decoding=\"async\" src=\"https:\/\/www.financeads.net\/tb.php?t=36648V236142529B&https=1\" alt=\"\" border=\"0\" width=\"300\" height=\"250\"><\/a><!-- Ende https:\/\/www.financeads.net\/-Code --><\/div>\t\t<\/div>\n\t\t\t\t<\/div>\n\t\t\t\t<div class=\"elementor-element elementor-element-afdf71e elementor-widget elementor-widget-wp-widget-advads_ad_widget\" data-id=\"afdf71e\" data-element_type=\"widget\" data-widget_type=\"wp-widget-advads_ad_widget.default\">\n\t\t\t\t<div class=\"elementor-widget-container\">\n\t\t\t<div id=\"regio-2256678675\"><div class=\"regio-adlabel\">Werbung<\/div><!-- Beginn https:\/\/www.financeads.net\/-Code --><a href=\"https:\/\/www.financeads.net\/tc.php?t=36648C42614510B\" target=\"_blank\"><img decoding=\"async\" src=\"https:\/\/www.financeads.net\/tb.php?t=36648V42614510B&https=1\" alt=\"\" border=\"0\" width=\"200\" height=\"300\"><\/a><!-- Ende https:\/\/www.financeads.net\/-Code --><\/div>\t\t<\/div>\n\t\t\t\t<\/div>\n\t\t\t\t<div class=\"elementor-element elementor-element-faa70d1 elementor-widget elementor-widget-wp-widget-advads_ad_widget\" data-id=\"faa70d1\" data-element_type=\"widget\" data-widget_type=\"wp-widget-advads_ad_widget.default\">\n\t\t\t\t<div class=\"elementor-widget-container\">\n\t\t\t<div id=\"regio-4288932675\"><div class=\"regio-adlabel\">Werbung<\/div><!-- Beginn https:\/\/www.financeads.net\/-Code --><a href=\"https:\/\/www.financeads.net\/tc.php?t=36648C205040072B\" target=\"_blank\"><img loading=\"lazy\" decoding=\"async\" src=\"https:\/\/www.financeads.net\/tb.php?t=36648V205040072B&https=1\" alt=\"\" border=\"0\" width=\"300\" height=\"250\"><\/a><!-- Ende https:\/\/www.financeads.net\/-Code --><\/div>\t\t<\/div>\n\t\t\t\t<\/div>\n\t\t\t\t<div class=\"elementor-element elementor-element-3478f11 elementor-widget elementor-widget-wp-widget-advads_ad_widget\" data-id=\"3478f11\" data-element_type=\"widget\" data-widget_type=\"wp-widget-advads_ad_widget.default\">\n\t\t\t\t<div class=\"elementor-widget-container\">\n\t\t\t<div id=\"regio-751748483\"><div class=\"regio-adlabel\">Werbung<\/div><!-- Beginn https:\/\/www.financeads.net\/-Code --><a href=\"https:\/\/www.financeads.net\/tc.php?t=36648C271460142B\" target=\"_blank\"><img loading=\"lazy\" decoding=\"async\" src=\"https:\/\/www.financeads.net\/tb.php?t=36648V271460142B&https=1\" alt=\"PETPROTECT_Hund&Katze_Banner\" border=\"0\" width=\"250\" height=\"250\"><\/a><!-- Ende https:\/\/www.financeads.net\/-Code --><\/div>\t\t<\/div>\n\t\t\t\t<\/div>\n\t\t\t\t\t<\/div>\n\t\t<\/div>\n\t\t\t\t\t<\/div>\n\t\t<\/section>\n\t\t\t\t<\/div>\n\t\t","protected":false},"excerpt":{"rendered":"<div class=\"mh-excerpt\"><p>Sonntag, den 07. November 2021, 14.00 Uhr ZACHOR! ERINNERE DICH \u2013 Erinnern an die Pogromnacht 1938 Schwabach &#8211; Allj\u00e4hrlich erinnert die Stadt Schwabach in einer Gedenkstunde unter den Rathaus-Arkaden am 9. November um 17:30 Uhr <a class=\"mh-excerpt-more\" href=\"https:\/\/www.region-schwabach.de\/wordpress\/zachor-erinnere-dich-erinnern-an-die-pogromnacht-1938-am-sonntag-den-7-november-2021\/\" title=\"ZACHOR! ERINNERE DICH \u2013 Erinnern an die Pogromnacht 1938 am Sonntag, den 7. November 2021\">[&#8230;]<\/a><\/p>\n<\/div>","protected":false},"author":1,"featured_media":153562,"comment_status":"open","ping_status":"open","sticky":false,"template":"","format":"standard","meta":{"_cbd_carousel_blocks":"[]","footnotes":""},"categories":[16,287,231,140],"tags":[17448,17449,4691,53,4689,16763,522,17451,1480,19,6185,6022,17450],"class_list":{"0":"post-153556","1":"post","2":"type-post","3":"status-publish","4":"format-standard","5":"has-post-thumbnail","7":"category-aktuell","8":"category-jugend-und-familie","9":"category-veranstaltungsnews","10":"category-vereine","11":"tag-07-11-2021","12":"tag-7-november-2021","13":"tag-fraenkisch-juedische-geschichte","14":"tag-fuehrung","15":"tag-juedischen-museum-franken","16":"tag-juedisches-leben","17":"tag-koenigsplatz","18":"tag-pogromnacht-1938","19":"tag-rathaus","20":"tag-schwabach","21":"tag-stadtfuehrung","22":"tag-ursula-kaiser-biburger","23":"tag-zachor-erinnere-dich"},"_links":{"self":[{"href":"https:\/\/www.region-schwabach.de\/wordpress\/wp-json\/wp\/v2\/posts\/153556","targetHints":{"allow":["GET"]}}],"collection":[{"href":"https:\/\/www.region-schwabach.de\/wordpress\/wp-json\/wp\/v2\/posts"}],"about":[{"href":"https:\/\/www.region-schwabach.de\/wordpress\/wp-json\/wp\/v2\/types\/post"}],"author":[{"embeddable":true,"href":"https:\/\/www.region-schwabach.de\/wordpress\/wp-json\/wp\/v2\/users\/1"}],"replies":[{"embeddable":true,"href":"https:\/\/www.region-schwabach.de\/wordpress\/wp-json\/wp\/v2\/comments?post=153556"}],"version-history":[{"count":0,"href":"https:\/\/www.region-schwabach.de\/wordpress\/wp-json\/wp\/v2\/posts\/153556\/revisions"}],"wp:featuredmedia":[{"embeddable":true,"href":"https:\/\/www.region-schwabach.de\/wordpress\/wp-json\/wp\/v2\/media\/153562"}],"wp:attachment":[{"href":"https:\/\/www.region-schwabach.de\/wordpress\/wp-json\/wp\/v2\/media?parent=153556"}],"wp:term":[{"taxonomy":"category","embeddable":true,"href":"https:\/\/www.region-schwabach.de\/wordpress\/wp-json\/wp\/v2\/categories?post=153556"},{"taxonomy":"post_tag","embeddable":true,"href":"https:\/\/www.region-schwabach.de\/wordpress\/wp-json\/wp\/v2\/tags?post=153556"}],"curies":[{"name":"wp","href":"https:\/\/api.w.org\/{rel}","templated":true}]}}