{"id":153696,"date":"2021-11-07T01:45:00","date_gmt":"2021-11-07T00:45:00","guid":{"rendered":"https:\/\/www.region-schwabach.de\/wordpress\/?p=153696"},"modified":"2021-11-07T10:27:29","modified_gmt":"2021-11-07T09:27:29","slug":"lesart-am-sonntag-den-7-november-2021-um-19-30-uhr-im-markgrafensaal-schwabach","status":"publish","type":"post","link":"https:\/\/www.region-schwabach.de\/wordpress\/lesart-am-sonntag-den-7-november-2021-um-19-30-uhr-im-markgrafensaal-schwabach\/","title":{"rendered":"LesArt am Sonntag, den 7. November 2021, um 19.30 Uhr im Markgrafensaal Schwabach"},"content":{"rendered":"\t\t<div data-elementor-type=\"wp-post\" data-elementor-id=\"153696\" class=\"elementor elementor-153696\">\n\t\t\t\t\t\t<section class=\"elementor-section elementor-top-section elementor-element elementor-element-678181b elementor-section-boxed elementor-section-height-default elementor-section-height-default\" data-id=\"678181b\" data-element_type=\"section\">\n\t\t\t\t\t\t<div class=\"elementor-container elementor-column-gap-default\">\n\t\t\t\t\t<div class=\"elementor-column elementor-col-66 elementor-top-column elementor-element elementor-element-6b34026\" data-id=\"6b34026\" data-element_type=\"column\">\n\t\t\t<div class=\"elementor-widget-wrap elementor-element-populated\">\n\t\t\t\t\t\t<div class=\"elementor-element elementor-element-443ab98 elementor-widget elementor-widget-text-editor\" data-id=\"443ab98\" data-element_type=\"widget\" data-widget_type=\"text-editor.default\">\n\t\t\t\t<div class=\"elementor-widget-container\">\n\t\t\t\t\t\t\t<h3><span style=\"font-size: 14pt;\">Sonntag, den 7. November 2021, um 19.30 Uhr:\u00a0<\/span><br \/><span style=\"font-size: 14pt;\">25. LesArt &#8211; <strong>Shida Bazyar:\u00a0Drei Kameradinnen<\/strong><\/span><\/h3><p><span style=\"font-size: 12pt;\">Schwabach &#8211;\u00a0In ihrem neuen Roman erz\u00e4hlt Shida Bazyar voller Wucht und Furor von den Spannungen und Ungeheuerlichkeiten der Gegenwart \u2013 und von drei jungen Frauen, die zu-sammenstehen, egal was kommt. Seit ihrer gemeinsamen Jugend verbindet Hani, Kasih und Saya eine tiefe Freundschaft. Nach Jahren treffen die drei sich wieder, um ein paar Tage lang an die alten Zeiten anzukn\u00fcpfen. Doch immer wieder wird deutlich, dass sie nicht absch\u00fctteln k\u00f6nnen, was jetzt so oft ihren Alltag bestimmt: die Blicke, die Spr\u00fcche, Hass und rechter Terror. Ihre Freundschaft aber gibt ihnen Halt. Bis eine dramatische Nacht alles ins Wanken bringt. \u201eDrei Kameradinnen\u201c ist ein aufw\u00fchlender, kompromiss-loser und ber\u00fchrender Roman \u00fcber das au\u00dfergew\u00f6hnliche B\u00fcndnis dreier junger Frauen und deren bedingungsloser Freundschaft.<\/span><\/p><p><span style=\"font-size: 12pt;\">Shida Bazyar, geboren 1988 in Hermeskeil, studierte Literarisches Schreiben in Hildesheim und war, neben dem Schreiben, viele Jahre in der Jugendbildungsarbeit t\u00e4tig. Ihr Deb\u00fctroman \u201eNachts ist es leise in Teheran\u201c erschien 2016 und wurde u.a. mit dem Ulla-Hahn-Autorenpreis und dem Uwe-Johnson-F\u00f6rderpreis ausgezeichnet und in mehrere Sprachen \u00fcbersetzt. \u201eDrei Kameradinnen\u201c hat es auf die Longlist des diesj\u00e4hrigen Deutschen Buchpreises geschafft.<\/span><\/p><p><span style=\"font-size: 12pt;\">Shida Bazyar: Drei Kameradinnen<\/span><br \/><span style=\"font-size: 12pt;\">Kiepenheuer &amp; Witsch Verlag 2021<\/span><\/p><table style=\"border-collapse: collapse; width: 100%;\" border=\"1\"><tbody><tr><td style=\"width: 25%;\"><span style=\"font-size: 12pt;\"><a href=\"https:\/\/www.region-schwabach.de\/wordpress\/wp-content\/uploads\/2021\/11\/Shida-Bazyar-\u00a9-Tabea-Treichel-2.jpg\"><img fetchpriority=\"high\" decoding=\"async\" class=\"aligncenter size-full wp-image-153700\" src=\"https:\/\/www.region-schwabach.de\/wordpress\/wp-content\/uploads\/2021\/11\/Shida-Bazyar-\u00a9-Tabea-Treichel-2.jpg\" alt=\"\" width=\"666\" height=\"477\" srcset=\"https:\/\/www.region-schwabach.de\/wordpress\/wp-content\/uploads\/2021\/11\/Shida-Bazyar-\u00a9-Tabea-Treichel-2.jpg 666w, https:\/\/www.region-schwabach.de\/wordpress\/wp-content\/uploads\/2021\/11\/Shida-Bazyar-\u00a9-Tabea-Treichel-2-300x215.jpg 300w\" sizes=\"(max-width: 666px) 100vw, 666px\" \/><\/a>Shida Bazyar \u00a9 Tabea Treichel<br \/><\/span><\/td><td style=\"width: 50%; text-align: left; vertical-align: middle;\"><p><span style=\"font-size: 12pt;\"><strong>Sonntag, 7.11.2021, 19.30 Uhr<\/strong><\/span><\/p><p><strong><span style=\"font-size: 12pt;\">Shida Bazyar:\u00a0Drei Kameradinnen<\/span><\/strong><\/p><p><span style=\"font-size: 12pt;\"><a href=\"https:\/\/www.schwabach.de\/de\/kulturamt\/infoseiten-kulturamt\/9760-25-lesart-shida-bazyar-drei-kameradinnen.html\" target=\"_blank\" rel=\"noopener\"><strong>Weitere Infos gibt es hier &#8230;<\/strong><\/a>\u00a0<\/span><\/p><\/td><\/tr><\/tbody><\/table><h3>Weiterf\u00fchrende Links:<\/h3><p><span style=\"font-size: 12pt;\"><a href=\"https:\/\/www.schwabach.de\/de\/infoseiten-kulturportal\/9751-25-lesart-kartenverkauf.html\" target=\"_blank\" rel=\"noopener\">Alle Infos zum Kartenverkauf gibt es hier &#8230;<\/a><\/span><\/p><p><span style=\"font-size: 12pt;\"><a href=\"https:\/\/www.schwabach.de\/de\/infoseiten-kulturportal\/9754-25-lesart-besonderheiten-im-rahmen-der-covid-19-pandemie.html\" target=\"_blank\" rel=\"noopener\">Besonderheiten zur LesArt im Rahmen der Covid-19-Pandemie sind hier zu finden &#8230;<\/a><\/span><\/p>\t\t\t\t\t\t<\/div>\n\t\t\t\t<\/div>\n\t\t\t\t<div class=\"elementor-element elementor-element-fc55cc3 elementor-widget elementor-widget-shortcode\" data-id=\"fc55cc3\" data-element_type=\"widget\" data-widget_type=\"shortcode.default\">\n\t\t\t\t<div class=\"elementor-widget-container\">\n\t\t\t\t\t<div class=\"elementor-shortcode\"><center><a href=\"https:\/\/a.partner-versicherung.de\/click.php?partner_id=19992&ad_id=441&deep=kfz-versicherung\"  target=\"_blank\"><img decoding=\"async\" src=\"https:\/\/a.partner-versicherung.de\/view.php?partner_id=19992&ad_id=441\" ><\/a><\/center><\/div>\n\t\t\t\t<\/div>\n\t\t\t\t<\/div>\n\t\t\t\t\t<\/div>\n\t\t<\/div>\n\t\t\t\t<div class=\"elementor-column elementor-col-33 elementor-top-column elementor-element elementor-element-f645137\" data-id=\"f645137\" data-element_type=\"column\">\n\t\t\t<div class=\"elementor-widget-wrap elementor-element-populated\">\n\t\t\t\t\t\t<div class=\"elementor-element elementor-element-46aa455 elementor-widget elementor-widget-heading\" data-id=\"46aa455\" data-element_type=\"widget\" data-widget_type=\"heading.default\">\n\t\t\t\t<div class=\"elementor-widget-container\">\n\t\t\t<h3 class=\"elementor-heading-title elementor-size-default\">Schnell vergleichen und sparen!<\/h3>\t\t<\/div>\n\t\t\t\t<\/div>\n\t\t\t\t<div class=\"elementor-element elementor-element-7109c22 elementor-widget elementor-widget-wp-widget-advads_ad_widget\" data-id=\"7109c22\" data-element_type=\"widget\" data-widget_type=\"wp-widget-advads_ad_widget.default\">\n\t\t\t\t<div class=\"elementor-widget-container\">\n\t\t\t<div id=\"regio-1232280261\"><div class=\"regio-adlabel\">Werbung<\/div><!-- Beginn https:\/\/www.financeads.net\/-Code --><a href=\"https:\/\/www.financeads.net\/tc.php?t=36648C236142529B\" target=\"_blank\"><img decoding=\"async\" src=\"https:\/\/www.financeads.net\/tb.php?t=36648V236142529B&https=1\" alt=\"\" border=\"0\" width=\"300\" height=\"250\"><\/a><!-- Ende https:\/\/www.financeads.net\/-Code --><\/div>\t\t<\/div>\n\t\t\t\t<\/div>\n\t\t\t\t<div class=\"elementor-element elementor-element-1c90843 elementor-widget elementor-widget-wp-widget-advads_ad_widget\" data-id=\"1c90843\" data-element_type=\"widget\" data-widget_type=\"wp-widget-advads_ad_widget.default\">\n\t\t\t\t<div class=\"elementor-widget-container\">\n\t\t\t<div id=\"regio-2252787574\"><div class=\"regio-adlabel\">Werbung<\/div><!-- Beginn https:\/\/www.financeads.net\/-Code --><a href=\"https:\/\/www.financeads.net\/tc.php?t=36648C42614510B\" target=\"_blank\"><img decoding=\"async\" src=\"https:\/\/www.financeads.net\/tb.php?t=36648V42614510B&https=1\" alt=\"\" border=\"0\" width=\"200\" height=\"300\"><\/a><!-- Ende https:\/\/www.financeads.net\/-Code --><\/div>\t\t<\/div>\n\t\t\t\t<\/div>\n\t\t\t\t<div class=\"elementor-element elementor-element-f9ebf1f elementor-widget elementor-widget-wp-widget-advads_ad_widget\" data-id=\"f9ebf1f\" data-element_type=\"widget\" data-widget_type=\"wp-widget-advads_ad_widget.default\">\n\t\t\t\t<div class=\"elementor-widget-container\">\n\t\t\t<div id=\"regio-544151412\"><div class=\"regio-adlabel\">Werbung<\/div><!-- Beginn https:\/\/www.financeads.net\/-Code --><a href=\"https:\/\/www.financeads.net\/tc.php?t=36648C205040072B\" target=\"_blank\"><img loading=\"lazy\" decoding=\"async\" src=\"https:\/\/www.financeads.net\/tb.php?t=36648V205040072B&https=1\" alt=\"\" border=\"0\" width=\"300\" height=\"250\"><\/a><!-- Ende https:\/\/www.financeads.net\/-Code --><\/div>\t\t<\/div>\n\t\t\t\t<\/div>\n\t\t\t\t<div class=\"elementor-element elementor-element-2d72782 elementor-widget elementor-widget-wp-widget-advads_ad_widget\" data-id=\"2d72782\" data-element_type=\"widget\" data-widget_type=\"wp-widget-advads_ad_widget.default\">\n\t\t\t\t<div class=\"elementor-widget-container\">\n\t\t\t<div id=\"regio-2051304452\"><div class=\"regio-adlabel\">Werbung<\/div><!-- Beginn https:\/\/www.financeads.net\/-Code --><a href=\"https:\/\/www.financeads.net\/tc.php?t=36648C271460142B\" target=\"_blank\"><img loading=\"lazy\" decoding=\"async\" src=\"https:\/\/www.financeads.net\/tb.php?t=36648V271460142B&https=1\" alt=\"PETPROTECT_Hund&Katze_Banner\" border=\"0\" width=\"250\" height=\"250\"><\/a><!-- Ende https:\/\/www.financeads.net\/-Code --><\/div>\t\t<\/div>\n\t\t\t\t<\/div>\n\t\t\t\t\t<\/div>\n\t\t<\/div>\n\t\t\t\t\t<\/div>\n\t\t<\/section>\n\t\t\t\t<\/div>\n\t\t","protected":false},"excerpt":{"rendered":"<div class=\"mh-excerpt\"><p>Sonntag, den 7. November 2021, um 19.30 Uhr:\u00a025. LesArt &#8211; Shida Bazyar:\u00a0Drei Kameradinnen Schwabach &#8211;\u00a0In ihrem neuen Roman erz\u00e4hlt Shida Bazyar voller Wucht und Furor von den Spannungen und Ungeheuerlichkeiten der Gegenwart \u2013 und von <a class=\"mh-excerpt-more\" href=\"https:\/\/www.region-schwabach.de\/wordpress\/lesart-am-sonntag-den-7-november-2021-um-19-30-uhr-im-markgrafensaal-schwabach\/\" title=\"LesArt am Sonntag, den 7. November 2021, um 19.30 Uhr im Markgrafensaal Schwabach\">[&#8230;]<\/a><\/p>\n<\/div>","protected":false},"author":1,"featured_media":153698,"comment_status":"open","ping_status":"open","sticky":false,"template":"","format":"standard","meta":{"_cbd_carousel_blocks":"[]","footnotes":""},"categories":[16,287,61,231],"tags":[17470,17448,17449,12749,522,311,4275,2029,2028,17079,1480,19,17471],"class_list":{"0":"post-153696","1":"post","2":"type-post","3":"status-publish","4":"format-standard","5":"has-post-thumbnail","7":"category-aktuell","8":"category-jugend-und-familie","9":"category-rathaus","10":"category-veranstaltungsnews","11":"tag-drei-kameradinnen","12":"tag-07-11-2021","13":"tag-7-november-2021","14":"tag-autor","15":"tag-koenigsplatz","16":"tag-lesart","17":"tag-lesung","18":"tag-ludwigstrasse","19":"tag-markgrafensaal","20":"tag-november-2021","21":"tag-rathaus","22":"tag-schwabach","23":"tag-shida-bazyar"},"_links":{"self":[{"href":"https:\/\/www.region-schwabach.de\/wordpress\/wp-json\/wp\/v2\/posts\/153696","targetHints":{"allow":["GET"]}}],"collection":[{"href":"https:\/\/www.region-schwabach.de\/wordpress\/wp-json\/wp\/v2\/posts"}],"about":[{"href":"https:\/\/www.region-schwabach.de\/wordpress\/wp-json\/wp\/v2\/types\/post"}],"author":[{"embeddable":true,"href":"https:\/\/www.region-schwabach.de\/wordpress\/wp-json\/wp\/v2\/users\/1"}],"replies":[{"embeddable":true,"href":"https:\/\/www.region-schwabach.de\/wordpress\/wp-json\/wp\/v2\/comments?post=153696"}],"version-history":[{"count":0,"href":"https:\/\/www.region-schwabach.de\/wordpress\/wp-json\/wp\/v2\/posts\/153696\/revisions"}],"wp:featuredmedia":[{"embeddable":true,"href":"https:\/\/www.region-schwabach.de\/wordpress\/wp-json\/wp\/v2\/media\/153698"}],"wp:attachment":[{"href":"https:\/\/www.region-schwabach.de\/wordpress\/wp-json\/wp\/v2\/media?parent=153696"}],"wp:term":[{"taxonomy":"category","embeddable":true,"href":"https:\/\/www.region-schwabach.de\/wordpress\/wp-json\/wp\/v2\/categories?post=153696"},{"taxonomy":"post_tag","embeddable":true,"href":"https:\/\/www.region-schwabach.de\/wordpress\/wp-json\/wp\/v2\/tags?post=153696"}],"curies":[{"name":"wp","href":"https:\/\/api.w.org\/{rel}","templated":true}]}}