{"id":153825,"date":"2021-11-08T01:45:00","date_gmt":"2021-11-08T00:45:00","guid":{"rendered":"https:\/\/www.region-schwabach.de\/wordpress\/?p=153825"},"modified":"2021-11-07T23:16:19","modified_gmt":"2021-11-07T22:16:19","slug":"lesart-am-montag-den-8-november-2021-um-19-30-uhr-im-markgrafensaal-schwabach","status":"publish","type":"post","link":"https:\/\/www.region-schwabach.de\/wordpress\/lesart-am-montag-den-8-november-2021-um-19-30-uhr-im-markgrafensaal-schwabach\/","title":{"rendered":"LesArt am Montag, den 8. November 2021, um 19.30 Uhr im Markgrafensaal Schwabach"},"content":{"rendered":"\t\t<div data-elementor-type=\"wp-post\" data-elementor-id=\"153825\" class=\"elementor elementor-153825\">\n\t\t\t\t\t\t<section class=\"elementor-section elementor-top-section elementor-element elementor-element-678181b elementor-section-boxed elementor-section-height-default elementor-section-height-default\" data-id=\"678181b\" data-element_type=\"section\">\n\t\t\t\t\t\t<div class=\"elementor-container elementor-column-gap-default\">\n\t\t\t\t\t<div class=\"elementor-column elementor-col-66 elementor-top-column elementor-element elementor-element-6b34026\" data-id=\"6b34026\" data-element_type=\"column\">\n\t\t\t<div class=\"elementor-widget-wrap elementor-element-populated\">\n\t\t\t\t\t\t<div class=\"elementor-element elementor-element-443ab98 elementor-widget elementor-widget-text-editor\" data-id=\"443ab98\" data-element_type=\"widget\" data-widget_type=\"text-editor.default\">\n\t\t\t\t<div class=\"elementor-widget-container\">\n\t\t\t\t\t\t\t<h3><span style=\"font-size: 14pt;\">Montag, den 8. November 2021, um 19.30 Uhr:\u00a0<\/span><br \/><span style=\"font-size: 14pt;\">25. LesArt &#8211; <strong>Lena Gorelik: Wer wir sind<\/strong><\/span><\/h3><p><span style=\"font-size: 12pt;\">Schwabach &#8211;\u00a0St. Petersburg\/Ludwigsburg 1992. Ein M\u00e4dchen reist mit den Eltern, der Gro\u00dfmutter und ihrem Bruder nach Deutschland aus, in die Freiheit. Was sie daf\u00fcr zur\u00fcckl\u00e4sst, sind ihre geliebte H\u00fcndin Asta, die M\u00e4rchen-Telefonnummer und fast alles, was sie mit Djeduschka, Opa, verbindet \u2013 letztlich ihre Kindheit. Im Westen merkt die Elfj\u00e4hrige, dass sie jetzt eine andere und \u201edie Fremde\u201c ist. Ein Fl\u00fcchtlingskind im selbstgeschneiderten Parka, das die W\u00f6rter so komisch ausspricht, dass andere lachen. <\/span><\/p><p><span style=\"font-size: 12pt;\">Auch f\u00fcr die Eltern ist es schwer, im Sehnsuchtswesten w\u00e4chst ihre russische Nostalgie; und die stolze Gro\u00dfmutter, die mal einen Betrieb leitete, ist hier einfach eine alte Frau ohne Sprache. Das erst fremde Deutsch kann dem M\u00e4dchen helfen \u2013 beim Erwachsenwerden, bei der Eroberung jenes erhofften Lebens. Aber die Vorstellungen, was Freiheit ist, was sie erlaubt, unterscheiden sich zwischen Eltern und Tochter immer mehr. Vor allem, als sie selbst eine Familie gr\u00fcndet und Entscheidungen treffen muss.<\/span><\/p><p><span style=\"font-size: 12pt;\">Ein autobiographischer Roman, der zeigt, dass die Identit\u00e4t gerade im Zwiespalt zwischen Stolz und Scham, Eigensinn und Anpassung, Fremdsein und allem Dazwischen stark wird. \u201eWer wir sind\u201c erz\u00e4hlt, wie eine Frau zu sich findet \u2013 und wer wir im heutigen Deutschland sind.<\/span><\/p><p><span style=\"font-size: 12pt;\">Lena Gorelik, 1981 in St. Petersburg geboren, kam 1992 mit ihren Eltern nach Deutschland. Mit ihrem Deb\u00fctroman \u201eMeine wei\u00dfen N\u00e4chte\u201c (2004) wurde sie als Entdeckung gefeiert, mit \u201eHochzeit in Jerusalem\u201c (2007) war sie f\u00fcr den Deutschen Buchpreis nominiert. Ihr Roman \u201eDie Listensammlerin\u201c (2013) wurde mit dem Buchpreis der Stiftung Ravensburger Verlag ausgezeichnet. 2015 erschien \u201eNull bis unendlich\u201c, der vielgelobte Roman \u201eMehr Schwarz als Lila\u201c (2017) war f\u00fcr den Deutschen Jugendbuchpreis nominiert. Lena Gorelik lebt mit ihrer Familie in M\u00fcnchen.<\/span><\/p><p><span style=\"font-size: 12pt;\">Lena Gorelik: Wer wir sind<\/span><br \/><span style=\"font-size: 12pt;\">Rowohlt Verlag 2021<\/span><\/p><table style=\"border-collapse: collapse; width: 100%;\" border=\"1\"><tbody><tr><td style=\"width: 25%;\"><span style=\"font-size: 12pt;\"><a href=\"https:\/\/www.region-schwabach.de\/wordpress\/wp-content\/uploads\/2021\/11\/Lena-Gorelik-\u00a9-Charlotte-Troll-2.jpg\"><img fetchpriority=\"high\" decoding=\"async\" class=\"aligncenter size-full wp-image-153828\" src=\"https:\/\/www.region-schwabach.de\/wordpress\/wp-content\/uploads\/2021\/11\/Lena-Gorelik-\u00a9-Charlotte-Troll-2.jpg\" alt=\"\" width=\"666\" height=\"477\" srcset=\"https:\/\/www.region-schwabach.de\/wordpress\/wp-content\/uploads\/2021\/11\/Lena-Gorelik-\u00a9-Charlotte-Troll-2.jpg 666w, https:\/\/www.region-schwabach.de\/wordpress\/wp-content\/uploads\/2021\/11\/Lena-Gorelik-\u00a9-Charlotte-Troll-2-300x215.jpg 300w\" sizes=\"(max-width: 666px) 100vw, 666px\" \/><\/a>Lena Gorelik \u00a9 Charlotte Troll<br \/><\/span><\/td><td style=\"width: 50%; text-align: left; vertical-align: middle;\"><p><strong><span style=\"font-size: 12pt;\">Montag, 8.11.2021, 19.30 Uhr<\/span><\/strong><\/p><p><strong><span style=\"font-size: 12pt;\">Lena Gorelik:\u00a0Wer wir sind<\/span><\/strong><\/p><p><strong><span style=\"font-size: 12pt;\"><a href=\"https:\/\/www.schwabach.de\/de\/kulturamt\/infoseiten-kulturamt\/9169-25-lesart-lena-gorelik-wer-wir-sind.html\" target=\"_blank\" rel=\"noopener\">Weitere Infos gibt es hier &#8230;<\/a>\u00a0<\/span><\/strong><\/p><\/td><\/tr><\/tbody><\/table><h3>Weiterf\u00fchrende Links:<\/h3><p><span style=\"font-size: 12pt;\"><a href=\"https:\/\/www.schwabach.de\/de\/infoseiten-kulturportal\/9751-25-lesart-kartenverkauf.html\" target=\"_blank\" rel=\"noopener\">Alle Infos zum Kartenverkauf gibt es hier &#8230;<\/a><\/span><\/p><p><span style=\"font-size: 12pt;\"><a href=\"https:\/\/www.schwabach.de\/de\/infoseiten-kulturportal\/9754-25-lesart-besonderheiten-im-rahmen-der-covid-19-pandemie.html\" target=\"_blank\" rel=\"noopener\">Besonderheiten zur LesArt im Rahmen der Covid-19-Pandemie sind hier zu finden &#8230;<\/a><\/span><\/p>\t\t\t\t\t\t<\/div>\n\t\t\t\t<\/div>\n\t\t\t\t<div class=\"elementor-element elementor-element-fc55cc3 elementor-widget elementor-widget-shortcode\" data-id=\"fc55cc3\" data-element_type=\"widget\" data-widget_type=\"shortcode.default\">\n\t\t\t\t<div class=\"elementor-widget-container\">\n\t\t\t\t\t<div class=\"elementor-shortcode\"><center><a href=\"https:\/\/a.partner-versicherung.de\/click.php?partner_id=19992&ad_id=441&deep=kfz-versicherung\"  target=\"_blank\"><img decoding=\"async\" src=\"https:\/\/a.partner-versicherung.de\/view.php?partner_id=19992&ad_id=441\" ><\/a><\/center><\/div>\n\t\t\t\t<\/div>\n\t\t\t\t<\/div>\n\t\t\t\t\t<\/div>\n\t\t<\/div>\n\t\t\t\t<div class=\"elementor-column elementor-col-33 elementor-top-column elementor-element elementor-element-f645137\" data-id=\"f645137\" data-element_type=\"column\">\n\t\t\t<div class=\"elementor-widget-wrap elementor-element-populated\">\n\t\t\t\t\t\t<div class=\"elementor-element elementor-element-46aa455 elementor-widget elementor-widget-heading\" data-id=\"46aa455\" data-element_type=\"widget\" data-widget_type=\"heading.default\">\n\t\t\t\t<div class=\"elementor-widget-container\">\n\t\t\t<h3 class=\"elementor-heading-title elementor-size-default\">Schnell vergleichen und sparen!<\/h3>\t\t<\/div>\n\t\t\t\t<\/div>\n\t\t\t\t<div class=\"elementor-element elementor-element-7109c22 elementor-widget elementor-widget-wp-widget-advads_ad_widget\" data-id=\"7109c22\" data-element_type=\"widget\" data-widget_type=\"wp-widget-advads_ad_widget.default\">\n\t\t\t\t<div class=\"elementor-widget-container\">\n\t\t\t<div id=\"regio-1551471332\"><div class=\"regio-adlabel\">Werbung<\/div><!-- Beginn https:\/\/www.financeads.net\/-Code --><a href=\"https:\/\/www.financeads.net\/tc.php?t=36648C236142529B\" target=\"_blank\"><img decoding=\"async\" src=\"https:\/\/www.financeads.net\/tb.php?t=36648V236142529B&https=1\" alt=\"\" border=\"0\" width=\"300\" height=\"250\"><\/a><!-- Ende https:\/\/www.financeads.net\/-Code --><\/div>\t\t<\/div>\n\t\t\t\t<\/div>\n\t\t\t\t<div class=\"elementor-element elementor-element-1c90843 elementor-widget elementor-widget-wp-widget-advads_ad_widget\" data-id=\"1c90843\" data-element_type=\"widget\" data-widget_type=\"wp-widget-advads_ad_widget.default\">\n\t\t\t\t<div class=\"elementor-widget-container\">\n\t\t\t<div id=\"regio-1842267775\"><div class=\"regio-adlabel\">Werbung<\/div><!-- Beginn https:\/\/www.financeads.net\/-Code --><a href=\"https:\/\/www.financeads.net\/tc.php?t=36648C42614510B\" target=\"_blank\"><img decoding=\"async\" src=\"https:\/\/www.financeads.net\/tb.php?t=36648V42614510B&https=1\" alt=\"\" border=\"0\" width=\"200\" height=\"300\"><\/a><!-- Ende https:\/\/www.financeads.net\/-Code --><\/div>\t\t<\/div>\n\t\t\t\t<\/div>\n\t\t\t\t<div class=\"elementor-element elementor-element-f9ebf1f elementor-widget elementor-widget-wp-widget-advads_ad_widget\" data-id=\"f9ebf1f\" data-element_type=\"widget\" data-widget_type=\"wp-widget-advads_ad_widget.default\">\n\t\t\t\t<div class=\"elementor-widget-container\">\n\t\t\t<div id=\"regio-3228689943\"><div class=\"regio-adlabel\">Werbung<\/div><!-- Beginn https:\/\/www.financeads.net\/-Code --><a href=\"https:\/\/www.financeads.net\/tc.php?t=36648C205040072B\" target=\"_blank\"><img loading=\"lazy\" decoding=\"async\" src=\"https:\/\/www.financeads.net\/tb.php?t=36648V205040072B&https=1\" alt=\"\" border=\"0\" width=\"300\" height=\"250\"><\/a><!-- Ende https:\/\/www.financeads.net\/-Code --><\/div>\t\t<\/div>\n\t\t\t\t<\/div>\n\t\t\t\t<div class=\"elementor-element elementor-element-2d72782 elementor-widget elementor-widget-wp-widget-advads_ad_widget\" data-id=\"2d72782\" data-element_type=\"widget\" data-widget_type=\"wp-widget-advads_ad_widget.default\">\n\t\t\t\t<div class=\"elementor-widget-container\">\n\t\t\t<div id=\"regio-2157848296\"><div class=\"regio-adlabel\">Werbung<\/div><!-- Beginn https:\/\/www.financeads.net\/-Code --><a href=\"https:\/\/www.financeads.net\/tc.php?t=36648C271460142B\" target=\"_blank\"><img loading=\"lazy\" decoding=\"async\" src=\"https:\/\/www.financeads.net\/tb.php?t=36648V271460142B&https=1\" alt=\"PETPROTECT_Hund&Katze_Banner\" border=\"0\" width=\"250\" height=\"250\"><\/a><!-- Ende https:\/\/www.financeads.net\/-Code --><\/div>\t\t<\/div>\n\t\t\t\t<\/div>\n\t\t\t\t\t<\/div>\n\t\t<\/div>\n\t\t\t\t\t<\/div>\n\t\t<\/section>\n\t\t\t\t<\/div>\n\t\t","protected":false},"excerpt":{"rendered":"<div class=\"mh-excerpt\"><p>Montag, den 8. November 2021, um 19.30 Uhr:\u00a025. LesArt &#8211; Lena Gorelik: Wer wir sind Schwabach &#8211;\u00a0St. Petersburg\/Ludwigsburg 1992. Ein M\u00e4dchen reist mit den Eltern, der Gro\u00dfmutter und ihrem Bruder nach Deutschland aus, in die <a class=\"mh-excerpt-more\" href=\"https:\/\/www.region-schwabach.de\/wordpress\/lesart-am-montag-den-8-november-2021-um-19-30-uhr-im-markgrafensaal-schwabach\/\" title=\"LesArt am Montag, den 8. November 2021, um 19.30 Uhr im Markgrafensaal Schwabach\">[&#8230;]<\/a><\/p>\n<\/div>","protected":false},"author":1,"featured_media":153826,"comment_status":"open","ping_status":"open","sticky":false,"template":"","format":"standard","meta":{"_cbd_carousel_blocks":"[]","footnotes":""},"categories":[16,287,61,231],"tags":[17478,17479,17480,17482,522,17481,311,4275,2029,2028,17079,1480,19],"class_list":{"0":"post-153825","1":"post","2":"type-post","3":"status-publish","4":"format-standard","5":"has-post-thumbnail","7":"category-aktuell","8":"category-jugend-und-familie","9":"category-rathaus","10":"category-veranstaltungsnews","11":"tag-wer-wir-sind","12":"tag-08-11-2021","13":"tag-8-november-2021","14":"tag-autorin","15":"tag-koenigsplatz","16":"tag-lena-gorelik","17":"tag-lesart","18":"tag-lesung","19":"tag-ludwigstrasse","20":"tag-markgrafensaal","21":"tag-november-2021","22":"tag-rathaus","23":"tag-schwabach"},"_links":{"self":[{"href":"https:\/\/www.region-schwabach.de\/wordpress\/wp-json\/wp\/v2\/posts\/153825","targetHints":{"allow":["GET"]}}],"collection":[{"href":"https:\/\/www.region-schwabach.de\/wordpress\/wp-json\/wp\/v2\/posts"}],"about":[{"href":"https:\/\/www.region-schwabach.de\/wordpress\/wp-json\/wp\/v2\/types\/post"}],"author":[{"embeddable":true,"href":"https:\/\/www.region-schwabach.de\/wordpress\/wp-json\/wp\/v2\/users\/1"}],"replies":[{"embeddable":true,"href":"https:\/\/www.region-schwabach.de\/wordpress\/wp-json\/wp\/v2\/comments?post=153825"}],"version-history":[{"count":0,"href":"https:\/\/www.region-schwabach.de\/wordpress\/wp-json\/wp\/v2\/posts\/153825\/revisions"}],"wp:featuredmedia":[{"embeddable":true,"href":"https:\/\/www.region-schwabach.de\/wordpress\/wp-json\/wp\/v2\/media\/153826"}],"wp:attachment":[{"href":"https:\/\/www.region-schwabach.de\/wordpress\/wp-json\/wp\/v2\/media?parent=153825"}],"wp:term":[{"taxonomy":"category","embeddable":true,"href":"https:\/\/www.region-schwabach.de\/wordpress\/wp-json\/wp\/v2\/categories?post=153825"},{"taxonomy":"post_tag","embeddable":true,"href":"https:\/\/www.region-schwabach.de\/wordpress\/wp-json\/wp\/v2\/tags?post=153825"}],"curies":[{"name":"wp","href":"https:\/\/api.w.org\/{rel}","templated":true}]}}