{"id":153963,"date":"2021-11-09T01:00:00","date_gmt":"2021-11-09T00:00:00","guid":{"rendered":"https:\/\/www.region-schwabach.de\/wordpress\/?p=153963"},"modified":"2021-11-09T17:39:14","modified_gmt":"2021-11-09T16:39:14","slug":"lesart-am-dienstag-den-9-november-2021-um-19-30-uhr-im-markgrafensaal-schwabach","status":"publish","type":"post","link":"https:\/\/www.region-schwabach.de\/wordpress\/lesart-am-dienstag-den-9-november-2021-um-19-30-uhr-im-markgrafensaal-schwabach\/","title":{"rendered":"LesArt am Dienstag, den 9. November 2021, um 19.30 Uhr im Markgrafensaal Schwabach"},"content":{"rendered":"\t\t<div data-elementor-type=\"wp-post\" data-elementor-id=\"153963\" class=\"elementor elementor-153963\">\n\t\t\t\t\t\t<section class=\"elementor-section elementor-top-section elementor-element elementor-element-678181b elementor-section-boxed elementor-section-height-default elementor-section-height-default\" data-id=\"678181b\" data-element_type=\"section\">\n\t\t\t\t\t\t<div class=\"elementor-container elementor-column-gap-default\">\n\t\t\t\t\t<div class=\"elementor-column elementor-col-66 elementor-top-column elementor-element elementor-element-6b34026\" data-id=\"6b34026\" data-element_type=\"column\">\n\t\t\t<div class=\"elementor-widget-wrap elementor-element-populated\">\n\t\t\t\t\t\t<div class=\"elementor-element elementor-element-443ab98 elementor-widget elementor-widget-text-editor\" data-id=\"443ab98\" data-element_type=\"widget\" data-widget_type=\"text-editor.default\">\n\t\t\t\t<div class=\"elementor-widget-container\">\n\t\t\t\t\t\t\t<h3><span style=\"font-size: 14pt;\">Dienstag, den 9. November 2021, um 19.30 Uhr:\u00a0<\/span><br \/><span style=\"font-size: 14pt;\">25. LesArt &#8211; <strong>Sven Pl\u00f6ger: Zeiht euch warm an, es wird hei\u00df!<\/strong><\/span><\/h3><p><span style=\"font-size: 12pt;\">Schwabach &#8211;\u00a0Trockenheit, Waldsch\u00e4den und Waldbr\u00e4nde, dann wieder Platzregen mit Hagel und Sturmb\u00f6en \u2013 unser Klima ver\u00e4ndert sich immer schneller. Um das 1,5-Grad-Ziel noch zu erreichen, m\u00fcsste die Einsparung an CO2-Emissionen j\u00e4hrlich so gro\u00df sein wie durch den Shutdown. Genau das aber w\u00e4re m\u00f6glich! Dazu m\u00fcssen wir die Gier, die im jetzigen System steckt, in den Umbau der Wirtschaft lenken. Damit der Wohlstand bleibt, muss der Green Deal kommen. Sven Pl\u00f6ger zeigt verst\u00e4ndlich, wie unser Klimasystem funkti-oniert, wie man skeptischen Stimmen begegnet und dass die aktuelle Krise eine echte Chance ist, Weichen f\u00fcr unsere Zukunft und die unserer Kinder zu stellen.<\/span><\/p><p><span style=\"font-size: 12pt;\">Der Diplom-Meteorologe und Wettermoderator Sven Pl\u00f6ger, geboren 1967 in Bonn, war schon als Kind fasziniert vom Himmel, den Wolken und der Fliegerei. Dies und seine Vorliebe f\u00fcr das Fach Physik erweckte in ihm fr\u00fch den Wunsch, Meteorologe zu werden. Seit 1999 sagt Pl\u00f6ger in Funk und Fernsehen das Wetter voraus. 2010 erhielt er in Bre-merhaven die Auszeichnung \u201eBester Wettermoderator im Deutschen Fernsehen\u201c. Als Klimaexperte h\u00e4lt Pl\u00f6ger regelm\u00e4\u00dfig Vortr\u00e4ge \u00fcber Wetter und Klima.<\/span><\/p><p><span style=\"font-size: 12pt;\">Sven Pl\u00f6ger: Zieht euch warm an, es wird hei\u00df! Den Klimawandel verstehen und aus der Krise f\u00fcr die Welt von morgen lernen<\/span><br \/><span style=\"font-size: 12pt;\">Westend Verlag 2020<\/span><\/p><table style=\"border-collapse: collapse; width: 100%;\" border=\"1\"><tbody><tr><td style=\"width: 25%;\"><span style=\"font-size: 12pt;\"><a href=\"https:\/\/www.region-schwabach.de\/wordpress\/wp-content\/uploads\/2021\/11\/Sven-Ploeger-\u00a9-Sebastian-Knoth-2.jpg\"><img fetchpriority=\"high\" decoding=\"async\" class=\"aligncenter size-full wp-image-153967\" src=\"https:\/\/www.region-schwabach.de\/wordpress\/wp-content\/uploads\/2021\/11\/Sven-Ploeger-\u00a9-Sebastian-Knoth-2.jpg\" alt=\"\" width=\"666\" height=\"477\" srcset=\"https:\/\/www.region-schwabach.de\/wordpress\/wp-content\/uploads\/2021\/11\/Sven-Ploeger-\u00a9-Sebastian-Knoth-2.jpg 666w, https:\/\/www.region-schwabach.de\/wordpress\/wp-content\/uploads\/2021\/11\/Sven-Ploeger-\u00a9-Sebastian-Knoth-2-300x215.jpg 300w\" sizes=\"(max-width: 666px) 100vw, 666px\" \/><\/a>Sven Pl\u00f6ger \u00a9 Sebastian Knoth<br \/><\/span><\/td><td style=\"width: 50%; text-align: left; vertical-align: middle;\"><p><strong><span style=\"font-size: 12pt;\">Dienstag, 9.11.2021, 19.30 Uhr<\/span><\/strong><\/p><p><span style=\"font-size: 12pt;\"><strong>Sven Pl\u00f6ger:\u00a0Zieht euch warm an, es wird hei\u00df!<\/strong><\/span><\/p><p><strong><span style=\"font-size: 12pt;\"><a href=\"https:\/\/www.schwabach.de\/de\/infoseiten-kulturportal\/9765-25-lesart-sven-ploeger-zieht-euch-warm-an-es-wird-heiss.html\" target=\"_blank\" rel=\"noopener\">Weitere Infos gibt es hier &#8230;<\/a>\u00a0<\/span><\/strong><\/p><\/td><\/tr><\/tbody><\/table><h3>Weiterf\u00fchrende Links:<\/h3><p><span style=\"font-size: 12pt;\"><a href=\"https:\/\/www.schwabach.de\/de\/infoseiten-kulturportal\/9751-25-lesart-kartenverkauf.html\" target=\"_blank\" rel=\"noopener\">Alle Infos zum Kartenverkauf gibt es hier &#8230;<\/a><\/span><\/p><p><span style=\"font-size: 12pt;\"><a href=\"https:\/\/www.schwabach.de\/de\/infoseiten-kulturportal\/9754-25-lesart-besonderheiten-im-rahmen-der-covid-19-pandemie.html\" target=\"_blank\" rel=\"noopener\">Besonderheiten zur LesArt im Rahmen der Covid-19-Pandemie sind hier zu finden &#8230;<\/a><\/span><\/p>\t\t\t\t\t\t<\/div>\n\t\t\t\t<\/div>\n\t\t\t\t<div class=\"elementor-element elementor-element-fc55cc3 elementor-widget elementor-widget-shortcode\" data-id=\"fc55cc3\" data-element_type=\"widget\" data-widget_type=\"shortcode.default\">\n\t\t\t\t<div class=\"elementor-widget-container\">\n\t\t\t\t\t<div class=\"elementor-shortcode\"><center><a href=\"https:\/\/a.partner-versicherung.de\/click.php?partner_id=19992&ad_id=441&deep=kfz-versicherung\"  target=\"_blank\"><img decoding=\"async\" src=\"https:\/\/a.partner-versicherung.de\/view.php?partner_id=19992&ad_id=441\" ><\/a><\/center><\/div>\n\t\t\t\t<\/div>\n\t\t\t\t<\/div>\n\t\t\t\t\t<\/div>\n\t\t<\/div>\n\t\t\t\t<div class=\"elementor-column elementor-col-33 elementor-top-column elementor-element elementor-element-f645137\" data-id=\"f645137\" data-element_type=\"column\">\n\t\t\t<div class=\"elementor-widget-wrap elementor-element-populated\">\n\t\t\t\t\t\t<div class=\"elementor-element elementor-element-46aa455 elementor-widget elementor-widget-heading\" data-id=\"46aa455\" data-element_type=\"widget\" data-widget_type=\"heading.default\">\n\t\t\t\t<div class=\"elementor-widget-container\">\n\t\t\t<h3 class=\"elementor-heading-title elementor-size-default\">Schnell vergleichen und sparen!<\/h3>\t\t<\/div>\n\t\t\t\t<\/div>\n\t\t\t\t<div class=\"elementor-element elementor-element-7109c22 elementor-widget elementor-widget-wp-widget-advads_ad_widget\" data-id=\"7109c22\" data-element_type=\"widget\" data-widget_type=\"wp-widget-advads_ad_widget.default\">\n\t\t\t\t<div class=\"elementor-widget-container\">\n\t\t\t<div id=\"regio-1920639265\"><div class=\"regio-adlabel\">Werbung<\/div><!-- Beginn https:\/\/www.financeads.net\/-Code --><a href=\"https:\/\/www.financeads.net\/tc.php?t=36648C236142529B\" target=\"_blank\"><img decoding=\"async\" src=\"https:\/\/www.financeads.net\/tb.php?t=36648V236142529B&https=1\" alt=\"\" border=\"0\" width=\"300\" height=\"250\"><\/a><!-- Ende https:\/\/www.financeads.net\/-Code --><\/div>\t\t<\/div>\n\t\t\t\t<\/div>\n\t\t\t\t<div class=\"elementor-element elementor-element-1c90843 elementor-widget elementor-widget-wp-widget-advads_ad_widget\" data-id=\"1c90843\" data-element_type=\"widget\" data-widget_type=\"wp-widget-advads_ad_widget.default\">\n\t\t\t\t<div class=\"elementor-widget-container\">\n\t\t\t<div id=\"regio-1887791850\"><div class=\"regio-adlabel\">Werbung<\/div><!-- Beginn https:\/\/www.financeads.net\/-Code --><a href=\"https:\/\/www.financeads.net\/tc.php?t=36648C42614510B\" target=\"_blank\"><img decoding=\"async\" src=\"https:\/\/www.financeads.net\/tb.php?t=36648V42614510B&https=1\" alt=\"\" border=\"0\" width=\"200\" height=\"300\"><\/a><!-- Ende https:\/\/www.financeads.net\/-Code --><\/div>\t\t<\/div>\n\t\t\t\t<\/div>\n\t\t\t\t<div class=\"elementor-element elementor-element-f9ebf1f elementor-widget elementor-widget-wp-widget-advads_ad_widget\" data-id=\"f9ebf1f\" data-element_type=\"widget\" data-widget_type=\"wp-widget-advads_ad_widget.default\">\n\t\t\t\t<div class=\"elementor-widget-container\">\n\t\t\t<div id=\"regio-2920796955\"><div class=\"regio-adlabel\">Werbung<\/div><!-- Beginn https:\/\/www.financeads.net\/-Code --><a href=\"https:\/\/www.financeads.net\/tc.php?t=36648C205040072B\" target=\"_blank\"><img loading=\"lazy\" decoding=\"async\" src=\"https:\/\/www.financeads.net\/tb.php?t=36648V205040072B&https=1\" alt=\"\" border=\"0\" width=\"300\" height=\"250\"><\/a><!-- Ende https:\/\/www.financeads.net\/-Code --><\/div>\t\t<\/div>\n\t\t\t\t<\/div>\n\t\t\t\t<div class=\"elementor-element elementor-element-2d72782 elementor-widget elementor-widget-wp-widget-advads_ad_widget\" data-id=\"2d72782\" data-element_type=\"widget\" data-widget_type=\"wp-widget-advads_ad_widget.default\">\n\t\t\t\t<div class=\"elementor-widget-container\">\n\t\t\t<div id=\"regio-744559401\"><div class=\"regio-adlabel\">Werbung<\/div><!-- Beginn https:\/\/www.financeads.net\/-Code --><a href=\"https:\/\/www.financeads.net\/tc.php?t=36648C271460142B\" target=\"_blank\"><img loading=\"lazy\" decoding=\"async\" src=\"https:\/\/www.financeads.net\/tb.php?t=36648V271460142B&https=1\" alt=\"PETPROTECT_Hund&Katze_Banner\" border=\"0\" width=\"250\" height=\"250\"><\/a><!-- Ende https:\/\/www.financeads.net\/-Code --><\/div>\t\t<\/div>\n\t\t\t\t<\/div>\n\t\t\t\t\t<\/div>\n\t\t<\/div>\n\t\t\t\t\t<\/div>\n\t\t<\/section>\n\t\t\t\t<\/div>\n\t\t","protected":false},"excerpt":{"rendered":"<div class=\"mh-excerpt\"><p>Dienstag, den 9. November 2021, um 19.30 Uhr:\u00a025. LesArt &#8211; Sven Pl\u00f6ger: Zeiht euch warm an, es wird hei\u00df! Schwabach &#8211;\u00a0Trockenheit, Waldsch\u00e4den und Waldbr\u00e4nde, dann wieder Platzregen mit Hagel und Sturmb\u00f6en \u2013 unser Klima ver\u00e4ndert <a class=\"mh-excerpt-more\" href=\"https:\/\/www.region-schwabach.de\/wordpress\/lesart-am-dienstag-den-9-november-2021-um-19-30-uhr-im-markgrafensaal-schwabach\/\" title=\"LesArt am Dienstag, den 9. November 2021, um 19.30 Uhr im Markgrafensaal Schwabach\">[&#8230;]<\/a><\/p>\n<\/div>","protected":false},"author":1,"featured_media":153965,"comment_status":"open","ping_status":"open","sticky":false,"template":"","format":"standard","meta":{"_cbd_carousel_blocks":"[]","footnotes":""},"categories":[16,287,61,231],"tags":[17488,17446,17484,12749,522,311,4275,2029,2028,17079,1480,19,17485],"class_list":{"0":"post-153963","1":"post","2":"type-post","3":"status-publish","4":"format-standard","5":"has-post-thumbnail","7":"category-aktuell","8":"category-jugend-und-familie","9":"category-rathaus","10":"category-veranstaltungsnews","11":"tag-zieht-euch-warm-an-es-wird-heiss","12":"tag-09-11-2021","13":"tag-9-november-2021","14":"tag-autor","15":"tag-koenigsplatz","16":"tag-lesart","17":"tag-lesung","18":"tag-ludwigstrasse","19":"tag-markgrafensaal","20":"tag-november-2021","21":"tag-rathaus","22":"tag-schwabach","23":"tag-sven-ploeger"},"_links":{"self":[{"href":"https:\/\/www.region-schwabach.de\/wordpress\/wp-json\/wp\/v2\/posts\/153963","targetHints":{"allow":["GET"]}}],"collection":[{"href":"https:\/\/www.region-schwabach.de\/wordpress\/wp-json\/wp\/v2\/posts"}],"about":[{"href":"https:\/\/www.region-schwabach.de\/wordpress\/wp-json\/wp\/v2\/types\/post"}],"author":[{"embeddable":true,"href":"https:\/\/www.region-schwabach.de\/wordpress\/wp-json\/wp\/v2\/users\/1"}],"replies":[{"embeddable":true,"href":"https:\/\/www.region-schwabach.de\/wordpress\/wp-json\/wp\/v2\/comments?post=153963"}],"version-history":[{"count":0,"href":"https:\/\/www.region-schwabach.de\/wordpress\/wp-json\/wp\/v2\/posts\/153963\/revisions"}],"wp:featuredmedia":[{"embeddable":true,"href":"https:\/\/www.region-schwabach.de\/wordpress\/wp-json\/wp\/v2\/media\/153965"}],"wp:attachment":[{"href":"https:\/\/www.region-schwabach.de\/wordpress\/wp-json\/wp\/v2\/media?parent=153963"}],"wp:term":[{"taxonomy":"category","embeddable":true,"href":"https:\/\/www.region-schwabach.de\/wordpress\/wp-json\/wp\/v2\/categories?post=153963"},{"taxonomy":"post_tag","embeddable":true,"href":"https:\/\/www.region-schwabach.de\/wordpress\/wp-json\/wp\/v2\/tags?post=153963"}],"curies":[{"name":"wp","href":"https:\/\/api.w.org\/{rel}","templated":true}]}}