{"id":153976,"date":"2021-11-09T01:15:00","date_gmt":"2021-11-09T00:15:00","guid":{"rendered":"https:\/\/www.region-schwabach.de\/wordpress\/?p=153976"},"modified":"2021-11-08T22:19:11","modified_gmt":"2021-11-08T21:19:11","slug":"neue-coronamassnahmen-ab-dienstag-den-9-november-2021-massnahmen-der-roten-ampel-treten-in-kraft","status":"publish","type":"post","link":"https:\/\/www.region-schwabach.de\/wordpress\/neue-coronamassnahmen-ab-dienstag-den-9-november-2021-massnahmen-der-roten-ampel-treten-in-kraft\/","title":{"rendered":"Neue Coronama\u00dfnahmen ab Dienstag, den 9. November 2021 -Ma\u00dfnahmen der roten Ampel treten in Kraft"},"content":{"rendered":"\t\t<div data-elementor-type=\"wp-post\" data-elementor-id=\"153976\" class=\"elementor elementor-153976\">\n\t\t\t\t\t\t<section class=\"elementor-section elementor-top-section elementor-element elementor-element-678181b elementor-section-boxed elementor-section-height-default elementor-section-height-default\" data-id=\"678181b\" data-element_type=\"section\">\n\t\t\t\t\t\t<div class=\"elementor-container elementor-column-gap-default\">\n\t\t\t\t\t<div class=\"elementor-column elementor-col-50 elementor-top-column elementor-element elementor-element-6b34026\" data-id=\"6b34026\" data-element_type=\"column\">\n\t\t\t<div class=\"elementor-widget-wrap elementor-element-populated\">\n\t\t\t\t\t\t<div class=\"elementor-element elementor-element-5fea1cd elementor-widget elementor-widget-wp-widget-advads_ad_widget\" data-id=\"5fea1cd\" data-element_type=\"widget\" data-widget_type=\"wp-widget-advads_ad_widget.default\">\n\t\t\t\t<div class=\"elementor-widget-container\">\n\t\t\t<div id=\"regio-3985373945\"><div class=\"regio-adlabel\">Werbung<\/div><center><a href=\"https:\/\/a.partner-versicherung.de\/click.php?partner_id=19992&ad_id=1578&deep=kreditkarten\"  target=\"_blank\"><img decoding=\"async\" src=\"https:\/\/a.partner-versicherung.de\/view.php?partner_id=19992&ad_id=1578\" ><\/a><\/center><\/div>\t\t<\/div>\n\t\t\t\t<\/div>\n\t\t\t\t<div class=\"elementor-element elementor-element-443ab98 elementor-widget elementor-widget-text-editor\" data-id=\"443ab98\" data-element_type=\"widget\" data-widget_type=\"text-editor.default\">\n\t\t\t\t<div class=\"elementor-widget-container\">\n\t\t\t\t\t\t\t<h3>Neue Corona-Ma\u00dfnahmen in Schwabach aufgrund der 14. Bayerischen Infektionsschutzma\u00dfnahmenverordnung (BayIfSMV)\u00a0<\/h3><p><span style=\"font-size: 12pt;\">Schwabach &#8211; Die 14. Bayerischen Infektionsschutzma\u00dfnahmenverordnung (BayIfSMV) wird ge\u00e4ndert. Die detaillierten \u00c4nderungen sehen wie folgt aus:<\/span><\/p><div class=\"articleBody\"><h3><span style=\"font-size: 14pt;\">Schule<\/span><\/h3><p><span style=\"font-size: 12pt;\">Nach den Herbstferien wird in den Grundschulen f\u00fcr eine Woche und in den weiterf\u00fchrenden Schulen f\u00fcr zwei Wochen eine Maskenpflicht im Schulgeb\u00e4ude eingef\u00fchrt. Das hei\u00dft, Maskenpflicht am Platz und unabh\u00e4ngig vom Mindestabstand. Die Kinder der Jahrgangsstufen 1 bis 4 k\u00f6nnen eine textile Mund-Nasen-Bedeckung tragen, alle \u00fcbrigen Sch\u00fclerinnen und Sch\u00fcler m\u00fcssen medizinische Gesichtsmasken verwenden.<\/span><\/p><p><span style=\"font-size: 12pt;\">Bei einem Infektionsfall in einer Klasse werden die Teilnehmer dieser Klasse k\u00fcnftig eine Woche lang an jedem Schultag getestet.<\/span><\/p><h3><span style=\"font-size: 14pt;\">Neue Quarant\u00e4ne-Regelungen<\/span><\/h3><p><span style=\"font-size: 12pt;\">Die Quarant\u00e4nedauer f\u00fcr enge Kontaktpersonen von an Corona erkrankten Personen wird\u00a0<strong>auf 7 Tage erh\u00f6ht<\/strong>. In Regionen mit hohem Infektionsgeschehen entf\u00e4llt die M\u00f6glichkeit der Freitestung f\u00fcr enge Kontaktpersonen. So sollen Infektionsketten unterbrochen werden. Die Quarant\u00e4nedauer betr\u00e4gt hier grunds\u00e4tzlich 10 Tage.<\/span><\/p><h3><span style=\"font-size: 14pt;\">Neue Ampelregelung<\/span><\/h3><p><span style=\"font-size: 12pt;\">Grunds\u00e4tzlich gibt es drei Regelungsbereiche, die gr\u00fcne, gelbe und die rote\u00a0<a title=\"Link zum Schaubild des Bayerischen Staatsministeriums\" href=\"https:\/\/www.stmgp.bayern.de\/wp-content\/uploads\/2021\/11\/2021_11_03_regelaenderungen-597x1024.jpg\" target=\"_blank\" rel=\"noopener\">Ampel<\/a>.\u00a0<\/span><\/p><p><span style=\"font-size: 12pt;\"><strong>In Schwabach gilt ab Dienstag, 9. November, die gelbe Ampel.<br \/><\/strong><\/span><\/p><p><span style=\"font-size: 12pt;\">Der Stand der bayernweiten Ampel kann hier nachgesehen werden:\u00a0<a title=\"Link zum Bayerischen Staatsministerium f\u00fcr Gesundheit und Pflege\" href=\"https:\/\/www.stmgp.bayern.de\/coronavirus#kh-ampel\" target=\"_blank\" rel=\"noopener\">Coronavirus in Bayern &#8211; Bayerisches Staatsministerium f\u00fcr Gesundheit und Pflege<\/a><\/span><\/p><h3><span style=\"font-size: 14pt;\">Gelbe Ampel<\/span><\/h3><p><span style=\"font-size: 12pt;\">Die Ampel wird dann gelb, wenn in den letzten sieben Tagen landesweit mehr als 1.200 Corona-Patienten in ein bayerisches Krankenhaus eingewiesen wurden oder landesweit mehr als 450 Intensivbetten mit Corona-Erkrankten belegt sind. Sobald nach Feststellung des Staatsministeriums f\u00fcr Gesundheit und Pflege eine der beiden Alternativen greift, gilt landesweit ab dem auf die Feststellung folgenden Tag.<\/span><\/p><h3><span style=\"font-size: 14pt;\">Rote Ampel<\/span><\/h3><p><span style=\"font-size: 12pt;\">Die Rote Ampel gilt dann, wenn <\/span><span style=\"font-size: 12pt;\">&#8211; in Bayern mehr als 600 Intensivbetten mit Corona-Erkrankten belegt sind. Nach Feststellung des Staatsministeriums f\u00fcr Gesundheit und Pflege der Fall gilt die Ampel landesweit ab dem auf die Feststellung folgenden Tag. Siehe Coronavirus in Bayern &#8211; Bayerisches Staatsministerium f\u00fcr Gesundheit und Pflege<\/span><\/p><p><span style=\"font-size: 12pt;\">ODER<\/span><\/p><ul style=\"list-style-type: disc;\"><li><span style=\"font-size: 12pt;\">im Bereich der Leitstelle Mittelfranken-S\u00fcd, zu der Schwabach geh\u00f6rt, die Intensivbetten in den Krankenh\u00e4usern zu mindestens 80 Prozent ausgelastet sind.<\/span><\/li><li><span style=\"font-size: 12pt;\">und gleichzeitig in Schwabach eine 7-Tage-Inzidenz von 300 \u00fcberschritten wird.<\/span><\/li><li><span style=\"font-size: 12pt;\">Die Ma\u00dfnahmen der Roten Ampel gelten dabei ab dem n\u00e4chsten Tag NACH dem \u00dcberschreiten der Inzidenz von 300. Wenn die Inzidenz an drei Tagen hintereinander wieder unterschritten wird, gilt wieder die Gelbe Ampel.<\/span><\/li><\/ul><h3><span style=\"font-size: 14pt;\"><strong>Regeln bei einer Gelben Ampel<\/strong><\/span><\/h3><h3><span style=\"font-size: 14pt;\"><strong>Masken<\/strong><\/span><\/h3><p><span style=\"font-size: 12pt;\">Als Maskenstandard gilt wieder die FFP2-Maske. In der Schule und f\u00fcr Kinder und Jugendliche gelten wieder die Sonderregeln (Stoffmasken in der Grundschule, im \u00dcbrigen medizinische Masken).<\/span><\/p><h3><span style=\"font-size: 14pt;\"><strong>Veranstaltungen und Einrichtungen, die bisher nach 3G zug\u00e4nglich waren<\/strong><\/span><\/h3><p><span style=\"font-size: 12pt;\">F\u00fcr alle Einrichtungen und Veranstaltungen, die bisher nach 3G-Regeln zug\u00e4nglich sind, sind dann nur nach 3G plus zug\u00e4nglich. Nichtgeimpfte Personen k\u00f6nnen damit nur mit aktuellem PCR-Test teilnehmen. Innerhalb dieser nur f\u00fcr Geimpfte, Genesene und PCR-Getestete zug\u00e4nglichen Bereiche bestehen die Rechtsfolgen, die bisher f\u00fcr normales 3G galten. Es gibt also anders als bei freiwilligen 3G plus keine Erleichterungen etwa f\u00fcr Maske, Abstand oder Personenobergrenzen.<\/span><\/p><h3><span style=\"font-size: 14pt;\">Bildungseinrichtungen<\/span><\/h3><p><span style=\"font-size: 12pt;\">Ausgenommen hiervon sind die Hochschulen sowie au\u00dferschulische Bildungsangebote wie die Volkshochschule einschlie\u00dflich der beruflichen Aus-, Fort- und Weiterbildung sowie Bibliotheken und Archive \u2013 hier gilt weiterhin die Zugangsm\u00f6glichkeit auch mit Schnelltest (3G).<\/span><\/p><h3><span style=\"font-size: 14pt;\"><strong>Clubs, Diskotheken und vergleichbare Freizeiteinrichtungen<\/strong><\/span><\/h3><p><span style=\"font-size: 12pt;\">F\u00fcr Clubs, Diskotheken und vergleichbare Freizeiteinrichtungen gilt bei Stufe gelb verpflichtendes 2G.<\/span><\/p><h3><span style=\"font-size: 14pt;\">Pflegeeinrichtungen<\/span><\/h3><p><span style=\"font-size: 12pt;\">In den Pflegeeinrichtungen m\u00fcssen Personal und Besucher, unabh\u00e4ngig vom Impfstatus, mindestens zweimal w\u00f6chentlich getestet werden (Antigen-Schnelltests oder PCR-Tests).<\/span><\/p><h3><span style=\"font-size: 14pt;\">Regeln bei einer Roten Ampel<\/span><\/h3><h3><span style=\"font-size: 14pt;\">Veranstaltungen und Einrichtungen, die bisher nach 3G zug\u00e4nglich waren<\/span><\/h3><p><span style=\"font-size: 12pt;\">Einrichtungen, Veranstaltungen etc., die sonst nach 3G-Regeln zug\u00e4nglich sind, sind dann nur nach 2G zug\u00e4nglich, also nur f\u00fcr Geimpfte und Genesene, nicht f\u00fcr Getestete. Ausgenommen hiervon sind die Gastronomie, Hotellerie und Pensionen sowie k\u00f6rpernahe Dienstleistungen, wie Friseure und Pedik\u00fcre. Hier bleibt es bei 3G plus. In Hochschulen, au\u00dferschulischen Bildungsangeboten einschlie\u00dflich der beruflichen Aus-, Fort- und Weiterbildung sowie Bibliotheken und Archive gilt weiterhin die Zugangsm\u00f6glichkeit auch mit Schnelltest (3G).<\/span><\/p><h3><span style=\"font-size: 14pt;\">Arbeitnehmer in Betrieben mit mehr als 10 Besch\u00e4ftigen<\/span><\/h3><p><span style=\"font-size: 12pt;\">Die Zugangsregelung \u201e3G\u201c (einfacher Schnelltest zweimal pro Woche gen\u00fcgt) gilt in Betrieben mit mehr als 10 Besch\u00e4ftigten im Falle der roten Stufe au\u00dferdem f\u00fcr alle Besch\u00e4ftigten, die w\u00e4hrend ihrer Arbeit Kontakt zu anderen Personen haben (egal ob Kunden, andere Besch\u00e4ftigte oder sonstige Personen). Das gilt allerdings nicht f\u00fcr den Handel und den \u00d6PNV.\u00a0<\/span><\/p><\/div>\t\t\t\t\t\t<\/div>\n\t\t\t\t<\/div>\n\t\t\t\t<div class=\"elementor-element elementor-element-7cc9469 elementor-widget elementor-widget-shortcode\" data-id=\"7cc9469\" data-element_type=\"widget\" data-widget_type=\"shortcode.default\">\n\t\t\t\t<div class=\"elementor-widget-container\">\n\t\t\t\t\t<div class=\"elementor-shortcode\"><center><a href=\"https:\/\/a.partner-versicherung.de\/click.php?partner_id=19992&ad_id=441&deep=kfz-versicherung\"  target=\"_blank\"><img decoding=\"async\" src=\"https:\/\/a.partner-versicherung.de\/view.php?partner_id=19992&ad_id=441\" ><\/a><\/center><\/div>\n\t\t\t\t<\/div>\n\t\t\t\t<\/div>\n\t\t\t\t<div class=\"elementor-element elementor-element-0c834d7 elementor-widget-divider--view-line elementor-widget elementor-widget-divider\" data-id=\"0c834d7\" data-element_type=\"widget\" data-widget_type=\"divider.default\">\n\t\t\t\t<div class=\"elementor-widget-container\">\n\t\t\t\t\t<div class=\"elementor-divider\">\n\t\t\t<span class=\"elementor-divider-separator\">\n\t\t\t\t\t\t<\/span>\n\t\t<\/div>\n\t\t\t\t<\/div>\n\t\t\t\t<\/div>\n\t\t\t\t<div class=\"elementor-element elementor-element-325f51f elementor-widget elementor-widget-google_maps\" data-id=\"325f51f\" data-element_type=\"widget\" data-widget_type=\"google_maps.default\">\n\t\t\t\t<div class=\"elementor-widget-container\">\n\t\t\t\t\t<div class=\"elementor-custom-embed\">\n\t\t\t<iframe loading=\"lazy\"\n\t\t\t\t\tsrc=\"https:\/\/maps.google.com\/maps?q=Schwabach%2C%20Deutschland&#038;t=m&#038;z=15&#038;output=embed&#038;iwloc=near\"\n\t\t\t\t\ttitle=\"Schwabach, Deutschland\"\n\t\t\t\t\taria-label=\"Schwabach, Deutschland\"\n\t\t\t><\/iframe>\n\t\t<\/div>\n\t\t\t\t<\/div>\n\t\t\t\t<\/div>\n\t\t\t\t\t<\/div>\n\t\t<\/div>\n\t\t\t\t<div class=\"elementor-column elementor-col-50 elementor-top-column elementor-element elementor-element-f141625\" data-id=\"f141625\" data-element_type=\"column\">\n\t\t\t<div class=\"elementor-widget-wrap elementor-element-populated\">\n\t\t\t\t\t\t<div class=\"elementor-element elementor-element-aa635e8 elementor-widget elementor-widget-heading\" data-id=\"aa635e8\" data-element_type=\"widget\" data-widget_type=\"heading.default\">\n\t\t\t\t<div class=\"elementor-widget-container\">\n\t\t\t<h3 class=\"elementor-heading-title elementor-size-default\">Schnell vergleichen und sparen!<\/h3>\t\t<\/div>\n\t\t\t\t<\/div>\n\t\t\t\t<div class=\"elementor-element elementor-element-380778c elementor-widget elementor-widget-wp-widget-advads_ad_widget\" data-id=\"380778c\" data-element_type=\"widget\" data-widget_type=\"wp-widget-advads_ad_widget.default\">\n\t\t\t\t<div class=\"elementor-widget-container\">\n\t\t\t<div id=\"regio-2650542590\"><div class=\"regio-adlabel\">Werbung<\/div><!-- Beginn https:\/\/www.financeads.net\/-Code --><a href=\"https:\/\/www.financeads.net\/tc.php?t=36648C236142529B\" target=\"_blank\"><img fetchpriority=\"high\" decoding=\"async\" src=\"https:\/\/www.financeads.net\/tb.php?t=36648V236142529B&https=1\" alt=\"\" border=\"0\" width=\"300\" height=\"250\"><\/a><!-- Ende https:\/\/www.financeads.net\/-Code --><\/div>\t\t<\/div>\n\t\t\t\t<\/div>\n\t\t\t\t<div class=\"elementor-element elementor-element-bd26aa5 elementor-widget elementor-widget-wp-widget-advads_ad_widget\" data-id=\"bd26aa5\" data-element_type=\"widget\" data-widget_type=\"wp-widget-advads_ad_widget.default\">\n\t\t\t\t<div class=\"elementor-widget-container\">\n\t\t\t<div id=\"regio-2334172880\"><div class=\"regio-adlabel\">Werbung<\/div><!-- Beginn https:\/\/www.financeads.net\/-Code --><a href=\"https:\/\/www.financeads.net\/tc.php?t=36648C42614510B\" target=\"_blank\"><img decoding=\"async\" src=\"https:\/\/www.financeads.net\/tb.php?t=36648V42614510B&https=1\" alt=\"\" border=\"0\" width=\"200\" height=\"300\"><\/a><!-- Ende https:\/\/www.financeads.net\/-Code --><\/div>\t\t<\/div>\n\t\t\t\t<\/div>\n\t\t\t\t<div class=\"elementor-element elementor-element-abfc6b5 elementor-widget elementor-widget-wp-widget-advads_ad_widget\" data-id=\"abfc6b5\" data-element_type=\"widget\" data-widget_type=\"wp-widget-advads_ad_widget.default\">\n\t\t\t\t<div class=\"elementor-widget-container\">\n\t\t\t<div id=\"regio-2383358106\"><div class=\"regio-adlabel\">Werbung<\/div><!-- Beginn https:\/\/www.financeads.net\/-Code --><a href=\"https:\/\/www.financeads.net\/tc.php?t=36648C205040072B\" target=\"_blank\"><img decoding=\"async\" src=\"https:\/\/www.financeads.net\/tb.php?t=36648V205040072B&https=1\" alt=\"\" border=\"0\" width=\"300\" height=\"250\"><\/a><!-- Ende https:\/\/www.financeads.net\/-Code --><\/div>\t\t<\/div>\n\t\t\t\t<\/div>\n\t\t\t\t<div class=\"elementor-element elementor-element-9b68655 elementor-widget elementor-widget-wp-widget-advads_ad_widget\" data-id=\"9b68655\" data-element_type=\"widget\" data-widget_type=\"wp-widget-advads_ad_widget.default\">\n\t\t\t\t<div class=\"elementor-widget-container\">\n\t\t\t<div id=\"regio-3832023999\"><div class=\"regio-adlabel\">Werbung<\/div><!-- Beginn https:\/\/www.financeads.net\/-Code --><a href=\"https:\/\/www.financeads.net\/tc.php?t=36648C271460142B\" target=\"_blank\"><img loading=\"lazy\" decoding=\"async\" src=\"https:\/\/www.financeads.net\/tb.php?t=36648V271460142B&https=1\" alt=\"PETPROTECT_Hund&Katze_Banner\" border=\"0\" width=\"250\" height=\"250\"><\/a><!-- Ende https:\/\/www.financeads.net\/-Code --><\/div>\t\t<\/div>\n\t\t\t\t<\/div>\n\t\t\t\t\t<\/div>\n\t\t<\/div>\n\t\t\t\t\t<\/div>\n\t\t<\/section>\n\t\t\t\t<\/div>\n\t\t","protected":false},"excerpt":{"rendered":"<div class=\"mh-excerpt\"><p>Neue Corona-Ma\u00dfnahmen in Schwabach aufgrund der 14. Bayerischen Infektionsschutzma\u00dfnahmenverordnung (BayIfSMV)\u00a0 Schwabach &#8211; Die 14. Bayerischen Infektionsschutzma\u00dfnahmenverordnung (BayIfSMV) wird ge\u00e4ndert. Die detaillierten \u00c4nderungen sehen wie folgt aus: Schule Nach den Herbstferien wird in den Grundschulen f\u00fcr <a class=\"mh-excerpt-more\" href=\"https:\/\/www.region-schwabach.de\/wordpress\/neue-coronamassnahmen-ab-dienstag-den-9-november-2021-massnahmen-der-roten-ampel-treten-in-kraft\/\" title=\"Neue Coronama\u00dfnahmen ab Dienstag, den 9. November 2021 -Ma\u00dfnahmen der roten Ampel treten in Kraft\">[&#8230;]<\/a><\/p>\n<\/div>","protected":false},"author":1,"featured_media":153979,"comment_status":"open","ping_status":"open","sticky":false,"template":"","format":"standard","meta":{"_cbd_carousel_blocks":"[]","footnotes":""},"categories":[16,287,61],"tags":[17446,13953,17484,17475,15355,13293,522,4802,1480,19,3012,3151,14419],"class_list":{"0":"post-153976","1":"post","2":"type-post","3":"status-publish","4":"format-standard","5":"has-post-thumbnail","7":"category-aktuell","8":"category-jugend-und-familie","9":"category-rathaus","10":"tag-09-11-2021","11":"tag-7-tage-inzidenz","12":"tag-9-november-2021","13":"tag-ampelregelung","14":"tag-bundesnotbremse","15":"tag-corona-faelle","16":"tag-koenigsplatz","17":"tag-massnahmen","18":"tag-rathaus","19":"tag-schwabach","20":"tag-stadt","21":"tag-stadt-schwabach","22":"tag-weitergehende-massnahmen"},"_links":{"self":[{"href":"https:\/\/www.region-schwabach.de\/wordpress\/wp-json\/wp\/v2\/posts\/153976","targetHints":{"allow":["GET"]}}],"collection":[{"href":"https:\/\/www.region-schwabach.de\/wordpress\/wp-json\/wp\/v2\/posts"}],"about":[{"href":"https:\/\/www.region-schwabach.de\/wordpress\/wp-json\/wp\/v2\/types\/post"}],"author":[{"embeddable":true,"href":"https:\/\/www.region-schwabach.de\/wordpress\/wp-json\/wp\/v2\/users\/1"}],"replies":[{"embeddable":true,"href":"https:\/\/www.region-schwabach.de\/wordpress\/wp-json\/wp\/v2\/comments?post=153976"}],"version-history":[{"count":0,"href":"https:\/\/www.region-schwabach.de\/wordpress\/wp-json\/wp\/v2\/posts\/153976\/revisions"}],"wp:featuredmedia":[{"embeddable":true,"href":"https:\/\/www.region-schwabach.de\/wordpress\/wp-json\/wp\/v2\/media\/153979"}],"wp:attachment":[{"href":"https:\/\/www.region-schwabach.de\/wordpress\/wp-json\/wp\/v2\/media?parent=153976"}],"wp:term":[{"taxonomy":"category","embeddable":true,"href":"https:\/\/www.region-schwabach.de\/wordpress\/wp-json\/wp\/v2\/categories?post=153976"},{"taxonomy":"post_tag","embeddable":true,"href":"https:\/\/www.region-schwabach.de\/wordpress\/wp-json\/wp\/v2\/tags?post=153976"}],"curies":[{"name":"wp","href":"https:\/\/api.w.org\/{rel}","templated":true}]}}