{"id":154290,"date":"2021-11-13T01:15:00","date_gmt":"2021-11-13T00:15:00","guid":{"rendered":"https:\/\/www.region-schwabach.de\/wordpress\/?p=154290"},"modified":"2021-11-12T23:48:23","modified_gmt":"2021-11-12T22:48:23","slug":"schwabacher-altstadttage-am-12-13-november-2021","status":"publish","type":"post","link":"https:\/\/www.region-schwabach.de\/wordpress\/schwabacher-altstadttage-am-12-13-november-2021\/","title":{"rendered":"Schwabacher Altstadttage am 12.\/13. November 2021"},"content":{"rendered":"\t\t<div data-elementor-type=\"wp-post\" data-elementor-id=\"154290\" class=\"elementor elementor-154290\">\n\t\t\t\t\t\t<section class=\"elementor-section elementor-top-section elementor-element elementor-element-e04de7f elementor-section-boxed elementor-section-height-default elementor-section-height-default\" data-id=\"e04de7f\" data-element_type=\"section\">\n\t\t\t\t\t\t<div class=\"elementor-container elementor-column-gap-default\">\n\t\t\t\t\t<div class=\"elementor-column elementor-col-66 elementor-top-column elementor-element elementor-element-0e30e33\" data-id=\"0e30e33\" data-element_type=\"column\">\n\t\t\t<div class=\"elementor-widget-wrap elementor-element-populated\">\n\t\t\t\t\t\t<div class=\"elementor-element elementor-element-1331cc3 elementor-widget elementor-widget-text-editor\" data-id=\"1331cc3\" data-element_type=\"widget\" data-widget_type=\"text-editor.default\">\n\t\t\t\t<div class=\"elementor-widget-container\">\n\t\t\t\t\t\t\t<h3 class=\"uk-article-title\"><span id=\"page52R_mcid11\" class=\"markedContent\"><span dir=\"ltr\" role=\"presentation\">Bei Altstadttagen am 12. und 13. November 2021: <\/span><\/span><span id=\"page52R_mcid12\" class=\"markedContent\"> <\/span><span id=\"page52R_mcid13\" class=\"markedContent\"><br role=\"presentation\" \/><span dir=\"ltr\" role=\"presentation\">Themenrundg\u00e4nge und viele Attraktionen <\/span><\/span><\/h3><p><span style=\"font-size: 12pt;\">Schwabach &#8211; <\/span><span style=\"font-size: 12pt;\">Die beliebten Altstadttage finden am Wochenende vom 12. und 13. November <\/span><span style=\"font-size: 12pt;\">wieder statt. Dabei k\u00f6nnen die Vielfalt und Attraktivit\u00e4t der Schwabacher L\u00e4den <\/span><span style=\"font-size: 12pt;\">(wieder) entdeckt werden. Die Teilnahme an der Veranstaltung des <\/span><span style=\"font-size: 12pt;\">Quartiermanagements ist kostenlos. Ein Hygienekonzept liegt aus.\u00a0<\/span><span style=\"font-size: 12pt;\">Am Freitag, <\/span><span style=\"font-size: 12pt;\">12. November, sind die L\u00e4den von 10 bis 18 Uhr, am Samstag von 10 bis 13 <\/span><span id=\"page52R_mcid15\" class=\"markedContent\" style=\"font-size: 12pt;\"><span dir=\"ltr\" role=\"presentation\">Uhr ge\u00f6ffnet. <\/span><\/span><\/p><p><span id=\"page52R_mcid17\" class=\"markedContent\" style=\"font-size: 12pt;\"><span dir=\"ltr\" role=\"presentation\">Acht verschiedene spannende und kostenlose Rundg\u00e4nge erwarten die <\/span><\/span><span style=\"font-size: 12pt;\">Besucherinnen und Besucher, zu den Themen Handwerk, Gold, Kulinarisch, <\/span><span style=\"font-size: 12pt;\">Mode, Sch\u00f6nes f\u00fcr die Seele, Kinder und Gesundheit. Treffpunkt ist jeweils am <\/span><span style=\"font-size: 12pt;\">Rathaus. Claudia Rauh leitet diese einst\u00fcndigen und kostenfreien Rundg\u00e4nge.\u00a0<\/span><\/p><ul style=\"list-style-type: disc;\"><li><span style=\"font-size: 12pt;\">Freitag 13.00 Uhr &gt;\u00a0<strong>Thema: Handwerk<\/strong><\/span><\/li><li><span style=\"font-size: 12pt;\">Freitag 14.00 Uhr &gt; <strong>Thema: Gold<\/strong><\/span><\/li><li><span style=\"font-size: 12pt;\">Freitag 15.00 Uhr &gt; <strong>Thema: Kulinarisch<\/strong><\/span><\/li><li><span style=\"font-size: 12pt;\">Freitag 16.30 Uhr &gt; <strong>Thema: Mode<\/strong><\/span><\/li><li>\u00a0<\/li><li><span style=\"font-size: 12pt;\">Samstag 10.00 Uhr &gt;\u00a0<strong>Thema: Sch\u00f6nes f\u00fcr die Seele<\/strong><\/span><\/li><li><span style=\"font-size: 12pt;\">Samstag 10.00 Uhr &gt; <strong>Thema: Kinder<\/strong><\/span><\/li><li><span style=\"font-size: 12pt;\">Samstag 12.00 Uhr &gt; <strong>Thema: Gesundheit<\/strong><\/span><\/li><li><span style=\"font-size: 12pt;\">Samstag 12.00 Uhr &gt; <strong>Thema: Kinder<\/strong><\/span><\/li><\/ul><p><span dir=\"ltr\" style=\"font-size: 12pt;\" role=\"presentation\">Eine Anmeldung ist daf\u00fcr erforderlich: Montag bis Freitag ab 14.00 Uhr per Mail <\/span><span dir=\"ltr\" style=\"font-size: 12pt;\" role=\"presentation\">an <a href=\"mailto:schwabach-schmeckt@web.de\" target=\"_blank\" rel=\"noopener\">schwabach-schmeckt@web.de<\/a> oder telefonisch unter 0151-70050405. Die <\/span><span dir=\"ltr\" style=\"font-size: 12pt;\" role=\"presentation\">Teilnahme an den F\u00fchrungen ist nur nach 3Gplus-Regelung m\u00f6glich, beim <\/span><span dir=\"ltr\" style=\"font-size: 12pt;\" role=\"presentation\">Betreten der L\u00e4den ist das Tragen einer FFP2-Maske erforderlich.<\/span><\/p><div class=\"page\" role=\"region\" data-page-number=\"1\" aria-label=\"Seite 1\" data-loaded=\"true\"><div>\u00a0<\/div><div class=\"textLayer\"><span style=\"font-size: 12pt;\"><span id=\"page52R_mcid19\" class=\"markedContent\"><span dir=\"ltr\" role=\"presentation\">Es wird zudem viele Aktionen zur Unterhaltung der G\u00e4ste geben:\u00a0<\/span><\/span><span id=\"page52R_mcid22\" class=\"markedContent\"><\/span><\/span><\/div><ul style=\"list-style-type: disc;\"><li class=\"textLayer\"><span id=\"page52R_mcid22\" class=\"markedContent\" style=\"font-size: 12pt;\"><span dir=\"ltr\" role=\"presentation\">ein Gewinnspiel mit vielen Preisen<\/span><\/span><\/li><li class=\"textLayer\"><span id=\"page52R_mcid26\" class=\"markedContent\" style=\"font-size: 12pt;\"><span dir=\"ltr\" role=\"presentation\">Freitag, 11-15 Uhr: kostenlose Kutschfahrten mit Kutscher Dittrich aus <\/span><span dir=\"ltr\" role=\"presentation\">Dietersdorf und seinen Kaltbl\u00fctern; Start: immer am Rathaus.<\/span><\/span><\/li><li><span id=\"page1R_mcid2\" class=\"markedContent\" style=\"font-size: 12pt;\"><span dir=\"ltr\" role=\"presentation\">Samstag, 10-12 Uhr: Die Sambagruppe \u201eSambesi\u201c von Sch\u00fclerinnen <\/span><span dir=\"ltr\" role=\"presentation\">der Maria-Ward Schule N\u00fcrnberg trommelt Sambarhythmen durch die <\/span><span dir=\"ltr\" role=\"presentation\">Altstadt.\u00a0<\/span><\/span><\/li><\/ul><\/div><div class=\"page\" role=\"region\" data-page-number=\"2\" aria-label=\"Seite 2\" data-loaded=\"true\">\u00a0<\/div><p><span id=\"page1R_mcid6\" class=\"markedContent\" style=\"font-size: 12pt;\"><span dir=\"ltr\" role=\"presentation\">In den beteiligten L\u00e4den gibt es einen kostenlosen Street Art Tischkalender <\/span><span dir=\"ltr\" role=\"presentation\">2022, der in einem Sommerprojekt des Quartiermanagements mit dem <\/span><span dir=\"ltr\" role=\"presentation\">Jugendzentrum Aurex unter Leitung des K\u00fcnstlers Carlos Lorente entstanden <\/span><span dir=\"ltr\" role=\"presentation\">ist. Ebenfalls kostenlos dort zu bekommen ist ein \u201eCorona B\u00fcchlein\u201c des <\/span><span dir=\"ltr\" role=\"presentation\">Quartiermanagements mit spannenden Geschichten aus der Corona-Zeit von <\/span><span dir=\"ltr\" role=\"presentation\">Schwabacher B\u00fcrgerinnen und B\u00fcrger. <\/span><\/span><\/p><p><span style=\"font-size: 12pt;\"><span id=\"page1R_mcid7\" class=\"markedContent\"> <\/span><span id=\"page1R_mcid8\" class=\"markedContent\"><span dir=\"ltr\" role=\"presentation\">Foto: Auch die \u201eSpielerei\u201c macht bei den Altstadttagen mit.\u00a0<\/span><\/span><\/span><\/p><h3>Weiterf\u00fchrende Links:<\/h3><p><a href=\"https:\/\/www.schwabach.de\/images\/referate\/referat_3\/downloads\/Tourismus\/Veranstaltungen\/klein_Altstadttage_2018_Flyer-final-1.jpg\" target=\"_blank\" rel=\"noopener\"><span style=\"font-size: 12pt;\">Zum &#8222;Altstadttage-Flyer&#8220; geht&#8217;s hier &#8230;<\/span><\/a><\/p>\t\t\t\t\t\t<\/div>\n\t\t\t\t<\/div>\n\t\t\t\t<div class=\"elementor-element elementor-element-310e3d3 elementor-widget elementor-widget-shortcode\" data-id=\"310e3d3\" data-element_type=\"widget\" data-widget_type=\"shortcode.default\">\n\t\t\t\t<div class=\"elementor-widget-container\">\n\t\t\t\t\t<div class=\"elementor-shortcode\"><center><a href=\"https:\/\/a.partner-versicherung.de\/click.php?partner_id=19992&ad_id=441&deep=kfz-versicherung\"  target=\"_blank\"><img decoding=\"async\" src=\"https:\/\/a.partner-versicherung.de\/view.php?partner_id=19992&ad_id=441\" ><\/a><\/center><\/div>\n\t\t\t\t<\/div>\n\t\t\t\t<\/div>\n\t\t\t\t<div class=\"elementor-element elementor-element-9c4562b elementor-widget-divider--view-line elementor-widget elementor-widget-divider\" data-id=\"9c4562b\" data-element_type=\"widget\" data-widget_type=\"divider.default\">\n\t\t\t\t<div class=\"elementor-widget-container\">\n\t\t\t\t\t<div class=\"elementor-divider\">\n\t\t\t<span class=\"elementor-divider-separator\">\n\t\t\t\t\t\t<\/span>\n\t\t<\/div>\n\t\t\t\t<\/div>\n\t\t\t\t<\/div>\n\t\t\t\t<div class=\"elementor-element elementor-element-86e1f80 elementor-widget elementor-widget-google_maps\" data-id=\"86e1f80\" data-element_type=\"widget\" data-widget_type=\"google_maps.default\">\n\t\t\t\t<div class=\"elementor-widget-container\">\n\t\t\t\t\t<div class=\"elementor-custom-embed\">\n\t\t\t<iframe loading=\"lazy\"\n\t\t\t\t\tsrc=\"https:\/\/maps.google.com\/maps?q=K%C3%B6nigsplatz%201%2C%20Schwabach%2C%20Deutschland&#038;t=m&#038;z=17&#038;output=embed&#038;iwloc=near\"\n\t\t\t\t\ttitle=\"K\u00f6nigsplatz 1, Schwabach, Deutschland\"\n\t\t\t\t\taria-label=\"K\u00f6nigsplatz 1, Schwabach, Deutschland\"\n\t\t\t><\/iframe>\n\t\t<\/div>\n\t\t\t\t<\/div>\n\t\t\t\t<\/div>\n\t\t\t\t\t<\/div>\n\t\t<\/div>\n\t\t\t\t<div class=\"elementor-column elementor-col-33 elementor-top-column elementor-element elementor-element-f02176f\" data-id=\"f02176f\" data-element_type=\"column\">\n\t\t\t<div class=\"elementor-widget-wrap elementor-element-populated\">\n\t\t\t\t\t\t<div class=\"elementor-element elementor-element-3a2e2c8 elementor-widget elementor-widget-heading\" data-id=\"3a2e2c8\" data-element_type=\"widget\" data-widget_type=\"heading.default\">\n\t\t\t\t<div class=\"elementor-widget-container\">\n\t\t\t<h3 class=\"elementor-heading-title elementor-size-default\">Schnell vergleichen und sparen!<\/h3>\t\t<\/div>\n\t\t\t\t<\/div>\n\t\t\t\t<div class=\"elementor-element elementor-element-563baf7 elementor-widget elementor-widget-wp-widget-advads_ad_widget\" data-id=\"563baf7\" data-element_type=\"widget\" data-widget_type=\"wp-widget-advads_ad_widget.default\">\n\t\t\t\t<div class=\"elementor-widget-container\">\n\t\t\t<div id=\"regio-2257292560\"><div class=\"regio-adlabel\">Werbung<\/div><!-- Beginn https:\/\/www.financeads.net\/-Code --><a href=\"https:\/\/www.financeads.net\/tc.php?t=36648C236142529B\" target=\"_blank\"><img fetchpriority=\"high\" decoding=\"async\" src=\"https:\/\/www.financeads.net\/tb.php?t=36648V236142529B&https=1\" alt=\"\" border=\"0\" width=\"300\" height=\"250\"><\/a><!-- Ende https:\/\/www.financeads.net\/-Code --><\/div>\t\t<\/div>\n\t\t\t\t<\/div>\n\t\t\t\t<div class=\"elementor-element elementor-element-50d1776 elementor-widget elementor-widget-wp-widget-advads_ad_widget\" data-id=\"50d1776\" data-element_type=\"widget\" data-widget_type=\"wp-widget-advads_ad_widget.default\">\n\t\t\t\t<div class=\"elementor-widget-container\">\n\t\t\t<div id=\"regio-1731267944\"><div class=\"regio-adlabel\">Werbung<\/div><!-- Beginn https:\/\/www.financeads.net\/-Code --><a href=\"https:\/\/www.financeads.net\/tc.php?t=36648C42614510B\" target=\"_blank\"><img decoding=\"async\" src=\"https:\/\/www.financeads.net\/tb.php?t=36648V42614510B&https=1\" alt=\"\" border=\"0\" width=\"200\" height=\"300\"><\/a><!-- Ende https:\/\/www.financeads.net\/-Code --><\/div>\t\t<\/div>\n\t\t\t\t<\/div>\n\t\t\t\t<div class=\"elementor-element elementor-element-804762e elementor-widget elementor-widget-wp-widget-advads_ad_widget\" data-id=\"804762e\" data-element_type=\"widget\" data-widget_type=\"wp-widget-advads_ad_widget.default\">\n\t\t\t\t<div class=\"elementor-widget-container\">\n\t\t\t<div id=\"regio-1440803694\"><div class=\"regio-adlabel\">Werbung<\/div><!-- Beginn https:\/\/www.financeads.net\/-Code --><a href=\"https:\/\/www.financeads.net\/tc.php?t=36648C205040072B\" target=\"_blank\"><img decoding=\"async\" src=\"https:\/\/www.financeads.net\/tb.php?t=36648V205040072B&https=1\" alt=\"\" border=\"0\" width=\"300\" height=\"250\"><\/a><!-- Ende https:\/\/www.financeads.net\/-Code --><\/div>\t\t<\/div>\n\t\t\t\t<\/div>\n\t\t\t\t<div class=\"elementor-element elementor-element-25375e7 elementor-widget elementor-widget-wp-widget-advads_ad_widget\" data-id=\"25375e7\" data-element_type=\"widget\" data-widget_type=\"wp-widget-advads_ad_widget.default\">\n\t\t\t\t<div class=\"elementor-widget-container\">\n\t\t\t<div id=\"regio-1746056576\"><div class=\"regio-adlabel\">Werbung<\/div><!-- Beginn https:\/\/www.financeads.net\/-Code --><a href=\"https:\/\/www.financeads.net\/tc.php?t=36648C271460142B\" target=\"_blank\"><img loading=\"lazy\" decoding=\"async\" src=\"https:\/\/www.financeads.net\/tb.php?t=36648V271460142B&https=1\" alt=\"PETPROTECT_Hund&Katze_Banner\" border=\"0\" width=\"250\" height=\"250\"><\/a><!-- Ende https:\/\/www.financeads.net\/-Code --><\/div>\t\t<\/div>\n\t\t\t\t<\/div>\n\t\t\t\t\t<\/div>\n\t\t<\/div>\n\t\t\t\t\t<\/div>\n\t\t<\/section>\n\t\t\t\t<\/div>\n\t\t","protected":false},"excerpt":{"rendered":"<div class=\"mh-excerpt\"><p>Bei Altstadttagen am 12. und 13. November 2021: Themenrundg\u00e4nge und viele Attraktionen Schwabach &#8211; Die beliebten Altstadttage finden am Wochenende vom 12. und 13. November wieder statt. Dabei k\u00f6nnen die Vielfalt und Attraktivit\u00e4t der Schwabacher <a class=\"mh-excerpt-more\" href=\"https:\/\/www.region-schwabach.de\/wordpress\/schwabacher-altstadttage-am-12-13-november-2021\/\" title=\"Schwabacher Altstadttage am 12.\/13. November 2021\">[&#8230;]<\/a><\/p>\n<\/div>","protected":false},"author":1,"featured_media":154296,"comment_status":"open","ping_status":"open","sticky":false,"template":"","format":"standard","meta":{"_cbd_carousel_blocks":"[]","footnotes":""},"categories":[16,287,61,231],"tags":[17519,17518,17521,17520,6876,1581,6873,4033,53,6875,388,522,6874,1480,19,3012,3151,56,4099],"class_list":{"0":"post-154290","1":"post","2":"type-post","3":"status-publish","4":"format-standard","5":"has-post-thumbnail","7":"category-aktuell","8":"category-jugend-und-familie","9":"category-rathaus","10":"category-veranstaltungsnews","11":"tag-12-november-2021","12":"tag-12-11-2021","13":"tag-13-november-2021","14":"tag-13-11-2021","15":"tag-aktionen","16":"tag-altstadt","17":"tag-altstadttage","18":"tag-angebote","19":"tag-fuehrung","20":"tag-handwerksbetriebe","21":"tag-innenstadt","22":"tag-koenigsplatz","23":"tag-laeden","24":"tag-rathaus","25":"tag-schwabach","26":"tag-stadt","27":"tag-stadt-schwabach","28":"tag-tourismusbuero","29":"tag-vorfuehrungen"},"_links":{"self":[{"href":"https:\/\/www.region-schwabach.de\/wordpress\/wp-json\/wp\/v2\/posts\/154290","targetHints":{"allow":["GET"]}}],"collection":[{"href":"https:\/\/www.region-schwabach.de\/wordpress\/wp-json\/wp\/v2\/posts"}],"about":[{"href":"https:\/\/www.region-schwabach.de\/wordpress\/wp-json\/wp\/v2\/types\/post"}],"author":[{"embeddable":true,"href":"https:\/\/www.region-schwabach.de\/wordpress\/wp-json\/wp\/v2\/users\/1"}],"replies":[{"embeddable":true,"href":"https:\/\/www.region-schwabach.de\/wordpress\/wp-json\/wp\/v2\/comments?post=154290"}],"version-history":[{"count":0,"href":"https:\/\/www.region-schwabach.de\/wordpress\/wp-json\/wp\/v2\/posts\/154290\/revisions"}],"wp:featuredmedia":[{"embeddable":true,"href":"https:\/\/www.region-schwabach.de\/wordpress\/wp-json\/wp\/v2\/media\/154296"}],"wp:attachment":[{"href":"https:\/\/www.region-schwabach.de\/wordpress\/wp-json\/wp\/v2\/media?parent=154290"}],"wp:term":[{"taxonomy":"category","embeddable":true,"href":"https:\/\/www.region-schwabach.de\/wordpress\/wp-json\/wp\/v2\/categories?post=154290"},{"taxonomy":"post_tag","embeddable":true,"href":"https:\/\/www.region-schwabach.de\/wordpress\/wp-json\/wp\/v2\/tags?post=154290"}],"curies":[{"name":"wp","href":"https:\/\/api.w.org\/{rel}","templated":true}]}}