{"id":154392,"date":"2021-11-13T01:45:00","date_gmt":"2021-11-13T00:45:00","guid":{"rendered":"https:\/\/www.region-schwabach.de\/wordpress\/?p=154392"},"modified":"2021-11-12T23:48:56","modified_gmt":"2021-11-12T22:48:56","slug":"lesart-am-samstag-den-13-november-2021-um-19-30-uhr-im-markgrafensaal-schwabach","status":"publish","type":"post","link":"https:\/\/www.region-schwabach.de\/wordpress\/lesart-am-samstag-den-13-november-2021-um-19-30-uhr-im-markgrafensaal-schwabach\/","title":{"rendered":"LesArt am Samstag, den 13. November 2021, um 19.30 Uhr im Markgrafensaal Schwabach"},"content":{"rendered":"\t\t<div data-elementor-type=\"wp-post\" data-elementor-id=\"154392\" class=\"elementor elementor-154392\">\n\t\t\t\t\t\t<section class=\"elementor-section elementor-top-section elementor-element elementor-element-678181b elementor-section-boxed elementor-section-height-default elementor-section-height-default\" data-id=\"678181b\" data-element_type=\"section\">\n\t\t\t\t\t\t<div class=\"elementor-container elementor-column-gap-default\">\n\t\t\t\t\t<div class=\"elementor-column elementor-col-66 elementor-top-column elementor-element elementor-element-6b34026\" data-id=\"6b34026\" data-element_type=\"column\">\n\t\t\t<div class=\"elementor-widget-wrap elementor-element-populated\">\n\t\t\t\t\t\t<div class=\"elementor-element elementor-element-443ab98 elementor-widget elementor-widget-text-editor\" data-id=\"443ab98\" data-element_type=\"widget\" data-widget_type=\"text-editor.default\">\n\t\t\t\t<div class=\"elementor-widget-container\">\n\t\t\t\t\t\t\t<h3><span style=\"font-size: 14pt;\">Samstag, den 13. November 2021, um 19.30 Uhr:\u00a0<\/span><br \/><span style=\"font-size: 14pt;\">25. LesArt &#8211; Alena Schr\u00f6der: Junge Frau, am Fenster stehend, Abendlicht, blaues Kleid<\/span><\/h3><p><span style=\"font-size: 12pt;\">Schwabach &#8211;\u00a0In Berlin tobt das Leben, nur die 27-j\u00e4hrige Hannah sp\u00fcrt, dass ihres noch nicht angefangen hat. Ihre Gro\u00dfmutter Evelyn hingegen kann nach beinahe hundert Jahren das Ende kaum erwarten. Ein Brief aus Israel ver\u00e4ndert alles. Darin wird Evelyn als Erbin eines geraubten und verschollenen Kunstverm\u00f6gens ausgewiesen. Die alte Frau aber h\u00fcllt sich in Schweigen. Warum wei\u00df Hannah nichts von der j\u00fcdischen Familie? Und weshalb weigert sich ihre einzige lebende Verwandte, \u00fcber die Vergangenheit und besonders \u00fcber ihre Mutter zu sprechen? Die Spur der Bilder f\u00fchrt zur\u00fcck in die 20er Jahre, zu einem eigensinnigen M\u00e4dchen\u2026 Eine mitrei\u00dfende Familiengeschichte um ein geraubtes Gem\u00e4lde \u2013 und vier Frauen, die sich ein selbstbestimmtes Leben erk\u00e4mpfen.<\/span><\/p><p><span style=\"font-size: 12pt;\">Alena Schr\u00f6der, geboren 1979, arbeitet als freie Journalistin und Autorin in Berlin. Sie hat Geschichte, Politikwissenschaft und Lateinamerikanistik in Berlin und San Diego studiert und die Henri-Nannen-Schule besucht. Nach einigen Jahren als Redakteurin in der \u201eBrigitte\u201c-Redaktion arbeitet sie heute frei u.a. f\u00fcr das \u201eSZ-Magazin\u201c und \u201eDIE ZEIT\u201c. Sie ist Autorin mehrerer Sachb\u00fccher sowie fiktionaler B\u00fccher.<\/span><\/p><p><span style=\"font-size: 12pt;\">Alena Schr\u00f6der: Junge Frau, am Fenster stehend, Abendlicht, blaues Kleid<\/span><br \/><span style=\"font-size: 12pt;\">dtv Verlag 2021<\/span><\/p><table style=\"border-collapse: collapse; width: 100%;\" border=\"1\"><tbody><tr><td style=\"width: 25%;\"><span style=\"font-size: 12pt;\"><a href=\"https:\/\/www.region-schwabach.de\/wordpress\/wp-content\/uploads\/2021\/11\/Alena-Schroeder-\u00a9-Gerald-v.-Foris-2.jpg\"><img fetchpriority=\"high\" decoding=\"async\" class=\"aligncenter size-full wp-image-154395\" src=\"https:\/\/www.region-schwabach.de\/wordpress\/wp-content\/uploads\/2021\/11\/Alena-Schroeder-\u00a9-Gerald-v.-Foris-2.jpg\" alt=\"\" width=\"666\" height=\"477\" srcset=\"https:\/\/www.region-schwabach.de\/wordpress\/wp-content\/uploads\/2021\/11\/Alena-Schroeder-\u00a9-Gerald-v.-Foris-2.jpg 666w, https:\/\/www.region-schwabach.de\/wordpress\/wp-content\/uploads\/2021\/11\/Alena-Schroeder-\u00a9-Gerald-v.-Foris-2-300x215.jpg 300w\" sizes=\"(max-width: 666px) 100vw, 666px\" \/><\/a>Alena Schr\u00f6der \u00a9 Gerald v. Foris<br \/><\/span><\/td><td style=\"width: 50%; text-align: left; vertical-align: middle;\"><p><strong><span style=\"font-size: 12pt;\">Samstag, 13.11.2021, 19.30 Uhr<\/span><\/strong><\/p><p><strong><span style=\"font-size: 12pt;\">Alena Schr\u00f6der:\u00a0Junge Frau, am Fenster stehend, Abendlicht, blaues Kleid<\/span><\/strong><\/p><p><strong><span style=\"font-size: 12pt;\"><a href=\"https:\/\/www.schwabach.de\/de\/kulturamt\/infoseiten-kulturamt\/9763-25-lesart-alena-schroeder-junge-frau-am-fenster-stehend-abendlicht-blaues-kleid.html\" target=\"_blank\" rel=\"noopener\">Weitere Infos gibt es hier &#8230;<\/a>\u00a0<\/span><\/strong><\/p><\/td><\/tr><\/tbody><\/table><h3>Weiterf\u00fchrende Links:<\/h3><p><span style=\"font-size: 12pt;\"><a href=\"https:\/\/www.schwabach.de\/de\/infoseiten-kulturportal\/9751-25-lesart-kartenverkauf.html\" target=\"_blank\" rel=\"noopener\">Alle Infos zum Kartenverkauf gibt es hier &#8230;<\/a><\/span><\/p><p><span style=\"font-size: 12pt;\"><a href=\"https:\/\/www.schwabach.de\/de\/infoseiten-kulturportal\/9754-25-lesart-besonderheiten-im-rahmen-der-covid-19-pandemie.html\" target=\"_blank\" rel=\"noopener\">Besonderheiten zur LesArt im Rahmen der Covid-19-Pandemie sind hier zu finden &#8230;<\/a><\/span><\/p>\t\t\t\t\t\t<\/div>\n\t\t\t\t<\/div>\n\t\t\t\t<div class=\"elementor-element elementor-element-fc55cc3 elementor-widget elementor-widget-shortcode\" data-id=\"fc55cc3\" data-element_type=\"widget\" data-widget_type=\"shortcode.default\">\n\t\t\t\t<div class=\"elementor-widget-container\">\n\t\t\t\t\t<div class=\"elementor-shortcode\"><center><a href=\"https:\/\/a.partner-versicherung.de\/click.php?partner_id=19992&ad_id=441&deep=kfz-versicherung\"  target=\"_blank\"><img decoding=\"async\" src=\"https:\/\/a.partner-versicherung.de\/view.php?partner_id=19992&ad_id=441\" ><\/a><\/center><\/div>\n\t\t\t\t<\/div>\n\t\t\t\t<\/div>\n\t\t\t\t\t<\/div>\n\t\t<\/div>\n\t\t\t\t<div class=\"elementor-column elementor-col-33 elementor-top-column elementor-element elementor-element-f645137\" data-id=\"f645137\" data-element_type=\"column\">\n\t\t\t<div class=\"elementor-widget-wrap elementor-element-populated\">\n\t\t\t\t\t\t<div class=\"elementor-element elementor-element-46aa455 elementor-widget elementor-widget-heading\" data-id=\"46aa455\" data-element_type=\"widget\" data-widget_type=\"heading.default\">\n\t\t\t\t<div class=\"elementor-widget-container\">\n\t\t\t<h3 class=\"elementor-heading-title elementor-size-default\">Schnell vergleichen und sparen!<\/h3>\t\t<\/div>\n\t\t\t\t<\/div>\n\t\t\t\t<div class=\"elementor-element elementor-element-7109c22 elementor-widget elementor-widget-wp-widget-advads_ad_widget\" data-id=\"7109c22\" data-element_type=\"widget\" data-widget_type=\"wp-widget-advads_ad_widget.default\">\n\t\t\t\t<div class=\"elementor-widget-container\">\n\t\t\t<div id=\"regio-2217977773\"><div class=\"regio-adlabel\">Werbung<\/div><!-- Beginn https:\/\/www.financeads.net\/-Code --><a href=\"https:\/\/www.financeads.net\/tc.php?t=36648C236142529B\" target=\"_blank\"><img decoding=\"async\" src=\"https:\/\/www.financeads.net\/tb.php?t=36648V236142529B&https=1\" alt=\"\" border=\"0\" width=\"300\" height=\"250\"><\/a><!-- Ende https:\/\/www.financeads.net\/-Code --><\/div>\t\t<\/div>\n\t\t\t\t<\/div>\n\t\t\t\t<div class=\"elementor-element elementor-element-1c90843 elementor-widget elementor-widget-wp-widget-advads_ad_widget\" data-id=\"1c90843\" data-element_type=\"widget\" data-widget_type=\"wp-widget-advads_ad_widget.default\">\n\t\t\t\t<div class=\"elementor-widget-container\">\n\t\t\t<div id=\"regio-454022099\"><div class=\"regio-adlabel\">Werbung<\/div><!-- Beginn https:\/\/www.financeads.net\/-Code --><a href=\"https:\/\/www.financeads.net\/tc.php?t=36648C42614510B\" target=\"_blank\"><img decoding=\"async\" src=\"https:\/\/www.financeads.net\/tb.php?t=36648V42614510B&https=1\" alt=\"\" border=\"0\" width=\"200\" height=\"300\"><\/a><!-- Ende https:\/\/www.financeads.net\/-Code --><\/div>\t\t<\/div>\n\t\t\t\t<\/div>\n\t\t\t\t<div class=\"elementor-element elementor-element-f9ebf1f elementor-widget elementor-widget-wp-widget-advads_ad_widget\" data-id=\"f9ebf1f\" data-element_type=\"widget\" data-widget_type=\"wp-widget-advads_ad_widget.default\">\n\t\t\t\t<div class=\"elementor-widget-container\">\n\t\t\t<div id=\"regio-2721136896\"><div class=\"regio-adlabel\">Werbung<\/div><!-- Beginn https:\/\/www.financeads.net\/-Code --><a href=\"https:\/\/www.financeads.net\/tc.php?t=36648C205040072B\" target=\"_blank\"><img loading=\"lazy\" decoding=\"async\" src=\"https:\/\/www.financeads.net\/tb.php?t=36648V205040072B&https=1\" alt=\"\" border=\"0\" width=\"300\" height=\"250\"><\/a><!-- Ende https:\/\/www.financeads.net\/-Code --><\/div>\t\t<\/div>\n\t\t\t\t<\/div>\n\t\t\t\t<div class=\"elementor-element elementor-element-2d72782 elementor-widget elementor-widget-wp-widget-advads_ad_widget\" data-id=\"2d72782\" data-element_type=\"widget\" data-widget_type=\"wp-widget-advads_ad_widget.default\">\n\t\t\t\t<div class=\"elementor-widget-container\">\n\t\t\t<div id=\"regio-3375890627\"><div class=\"regio-adlabel\">Werbung<\/div><!-- Beginn https:\/\/www.financeads.net\/-Code --><a href=\"https:\/\/www.financeads.net\/tc.php?t=36648C271460142B\" target=\"_blank\"><img loading=\"lazy\" decoding=\"async\" src=\"https:\/\/www.financeads.net\/tb.php?t=36648V271460142B&https=1\" alt=\"PETPROTECT_Hund&Katze_Banner\" border=\"0\" width=\"250\" height=\"250\"><\/a><!-- Ende https:\/\/www.financeads.net\/-Code --><\/div>\t\t<\/div>\n\t\t\t\t<\/div>\n\t\t\t\t\t<\/div>\n\t\t<\/div>\n\t\t\t\t\t<\/div>\n\t\t<\/section>\n\t\t\t\t<\/div>\n\t\t","protected":false},"excerpt":{"rendered":"<div class=\"mh-excerpt\"><p>Samstag, den 13. November 2021, um 19.30 Uhr:\u00a025. LesArt &#8211; Alena Schr\u00f6der: Junge Frau, am Fenster stehend, Abendlicht, blaues Kleid Schwabach &#8211;\u00a0In Berlin tobt das Leben, nur die 27-j\u00e4hrige Hannah sp\u00fcrt, dass ihres noch nicht <a class=\"mh-excerpt-more\" href=\"https:\/\/www.region-schwabach.de\/wordpress\/lesart-am-samstag-den-13-november-2021-um-19-30-uhr-im-markgrafensaal-schwabach\/\" title=\"LesArt am Samstag, den 13. November 2021, um 19.30 Uhr im Markgrafensaal Schwabach\">[&#8230;]<\/a><\/p>\n<\/div>","protected":false},"author":1,"featured_media":154393,"comment_status":"open","ping_status":"open","sticky":false,"template":"","format":"standard","meta":{"_cbd_carousel_blocks":"[]","footnotes":""},"categories":[16,287,61,231],"tags":[17521,17520,17526,17482,17529,522,311,4275,2029,2028,17079,1480,19],"class_list":{"0":"post-154392","1":"post","2":"type-post","3":"status-publish","4":"format-standard","5":"has-post-thumbnail","7":"category-aktuell","8":"category-jugend-und-familie","9":"category-rathaus","10":"category-veranstaltungsnews","11":"tag-13-november-2021","12":"tag-13-11-2021","13":"tag-alena-schroeder","14":"tag-autorin","15":"tag-junge-frau-am-fenster-stehend-abendlicht-blaues-kleid","16":"tag-koenigsplatz","17":"tag-lesart","18":"tag-lesung","19":"tag-ludwigstrasse","20":"tag-markgrafensaal","21":"tag-november-2021","22":"tag-rathaus","23":"tag-schwabach"},"_links":{"self":[{"href":"https:\/\/www.region-schwabach.de\/wordpress\/wp-json\/wp\/v2\/posts\/154392","targetHints":{"allow":["GET"]}}],"collection":[{"href":"https:\/\/www.region-schwabach.de\/wordpress\/wp-json\/wp\/v2\/posts"}],"about":[{"href":"https:\/\/www.region-schwabach.de\/wordpress\/wp-json\/wp\/v2\/types\/post"}],"author":[{"embeddable":true,"href":"https:\/\/www.region-schwabach.de\/wordpress\/wp-json\/wp\/v2\/users\/1"}],"replies":[{"embeddable":true,"href":"https:\/\/www.region-schwabach.de\/wordpress\/wp-json\/wp\/v2\/comments?post=154392"}],"version-history":[{"count":0,"href":"https:\/\/www.region-schwabach.de\/wordpress\/wp-json\/wp\/v2\/posts\/154392\/revisions"}],"wp:featuredmedia":[{"embeddable":true,"href":"https:\/\/www.region-schwabach.de\/wordpress\/wp-json\/wp\/v2\/media\/154393"}],"wp:attachment":[{"href":"https:\/\/www.region-schwabach.de\/wordpress\/wp-json\/wp\/v2\/media?parent=154392"}],"wp:term":[{"taxonomy":"category","embeddable":true,"href":"https:\/\/www.region-schwabach.de\/wordpress\/wp-json\/wp\/v2\/categories?post=154392"},{"taxonomy":"post_tag","embeddable":true,"href":"https:\/\/www.region-schwabach.de\/wordpress\/wp-json\/wp\/v2\/tags?post=154392"}],"curies":[{"name":"wp","href":"https:\/\/api.w.org\/{rel}","templated":true}]}}