{"id":154489,"date":"2021-11-14T02:15:00","date_gmt":"2021-11-14T01:15:00","guid":{"rendered":"https:\/\/www.region-schwabach.de\/wordpress\/?p=154489"},"modified":"2021-11-13T23:40:14","modified_gmt":"2021-11-13T22:40:14","slug":"lesart-am-sonntag-den-14-november-2021-um-18-00-uhr-im-goldenen-stern-in-schwabach","status":"publish","type":"post","link":"https:\/\/www.region-schwabach.de\/wordpress\/lesart-am-sonntag-den-14-november-2021-um-18-00-uhr-im-goldenen-stern-in-schwabach\/","title":{"rendered":"LesArt am Sonntag, den 14. November 2021, um 18.00 Uhr im &#8222;Goldenen Stern&#8220; in Schwabach"},"content":{"rendered":"\t\t<div data-elementor-type=\"wp-post\" data-elementor-id=\"154489\" class=\"elementor elementor-154489\">\n\t\t\t\t\t\t<section class=\"elementor-section elementor-top-section elementor-element elementor-element-678181b elementor-section-boxed elementor-section-height-default elementor-section-height-default\" data-id=\"678181b\" data-element_type=\"section\">\n\t\t\t\t\t\t<div class=\"elementor-container elementor-column-gap-default\">\n\t\t\t\t\t<div class=\"elementor-column elementor-col-66 elementor-top-column elementor-element elementor-element-6b34026\" data-id=\"6b34026\" data-element_type=\"column\">\n\t\t\t<div class=\"elementor-widget-wrap elementor-element-populated\">\n\t\t\t\t\t\t<div class=\"elementor-element elementor-element-443ab98 elementor-widget elementor-widget-text-editor\" data-id=\"443ab98\" data-element_type=\"widget\" data-widget_type=\"text-editor.default\">\n\t\t\t\t<div class=\"elementor-widget-container\">\n\t\t\t\t\t\t\t<h3><span style=\"font-size: 14pt;\">Sonntag, den 14. November 2021, um 18.00 Uhr:\u00a0<\/span><br \/><span style=\"font-size: 14pt;\">25. LesArt &#8211; <strong>Tommie Goerz<\/strong>: <strong>Meier. Kriminalroman<\/strong><\/span><\/h3><p><span style=\"font-size: 12pt;\">Schwabach &#8211;\u00a0Ein Jahrzehnt sa\u00df Meier unschuldig im Knast, verurteilt f\u00fcr einen Mord, den er nicht begangen hat. Nun kommt er, der alles verloren hat, wieder frei. Doch er ist kein gebroche-ner Mann, er hat die Zeit gut genutzt. Hat die anderen studiert, hat genau zugeh\u00f6rt, was sie getan haben und wie. Und er hat Kontakte gekn\u00fcpft zur Unterwelt. Das Gef\u00e4ngnis war seine Hochschule f\u00fcr das Leben danach. Er hat einen Plan, wie er nach dem Knast wieder auf die Beine kommt. Und nimmt es mit denen auf, die ihn hinter Gitter gebracht haben. Ein atmosph\u00e4risch dichter Krimi \u00fcber die Nachtseiten unserer Gesellschaft, in dem sich Goerz von einer ganz neuen Seite zeigt.<\/span><\/p><p><span style=\"font-size: 12pt;\">Tommie Goerz (Dr. Marius Kliesch, geb. 1954) hat Soziologie, Philosophie und Politische Wissenschaften studiert. Bekannt wurde er v.a mit seinen fr\u00e4nkischen Kriminalromanen um Kommissar Friedo Beh\u00fctuns. Sein Kriminalroman \u201eMeier\u201c stieg im August 2020 in die Top Ten der KrimiBestenliste von FAZ und Deutschlandfunk ein, 2021 wurde er mit dem bedeutenden Friedrich-Glauser-Preis als bester deutschsprachiger Kriminalroman ausgezeichnet. Tommie Goerz wohnt in Erlangen.<\/span><\/p><p><span style=\"font-size: 12pt;\">Tommie Goerz: Meier<\/span><br \/><span style=\"font-size: 12pt;\">Ars Vivendi Verlag 2020<\/span><\/p><table style=\"border-collapse: collapse; width: 100%;\" border=\"1\"><tbody><tr><td style=\"width: 25%;\"><span style=\"font-size: 12pt;\"><a href=\"https:\/\/www.region-schwabach.de\/wordpress\/wp-content\/uploads\/2021\/11\/Tommie-Goerz-\u00a9-Jacco-Kliesch-2.jpg\"><img fetchpriority=\"high\" decoding=\"async\" class=\"aligncenter size-full wp-image-154492\" src=\"https:\/\/www.region-schwabach.de\/wordpress\/wp-content\/uploads\/2021\/11\/Tommie-Goerz-\u00a9-Jacco-Kliesch-2.jpg\" alt=\"\" width=\"666\" height=\"477\" srcset=\"https:\/\/www.region-schwabach.de\/wordpress\/wp-content\/uploads\/2021\/11\/Tommie-Goerz-\u00a9-Jacco-Kliesch-2.jpg 666w, https:\/\/www.region-schwabach.de\/wordpress\/wp-content\/uploads\/2021\/11\/Tommie-Goerz-\u00a9-Jacco-Kliesch-2-300x215.jpg 300w\" sizes=\"(max-width: 666px) 100vw, 666px\" \/><\/a>Tommie Goerz \u00a9 Jacco Kliesch<br \/><\/span><\/td><td style=\"width: 50%; text-align: left; vertical-align: middle;\"><p><strong><span style=\"font-size: 12pt;\">Sonntag, 14.11.2021, 18.00 Uhr<\/span><\/strong><\/p><p><strong><span style=\"font-size: 12pt;\">Kulinarische Lesung &#8211; Tommie Goerz:\u00a0Meier. Kriminalroman<\/span><\/strong><\/p><p><strong><span style=\"font-size: 12pt;\">Gasthof \u201eGoldener Stern\u201c, K\u00f6nigsplatz 12<\/span><\/strong><\/p><p><strong><span style=\"font-size: 12pt;\"><a href=\"https:\/\/www.schwabach.de\/de\/kulturamt\/infoseiten-kulturamt\/9764-25-tommie-goerz-meier.html\" target=\"_blank\" rel=\"noopener\">Weitere Infos gibt es hier &#8230;<\/a>\u00a0<\/span><\/strong><\/p><\/td><\/tr><\/tbody><\/table><h3>Weiterf\u00fchrende Links:<\/h3><p><span style=\"font-size: 12pt;\"><a href=\"https:\/\/www.schwabach.de\/de\/infoseiten-kulturportal\/9751-25-lesart-kartenverkauf.html\" target=\"_blank\" rel=\"noopener\">Alle Infos zum Kartenverkauf gibt es hier &#8230;<\/a><\/span><\/p><p><span style=\"font-size: 12pt;\"><a href=\"https:\/\/www.schwabach.de\/de\/infoseiten-kulturportal\/9754-25-lesart-besonderheiten-im-rahmen-der-covid-19-pandemie.html\" target=\"_blank\" rel=\"noopener\">Besonderheiten zur LesArt im Rahmen der Covid-19-Pandemie sind hier zu finden &#8230;<\/a><\/span><\/p>\t\t\t\t\t\t<\/div>\n\t\t\t\t<\/div>\n\t\t\t\t<div class=\"elementor-element elementor-element-fc55cc3 elementor-widget elementor-widget-shortcode\" data-id=\"fc55cc3\" data-element_type=\"widget\" data-widget_type=\"shortcode.default\">\n\t\t\t\t<div class=\"elementor-widget-container\">\n\t\t\t\t\t<div class=\"elementor-shortcode\"><center><a href=\"https:\/\/a.partner-versicherung.de\/click.php?partner_id=19992&ad_id=441&deep=kfz-versicherung\"  target=\"_blank\"><img decoding=\"async\" src=\"https:\/\/a.partner-versicherung.de\/view.php?partner_id=19992&ad_id=441\" ><\/a><\/center><\/div>\n\t\t\t\t<\/div>\n\t\t\t\t<\/div>\n\t\t\t\t\t<\/div>\n\t\t<\/div>\n\t\t\t\t<div class=\"elementor-column elementor-col-33 elementor-top-column elementor-element elementor-element-f645137\" data-id=\"f645137\" data-element_type=\"column\">\n\t\t\t<div class=\"elementor-widget-wrap elementor-element-populated\">\n\t\t\t\t\t\t<div class=\"elementor-element elementor-element-46aa455 elementor-widget elementor-widget-heading\" data-id=\"46aa455\" data-element_type=\"widget\" data-widget_type=\"heading.default\">\n\t\t\t\t<div class=\"elementor-widget-container\">\n\t\t\t<h3 class=\"elementor-heading-title elementor-size-default\">Schnell vergleichen und sparen!<\/h3>\t\t<\/div>\n\t\t\t\t<\/div>\n\t\t\t\t<div class=\"elementor-element elementor-element-7109c22 elementor-widget elementor-widget-wp-widget-advads_ad_widget\" data-id=\"7109c22\" data-element_type=\"widget\" data-widget_type=\"wp-widget-advads_ad_widget.default\">\n\t\t\t\t<div class=\"elementor-widget-container\">\n\t\t\t<div id=\"regio-54044920\"><div class=\"regio-adlabel\">Werbung<\/div><!-- Beginn https:\/\/www.financeads.net\/-Code --><a href=\"https:\/\/www.financeads.net\/tc.php?t=36648C236142529B\" target=\"_blank\"><img decoding=\"async\" src=\"https:\/\/www.financeads.net\/tb.php?t=36648V236142529B&https=1\" alt=\"\" border=\"0\" width=\"300\" height=\"250\"><\/a><!-- Ende https:\/\/www.financeads.net\/-Code --><\/div>\t\t<\/div>\n\t\t\t\t<\/div>\n\t\t\t\t<div class=\"elementor-element elementor-element-1c90843 elementor-widget elementor-widget-wp-widget-advads_ad_widget\" data-id=\"1c90843\" data-element_type=\"widget\" data-widget_type=\"wp-widget-advads_ad_widget.default\">\n\t\t\t\t<div class=\"elementor-widget-container\">\n\t\t\t<div id=\"regio-2733477835\"><div class=\"regio-adlabel\">Werbung<\/div><!-- Beginn https:\/\/www.financeads.net\/-Code --><a href=\"https:\/\/www.financeads.net\/tc.php?t=36648C42614510B\" target=\"_blank\"><img decoding=\"async\" src=\"https:\/\/www.financeads.net\/tb.php?t=36648V42614510B&https=1\" alt=\"\" border=\"0\" width=\"200\" height=\"300\"><\/a><!-- Ende https:\/\/www.financeads.net\/-Code --><\/div>\t\t<\/div>\n\t\t\t\t<\/div>\n\t\t\t\t<div class=\"elementor-element elementor-element-f9ebf1f elementor-widget elementor-widget-wp-widget-advads_ad_widget\" data-id=\"f9ebf1f\" data-element_type=\"widget\" data-widget_type=\"wp-widget-advads_ad_widget.default\">\n\t\t\t\t<div class=\"elementor-widget-container\">\n\t\t\t<div id=\"regio-1355567052\"><div class=\"regio-adlabel\">Werbung<\/div><!-- Beginn https:\/\/www.financeads.net\/-Code --><a href=\"https:\/\/www.financeads.net\/tc.php?t=36648C205040072B\" target=\"_blank\"><img loading=\"lazy\" decoding=\"async\" src=\"https:\/\/www.financeads.net\/tb.php?t=36648V205040072B&https=1\" alt=\"\" border=\"0\" width=\"300\" height=\"250\"><\/a><!-- Ende https:\/\/www.financeads.net\/-Code --><\/div>\t\t<\/div>\n\t\t\t\t<\/div>\n\t\t\t\t<div class=\"elementor-element elementor-element-2d72782 elementor-widget elementor-widget-wp-widget-advads_ad_widget\" data-id=\"2d72782\" data-element_type=\"widget\" data-widget_type=\"wp-widget-advads_ad_widget.default\">\n\t\t\t\t<div class=\"elementor-widget-container\">\n\t\t\t<div id=\"regio-1497525185\"><div class=\"regio-adlabel\">Werbung<\/div><!-- Beginn https:\/\/www.financeads.net\/-Code --><a href=\"https:\/\/www.financeads.net\/tc.php?t=36648C271460142B\" target=\"_blank\"><img loading=\"lazy\" decoding=\"async\" src=\"https:\/\/www.financeads.net\/tb.php?t=36648V271460142B&https=1\" alt=\"PETPROTECT_Hund&Katze_Banner\" border=\"0\" width=\"250\" height=\"250\"><\/a><!-- Ende https:\/\/www.financeads.net\/-Code --><\/div>\t\t<\/div>\n\t\t\t\t<\/div>\n\t\t\t\t\t<\/div>\n\t\t<\/div>\n\t\t\t\t\t<\/div>\n\t\t<\/section>\n\t\t\t\t<\/div>\n\t\t","protected":false},"excerpt":{"rendered":"<div class=\"mh-excerpt\"><p>Sonntag, den 14. November 2021, um 18.00 Uhr:\u00a025. LesArt &#8211; Tommie Goerz: Meier. Kriminalroman Schwabach &#8211;\u00a0Ein Jahrzehnt sa\u00df Meier unschuldig im Knast, verurteilt f\u00fcr einen Mord, den er nicht begangen hat. Nun kommt er, der <a class=\"mh-excerpt-more\" href=\"https:\/\/www.region-schwabach.de\/wordpress\/lesart-am-sonntag-den-14-november-2021-um-18-00-uhr-im-goldenen-stern-in-schwabach\/\" title=\"LesArt am Sonntag, den 14. November 2021, um 18.00 Uhr im &#8222;Goldenen Stern&#8220; in Schwabach\">[&#8230;]<\/a><\/p>\n<\/div>","protected":false},"author":1,"featured_media":154490,"comment_status":"open","ping_status":"open","sticky":false,"template":"","format":"standard","meta":{"_cbd_carousel_blocks":"[]","footnotes":""},"categories":[16,287,61,231],"tags":[17542,17541,12749,6182,5216,522,311,4275,2029,2028,17547,17079,1480,19,17546],"class_list":{"0":"post-154489","1":"post","2":"type-post","3":"status-publish","4":"format-standard","5":"has-post-thumbnail","7":"category-aktuell","8":"category-jugend-und-familie","9":"category-rathaus","10":"category-veranstaltungsnews","11":"tag-14-november-2021","12":"tag-14-11-2021","13":"tag-autor","14":"tag-gasthof-goldener-stern","15":"tag-goldener-stern","16":"tag-koenigsplatz","17":"tag-lesart","18":"tag-lesung","19":"tag-ludwigstrasse","20":"tag-markgrafensaal","21":"tag-meier-kriminalroman","22":"tag-november-2021","23":"tag-rathaus","24":"tag-schwabach","25":"tag-tommie-goerz"},"_links":{"self":[{"href":"https:\/\/www.region-schwabach.de\/wordpress\/wp-json\/wp\/v2\/posts\/154489","targetHints":{"allow":["GET"]}}],"collection":[{"href":"https:\/\/www.region-schwabach.de\/wordpress\/wp-json\/wp\/v2\/posts"}],"about":[{"href":"https:\/\/www.region-schwabach.de\/wordpress\/wp-json\/wp\/v2\/types\/post"}],"author":[{"embeddable":true,"href":"https:\/\/www.region-schwabach.de\/wordpress\/wp-json\/wp\/v2\/users\/1"}],"replies":[{"embeddable":true,"href":"https:\/\/www.region-schwabach.de\/wordpress\/wp-json\/wp\/v2\/comments?post=154489"}],"version-history":[{"count":0,"href":"https:\/\/www.region-schwabach.de\/wordpress\/wp-json\/wp\/v2\/posts\/154489\/revisions"}],"wp:featuredmedia":[{"embeddable":true,"href":"https:\/\/www.region-schwabach.de\/wordpress\/wp-json\/wp\/v2\/media\/154490"}],"wp:attachment":[{"href":"https:\/\/www.region-schwabach.de\/wordpress\/wp-json\/wp\/v2\/media?parent=154489"}],"wp:term":[{"taxonomy":"category","embeddable":true,"href":"https:\/\/www.region-schwabach.de\/wordpress\/wp-json\/wp\/v2\/categories?post=154489"},{"taxonomy":"post_tag","embeddable":true,"href":"https:\/\/www.region-schwabach.de\/wordpress\/wp-json\/wp\/v2\/tags?post=154489"}],"curies":[{"name":"wp","href":"https:\/\/api.w.org\/{rel}","templated":true}]}}