{"id":154534,"date":"2021-11-14T01:30:00","date_gmt":"2021-11-14T00:30:00","guid":{"rendered":"https:\/\/www.region-schwabach.de\/wordpress\/?p=154534"},"modified":"2021-11-13T23:38:56","modified_gmt":"2021-11-13T22:38:56","slug":"1-fairer-lebkuchen-der-backerei-sprossmann-aus-unterreichenbach-ab-sofort-erhaltlich","status":"publish","type":"post","link":"https:\/\/www.region-schwabach.de\/wordpress\/1-fairer-lebkuchen-der-backerei-sprossmann-aus-unterreichenbach-ab-sofort-erhaltlich\/","title":{"rendered":"1. Fairer Lebkuchen der B\u00e4ckerei Spro\u00dfmann aus Unterreichenbach ab sofort erh\u00e4ltlich"},"content":{"rendered":"\t\t<div data-elementor-type=\"wp-post\" data-elementor-id=\"154534\" class=\"elementor elementor-154534\">\n\t\t\t\t\t\t<section class=\"elementor-section elementor-top-section elementor-element elementor-element-678181b elementor-section-boxed elementor-section-height-default elementor-section-height-default\" data-id=\"678181b\" data-element_type=\"section\">\n\t\t\t\t\t\t<div class=\"elementor-container elementor-column-gap-default\">\n\t\t\t\t\t<div class=\"elementor-column elementor-col-66 elementor-top-column elementor-element elementor-element-6b34026\" data-id=\"6b34026\" data-element_type=\"column\">\n\t\t\t<div class=\"elementor-widget-wrap elementor-element-populated\">\n\t\t\t\t\t\t<div class=\"elementor-element elementor-element-8f5c9e1 elementor-widget elementor-widget-wp-widget-advads_ad_widget\" data-id=\"8f5c9e1\" data-element_type=\"widget\" data-widget_type=\"wp-widget-advads_ad_widget.default\">\n\t\t\t\t<div class=\"elementor-widget-container\">\n\t\t\t<div id=\"regio-3294568219\"><div class=\"regio-adlabel\">Werbung<\/div><center><a href=\"https:\/\/a.partner-versicherung.de\/click.php?partner_id=19992&ad_id=1578&deep=kreditkarten\"  target=\"_blank\"><img decoding=\"async\" src=\"https:\/\/a.partner-versicherung.de\/view.php?partner_id=19992&ad_id=1578\" ><\/a><\/center><\/div>\t\t<\/div>\n\t\t\t\t<\/div>\n\t\t\t\t<div class=\"elementor-element elementor-element-443ab98 elementor-widget elementor-widget-text-editor\" data-id=\"443ab98\" data-element_type=\"widget\" data-widget_type=\"text-editor.default\">\n\t\t\t\t<div class=\"elementor-widget-container\">\n\t\t\t\t\t\t\t<h3><span id=\"page38R_mcid11\" class=\"markedContent\"><span dir=\"ltr\" role=\"presentation\">An vielen Stellen erh\u00e4ltlich: <\/span><\/span><span id=\"page38R_mcid12\" class=\"markedContent\"> <\/span><span id=\"page38R_mcid13\" class=\"markedContent\"><br role=\"presentation\" \/><span dir=\"ltr\" role=\"presentation\">1. Fairer Lebkuchen aus Schwabach ist da <\/span><\/span><\/h3><p><span style=\"font-size: 12pt;\">Schwabach &#8211; <span id=\"page38R_mcid15\" class=\"markedContent\"><span dir=\"ltr\" role=\"presentation\">Der erste Faire Schwabacher Lebkuchen ist nun erh\u00e4ltlich. Gebacken hat ihn <\/span><span dir=\"ltr\" role=\"presentation\">die B\u00e4ckerei Spro\u00dfmann in Unterreichenbach, die Idee dazu hatte das <\/span><br role=\"presentation\" \/><span dir=\"ltr\" role=\"presentation\">Schwabacher Fairtrade-Team. <\/span><\/span><\/span><\/p><h3><span style=\"font-size: 14pt;\"><span id=\"page38R_mcid15\" class=\"markedContent\"><span dir=\"ltr\" role=\"presentation\">\u00dcberwiegend fair, bio und regional erzeugt<\/span><\/span><\/span><\/h3><p><span style=\"font-size: 12pt;\"><span id=\"page38R_mcid15\" class=\"markedContent\"><span dir=\"ltr\" role=\"presentation\">Die Zutaten der s\u00fc\u00dfen Leckerei sind <\/span><span dir=\"ltr\" role=\"presentation\">\u00fcberwiegend fair, bio und regional erzeugt \u2013 mit Haseln\u00fcssen aus <\/span><span dir=\"ltr\" role=\"presentation\">Oberreichenbach sowie dem Apfelsaft und dem Dinkelvollkornmehl aus <\/span><span dir=\"ltr\" role=\"presentation\">Gustenfelden. Wo m\u00f6glich, wurden die weiteren Zutaten fair im Eine-Welt-<\/span><span dir=\"ltr\" role=\"presentation\">Laden eingekauft. So stammt der Rohrohrzucker aus einer Kleinbauern-<\/span><span dir=\"ltr\" role=\"presentation\">Kooperative aus Paraguay, der Bio-Honig von kleinen Imkereien aus <\/span><span dir=\"ltr\" role=\"presentation\">Mittelamerika und das Kakaopulver aus Bolivien. <\/span><\/span><\/span><\/p><h3>Mehrere Verkaufsstellen:\u00a0<\/h3><p><span style=\"font-size: 12pt;\"><span id=\"page38R_mcid17\" class=\"markedContent\"><span dir=\"ltr\" role=\"presentation\">F\u00fcr 2,60 Euro gibt es den mit Mandeln best\u00fcckten Schwabacher Lebkuchen in <\/span><br role=\"presentation\" \/><span dir=\"ltr\" role=\"presentation\">der Weihnachtszeit an folgenden Stellen zu kaufen: <\/span><\/span><\/span><\/p><ul style=\"list-style-type: disc;\"><li><span style=\"font-size: 12pt;\"><span id=\"page38R_mcid17\" class=\"markedContent\"><span dir=\"ltr\" role=\"presentation\">B\u00fcrgerb\u00fcro im Rathaus<\/span><\/span><\/span><\/li><li><span style=\"font-size: 12pt;\"><span id=\"page38R_mcid17\" class=\"markedContent\"><span dir=\"ltr\" role=\"presentation\">Buchhandlung Lesezeichen<\/span><\/span><\/span><\/li><li><span style=\"font-size: 12pt;\"><span id=\"page38R_mcid17\" class=\"markedContent\"><span dir=\"ltr\" role=\"presentation\">Bauernladen<\/span><\/span><\/span><\/li><li><span style=\"font-size: 12pt;\"><span id=\"page38R_mcid17\" class=\"markedContent\"><span dir=\"ltr\" role=\"presentation\">Caf\u00e9 Herzst\u00fcck<\/span><\/span><\/span><\/li><li><span style=\"font-size: 12pt;\"><span id=\"page38R_mcid17\" class=\"markedContent\"><span dir=\"ltr\" role=\"presentation\">Eine Welt-Laden<\/span><\/span><\/span><\/li><li><span style=\"font-size: 12pt;\"><span id=\"page38R_mcid17\" class=\"markedContent\"><span dir=\"ltr\" role=\"presentation\">Hofladen Adel in Nasbach<\/span><\/span><\/span><\/li><li><span style=\"font-size: 12pt;\"><span id=\"page38R_mcid17\" class=\"markedContent\"><span dir=\"ltr\" role=\"presentation\">G\u00e4rtnerei Schwarz<\/span><\/span><\/span><\/li><li><span style=\"font-size: 12pt;\"><span id=\"page38R_mcid17\" class=\"markedContent\"><span dir=\"ltr\" role=\"presentation\">Hofladen Bub in <\/span><span dir=\"ltr\" role=\"presentation\">Oberreichenbach (dort kommen auch die Haseln\u00fcsse her)<\/span><\/span><\/span><\/li><\/ul><h3><span style=\"font-size: 14pt;\"><span id=\"page38R_mcid17\" class=\"markedContent\"><span dir=\"ltr\" role=\"presentation\">Herzensangelegenheit f\u00fcr Martin Spro\u00dfmann<\/span><\/span><\/span><\/h3><p><span style=\"font-size: 12pt;\"><span id=\"page38R_mcid17\" class=\"markedContent\"><span dir=\"ltr\" role=\"presentation\">Martin Spro\u00dfmann <\/span><span dir=\"ltr\" role=\"presentation\">ist der Faire Lebkuchen eine Herzensangelegenheit. Deshalb hat er sich auch <\/span><span dir=\"ltr\" role=\"presentation\">sofort dazu bereit erkl\u00e4rt mitzumachen, sich eine Rezeptur \u00fcberlegt und eine <\/span><span dir=\"ltr\" role=\"presentation\">Extra-Schicht f\u00fcr diese faire Leckerei eingelegt. \u201eEs war mir schon immer <\/span><span dir=\"ltr\" role=\"presentation\">wichtig, soweit m\u00f6glich, meine Zutaten aus der Region bei \u00f6rtlichen Bauern zu <\/span><span dir=\"ltr\" role=\"presentation\">kaufen\u201c, so der B\u00e4cker. <\/span><\/span><\/span><\/p><p><span style=\"font-size: 12pt;\"><span id=\"page38R_mcid18\" class=\"markedContent\"> <\/span><span id=\"page38R_mcid19\" class=\"markedContent\"><span dir=\"ltr\" role=\"presentation\">Foto (Christine R\u00f6sch, Abdruck honorarfrei): Ingrid Ittner-Wolkersdorfer (links) <\/span><span dir=\"ltr\" role=\"presentation\">und Andrea Lorenz von der Fair Trade-Steuerungsgruppe pr\u00e4sentieren <\/span><\/span><\/span><span style=\"font-size: 12pt;\"><span id=\"page1R_mcid0\" class=\"markedContent\"><span dir=\"ltr\" role=\"presentation\">gemeinsam mit dem B\u00e4cker Martin Spro\u00dfmann den Fairen Schwabacher <\/span><span dir=\"ltr\" role=\"presentation\">Lebkuchen. Seine Zutaten stammen aus Fairem Handel und der unmittelbaren <\/span><span dir=\"ltr\" role=\"presentation\">Nachbarschaft. <\/span><\/span><\/span><\/p><h3>Weiterf\u00fchrende Links:<\/h3><p><a href=\"https:\/\/www.schwabach.de\/de\/wissenswertes\/fairtrade.html\" target=\"_blank\" rel=\"noopener\"><span style=\"font-size: 12pt;\">Weitere Informationen zum Thema Fairtrade in Schwabach gibt es hier &#8230;<\/span><\/a><\/p>\t\t\t\t\t\t<\/div>\n\t\t\t\t<\/div>\n\t\t\t\t<section class=\"elementor-section elementor-inner-section elementor-element elementor-element-d495a97 elementor-section-boxed elementor-section-height-default elementor-section-height-default\" data-id=\"d495a97\" data-element_type=\"section\">\n\t\t\t\t\t\t<div class=\"elementor-container elementor-column-gap-default\">\n\t\t\t\t\t<div class=\"elementor-column elementor-col-100 elementor-inner-column elementor-element elementor-element-2c690c1\" data-id=\"2c690c1\" data-element_type=\"column\">\n\t\t\t<div class=\"elementor-widget-wrap elementor-element-populated\">\n\t\t\t\t\t\t<div class=\"elementor-element elementor-element-0ad9de9 elementor-widget elementor-widget-html\" data-id=\"0ad9de9\" data-element_type=\"widget\" data-widget_type=\"html.default\">\n\t\t\t\t<div class=\"elementor-widget-container\">\n\t\t\t<iframe style=\"width:120px;height:240px;\" marginwidth=\"0\" marginheight=\"0\" scrolling=\"no\" frameborder=\"0\" src=\"\/\/ws-eu.amazon-adsystem.com\/widgets\/q?ServiceVersion=20070822&OneJS=1&Operation=GetAdHtml&MarketPlace=DE&source=ac&ref=qf_sp_asin_til&ad_type=product_link&tracking_id=hlde-21&marketplace=amazon&region=DE&placement=3942194104&asins=3942194104&linkId=55dacc9410d97396e46de337a25b5fec&show_border=true&link_opens_in_new_window=true&price_color=333333&title_color=0066c0&bg_color=ffffff\"><\/iframe>\n<iframe style=\"width:120px;height:240px;\" marginwidth=\"0\" marginheight=\"0\" scrolling=\"no\" frameborder=\"0\" src=\"\/\/ws-eu.amazon-adsystem.com\/widgets\/q?ServiceVersion=20070822&OneJS=1&Operation=GetAdHtml&MarketPlace=DE&source=ac&ref=qf_sp_asin_til&ad_type=product_link&tracking_id=hlde-21&marketplace=amazon&region=DE&placement=3936086834&asins=3936086834&linkId=d2aa88b32e64480b8cd6dd29672f1dda&show_border=true&link_opens_in_new_window=true&price_color=333333&title_color=0066c0&bg_color=ffffff\"><\/iframe>\n<iframe style=\"width:120px;height:240px;\" marginwidth=\"0\" marginheight=\"0\" scrolling=\"no\" frameborder=\"0\" src=\"\/\/ws-eu.amazon-adsystem.com\/widgets\/q?ServiceVersion=20070822&OneJS=1&Operation=GetAdHtml&MarketPlace=DE&source=ac&ref=qf_sp_asin_til&ad_type=product_link&tracking_id=hlde-21&marketplace=amazon&region=DE&placement=3727214562&asins=3727214562&linkId=8dbc2118191e024b5ae21a57ff446a8f&show_border=true&link_opens_in_new_window=true&price_color=333333&title_color=0066c0&bg_color=ffffff\"><\/iframe>\t\t<\/div>\n\t\t\t\t<\/div>\n\t\t\t\t\t<\/div>\n\t\t<\/div>\n\t\t\t\t\t<\/div>\n\t\t<\/section>\n\t\t\t\t<div class=\"elementor-element elementor-element-709011a elementor-widget-divider--view-line elementor-widget elementor-widget-divider\" data-id=\"709011a\" data-element_type=\"widget\" data-widget_type=\"divider.default\">\n\t\t\t\t<div class=\"elementor-widget-container\">\n\t\t\t\t\t<div class=\"elementor-divider\">\n\t\t\t<span class=\"elementor-divider-separator\">\n\t\t\t\t\t\t<\/span>\n\t\t<\/div>\n\t\t\t\t<\/div>\n\t\t\t\t<\/div>\n\t\t\t\t<div class=\"elementor-element elementor-element-b465de7 elementor-widget elementor-widget-google_maps\" data-id=\"b465de7\" data-element_type=\"widget\" data-widget_type=\"google_maps.default\">\n\t\t\t\t<div class=\"elementor-widget-container\">\n\t\t\t\t\t<div class=\"elementor-custom-embed\">\n\t\t\t<iframe loading=\"lazy\"\n\t\t\t\t\tsrc=\"https:\/\/maps.google.com\/maps?q=Markgrafenstra%C3%9Fe%2017%2C%20Schwabach%2C%20Deutschland&#038;t=m&#038;z=15&#038;output=embed&#038;iwloc=near\"\n\t\t\t\t\ttitle=\"Markgrafenstra\u00dfe 17, Schwabach, Deutschland\"\n\t\t\t\t\taria-label=\"Markgrafenstra\u00dfe 17, Schwabach, Deutschland\"\n\t\t\t><\/iframe>\n\t\t<\/div>\n\t\t\t\t<\/div>\n\t\t\t\t<\/div>\n\t\t\t\t\t<\/div>\n\t\t<\/div>\n\t\t\t\t<div class=\"elementor-column elementor-col-33 elementor-top-column elementor-element elementor-element-f645137\" data-id=\"f645137\" data-element_type=\"column\">\n\t\t\t<div class=\"elementor-widget-wrap elementor-element-populated\">\n\t\t\t\t\t\t<div class=\"elementor-element elementor-element-7eca624 elementor-widget elementor-widget-wp-widget-advads_ad_widget\" data-id=\"7eca624\" data-element_type=\"widget\" data-widget_type=\"wp-widget-advads_ad_widget.default\">\n\t\t\t\t<div class=\"elementor-widget-container\">\n\t\t\t<div id=\"regio-904653780\"><div class=\"regio-adlabel\">Werbung<\/div><div id=\"regio-3334870166\"><!-- Beginn https:\/\/www.financeads.net\/-Code --><a href=\"https:\/\/www.financeads.net\/tc.php?t=36648C271460142B\" target=\"_blank\"><img fetchpriority=\"high\" decoding=\"async\" src=\"https:\/\/www.financeads.net\/tb.php?t=36648V271460142B&https=1\" alt=\"PETPROTECT_Hund&Katze_Banner\" border=\"0\" width=\"250\" height=\"250\"><\/a><!-- Ende https:\/\/www.financeads.net\/-Code --><\/div><div id=\"regio-1477497642\"><!-- Beginn https:\/\/www.financeads.net\/-Code --><a href=\"https:\/\/www.financeads.net\/tc.php?t=36648C236142529B\" target=\"_blank\"><img decoding=\"async\" src=\"https:\/\/www.financeads.net\/tb.php?t=36648V236142529B&https=1\" alt=\"\" border=\"0\" width=\"300\" height=\"250\"><\/a><!-- Ende https:\/\/www.financeads.net\/-Code --><\/div><div id=\"regio-3672273708\"><!-- Beginn https:\/\/www.financeads.net\/-Code --><a href=\"https:\/\/www.financeads.net\/tc.php?t=36648C205040072B\" target=\"_blank\"><img decoding=\"async\" src=\"https:\/\/www.financeads.net\/tb.php?t=36648V205040072B&https=1\" alt=\"\" border=\"0\" width=\"300\" height=\"250\"><\/a><!-- Ende https:\/\/www.financeads.net\/-Code --><\/div><div id=\"regio-691583451\"><!-- Beginn https:\/\/www.financeads.net\/-Code --><a href=\"https:\/\/www.financeads.net\/tc.php?t=36648C42614510B\" target=\"_blank\"><img loading=\"lazy\" decoding=\"async\" src=\"https:\/\/www.financeads.net\/tb.php?t=36648V42614510B&https=1\" alt=\"\" border=\"0\" width=\"200\" height=\"300\"><\/a><!-- Ende https:\/\/www.financeads.net\/-Code --><\/div><\/div>\t\t<\/div>\n\t\t\t\t<\/div>\n\t\t\t\t\t<\/div>\n\t\t<\/div>\n\t\t\t\t\t<\/div>\n\t\t<\/section>\n\t\t\t\t<\/div>\n\t\t","protected":false},"excerpt":{"rendered":"<div class=\"mh-excerpt\"><p>An vielen Stellen erh\u00e4ltlich: 1. Fairer Lebkuchen aus Schwabach ist da Schwabach &#8211; Der erste Faire Schwabacher Lebkuchen ist nun erh\u00e4ltlich. Gebacken hat ihn die B\u00e4ckerei Spro\u00dfmann in Unterreichenbach, die Idee dazu hatte das Schwabacher <a class=\"mh-excerpt-more\" href=\"https:\/\/www.region-schwabach.de\/wordpress\/1-fairer-lebkuchen-der-backerei-sprossmann-aus-unterreichenbach-ab-sofort-erhaltlich\/\" title=\"1. Fairer Lebkuchen der B\u00e4ckerei Spro\u00dfmann aus Unterreichenbach ab sofort erh\u00e4ltlich\">[&#8230;]<\/a><\/p>\n<\/div>","protected":false},"author":1,"featured_media":154536,"comment_status":"open","ping_status":"open","sticky":false,"template":"","format":"standard","meta":{"_cbd_carousel_blocks":"[]","footnotes":""},"categories":[16,287,61,3967],"tags":[6862,219,4835,17563,74,17564,17565,7318,17567,7325,17566,17568,522,17554,408,1480,19,17556,17555,3151,3921,7326],"class_list":{"0":"post-154534","1":"post","2":"type-post","3":"status-publish","4":"format-standard","5":"has-post-thumbnail","7":"category-aktuell","8":"category-jugend-und-familie","9":"category-rathaus","10":"category-unternehmen","11":"tag-aus-fairem-handel","12":"tag-baeckerei","13":"tag-bauernladen","14":"tag-buchhandlung-lesezeichen","15":"tag-buergerbuero","16":"tag-cafe-herzstueck","17":"tag-eine-welt-laden-2","18":"tag-fairtrade-aktion","19":"tag-gaertnerei-schwarz","20":"tag-handwerkskunst","21":"tag-hofladen-adel-in-nasbach","22":"tag-hofladen-bub-in-oberreichenbach","23":"tag-koenigsplatz","24":"tag-lebkuchen","25":"tag-markgrafenstrasse","26":"tag-rathaus","27":"tag-schwabach","28":"tag-schwabacher-fairtrade-team","29":"tag-sprossmann","30":"tag-stadt-schwabach","31":"tag-unterreichenbach","32":"tag-weihnachtliches"},"_links":{"self":[{"href":"https:\/\/www.region-schwabach.de\/wordpress\/wp-json\/wp\/v2\/posts\/154534","targetHints":{"allow":["GET"]}}],"collection":[{"href":"https:\/\/www.region-schwabach.de\/wordpress\/wp-json\/wp\/v2\/posts"}],"about":[{"href":"https:\/\/www.region-schwabach.de\/wordpress\/wp-json\/wp\/v2\/types\/post"}],"author":[{"embeddable":true,"href":"https:\/\/www.region-schwabach.de\/wordpress\/wp-json\/wp\/v2\/users\/1"}],"replies":[{"embeddable":true,"href":"https:\/\/www.region-schwabach.de\/wordpress\/wp-json\/wp\/v2\/comments?post=154534"}],"version-history":[{"count":0,"href":"https:\/\/www.region-schwabach.de\/wordpress\/wp-json\/wp\/v2\/posts\/154534\/revisions"}],"wp:featuredmedia":[{"embeddable":true,"href":"https:\/\/www.region-schwabach.de\/wordpress\/wp-json\/wp\/v2\/media\/154536"}],"wp:attachment":[{"href":"https:\/\/www.region-schwabach.de\/wordpress\/wp-json\/wp\/v2\/media?parent=154534"}],"wp:term":[{"taxonomy":"category","embeddable":true,"href":"https:\/\/www.region-schwabach.de\/wordpress\/wp-json\/wp\/v2\/categories?post=154534"},{"taxonomy":"post_tag","embeddable":true,"href":"https:\/\/www.region-schwabach.de\/wordpress\/wp-json\/wp\/v2\/tags?post=154534"}],"curies":[{"name":"wp","href":"https:\/\/api.w.org\/{rel}","templated":true}]}}