{"id":154552,"date":"2021-11-14T01:00:00","date_gmt":"2021-11-14T00:00:00","guid":{"rendered":"https:\/\/www.region-schwabach.de\/wordpress\/?p=154552"},"modified":"2021-11-13T23:38:32","modified_gmt":"2021-11-13T22:38:32","slug":"bitte-melden-langjahrige-wahlhelfende-der-stadt-schwabach-sollen-geehrt-werden","status":"publish","type":"post","link":"https:\/\/www.region-schwabach.de\/wordpress\/bitte-melden-langjahrige-wahlhelfende-der-stadt-schwabach-sollen-geehrt-werden\/","title":{"rendered":"BITTE MELDEN: Langj\u00e4hrige Wahlhelfende der Stadt Schwabach sollen geehrt werden"},"content":{"rendered":"\t\t<div data-elementor-type=\"wp-post\" data-elementor-id=\"154552\" class=\"elementor elementor-154552\">\n\t\t\t\t\t\t<section class=\"elementor-section elementor-top-section elementor-element elementor-element-678181b elementor-section-boxed elementor-section-height-default elementor-section-height-default\" data-id=\"678181b\" data-element_type=\"section\">\n\t\t\t\t\t\t<div class=\"elementor-container elementor-column-gap-default\">\n\t\t\t\t\t<div class=\"elementor-column elementor-col-50 elementor-top-column elementor-element elementor-element-6b34026\" data-id=\"6b34026\" data-element_type=\"column\">\n\t\t\t<div class=\"elementor-widget-wrap elementor-element-populated\">\n\t\t\t\t\t\t<div class=\"elementor-element elementor-element-5fea1cd elementor-widget elementor-widget-wp-widget-advads_ad_widget\" data-id=\"5fea1cd\" data-element_type=\"widget\" data-widget_type=\"wp-widget-advads_ad_widget.default\">\n\t\t\t\t<div class=\"elementor-widget-container\">\n\t\t\t<div id=\"regio-4258892522\"><div class=\"regio-adlabel\">Werbung<\/div><center><a href=\"https:\/\/a.partner-versicherung.de\/click.php?partner_id=19992&ad_id=1578&deep=kreditkarten\"  target=\"_blank\"><img decoding=\"async\" src=\"https:\/\/a.partner-versicherung.de\/view.php?partner_id=19992&ad_id=1578\" ><\/a><\/center><\/div>\t\t<\/div>\n\t\t\t\t<\/div>\n\t\t\t\t<div class=\"elementor-element elementor-element-443ab98 elementor-widget elementor-widget-text-editor\" data-id=\"443ab98\" data-element_type=\"widget\" data-widget_type=\"text-editor.default\">\n\t\t\t\t<div class=\"elementor-widget-container\">\n\t\t\t\t\t\t\t<h3><span id=\"page35R_mcid11\" class=\"markedContent\"><span dir=\"ltr\" role=\"presentation\">Bitte melden: <\/span><\/span><span id=\"page35R_mcid12\" class=\"markedContent\"> <\/span><span id=\"page35R_mcid13\" class=\"markedContent\"><br role=\"presentation\" \/><span dir=\"ltr\" role=\"presentation\">Langj\u00e4hrige Wahlhelfende sollen geehrt werden <\/span><\/span><\/h3><p><span style=\"font-size: 12pt;\">Schwabach &#8211; <span id=\"page35R_mcid15\" class=\"markedContent\"><span dir=\"ltr\" role=\"presentation\">\u00dcber 450 Personen waren bei der Bundestagwahl im September alleine in <\/span><span dir=\"ltr\" role=\"presentation\">Schwabach als Wahlhelferinnen und Wahlhelfer im Einsatz. Daf\u00fcr dankten <\/span><span dir=\"ltr\" role=\"presentation\">ihnen Oberb\u00fcrgermeister Peter Rei\u00df und Wahlamtsleiter Stefan \u00d6llinger und <\/span><span dir=\"ltr\" role=\"presentation\">verbinden diesen Dank nun noch einmal mit einem Aufruf an langj\u00e4hrige <\/span><span dir=\"ltr\" role=\"presentation\">Wahlhelfende, sich bei der Stadt zu melden. <\/span><\/span><\/span><\/p><h3><span style=\"font-size: 14pt;\">Auszeichnung mit <span id=\"page35R_mcid15\" class=\"markedContent\"><span dir=\"ltr\" role=\"presentation\">Ehrennadel des Bundesinnenministeriums<\/span><\/span><\/span><\/h3><p><span style=\"font-size: 12pt;\"><span id=\"page35R_mcid15\" class=\"markedContent\"><span dir=\"ltr\" role=\"presentation\">Denn diese m\u00f6chte OB Rei\u00df <\/span><span dir=\"ltr\" role=\"presentation\">gerne mit der Ehrennadel des Bundesinnenministeriums f\u00fcr besonders <\/span><span dir=\"ltr\" role=\"presentation\">verdiente Wahlhelfer auszeichnen. <\/span><\/span><span id=\"page35R_mcid16\" class=\"markedContent\"> <\/span><span id=\"page35R_mcid17\" class=\"markedContent\"><span dir=\"ltr\" role=\"presentation\">\u201eOhne die vielen Ehrenamtlichen und Beteiligten aus dem \u00f6ffentlichen Dienst <\/span><span dir=\"ltr\" role=\"presentation\">ist so eine Wahl nicht zu stemmen. <\/span><\/span><\/span><\/p><p><span style=\"font-size: 12pt;\"><span id=\"page35R_mcid17\" class=\"markedContent\"><span dir=\"ltr\" role=\"presentation\">Als Stadtverwaltung m\u00f6chten wir diejenigen <\/span><span dir=\"ltr\" role=\"presentation\">in Schwabach auszeichnen, die seit Jahrzehnten Dienst als Wahlhelfer leisten. <\/span><span dir=\"ltr\" role=\"presentation\">Ihr Engagement soll besonders gew\u00fcrdigt werden\u201c, so Rei\u00df. Voraussetzung f\u00fcr <\/span><span dir=\"ltr\" role=\"presentation\">die Auszeichnung mit der Ehrennadel ist eine f\u00fcnfmalige T\u00e4tigkeit als Wahl<\/span><span dir=\"ltr\" role=\"presentation\">helfende bei Bundestagswahlen. <\/span><\/span><\/span><\/p><h3>Oberb\u00fcrgermeister Peter Reu\u00df:\u00a0<\/h3><p><span style=\"font-size: 12pt;\"><span id=\"page35R_mcid17\" class=\"markedContent\"><span dir=\"ltr\" role=\"presentation\">\u201eDaher unsere Bitte: Melden Sie sich bei der <\/span><span dir=\"ltr\" role=\"presentation\">Stadtverwaltung unter der Telefonnummer 09122 860-0, wenn Sie zu diesem <\/span><span dir=\"ltr\" role=\"presentation\">Kreis geh\u00f6ren\u201c, ruft OB Rei\u00df auf. <\/span><\/span><span id=\"page35R_mcid18\" class=\"markedContent\"><br role=\"presentation\" \/><\/span><span id=\"page35R_mcid19\" class=\"markedContent\"><\/span><\/span><\/p><p><span style=\"font-size: 12pt;\"><span id=\"page35R_mcid19\" class=\"markedContent\"><span dir=\"ltr\" role=\"presentation\"><strong>Foto:<\/strong> OB Rei\u00df, Stefan \u00d6llinger und Selina Hofmann von Wahlamt sowie <\/span><span dir=\"ltr\" role=\"presentation\">Hausmeister Uwe Brandl, der ebenfalls am Wahlsonntag aktiv war. <\/span><\/span><\/span><\/p>\t\t\t\t\t\t<\/div>\n\t\t\t\t<\/div>\n\t\t\t\t<div class=\"elementor-element elementor-element-7cc9469 elementor-widget elementor-widget-shortcode\" data-id=\"7cc9469\" data-element_type=\"widget\" data-widget_type=\"shortcode.default\">\n\t\t\t\t<div class=\"elementor-widget-container\">\n\t\t\t\t\t<div class=\"elementor-shortcode\"><center><a href=\"https:\/\/a.partner-versicherung.de\/click.php?partner_id=19992&ad_id=441&deep=kfz-versicherung\"  target=\"_blank\"><img decoding=\"async\" src=\"https:\/\/a.partner-versicherung.de\/view.php?partner_id=19992&ad_id=441\" ><\/a><\/center><\/div>\n\t\t\t\t<\/div>\n\t\t\t\t<\/div>\n\t\t\t\t<div class=\"elementor-element elementor-element-0c834d7 elementor-widget-divider--view-line elementor-widget elementor-widget-divider\" data-id=\"0c834d7\" data-element_type=\"widget\" data-widget_type=\"divider.default\">\n\t\t\t\t<div class=\"elementor-widget-container\">\n\t\t\t\t\t<div class=\"elementor-divider\">\n\t\t\t<span class=\"elementor-divider-separator\">\n\t\t\t\t\t\t<\/span>\n\t\t<\/div>\n\t\t\t\t<\/div>\n\t\t\t\t<\/div>\n\t\t\t\t<div class=\"elementor-element elementor-element-325f51f elementor-widget elementor-widget-google_maps\" data-id=\"325f51f\" data-element_type=\"widget\" data-widget_type=\"google_maps.default\">\n\t\t\t\t<div class=\"elementor-widget-container\">\n\t\t\t\t\t<div class=\"elementor-custom-embed\">\n\t\t\t<iframe loading=\"lazy\"\n\t\t\t\t\tsrc=\"https:\/\/maps.google.com\/maps?q=K%C3%B6nigsplatz%201%2C%20Schwabach%2C%20Deutschland&#038;t=m&#038;z=15&#038;output=embed&#038;iwloc=near\"\n\t\t\t\t\ttitle=\"K\u00f6nigsplatz 1, Schwabach, Deutschland\"\n\t\t\t\t\taria-label=\"K\u00f6nigsplatz 1, Schwabach, Deutschland\"\n\t\t\t><\/iframe>\n\t\t<\/div>\n\t\t\t\t<\/div>\n\t\t\t\t<\/div>\n\t\t\t\t\t<\/div>\n\t\t<\/div>\n\t\t\t\t<div class=\"elementor-column elementor-col-50 elementor-top-column elementor-element elementor-element-f141625\" data-id=\"f141625\" data-element_type=\"column\">\n\t\t\t<div class=\"elementor-widget-wrap elementor-element-populated\">\n\t\t\t\t\t\t<div class=\"elementor-element elementor-element-aa635e8 elementor-widget elementor-widget-heading\" data-id=\"aa635e8\" data-element_type=\"widget\" data-widget_type=\"heading.default\">\n\t\t\t\t<div class=\"elementor-widget-container\">\n\t\t\t<h3 class=\"elementor-heading-title elementor-size-default\">Schnell vergleichen und sparen!<\/h3>\t\t<\/div>\n\t\t\t\t<\/div>\n\t\t\t\t<div class=\"elementor-element elementor-element-380778c elementor-widget elementor-widget-wp-widget-advads_ad_widget\" data-id=\"380778c\" data-element_type=\"widget\" data-widget_type=\"wp-widget-advads_ad_widget.default\">\n\t\t\t\t<div class=\"elementor-widget-container\">\n\t\t\t<div id=\"regio-538811798\"><div class=\"regio-adlabel\">Werbung<\/div><!-- Beginn https:\/\/www.financeads.net\/-Code --><a href=\"https:\/\/www.financeads.net\/tc.php?t=36648C236142529B\" target=\"_blank\"><img fetchpriority=\"high\" decoding=\"async\" src=\"https:\/\/www.financeads.net\/tb.php?t=36648V236142529B&https=1\" alt=\"\" border=\"0\" width=\"300\" height=\"250\"><\/a><!-- Ende https:\/\/www.financeads.net\/-Code --><\/div>\t\t<\/div>\n\t\t\t\t<\/div>\n\t\t\t\t<div class=\"elementor-element elementor-element-bd26aa5 elementor-widget elementor-widget-wp-widget-advads_ad_widget\" data-id=\"bd26aa5\" data-element_type=\"widget\" data-widget_type=\"wp-widget-advads_ad_widget.default\">\n\t\t\t\t<div class=\"elementor-widget-container\">\n\t\t\t<div id=\"regio-202783109\"><div class=\"regio-adlabel\">Werbung<\/div><!-- Beginn https:\/\/www.financeads.net\/-Code --><a href=\"https:\/\/www.financeads.net\/tc.php?t=36648C42614510B\" target=\"_blank\"><img decoding=\"async\" src=\"https:\/\/www.financeads.net\/tb.php?t=36648V42614510B&https=1\" alt=\"\" border=\"0\" width=\"200\" height=\"300\"><\/a><!-- Ende https:\/\/www.financeads.net\/-Code --><\/div>\t\t<\/div>\n\t\t\t\t<\/div>\n\t\t\t\t<div class=\"elementor-element elementor-element-abfc6b5 elementor-widget elementor-widget-wp-widget-advads_ad_widget\" data-id=\"abfc6b5\" data-element_type=\"widget\" data-widget_type=\"wp-widget-advads_ad_widget.default\">\n\t\t\t\t<div class=\"elementor-widget-container\">\n\t\t\t<div id=\"regio-1563589530\"><div class=\"regio-adlabel\">Werbung<\/div><!-- Beginn https:\/\/www.financeads.net\/-Code --><a href=\"https:\/\/www.financeads.net\/tc.php?t=36648C205040072B\" target=\"_blank\"><img decoding=\"async\" src=\"https:\/\/www.financeads.net\/tb.php?t=36648V205040072B&https=1\" alt=\"\" border=\"0\" width=\"300\" height=\"250\"><\/a><!-- Ende https:\/\/www.financeads.net\/-Code --><\/div>\t\t<\/div>\n\t\t\t\t<\/div>\n\t\t\t\t<div class=\"elementor-element elementor-element-9b68655 elementor-widget elementor-widget-wp-widget-advads_ad_widget\" data-id=\"9b68655\" data-element_type=\"widget\" data-widget_type=\"wp-widget-advads_ad_widget.default\">\n\t\t\t\t<div class=\"elementor-widget-container\">\n\t\t\t<div id=\"regio-3140514386\"><div class=\"regio-adlabel\">Werbung<\/div><!-- Beginn https:\/\/www.financeads.net\/-Code --><a href=\"https:\/\/www.financeads.net\/tc.php?t=36648C271460142B\" target=\"_blank\"><img loading=\"lazy\" decoding=\"async\" src=\"https:\/\/www.financeads.net\/tb.php?t=36648V271460142B&https=1\" alt=\"PETPROTECT_Hund&Katze_Banner\" border=\"0\" width=\"250\" height=\"250\"><\/a><!-- Ende https:\/\/www.financeads.net\/-Code --><\/div>\t\t<\/div>\n\t\t\t\t<\/div>\n\t\t\t\t\t<\/div>\n\t\t<\/div>\n\t\t\t\t\t<\/div>\n\t\t<\/section>\n\t\t\t\t<\/div>\n\t\t","protected":false},"excerpt":{"rendered":"<div class=\"mh-excerpt\"><p>Bitte melden: Langj\u00e4hrige Wahlhelfende sollen geehrt werden Schwabach &#8211; \u00dcber 450 Personen waren bei der Bundestagwahl im September alleine in Schwabach als Wahlhelferinnen und Wahlhelfer im Einsatz. Daf\u00fcr dankten ihnen Oberb\u00fcrgermeister Peter Rei\u00df und Wahlamtsleiter <a class=\"mh-excerpt-more\" href=\"https:\/\/www.region-schwabach.de\/wordpress\/bitte-melden-langjahrige-wahlhelfende-der-stadt-schwabach-sollen-geehrt-werden\/\" title=\"BITTE MELDEN: Langj\u00e4hrige Wahlhelfende der Stadt Schwabach sollen geehrt werden\">[&#8230;]<\/a><\/p>\n<\/div>","protected":false},"author":1,"featured_media":154560,"comment_status":"open","ping_status":"open","sticky":false,"template":"","format":"standard","meta":{"_cbd_carousel_blocks":"[]","footnotes":""},"categories":[16,287,79,61],"tags":[200,17573,63,17572,5364,522,5269,12385,1480,19,3012,3151,17571,17570,65,17569],"class_list":{"0":"post-154552","1":"post","2":"type-post","3":"status-publish","4":"format-standard","5":"has-post-thumbnail","7":"category-aktuell","8":"category-jugend-und-familie","9":"category-politik","10":"category-rathaus","11":"tag-auszeichnung","12":"tag-bundesinnenministerium","13":"tag-bundestagswahl","14":"tag-ehrennadel","15":"tag-gesucht","16":"tag-koenigsplatz","17":"tag-oberbuergermeister","18":"tag-peter-reiss","19":"tag-rathaus","20":"tag-schwabach","21":"tag-stadt","22":"tag-stadt-schwabach","23":"tag-stefan-oellinger","24":"tag-wahlamtsleiter","25":"tag-wahlhelfer","26":"tag-wahlhelferinnen"},"_links":{"self":[{"href":"https:\/\/www.region-schwabach.de\/wordpress\/wp-json\/wp\/v2\/posts\/154552","targetHints":{"allow":["GET"]}}],"collection":[{"href":"https:\/\/www.region-schwabach.de\/wordpress\/wp-json\/wp\/v2\/posts"}],"about":[{"href":"https:\/\/www.region-schwabach.de\/wordpress\/wp-json\/wp\/v2\/types\/post"}],"author":[{"embeddable":true,"href":"https:\/\/www.region-schwabach.de\/wordpress\/wp-json\/wp\/v2\/users\/1"}],"replies":[{"embeddable":true,"href":"https:\/\/www.region-schwabach.de\/wordpress\/wp-json\/wp\/v2\/comments?post=154552"}],"version-history":[{"count":0,"href":"https:\/\/www.region-schwabach.de\/wordpress\/wp-json\/wp\/v2\/posts\/154552\/revisions"}],"wp:featuredmedia":[{"embeddable":true,"href":"https:\/\/www.region-schwabach.de\/wordpress\/wp-json\/wp\/v2\/media\/154560"}],"wp:attachment":[{"href":"https:\/\/www.region-schwabach.de\/wordpress\/wp-json\/wp\/v2\/media?parent=154552"}],"wp:term":[{"taxonomy":"category","embeddable":true,"href":"https:\/\/www.region-schwabach.de\/wordpress\/wp-json\/wp\/v2\/categories?post=154552"},{"taxonomy":"post_tag","embeddable":true,"href":"https:\/\/www.region-schwabach.de\/wordpress\/wp-json\/wp\/v2\/tags?post=154552"}],"curies":[{"name":"wp","href":"https:\/\/api.w.org\/{rel}","templated":true}]}}