{"id":155036,"date":"2021-11-18T01:45:00","date_gmt":"2021-11-18T00:45:00","guid":{"rendered":"https:\/\/www.region-schwabach.de\/wordpress\/?p=155036"},"modified":"2021-11-17T21:55:34","modified_gmt":"2021-11-17T20:55:34","slug":"tikkun-ha-olam-die-welt-in-ordnung-bringen-chancen-und-herausforderungen-in-den-beziehungen-von-juden-und-christen","status":"publish","type":"post","link":"https:\/\/www.region-schwabach.de\/wordpress\/tikkun-ha-olam-die-welt-in-ordnung-bringen-chancen-und-herausforderungen-in-den-beziehungen-von-juden-und-christen\/","title":{"rendered":"Tikkun ha-Olam &#8211; die Welt in Ordnung bringen &#8211; Chancen und Herausforderungen in den Beziehungen von Juden und Christen"},"content":{"rendered":"\t\t<div data-elementor-type=\"wp-post\" data-elementor-id=\"155036\" class=\"elementor elementor-155036\">\n\t\t\t\t\t\t<section class=\"elementor-section elementor-top-section elementor-element elementor-element-678181b elementor-section-boxed elementor-section-height-default elementor-section-height-default\" data-id=\"678181b\" data-element_type=\"section\">\n\t\t\t\t\t\t<div class=\"elementor-container elementor-column-gap-default\">\n\t\t\t\t\t<div class=\"elementor-column elementor-col-50 elementor-top-column elementor-element elementor-element-6b34026\" data-id=\"6b34026\" data-element_type=\"column\">\n\t\t\t<div class=\"elementor-widget-wrap elementor-element-populated\">\n\t\t\t\t\t\t<div class=\"elementor-element elementor-element-2e31143 elementor-widget elementor-widget-wp-widget-advads_ad_widget\" data-id=\"2e31143\" data-element_type=\"widget\" data-widget_type=\"wp-widget-advads_ad_widget.default\">\n\t\t\t\t<div class=\"elementor-widget-container\">\n\t\t\t<div id=\"regio-3789357764\"><center><a href=\"https:\/\/a.partner-versicherung.de\/click.php?partner_id=19992&ad_id=1578&deep=kreditkarten\"  target=\"_blank\"><img decoding=\"async\" src=\"https:\/\/a.partner-versicherung.de\/view.php?partner_id=19992&ad_id=1578\" ><\/a><\/center><\/div>\t\t<\/div>\n\t\t\t\t<\/div>\n\t\t\t\t<div class=\"elementor-element elementor-element-443ab98 elementor-widget elementor-widget-text-editor\" data-id=\"443ab98\" data-element_type=\"widget\" data-widget_type=\"text-editor.default\">\n\t\t\t\t<div class=\"elementor-widget-container\">\n\t\t\t\t\t\t\t<h4><span style=\"font-size: 14pt;\">Am Donnerstag, den 18. November 2021 um 19.30 Uhr im Evangelischen Haus in der Wittelsbacher Stra\u00dfe\u00a0<\/span><\/h4><p><strong><span style=\"font-size: 12pt;\">Vortrag und M\u00f6glichkeit zum Gespr\u00e4ch mit Dr. Axel T\u00f6llner, Beauftragter der Evangelisch-Lutherischen Kirche in Bayern f\u00fcr den christlich-j\u00fcdischen Dialog<\/span><\/strong><\/p><p><span style=\"font-size: 12pt;\">Schwabach &#8211;\u00a0Seit 1945 versuchen die christlichen Kirchen, ihr Verh\u00e4ltnis zum Judentum neu zu bestimmen. Trotz mancher Irritationen ist zwischen Christen und Juden Vertrauen gewachsen. Zugleich wirken jahrhundertealte antij\u00fcdische Bilder aus der christlichen Tradition in den gegenw\u00e4rtigen Formen der Judenfeindschaft. Weil das f\u00fcr unsere Kirchen und unsere Gesellschaft gleicherma\u00dfen gilt, sind neue christlich-j\u00fcdische Beziehungen der Testfall f\u00fcr einen angemessenen Umgang mit Verschiedenheit.<\/span><\/p><p><span style=\"font-size: 12pt;\">Eine Kooperationsveranstaltung mit \u201e3 f\u00fcr Demokratie\u201c (EBW Schwabach, KEB Roth-Schwabach und vhs Landkreis Roth).\u00a0<\/span><\/p><h3>Weiterf\u00fchrende Links:\u00a0<\/h3><p><span style=\"font-size: 12pt;\"><a href=\"https:\/\/www.ebw-schwabach.de\/\" target=\"_blank\" rel=\"noopener\">Evangelisches Bildungswerk Schwabach &#8230;\u00a0<\/a><\/span><\/p><p><span style=\"font-size: 12pt;\"><a href=\"https:\/\/www.keb-roth-schwabach.de\/startseite\" target=\"_blank\" rel=\"noopener\">Katholische Erwachsenenbildung Roth-Schwabach &#8230;\u00a0<\/a><\/span><\/p><p><span style=\"font-size: 12pt;\"><a href=\"https:\/\/www.vhs-roth.de\/\" target=\"_blank\" rel=\"noopener\">vhs Landkreis Roth &#8230;\u00a0<\/a><\/span><\/p>\t\t\t\t\t\t<\/div>\n\t\t\t\t<\/div>\n\t\t\t\t<div class=\"elementor-element elementor-element-6520198 elementor-widget elementor-widget-shortcode\" data-id=\"6520198\" data-element_type=\"widget\" data-widget_type=\"shortcode.default\">\n\t\t\t\t<div class=\"elementor-widget-container\">\n\t\t\t\t\t<div class=\"elementor-shortcode\"><!-- Beginn https:\/\/www.financeads.net\/-Code --><a href=\"https:\/\/www.financeads.net\/tc.php?t=36648C38513858B\" target=\"_blank\"><center><img decoding=\"async\" src=\"https:\/\/www.financeads.net\/tb.php?t=36648V38513858B&https=1\" alt=\"\" border=\"0\" width=\"468\" height=\"60\"><\/a><!-- Ende https:\/\/www.financeads.net\/-Code --><\/div>\n\t\t\t\t<\/div>\n\t\t\t\t<\/div>\n\t\t\t\t<div class=\"elementor-element elementor-element-21c3450 elementor-widget-divider--view-line elementor-widget elementor-widget-divider\" data-id=\"21c3450\" data-element_type=\"widget\" data-widget_type=\"divider.default\">\n\t\t\t\t<div class=\"elementor-widget-container\">\n\t\t\t\t\t<div class=\"elementor-divider\">\n\t\t\t<span class=\"elementor-divider-separator\">\n\t\t\t\t\t\t<\/span>\n\t\t<\/div>\n\t\t\t\t<\/div>\n\t\t\t\t<\/div>\n\t\t\t\t<div class=\"elementor-element elementor-element-f4c690c elementor-widget elementor-widget-google_maps\" data-id=\"f4c690c\" data-element_type=\"widget\" data-widget_type=\"google_maps.default\">\n\t\t\t\t<div class=\"elementor-widget-container\">\n\t\t\t\t\t<div class=\"elementor-custom-embed\">\n\t\t\t<iframe loading=\"lazy\"\n\t\t\t\t\tsrc=\"https:\/\/maps.google.com\/maps?q=K%C3%B6nigsplatz%2033A%2C%20Schwabach%2C%20Deutschland&#038;t=m&#038;z=17&#038;output=embed&#038;iwloc=near\"\n\t\t\t\t\ttitle=\"K\u00f6nigsplatz 33A, Schwabach, Deutschland\"\n\t\t\t\t\taria-label=\"K\u00f6nigsplatz 33A, Schwabach, Deutschland\"\n\t\t\t><\/iframe>\n\t\t<\/div>\n\t\t\t\t<\/div>\n\t\t\t\t<\/div>\n\t\t\t\t\t<\/div>\n\t\t<\/div>\n\t\t\t\t<div class=\"elementor-column elementor-col-50 elementor-top-column elementor-element elementor-element-dd4c02c\" data-id=\"dd4c02c\" data-element_type=\"column\">\n\t\t\t<div class=\"elementor-widget-wrap elementor-element-populated\">\n\t\t\t\t\t\t<div class=\"elementor-element elementor-element-afcda01 elementor-widget elementor-widget-heading\" data-id=\"afcda01\" data-element_type=\"widget\" data-widget_type=\"heading.default\">\n\t\t\t\t<div class=\"elementor-widget-container\">\n\t\t\t<h3 class=\"elementor-heading-title elementor-size-default\">Schnell vergleichen und sparen!<\/h3>\t\t<\/div>\n\t\t\t\t<\/div>\n\t\t\t\t<div class=\"elementor-element elementor-element-4a29827 elementor-widget elementor-widget-wp-widget-advads_ad_widget\" data-id=\"4a29827\" data-element_type=\"widget\" data-widget_type=\"wp-widget-advads_ad_widget.default\">\n\t\t\t\t<div class=\"elementor-widget-container\">\n\t\t\t<div id=\"regio-2158737357\"><!-- Beginn https:\/\/www.financeads.net\/-Code --><a href=\"https:\/\/www.financeads.net\/tc.php?t=36648C236142529B\" target=\"_blank\"><img fetchpriority=\"high\" decoding=\"async\" src=\"https:\/\/www.financeads.net\/tb.php?t=36648V236142529B&https=1\" alt=\"\" border=\"0\" width=\"300\" height=\"250\"><\/a><!-- Ende https:\/\/www.financeads.net\/-Code --><\/div>\t\t<\/div>\n\t\t\t\t<\/div>\n\t\t\t\t<div class=\"elementor-element elementor-element-1017dfe elementor-widget elementor-widget-wp-widget-advads_ad_widget\" data-id=\"1017dfe\" data-element_type=\"widget\" data-widget_type=\"wp-widget-advads_ad_widget.default\">\n\t\t\t\t<div class=\"elementor-widget-container\">\n\t\t\t<div id=\"regio-2755273890\"><!-- Beginn https:\/\/www.financeads.net\/-Code --><a href=\"https:\/\/www.financeads.net\/tc.php?t=36648C42614510B\" target=\"_blank\"><img decoding=\"async\" src=\"https:\/\/www.financeads.net\/tb.php?t=36648V42614510B&https=1\" alt=\"\" border=\"0\" width=\"200\" height=\"300\"><\/a><!-- Ende https:\/\/www.financeads.net\/-Code --><\/div>\t\t<\/div>\n\t\t\t\t<\/div>\n\t\t\t\t<div class=\"elementor-element elementor-element-fd0ad79 elementor-widget elementor-widget-wp-widget-advads_ad_widget\" data-id=\"fd0ad79\" data-element_type=\"widget\" data-widget_type=\"wp-widget-advads_ad_widget.default\">\n\t\t\t\t<div class=\"elementor-widget-container\">\n\t\t\t<div id=\"regio-3308420506\"><!-- Beginn https:\/\/www.financeads.net\/-Code --><a href=\"https:\/\/www.financeads.net\/tc.php?t=36648C205040072B\" target=\"_blank\"><img loading=\"lazy\" decoding=\"async\" src=\"https:\/\/www.financeads.net\/tb.php?t=36648V205040072B&https=1\" alt=\"\" border=\"0\" width=\"300\" height=\"250\"><\/a><!-- Ende https:\/\/www.financeads.net\/-Code --><\/div>\t\t<\/div>\n\t\t\t\t<\/div>\n\t\t\t\t<div class=\"elementor-element elementor-element-4484a81 elementor-widget elementor-widget-wp-widget-advads_ad_widget\" data-id=\"4484a81\" data-element_type=\"widget\" data-widget_type=\"wp-widget-advads_ad_widget.default\">\n\t\t\t\t<div class=\"elementor-widget-container\">\n\t\t\t<div id=\"regio-1551042413\"><!-- Beginn https:\/\/www.financeads.net\/-Code --><a href=\"https:\/\/www.financeads.net\/tc.php?t=36648C271460142B\" target=\"_blank\"><img loading=\"lazy\" decoding=\"async\" src=\"https:\/\/www.financeads.net\/tb.php?t=36648V271460142B&https=1\" alt=\"PETPROTECT_Hund&Katze_Banner\" border=\"0\" width=\"250\" height=\"250\"><\/a><!-- Ende https:\/\/www.financeads.net\/-Code --><\/div>\t\t<\/div>\n\t\t\t\t<\/div>\n\t\t\t\t\t<\/div>\n\t\t<\/div>\n\t\t\t\t\t<\/div>\n\t\t<\/section>\n\t\t\t\t<\/div>\n\t\t","protected":false},"excerpt":{"rendered":"<div class=\"mh-excerpt\"><p>Am Donnerstag, den 18. November 2021 um 19.30 Uhr im Evangelischen Haus in der Wittelsbacher Stra\u00dfe\u00a0 Vortrag und M\u00f6glichkeit zum Gespr\u00e4ch mit Dr. Axel T\u00f6llner, Beauftragter der Evangelisch-Lutherischen Kirche in Bayern f\u00fcr den christlich-j\u00fcdischen Dialog <a class=\"mh-excerpt-more\" href=\"https:\/\/www.region-schwabach.de\/wordpress\/tikkun-ha-olam-die-welt-in-ordnung-bringen-chancen-und-herausforderungen-in-den-beziehungen-von-juden-und-christen\/\" title=\"Tikkun ha-Olam &#8211; die Welt in Ordnung bringen &#8211; Chancen und Herausforderungen in den Beziehungen von Juden und Christen\">[&#8230;]<\/a><\/p>\n<\/div>","protected":false},"author":1,"featured_media":155037,"comment_status":"open","ping_status":"open","sticky":false,"template":"","format":"standard","meta":{"_cbd_carousel_blocks":"[]","footnotes":""},"categories":[16,287,61,231,46,140],"tags":[17094,17093,17596,17595,17164,17625,7077,17621,650,17161,12505,17165,17624,17163,17160,17622,522,1480,19,3012,3151,17162,17623,5652,2678],"class_list":{"0":"post-155036","1":"post","2":"type-post","3":"status-publish","4":"format-standard","5":"has-post-thumbnail","7":"category-aktuell","8":"category-jugend-und-familie","9":"category-rathaus","10":"category-veranstaltungsnews","11":"category-verbaende","12":"category-vereine","13":"tag-17094","14":"tag-1700-jahre-juedisches-leben-in-deutschland-2","15":"tag-18-november-2021","16":"tag-18-11-2021","17":"tag-bildungs-und-kulturangebot","18":"tag-christen","19":"tag-diskussion","20":"tag-ebw-schwabach","21":"tag-evangelisches-haus","22":"tag-festjahr","23":"tag-gespraech","24":"tag-heimatpflege","25":"tag-juden","26":"tag-juedische-geschichte","27":"tag-juedische-tradition-in-schwabach","28":"tag-keb-roth-schwabach","29":"tag-koenigsplatz","30":"tag-rathaus","31":"tag-schwabach","32":"tag-stadt","33":"tag-stadt-schwabach","34":"tag-themenjahr","35":"tag-vhs-landkreis-roth","36":"tag-vortrag","37":"tag-wittelsbacherstrasse"},"_links":{"self":[{"href":"https:\/\/www.region-schwabach.de\/wordpress\/wp-json\/wp\/v2\/posts\/155036","targetHints":{"allow":["GET"]}}],"collection":[{"href":"https:\/\/www.region-schwabach.de\/wordpress\/wp-json\/wp\/v2\/posts"}],"about":[{"href":"https:\/\/www.region-schwabach.de\/wordpress\/wp-json\/wp\/v2\/types\/post"}],"author":[{"embeddable":true,"href":"https:\/\/www.region-schwabach.de\/wordpress\/wp-json\/wp\/v2\/users\/1"}],"replies":[{"embeddable":true,"href":"https:\/\/www.region-schwabach.de\/wordpress\/wp-json\/wp\/v2\/comments?post=155036"}],"version-history":[{"count":0,"href":"https:\/\/www.region-schwabach.de\/wordpress\/wp-json\/wp\/v2\/posts\/155036\/revisions"}],"wp:featuredmedia":[{"embeddable":true,"href":"https:\/\/www.region-schwabach.de\/wordpress\/wp-json\/wp\/v2\/media\/155037"}],"wp:attachment":[{"href":"https:\/\/www.region-schwabach.de\/wordpress\/wp-json\/wp\/v2\/media?parent=155036"}],"wp:term":[{"taxonomy":"category","embeddable":true,"href":"https:\/\/www.region-schwabach.de\/wordpress\/wp-json\/wp\/v2\/categories?post=155036"},{"taxonomy":"post_tag","embeddable":true,"href":"https:\/\/www.region-schwabach.de\/wordpress\/wp-json\/wp\/v2\/tags?post=155036"}],"curies":[{"name":"wp","href":"https:\/\/api.w.org\/{rel}","templated":true}]}}