{"id":155915,"date":"2021-11-28T01:15:00","date_gmt":"2021-11-28T00:15:00","guid":{"rendered":"https:\/\/www.region-schwabach.de\/wordpress\/?p=155915"},"modified":"2021-11-28T13:38:45","modified_gmt":"2021-11-28T12:38:45","slug":"weitere-sonderimpftermine-in-schwabach-in-der-woche-ab-montag-den-29-november-2021","status":"publish","type":"post","link":"https:\/\/www.region-schwabach.de\/wordpress\/weitere-sonderimpftermine-in-schwabach-in-der-woche-ab-montag-den-29-november-2021\/","title":{"rendered":"Weitere Sonderimpftermine in Schwabach in der Woche ab Montag, den 29. November 2021"},"content":{"rendered":"\t\t<div data-elementor-type=\"wp-post\" data-elementor-id=\"155915\" class=\"elementor elementor-155915\">\n\t\t\t\t\t\t<section class=\"elementor-section elementor-top-section elementor-element elementor-element-678181b elementor-section-boxed elementor-section-height-default elementor-section-height-default\" data-id=\"678181b\" data-element_type=\"section\">\n\t\t\t\t\t\t<div class=\"elementor-container elementor-column-gap-default\">\n\t\t\t\t\t<div class=\"elementor-column elementor-col-50 elementor-top-column elementor-element elementor-element-6b34026\" data-id=\"6b34026\" data-element_type=\"column\">\n\t\t\t<div class=\"elementor-widget-wrap elementor-element-populated\">\n\t\t\t\t\t\t<div class=\"elementor-element elementor-element-5fea1cd elementor-widget elementor-widget-wp-widget-advads_ad_widget\" data-id=\"5fea1cd\" data-element_type=\"widget\" data-widget_type=\"wp-widget-advads_ad_widget.default\">\n\t\t\t\t<div class=\"elementor-widget-container\">\n\t\t\t<div id=\"regio-1101288517\"><div class=\"regio-adlabel\">Werbung<\/div><center><a href=\"https:\/\/a.partner-versicherung.de\/click.php?partner_id=19992&ad_id=1578&deep=kreditkarten\"  target=\"_blank\"><img decoding=\"async\" src=\"https:\/\/a.partner-versicherung.de\/view.php?partner_id=19992&ad_id=1578\" ><\/a><\/center><\/div>\t\t<\/div>\n\t\t\t\t<\/div>\n\t\t\t\t<div class=\"elementor-element elementor-element-443ab98 elementor-widget elementor-widget-text-editor\" data-id=\"443ab98\" data-element_type=\"widget\" data-widget_type=\"text-editor.default\">\n\t\t\t\t<div class=\"elementor-widget-container\">\n\t\t\t\t\t\t\t<h3>In der Woche ab Montag, den 29. November 2021:<br \/>Weitere \u201eImpfen to go\u201c-Termine in Schwabach<\/h3><h3>Sonderimpfaktionen nur noch mit Termin<\/h3><p><span style=\"font-size: 12pt;\">Schwabach &#8211; Das Schwabacher Impfzentrum bietet in dieser Woche weitere Sonderimpftermine in Schwabach an. Allerdings sind diese\u00a0Sonderimpfaktionen nur noch mit Termin m\u00f6glich.\u00a0<\/span><\/p><p><span style=\"font-size: 12pt;\">Eine Terminvereinbarung ist dabei ausschlie\u00dflich \u00fcber das Impfzentrum, unter <a href=\"http:\/\/impfzentren.bayern\/\" target=\"_blank\" rel=\"noopener\">http:\/\/impfzentren.bayern<\/a> oder unter Telefon 09122 875410, m\u00f6glich. Rufen Sie keinesfalls direkt bei den Impforten an!<\/span><\/p><h3>Die Sondertermine:<\/h3><ul style=\"list-style-type: disc;\"><li><span style=\"font-size: 12pt;\">ORO-Einkaufszentrum, Am Falbenholzweg 15, am Dienstag, den 30. November 2021, von 09.00 bis 16.00 Uhr\u00a0<\/span><\/li><li><span style=\"font-size: 12pt;\">ORO-Einkaufszentrum, Am Falbenholzweg 15, am Donnerstag, den 2. Dezember 2021, von 09.00 bis 16.00 Uhr\u00a0<\/span><\/li><li><span style=\"font-size: 12pt;\">ORO-Einkaufszentrum, Am Falbenholzweg 15, am Samstag, den 4. Dezember 2021, von 09.00 bis 16.00 Uhr\u00a0<\/span><\/li><\/ul><p><span style=\"font-size: 12pt;\"><strong>Geimpft wird mit den Impfstoffen der Firmen Moderna und Biontech\/Pfizer.\u00a0<\/strong><\/span><\/p><ul><li><span style=\"font-size: 12pt;\">Alle Personen \u00dcBER 30 Jahren werden mit dem Impfstoff der Firma Moderna geimpft.<\/span><\/li><li><span style=\"font-size: 12pt;\">Alle Personen UNTER 30 werden mit dem Impfstoff der Firma Biontech\/Pfizer geimpft.\u00a0<\/span><\/li><\/ul><p><span style=\"font-size: 12pt;\">Personen die bei der Erstimpfung den Impfstoff von Biontech\/Pfizer bekommen haben und bei denen die Zweitimpfung noch aussteht, bekommen ebenfalls bei der Zweitimpfung diesen Impfstoff geimpft.<\/span><\/p><p><span style=\"font-size: 12pt;\">Dies gilt sowohl im Impfzentrum als auch f\u00fcr alle mobilen Aktionen. Die Leitung des Impfzentrums bittet von telefonischen Anfragen diesbez\u00fcglich abzusehen.<\/span><\/p><p><span style=\"font-size: 12pt;\">Aufgrund des gro\u00dfen Andrangs bei den j\u00fcngsten Sonderimpfaktionen finden Impfungen auch bei den mobilen Sonderimpfaktionen ab sofort nur noch mit Termin statt. Ohne Termin ist eine Impfung nicht mehr m\u00f6glich. Eine Terminvereinbarung wird empfohlen \u00fcber\u00a0<a href=\"http:\/\/impfzentren.bayern\/\">http:\/\/impfzentren.bayern<\/a>\u00a0und ist auch Telefon 09122 875410 m\u00f6glich.<\/span><\/p><h3>Schwabacher Impfzentrum nur mit Terminvereinbarung<\/h3><p><span style=\"font-size: 12pt;\">Derzeit sind bis Jahresende alle Impftermine im Impfzentrum ausgebucht. Sie k\u00f6nnen sich dennoch auf\u00a0<a href=\"http:\/\/impfzentren.bayern\/\" target=\"_blank\" rel=\"noopener\">http:\/\/impfzentren.bayern<\/a> f\u00fcr einen Termin vormerken lassen. Die Kapazit\u00e4ten werden in diesen Tagen Schritt f\u00fcr Schritt erweitert und es werden regelm\u00e4\u00dfig weitere Termine angeboten.\u00a0<\/span><\/p><h3>Information zu Auffrischungsimpfungen<\/h3><ul><li><span style=\"font-size: 12pt;\">Eine Auffrischungsimpfung wird aus medizinischen Gr\u00fcnden von der St\u00e4ndigen Impfkommission (STIKO) und der Gesundheitsministerkonferenz (GMK) empfohlen, insbesondere f\u00fcr \u00e4ltere Menschen ab 60 Jahren<\/span><\/li><li><span style=\"font-size: 12pt;\">und Menschen mit Vorerkrankung empfohlen<\/span><\/li><\/ul><p><span style=\"font-size: 12pt;\">und zwar<\/span><\/p><ul><li><span style=\"font-size: 12pt;\">mindestens sechs Monate nach einer Zweitimpfung oder<\/span><\/li><li><span style=\"font-size: 12pt;\">vier Wochen nach einer Impfung mit dem Impfstoff von Johnson &amp; Johnson.<\/span><\/li><\/ul><p><span style=\"font-size: 12pt;\">Die Bayerische Staatsregierung und das LGL bef\u00fcrworten eine Zweitimpfung aber bereits nach 5 Monaten.<\/span><\/p><p><span style=\"font-size: 12pt;\">Diese Impfungen\u00a0<a title=\"Link zur Seite des Impfzentrums\" href=\"https:\/\/www.schwabach.de\/de\/stadtverwaltung\/oberbuergermeister\/97-buergermeister-und-presseamt\/98-neues-aus-dem-buergermeister-und-presseamt\/8971-fragen-und-antworten-zum-corona-impfzentrum.html\">sind jetzt auch im Impfzentrum m\u00f6glich<\/a>.<\/span><\/p><p><span style=\"font-size: 12pt;\">Telefonisch ist das Impfzentrum unter der Rufnummer 09122 875410 montags bis freitags von 8 bis 17 Uhr und samstags von 8 bis 13 Uhr besetzt.<\/span><\/p><p><span style=\"font-size: 12pt;\">Von den oben genannten Zeiten bleiben die Termine f\u00fcr eine bereits vereinbarte Zweitimpfung unber\u00fchrt.\u00a0<\/span><\/p>\t\t\t\t\t\t<\/div>\n\t\t\t\t<\/div>\n\t\t\t\t<div class=\"elementor-element elementor-element-7cc9469 elementor-widget elementor-widget-shortcode\" data-id=\"7cc9469\" data-element_type=\"widget\" data-widget_type=\"shortcode.default\">\n\t\t\t\t<div class=\"elementor-widget-container\">\n\t\t\t\t\t<div class=\"elementor-shortcode\"><center><a href=\"https:\/\/a.partner-versicherung.de\/click.php?partner_id=19992&ad_id=441&deep=kfz-versicherung\"  target=\"_blank\"><img decoding=\"async\" src=\"https:\/\/a.partner-versicherung.de\/view.php?partner_id=19992&ad_id=441\" ><\/a><\/center><\/div>\n\t\t\t\t<\/div>\n\t\t\t\t<\/div>\n\t\t\t\t<div class=\"elementor-element elementor-element-0c834d7 elementor-widget-divider--view-line elementor-widget elementor-widget-divider\" data-id=\"0c834d7\" data-element_type=\"widget\" data-widget_type=\"divider.default\">\n\t\t\t\t<div class=\"elementor-widget-container\">\n\t\t\t\t\t<div class=\"elementor-divider\">\n\t\t\t<span class=\"elementor-divider-separator\">\n\t\t\t\t\t\t<\/span>\n\t\t<\/div>\n\t\t\t\t<\/div>\n\t\t\t\t<\/div>\n\t\t\t\t<div class=\"elementor-element elementor-element-325f51f elementor-widget elementor-widget-google_maps\" data-id=\"325f51f\" data-element_type=\"widget\" data-widget_type=\"google_maps.default\">\n\t\t\t\t<div class=\"elementor-widget-container\">\n\t\t\t\t\t<div class=\"elementor-custom-embed\">\n\t\t\t<iframe loading=\"lazy\"\n\t\t\t\t\tsrc=\"https:\/\/maps.google.com\/maps?q=H%C3%BCttersb%C3%BChlstra%C3%9Fe%2023%2C%20Schwabach%2C%20Deutschland&#038;t=m&#038;z=17&#038;output=embed&#038;iwloc=near\"\n\t\t\t\t\ttitle=\"H\u00fcttersb\u00fchlstra\u00dfe 23, Schwabach, Deutschland\"\n\t\t\t\t\taria-label=\"H\u00fcttersb\u00fchlstra\u00dfe 23, Schwabach, Deutschland\"\n\t\t\t><\/iframe>\n\t\t<\/div>\n\t\t\t\t<\/div>\n\t\t\t\t<\/div>\n\t\t\t\t\t<\/div>\n\t\t<\/div>\n\t\t\t\t<div class=\"elementor-column elementor-col-50 elementor-top-column elementor-element elementor-element-f141625\" data-id=\"f141625\" data-element_type=\"column\">\n\t\t\t<div class=\"elementor-widget-wrap elementor-element-populated\">\n\t\t\t\t\t\t<div class=\"elementor-element elementor-element-aa635e8 elementor-widget elementor-widget-heading\" data-id=\"aa635e8\" data-element_type=\"widget\" data-widget_type=\"heading.default\">\n\t\t\t\t<div class=\"elementor-widget-container\">\n\t\t\t<h3 class=\"elementor-heading-title elementor-size-default\">Schnell vergleichen und sparen!<\/h3>\t\t<\/div>\n\t\t\t\t<\/div>\n\t\t\t\t<div class=\"elementor-element elementor-element-380778c elementor-widget elementor-widget-wp-widget-advads_ad_widget\" data-id=\"380778c\" data-element_type=\"widget\" data-widget_type=\"wp-widget-advads_ad_widget.default\">\n\t\t\t\t<div class=\"elementor-widget-container\">\n\t\t\t<div id=\"regio-78100895\"><div class=\"regio-adlabel\">Werbung<\/div><!-- Beginn https:\/\/www.financeads.net\/-Code --><a href=\"https:\/\/www.financeads.net\/tc.php?t=36648C236142529B\" target=\"_blank\"><img fetchpriority=\"high\" decoding=\"async\" src=\"https:\/\/www.financeads.net\/tb.php?t=36648V236142529B&https=1\" alt=\"\" border=\"0\" width=\"300\" height=\"250\"><\/a><!-- Ende https:\/\/www.financeads.net\/-Code --><\/div>\t\t<\/div>\n\t\t\t\t<\/div>\n\t\t\t\t<div class=\"elementor-element elementor-element-bd26aa5 elementor-widget elementor-widget-wp-widget-advads_ad_widget\" data-id=\"bd26aa5\" data-element_type=\"widget\" data-widget_type=\"wp-widget-advads_ad_widget.default\">\n\t\t\t\t<div class=\"elementor-widget-container\">\n\t\t\t<div id=\"regio-938816431\"><div class=\"regio-adlabel\">Werbung<\/div><!-- Beginn https:\/\/www.financeads.net\/-Code --><a href=\"https:\/\/www.financeads.net\/tc.php?t=36648C42614510B\" target=\"_blank\"><img decoding=\"async\" src=\"https:\/\/www.financeads.net\/tb.php?t=36648V42614510B&https=1\" alt=\"\" border=\"0\" width=\"200\" height=\"300\"><\/a><!-- Ende https:\/\/www.financeads.net\/-Code --><\/div>\t\t<\/div>\n\t\t\t\t<\/div>\n\t\t\t\t<div class=\"elementor-element elementor-element-abfc6b5 elementor-widget elementor-widget-wp-widget-advads_ad_widget\" data-id=\"abfc6b5\" data-element_type=\"widget\" data-widget_type=\"wp-widget-advads_ad_widget.default\">\n\t\t\t\t<div class=\"elementor-widget-container\">\n\t\t\t<div id=\"regio-814677548\"><div class=\"regio-adlabel\">Werbung<\/div><!-- Beginn https:\/\/www.financeads.net\/-Code --><a href=\"https:\/\/www.financeads.net\/tc.php?t=36648C205040072B\" target=\"_blank\"><img decoding=\"async\" src=\"https:\/\/www.financeads.net\/tb.php?t=36648V205040072B&https=1\" alt=\"\" border=\"0\" width=\"300\" height=\"250\"><\/a><!-- Ende https:\/\/www.financeads.net\/-Code --><\/div>\t\t<\/div>\n\t\t\t\t<\/div>\n\t\t\t\t<div class=\"elementor-element elementor-element-9b68655 elementor-widget elementor-widget-wp-widget-advads_ad_widget\" data-id=\"9b68655\" data-element_type=\"widget\" data-widget_type=\"wp-widget-advads_ad_widget.default\">\n\t\t\t\t<div class=\"elementor-widget-container\">\n\t\t\t<div id=\"regio-4252104148\"><div class=\"regio-adlabel\">Werbung<\/div><!-- Beginn https:\/\/www.financeads.net\/-Code --><a href=\"https:\/\/www.financeads.net\/tc.php?t=36648C271460142B\" target=\"_blank\"><img loading=\"lazy\" decoding=\"async\" src=\"https:\/\/www.financeads.net\/tb.php?t=36648V271460142B&https=1\" alt=\"PETPROTECT_Hund&Katze_Banner\" border=\"0\" width=\"250\" height=\"250\"><\/a><!-- Ende https:\/\/www.financeads.net\/-Code --><\/div>\t\t<\/div>\n\t\t\t\t<\/div>\n\t\t\t\t\t<\/div>\n\t\t<\/div>\n\t\t\t\t\t<\/div>\n\t\t<\/section>\n\t\t\t\t<\/div>\n\t\t","protected":false},"excerpt":{"rendered":"<div class=\"mh-excerpt\"><p>In der Woche ab Montag, den 29. November 2021:Weitere \u201eImpfen to go\u201c-Termine in Schwabach Sonderimpfaktionen nur noch mit Termin Schwabach &#8211; Das Schwabacher Impfzentrum bietet in dieser Woche weitere Sonderimpftermine in Schwabach an. Allerdings sind <a class=\"mh-excerpt-more\" href=\"https:\/\/www.region-schwabach.de\/wordpress\/weitere-sonderimpftermine-in-schwabach-in-der-woche-ab-montag-den-29-november-2021\/\" title=\"Weitere Sonderimpftermine in Schwabach in der Woche ab Montag, den 29. November 2021\">[&#8230;]<\/a><\/p>\n<\/div>","protected":false},"author":1,"featured_media":155916,"comment_status":"open","ping_status":"open","sticky":false,"template":"","format":"standard","meta":{"_cbd_carousel_blocks":"[]","footnotes":""},"categories":[16,287,61],"tags":[60,17157,13293,4422,16726,14468,14472,17070,522,17713,10334,1480,19,3012,3151],"class_list":{"0":"post-155915","1":"post","2":"type-post","3":"status-publish","4":"format-standard","5":"has-post-thumbnail","7":"category-aktuell","8":"category-jugend-und-familie","9":"category-rathaus","10":"tag-am-falbenholzweg","11":"tag-biontech","12":"tag-corona-faelle","13":"tag-huttersbuehlstrasse","14":"tag-impfen-to-go","15":"tag-impfung","16":"tag-impfzentrum","17":"tag-johnson-johnson","18":"tag-koenigsplatz","19":"tag-moderna","20":"tag-oro-einkaufszentrum","21":"tag-rathaus","22":"tag-schwabach","23":"tag-stadt","24":"tag-stadt-schwabach"},"_links":{"self":[{"href":"https:\/\/www.region-schwabach.de\/wordpress\/wp-json\/wp\/v2\/posts\/155915","targetHints":{"allow":["GET"]}}],"collection":[{"href":"https:\/\/www.region-schwabach.de\/wordpress\/wp-json\/wp\/v2\/posts"}],"about":[{"href":"https:\/\/www.region-schwabach.de\/wordpress\/wp-json\/wp\/v2\/types\/post"}],"author":[{"embeddable":true,"href":"https:\/\/www.region-schwabach.de\/wordpress\/wp-json\/wp\/v2\/users\/1"}],"replies":[{"embeddable":true,"href":"https:\/\/www.region-schwabach.de\/wordpress\/wp-json\/wp\/v2\/comments?post=155915"}],"version-history":[{"count":0,"href":"https:\/\/www.region-schwabach.de\/wordpress\/wp-json\/wp\/v2\/posts\/155915\/revisions"}],"wp:featuredmedia":[{"embeddable":true,"href":"https:\/\/www.region-schwabach.de\/wordpress\/wp-json\/wp\/v2\/media\/155916"}],"wp:attachment":[{"href":"https:\/\/www.region-schwabach.de\/wordpress\/wp-json\/wp\/v2\/media?parent=155915"}],"wp:term":[{"taxonomy":"category","embeddable":true,"href":"https:\/\/www.region-schwabach.de\/wordpress\/wp-json\/wp\/v2\/categories?post=155915"},{"taxonomy":"post_tag","embeddable":true,"href":"https:\/\/www.region-schwabach.de\/wordpress\/wp-json\/wp\/v2\/tags?post=155915"}],"curies":[{"name":"wp","href":"https:\/\/api.w.org\/{rel}","templated":true}]}}