{"id":15592,"date":"2017-10-21T09:19:31","date_gmt":"2017-10-21T07:19:31","guid":{"rendered":"http:\/\/www.region-schwabach.de\/wordpress\/?p=15592"},"modified":"2018-07-30T10:00:13","modified_gmt":"2018-07-30T08:00:13","slug":"am-wasserschloss-in-wolkersdorf-am-21-oktober-gesperrt","status":"publish","type":"post","link":"https:\/\/www.region-schwabach.de\/wordpress\/am-wasserschloss-in-wolkersdorf-am-21-oktober-gesperrt\/","title":{"rendered":"Am Wasserschlo\u00df in Wolkersdorf am 21. Oktober gesperrt"},"content":{"rendered":"\t\t<div data-elementor-type=\"wp-post\" data-elementor-id=\"15592\" class=\"elementor elementor-15592 elementor-bc-flex-widget\">\n\t\t\t\t\t\t<section class=\"elementor-section elementor-top-section elementor-element elementor-element-1dzeyuh elementor-section-boxed elementor-section-height-default elementor-section-height-default\" data-id=\"1dzeyuh\" data-element_type=\"section\">\n\t\t\t\t\t\t<div class=\"elementor-container elementor-column-gap-default\">\n\t\t\t\t\t<div class=\"elementor-column elementor-col-66 elementor-top-column elementor-element elementor-element-aam59ft\" data-id=\"aam59ft\" data-element_type=\"column\">\n\t\t\t<div class=\"elementor-widget-wrap elementor-element-populated\">\n\t\t\t\t\t\t<div class=\"elementor-element elementor-element-k9p1oyc elementor-widget elementor-widget-text-editor\" data-id=\"k9p1oyc\" data-element_type=\"widget\" data-widget_type=\"text-editor.default\">\n\t\t\t\t<div class=\"elementor-widget-container\">\n\t\t\t\t\t\t\t<h3>Sperrung\u00a0am 21. Oktober n\u00f6tig<\/h3><p>Am Samstag, den 21.10.2017 kommt es in Wolkersdorf zur Sperrung der Stra\u00dfe am Wasserschlo\u00df zwischen Oberere Pfaffensteigstra\u00dfe und Am Wasserschlo\u00df 34.\u00a0<\/p><h3><strong>Kabelverlegungsarbeiten f\u00fcr Sperrung verantwortlich<\/strong><\/h3><p>Grund der Sperrung sind Kabelverlegungsarbeiten im Rahmen des Breitbandausbaus in diesem Bereich.<\/p><h3>Umleitung eingerichtet<\/h3><p>Der Verkehr wird f\u00fcr die Dauer der Sperrung \u00fcber die Dietersdorfer Stra\u00dfe und die Tuchergasse umgeleitet.\u00a0Der Anliegerverkehr ist f\u00fcr die Dauer der Sperrung eingeschr\u00e4nkt m\u00f6glich.<\/p><h3>Auch Linienverkehr der Linie 671 betroffen<\/h3><p>Wegen der Sperrung ergeben sich auch Umleitungen f\u00fcr den Busverkehr der Linie 671. Fahrg\u00e4ste erhalten die n\u00f6tigen Informationen in den Bussen und an den Haltestellen.<\/p>\t\t\t\t\t\t<\/div>\n\t\t\t\t<\/div>\n\t\t\t\t<div class=\"elementor-element elementor-element-rf47wqh elementor-widget elementor-widget-google_maps\" data-id=\"rf47wqh\" data-element_type=\"widget\" data-widget_type=\"google_maps.default\">\n\t\t\t\t<div class=\"elementor-widget-container\">\n\t\t\t\t\t<div class=\"elementor-custom-embed\">\n\t\t\t<iframe loading=\"lazy\"\n\t\t\t\t\tsrc=\"https:\/\/maps.google.com\/maps?q=Am%20Wasserschlo%C3%9F%2034%2C%2091126%20Wolkersdorf%2C%20Deutschland&#038;t=m&#038;z=15&#038;output=embed&#038;iwloc=near\"\n\t\t\t\t\ttitle=\"Am Wasserschlo\u00df 34, 91126 Wolkersdorf, Deutschland\"\n\t\t\t\t\taria-label=\"Am Wasserschlo\u00df 34, 91126 Wolkersdorf, Deutschland\"\n\t\t\t><\/iframe>\n\t\t<\/div>\n\t\t\t\t<\/div>\n\t\t\t\t<\/div>\n\t\t\t\t\t<\/div>\n\t\t<\/div>\n\t\t\t\t<div class=\"elementor-column elementor-col-33 elementor-top-column elementor-element elementor-element-uferl75\" data-id=\"uferl75\" data-element_type=\"column\">\n\t\t\t<div class=\"elementor-widget-wrap elementor-element-populated\">\n\t\t\t\t\t\t<div class=\"elementor-element elementor-element-xuttsc2 elementor-widget elementor-widget-image\" data-id=\"xuttsc2\" data-element_type=\"widget\" data-widget_type=\"image.default\">\n\t\t\t\t<div class=\"elementor-widget-container\">\n\t\t\t\t\t\t\t\t\t\t\t\t\t<img fetchpriority=\"high\" decoding=\"async\" width=\"300\" height=\"300\" src=\"https:\/\/www.region-schwabach.de\/wordpress\/wp-content\/uploads\/2017\/06\/werbung8-300x300.png\" class=\"attachment-medium size-medium wp-image-2484\" alt=\"\" srcset=\"https:\/\/www.region-schwabach.de\/wordpress\/wp-content\/uploads\/2017\/06\/werbung8-300x300.png 300w, https:\/\/www.region-schwabach.de\/wordpress\/wp-content\/uploads\/2017\/06\/werbung8-150x150.png 150w, https:\/\/www.region-schwabach.de\/wordpress\/wp-content\/uploads\/2017\/06\/werbung8-768x768.png 768w, https:\/\/www.region-schwabach.de\/wordpress\/wp-content\/uploads\/2017\/06\/werbung8-1024x1024.png 1024w, https:\/\/www.region-schwabach.de\/wordpress\/wp-content\/uploads\/2017\/06\/werbung8-600x600.png 600w, https:\/\/www.region-schwabach.de\/wordpress\/wp-content\/uploads\/2017\/06\/werbung8.png 1200w\" sizes=\"(max-width: 300px) 100vw, 300px\" \/>\t\t\t\t\t\t\t\t\t\t\t\t\t<\/div>\n\t\t\t\t<\/div>\n\t\t\t\t\t<\/div>\n\t\t<\/div>\n\t\t\t\t\t<\/div>\n\t\t<\/section>\n\t\t\t\t<\/div>\n\t\t","protected":false},"excerpt":{"rendered":"<div class=\"mh-excerpt\"><p>Sperrung\u00a0am 21. Oktober n\u00f6tig Am Samstag, den 21.10.2017 kommt es in Wolkersdorf zur Sperrung der Stra\u00dfe am Wasserschlo\u00df zwischen Oberere Pfaffensteigstra\u00dfe und Am Wasserschlo\u00df 34. Kabelverlegungsarbeiten f\u00fcr Sperrung verantwortlich Grund der Sperrung sind Kabelverlegungsarbeiten im <a class=\"mh-excerpt-more\" href=\"https:\/\/www.region-schwabach.de\/wordpress\/am-wasserschloss-in-wolkersdorf-am-21-oktober-gesperrt\/\" title=\"Am Wasserschlo\u00df in Wolkersdorf am 21. Oktober gesperrt\">[&#8230;]<\/a><\/p>\n<\/div>","protected":false},"author":1,"featured_media":983,"comment_status":"open","ping_status":"open","sticky":false,"template":"template-full.php","format":"standard","meta":{"_cbd_carousel_blocks":"[]","footnotes":""},"categories":[14],"tags":[451,1164,1163,19,276,415,400],"class_list":{"0":"post-15592","1":"post","2":"type-post","3":"status-publish","4":"format-standard","5":"has-post-thumbnail","7":"category-verkehrsinfos","8":"tag-am-wasserschloss","9":"tag-kabelverlegungsarbeiten","10":"tag-obere-pfaffensteigstrasse","11":"tag-schwabach","12":"tag-sperrung","13":"tag-tiefbauarbeiten","14":"tag-wolkersdorf"},"_links":{"self":[{"href":"https:\/\/www.region-schwabach.de\/wordpress\/wp-json\/wp\/v2\/posts\/15592","targetHints":{"allow":["GET"]}}],"collection":[{"href":"https:\/\/www.region-schwabach.de\/wordpress\/wp-json\/wp\/v2\/posts"}],"about":[{"href":"https:\/\/www.region-schwabach.de\/wordpress\/wp-json\/wp\/v2\/types\/post"}],"author":[{"embeddable":true,"href":"https:\/\/www.region-schwabach.de\/wordpress\/wp-json\/wp\/v2\/users\/1"}],"replies":[{"embeddable":true,"href":"https:\/\/www.region-schwabach.de\/wordpress\/wp-json\/wp\/v2\/comments?post=15592"}],"version-history":[{"count":0,"href":"https:\/\/www.region-schwabach.de\/wordpress\/wp-json\/wp\/v2\/posts\/15592\/revisions"}],"wp:featuredmedia":[{"embeddable":true,"href":"https:\/\/www.region-schwabach.de\/wordpress\/wp-json\/wp\/v2\/media\/983"}],"wp:attachment":[{"href":"https:\/\/www.region-schwabach.de\/wordpress\/wp-json\/wp\/v2\/media?parent=15592"}],"wp:term":[{"taxonomy":"category","embeddable":true,"href":"https:\/\/www.region-schwabach.de\/wordpress\/wp-json\/wp\/v2\/categories?post=15592"},{"taxonomy":"post_tag","embeddable":true,"href":"https:\/\/www.region-schwabach.de\/wordpress\/wp-json\/wp\/v2\/tags?post=15592"}],"curies":[{"name":"wp","href":"https:\/\/api.w.org\/{rel}","templated":true}]}}