{"id":156190,"date":"2021-12-01T01:15:00","date_gmt":"2021-12-01T00:15:00","guid":{"rendered":"https:\/\/www.region-schwabach.de\/wordpress\/?p=156190"},"modified":"2021-11-30T22:41:13","modified_gmt":"2021-11-30T21:41:13","slug":"wegen-der-grossen-nachfrage-neue-impfstation-in-der-abenberger-strasse-in-schwabach-eroffnet","status":"publish","type":"post","link":"https:\/\/www.region-schwabach.de\/wordpress\/wegen-der-grossen-nachfrage-neue-impfstation-in-der-abenberger-strasse-in-schwabach-eroffnet\/","title":{"rendered":"Wegen der gro\u00dfen Nachfrage: Neue Impfstation in der Abenberger Stra\u00dfe in Schwabach er\u00f6ffnet"},"content":{"rendered":"\t\t<div data-elementor-type=\"wp-post\" data-elementor-id=\"156190\" class=\"elementor elementor-156190\">\n\t\t\t\t\t\t<section class=\"elementor-section elementor-top-section elementor-element elementor-element-678181b elementor-section-boxed elementor-section-height-default elementor-section-height-default\" data-id=\"678181b\" data-element_type=\"section\">\n\t\t\t\t\t\t<div class=\"elementor-container elementor-column-gap-default\">\n\t\t\t\t\t<div class=\"elementor-column elementor-col-50 elementor-top-column elementor-element elementor-element-6b34026\" data-id=\"6b34026\" data-element_type=\"column\">\n\t\t\t<div class=\"elementor-widget-wrap elementor-element-populated\">\n\t\t\t\t\t\t<div class=\"elementor-element elementor-element-5fea1cd elementor-widget elementor-widget-wp-widget-advads_ad_widget\" data-id=\"5fea1cd\" data-element_type=\"widget\" data-widget_type=\"wp-widget-advads_ad_widget.default\">\n\t\t\t\t<div class=\"elementor-widget-container\">\n\t\t\t<div id=\"regio-196181452\"><div class=\"regio-adlabel\">Werbung<\/div><center><a href=\"https:\/\/a.partner-versicherung.de\/click.php?partner_id=19992&ad_id=1578&deep=kreditkarten\"  target=\"_blank\"><img decoding=\"async\" src=\"https:\/\/a.partner-versicherung.de\/view.php?partner_id=19992&ad_id=1578\" ><\/a><\/center><\/div>\t\t<\/div>\n\t\t\t\t<\/div>\n\t\t\t\t<div class=\"elementor-element elementor-element-443ab98 elementor-widget elementor-widget-text-editor\" data-id=\"443ab98\" data-element_type=\"widget\" data-widget_type=\"text-editor.default\">\n\t\t\t\t<div class=\"elementor-widget-container\">\n\t\t\t\t\t\t\t<h3 class=\"entry-title\">Weitere neue Impfstation in der Abenberger Stra\u00dfe in Schwabach er\u00f6ffnet<\/h3><p><span style=\"font-size: 12pt;\">Schwabach &#8211; Mit der Er\u00f6ffnung einer Impfstation im Geb\u00e4udes des Bayerischen Roten Kreuzes (BRK) in der Abenberger Stra\u00dfe hat Schwabach erneut die Impfkapazit\u00e4t erweitert. Betrieben wird die Impfstation vom BRK, zur Unterst\u00fctzung in der Organisation vor Ort helfen Soldaten der Bundeswehr. \u201eDamit k\u00f6nnen wir jetzt \u00fcber 2.300 Personen pro Woche impfen\u201c, erl\u00e4utert Oberb\u00fcrgermeister Peter Rei\u00df. \u201eIch bin sehr froh, dass so viele Menschen eine Boosterimpfung m\u00f6chten. Dieser gro\u00dfen Nachfrage k\u00f6nnen wir nun noch besser nachkommen. Gerne d\u00fcrfen sich auch noch mehr Menschen zum ersten Mal impfen lassen\u201c, appelliert der Oberb\u00fcrgermeister. <\/span><\/p><h3>Aktuelle Zahlen:<\/h3><p><span style=\"font-size: 12pt;\">In der Woche von 22. bis 27. November haben 1.263 Menschen eine Boosterimpfung erhalten. Zum Vergleich, in der zweiten Oktoberwoche waren es 16. Erstimpfungen wurden in der vergangenen Woche 262 verabreicht, verglichen mit zuvor 119.<\/span><\/p><h3>Weitere Infos:<\/h3><p><span style=\"font-size: 12pt;\">Es ist aber nicht m\u00f6glich, direkt einen Termin in der Impfstation zu buchen. Auch spontane Impfungen ohne Termin wird es nicht geben. Die unvermindert gro\u00dfe Nachfrage der letzten Wochen lassen das nicht zu. \u201eEs gilt weiterhin: Bitte vereinbaren Sie einen Termin auf\u00a0<a href=\"http:\/\/impfzentren.bayern\/\">http:\/\/impfzentren.bayern<\/a> oder telefonisch unter 09122 875410. <\/span><\/p><p><span style=\"font-size: 12pt;\">Sie werden dann m\u00f6glicherweise zur Impfung an die neue Impfstation verwiesen\u201c, erkl\u00e4rt Stadtrechtsrat Knut Engelbrecht, der f\u00fcr das Impfzentrum zust\u00e4ndig ist. \u201eIch bedanke mich beim BRK, der Bundeswehr und unserem Verwaltungspersonal, die innerhalb von nur wenigen Wochen die Impfkapazit\u00e4ten so z\u00fcgig erweitert haben. Dieser gemeinsame Kraftakt war dringend notwendig.\u201c\u00a0<\/span><\/p><p><span style=\"font-size: 12pt;\"><strong>Bild:<\/strong> Corinna Bauer (Leitung Impfzentrum), Rainer Braun (Gesch\u00e4ftsf\u00fchrer des BRK-Kreisverbands S\u00fcdfranken), Christiane Kostka (Pandemiebeauftragte), Stadtrechtsrat Knut Engelbrecht, Oberb\u00fcrgermeister Peter Rei\u00df<\/span><\/p>\t\t\t\t\t\t<\/div>\n\t\t\t\t<\/div>\n\t\t\t\t<div class=\"elementor-element elementor-element-7cc9469 elementor-widget elementor-widget-shortcode\" data-id=\"7cc9469\" data-element_type=\"widget\" data-widget_type=\"shortcode.default\">\n\t\t\t\t<div class=\"elementor-widget-container\">\n\t\t\t\t\t<div class=\"elementor-shortcode\"><center><a href=\"https:\/\/a.partner-versicherung.de\/click.php?partner_id=19992&ad_id=441&deep=kfz-versicherung\"  target=\"_blank\"><img decoding=\"async\" src=\"https:\/\/a.partner-versicherung.de\/view.php?partner_id=19992&ad_id=441\" ><\/a><\/center><\/div>\n\t\t\t\t<\/div>\n\t\t\t\t<\/div>\n\t\t\t\t<div class=\"elementor-element elementor-element-0c834d7 elementor-widget-divider--view-line elementor-widget elementor-widget-divider\" data-id=\"0c834d7\" data-element_type=\"widget\" data-widget_type=\"divider.default\">\n\t\t\t\t<div class=\"elementor-widget-container\">\n\t\t\t\t\t<div class=\"elementor-divider\">\n\t\t\t<span class=\"elementor-divider-separator\">\n\t\t\t\t\t\t<\/span>\n\t\t<\/div>\n\t\t\t\t<\/div>\n\t\t\t\t<\/div>\n\t\t\t\t<div class=\"elementor-element elementor-element-325f51f elementor-widget elementor-widget-google_maps\" data-id=\"325f51f\" data-element_type=\"widget\" data-widget_type=\"google_maps.default\">\n\t\t\t\t<div class=\"elementor-widget-container\">\n\t\t\t\t\t<div class=\"elementor-custom-embed\">\n\t\t\t<iframe loading=\"lazy\"\n\t\t\t\t\tsrc=\"https:\/\/maps.google.com\/maps?q=Abenberger%20Stra%C3%9Fe%209%2C%20Schwabach%2C%20Deutschland&#038;t=m&#038;z=16&#038;output=embed&#038;iwloc=near\"\n\t\t\t\t\ttitle=\"Abenberger Stra\u00dfe 9, Schwabach, Deutschland\"\n\t\t\t\t\taria-label=\"Abenberger Stra\u00dfe 9, Schwabach, Deutschland\"\n\t\t\t><\/iframe>\n\t\t<\/div>\n\t\t\t\t<\/div>\n\t\t\t\t<\/div>\n\t\t\t\t\t<\/div>\n\t\t<\/div>\n\t\t\t\t<div class=\"elementor-column elementor-col-50 elementor-top-column elementor-element elementor-element-f141625\" data-id=\"f141625\" data-element_type=\"column\">\n\t\t\t<div class=\"elementor-widget-wrap elementor-element-populated\">\n\t\t\t\t\t\t<div class=\"elementor-element elementor-element-aa635e8 elementor-widget elementor-widget-heading\" data-id=\"aa635e8\" data-element_type=\"widget\" data-widget_type=\"heading.default\">\n\t\t\t\t<div class=\"elementor-widget-container\">\n\t\t\t<h3 class=\"elementor-heading-title elementor-size-default\">Schnell vergleichen und sparen!<\/h3>\t\t<\/div>\n\t\t\t\t<\/div>\n\t\t\t\t<div class=\"elementor-element elementor-element-380778c elementor-widget elementor-widget-wp-widget-advads_ad_widget\" data-id=\"380778c\" data-element_type=\"widget\" data-widget_type=\"wp-widget-advads_ad_widget.default\">\n\t\t\t\t<div class=\"elementor-widget-container\">\n\t\t\t<div id=\"regio-2148554505\"><div class=\"regio-adlabel\">Werbung<\/div><!-- Beginn https:\/\/www.financeads.net\/-Code --><a href=\"https:\/\/www.financeads.net\/tc.php?t=36648C236142529B\" target=\"_blank\"><img fetchpriority=\"high\" decoding=\"async\" src=\"https:\/\/www.financeads.net\/tb.php?t=36648V236142529B&https=1\" alt=\"\" border=\"0\" width=\"300\" height=\"250\"><\/a><!-- Ende https:\/\/www.financeads.net\/-Code --><\/div>\t\t<\/div>\n\t\t\t\t<\/div>\n\t\t\t\t<div class=\"elementor-element elementor-element-bd26aa5 elementor-widget elementor-widget-wp-widget-advads_ad_widget\" data-id=\"bd26aa5\" data-element_type=\"widget\" data-widget_type=\"wp-widget-advads_ad_widget.default\">\n\t\t\t\t<div class=\"elementor-widget-container\">\n\t\t\t<div id=\"regio-1481454101\"><div class=\"regio-adlabel\">Werbung<\/div><!-- Beginn https:\/\/www.financeads.net\/-Code --><a href=\"https:\/\/www.financeads.net\/tc.php?t=36648C42614510B\" target=\"_blank\"><img decoding=\"async\" src=\"https:\/\/www.financeads.net\/tb.php?t=36648V42614510B&https=1\" alt=\"\" border=\"0\" width=\"200\" height=\"300\"><\/a><!-- Ende https:\/\/www.financeads.net\/-Code --><\/div>\t\t<\/div>\n\t\t\t\t<\/div>\n\t\t\t\t<div class=\"elementor-element elementor-element-abfc6b5 elementor-widget elementor-widget-wp-widget-advads_ad_widget\" data-id=\"abfc6b5\" data-element_type=\"widget\" data-widget_type=\"wp-widget-advads_ad_widget.default\">\n\t\t\t\t<div class=\"elementor-widget-container\">\n\t\t\t<div id=\"regio-2963602027\"><div class=\"regio-adlabel\">Werbung<\/div><!-- Beginn https:\/\/www.financeads.net\/-Code --><a href=\"https:\/\/www.financeads.net\/tc.php?t=36648C205040072B\" target=\"_blank\"><img decoding=\"async\" src=\"https:\/\/www.financeads.net\/tb.php?t=36648V205040072B&https=1\" alt=\"\" border=\"0\" width=\"300\" height=\"250\"><\/a><!-- Ende https:\/\/www.financeads.net\/-Code --><\/div>\t\t<\/div>\n\t\t\t\t<\/div>\n\t\t\t\t<div class=\"elementor-element elementor-element-9b68655 elementor-widget elementor-widget-wp-widget-advads_ad_widget\" data-id=\"9b68655\" data-element_type=\"widget\" data-widget_type=\"wp-widget-advads_ad_widget.default\">\n\t\t\t\t<div class=\"elementor-widget-container\">\n\t\t\t<div id=\"regio-4258089976\"><div class=\"regio-adlabel\">Werbung<\/div><!-- Beginn https:\/\/www.financeads.net\/-Code --><a href=\"https:\/\/www.financeads.net\/tc.php?t=36648C271460142B\" target=\"_blank\"><img loading=\"lazy\" decoding=\"async\" src=\"https:\/\/www.financeads.net\/tb.php?t=36648V271460142B&https=1\" alt=\"PETPROTECT_Hund&Katze_Banner\" border=\"0\" width=\"250\" height=\"250\"><\/a><!-- Ende https:\/\/www.financeads.net\/-Code --><\/div>\t\t<\/div>\n\t\t\t\t<\/div>\n\t\t\t\t\t<\/div>\n\t\t<\/div>\n\t\t\t\t\t<\/div>\n\t\t<\/section>\n\t\t\t\t<\/div>\n\t\t","protected":false},"excerpt":{"rendered":"<div class=\"mh-excerpt\"><p>Weitere neue Impfstation in der Abenberger Stra\u00dfe in Schwabach er\u00f6ffnet Schwabach &#8211; Mit der Er\u00f6ffnung einer Impfstation im Geb\u00e4udes des Bayerischen Roten Kreuzes (BRK) in der Abenberger Stra\u00dfe hat Schwabach erneut die Impfkapazit\u00e4t erweitert. Betrieben <a class=\"mh-excerpt-more\" href=\"https:\/\/www.region-schwabach.de\/wordpress\/wegen-der-grossen-nachfrage-neue-impfstation-in-der-abenberger-strasse-in-schwabach-eroffnet\/\" title=\"Wegen der gro\u00dfen Nachfrage: Neue Impfstation in der Abenberger Stra\u00dfe in Schwabach er\u00f6ffnet\">[&#8230;]<\/a><\/p>\n<\/div>","protected":false},"author":1,"featured_media":156191,"comment_status":"open","ping_status":"open","sticky":false,"template":"","format":"standard","meta":{"_cbd_carousel_blocks":"[]","footnotes":""},"categories":[16,287,61],"tags":[13293,16120,17656,4422,14468,14472,522,17079,8867,1480,19,3012,3151],"class_list":{"0":"post-156190","1":"post","2":"type-post","3":"status-publish","4":"format-standard","5":"has-post-thumbnail","7":"category-aktuell","8":"category-jugend-und-familie","9":"category-rathaus","10":"tag-corona-faelle","11":"tag-dezember-2021","12":"tag-erweiterung","13":"tag-huttersbuehlstrasse","14":"tag-impfung","15":"tag-impfzentrum","16":"tag-koenigsplatz","17":"tag-november-2021","18":"tag-oeffnungszeiten","19":"tag-rathaus","20":"tag-schwabach","21":"tag-stadt","22":"tag-stadt-schwabach"},"_links":{"self":[{"href":"https:\/\/www.region-schwabach.de\/wordpress\/wp-json\/wp\/v2\/posts\/156190","targetHints":{"allow":["GET"]}}],"collection":[{"href":"https:\/\/www.region-schwabach.de\/wordpress\/wp-json\/wp\/v2\/posts"}],"about":[{"href":"https:\/\/www.region-schwabach.de\/wordpress\/wp-json\/wp\/v2\/types\/post"}],"author":[{"embeddable":true,"href":"https:\/\/www.region-schwabach.de\/wordpress\/wp-json\/wp\/v2\/users\/1"}],"replies":[{"embeddable":true,"href":"https:\/\/www.region-schwabach.de\/wordpress\/wp-json\/wp\/v2\/comments?post=156190"}],"version-history":[{"count":0,"href":"https:\/\/www.region-schwabach.de\/wordpress\/wp-json\/wp\/v2\/posts\/156190\/revisions"}],"wp:featuredmedia":[{"embeddable":true,"href":"https:\/\/www.region-schwabach.de\/wordpress\/wp-json\/wp\/v2\/media\/156191"}],"wp:attachment":[{"href":"https:\/\/www.region-schwabach.de\/wordpress\/wp-json\/wp\/v2\/media?parent=156190"}],"wp:term":[{"taxonomy":"category","embeddable":true,"href":"https:\/\/www.region-schwabach.de\/wordpress\/wp-json\/wp\/v2\/categories?post=156190"},{"taxonomy":"post_tag","embeddable":true,"href":"https:\/\/www.region-schwabach.de\/wordpress\/wp-json\/wp\/v2\/tags?post=156190"}],"curies":[{"name":"wp","href":"https:\/\/api.w.org\/{rel}","templated":true}]}}