{"id":156962,"date":"2021-12-09T01:15:00","date_gmt":"2021-12-09T00:15:00","guid":{"rendered":"https:\/\/www.region-schwabach.de\/wordpress\/?p=156962"},"modified":"2021-12-09T10:33:16","modified_gmt":"2021-12-09T09:33:16","slug":"grund-zur-freude-bei-schwabacher-skate-fans-skatepark-in-der-eilgutstrasse-wurde-endlich-eingeweiht","status":"publish","type":"post","link":"https:\/\/www.region-schwabach.de\/wordpress\/grund-zur-freude-bei-schwabacher-skate-fans-skatepark-in-der-eilgutstrasse-wurde-endlich-eingeweiht\/","title":{"rendered":"Grund zur Freude bei Schwabacher Skate-Fans: Skatepark in der Eilgutstra\u00dfe wurde endlich eingeweiht"},"content":{"rendered":"\t\t<div data-elementor-type=\"wp-post\" data-elementor-id=\"156962\" class=\"elementor elementor-156962\">\n\t\t\t\t\t\t<section class=\"elementor-section elementor-top-section elementor-element elementor-element-678181b elementor-section-boxed elementor-section-height-default elementor-section-height-default\" data-id=\"678181b\" data-element_type=\"section\">\n\t\t\t\t\t\t<div class=\"elementor-container elementor-column-gap-default\">\n\t\t\t\t\t<div class=\"elementor-column elementor-col-66 elementor-top-column elementor-element elementor-element-6b34026\" data-id=\"6b34026\" data-element_type=\"column\">\n\t\t\t<div class=\"elementor-widget-wrap elementor-element-populated\">\n\t\t\t\t\t\t<div class=\"elementor-element elementor-element-a974366 elementor-widget elementor-widget-wp-widget-advads_ad_widget\" data-id=\"a974366\" data-element_type=\"widget\" data-widget_type=\"wp-widget-advads_ad_widget.default\">\n\t\t\t\t<div class=\"elementor-widget-container\">\n\t\t\t<div id=\"regio-2444087606\"><div class=\"regio-adlabel\">Werbung<\/div><center><a href=\"https:\/\/a.partner-versicherung.de\/click.php?partner_id=19992&ad_id=1578&deep=kreditkarten\"  target=\"_blank\"><img decoding=\"async\" src=\"https:\/\/a.partner-versicherung.de\/view.php?partner_id=19992&ad_id=1578\" ><\/a><\/center><\/div>\t\t<\/div>\n\t\t\t\t<\/div>\n\t\t\t\t<div class=\"elementor-element elementor-element-443ab98 elementor-widget elementor-widget-text-editor\" data-id=\"443ab98\" data-element_type=\"widget\" data-widget_type=\"text-editor.default\">\n\t\t\t\t<div class=\"elementor-widget-container\">\n\t\t\t\t\t\t\t<h3><span id=\"page43R_mcid11\" class=\"markedContent\"><span dir=\"ltr\" role=\"presentation\">Nach l\u00e4ngeren Planungen:\u00a0<\/span><\/span><span id=\"page43R_mcid12\" class=\"markedContent\"><\/span><span id=\"page43R_mcid13\" class=\"markedContent\"><br role=\"presentation\" \/><span dir=\"ltr\" role=\"presentation\">Skatepark eingeweiht <\/span><\/span><\/h3><p><span style=\"font-size: 12pt;\">Schwabach &#8211; <span id=\"page43R_mcid15\" class=\"markedContent\"><span dir=\"ltr\" role=\"presentation\">Grund zu feiern hatten die Schwabacher Skate-Fans zuletzt: Der Skatepark in <\/span><span dir=\"ltr\" role=\"presentation\">der Eilgutstra\u00dfe wurde feierlich er\u00f6ffnet. Oberb\u00fcrgermeister Peter Rei\u00df, <\/span><span dir=\"ltr\" role=\"presentation\">begleitet von Baureferent Ricus Kerkhoff sowie Sozialreferent Knut <\/span><span dir=\"ltr\" role=\"presentation\">Engelbrecht, freute sich mit den Jugendlichen und jungen Erwachsenen. <\/span><span dir=\"ltr\" role=\"presentation\">Gleichzeitig bedankte er sich bei allen, die daran beteiligt waren, die neuen <\/span><span dir=\"ltr\" role=\"presentation\">Skateelemente aufzubauen. Das waren insbesondere das Amt f\u00fcr <\/span><span dir=\"ltr\" role=\"presentation\">Geb\u00e4udemanagement, der Stadtjugendring und die Kommunale Jugendarbeit. <\/span><\/span><span id=\"page43R_mcid16\" class=\"markedContent\"> <\/span><\/span><\/p><h3>Langwierige Planung<\/h3><p><span style=\"font-size: 12pt;\"><span id=\"page43R_mcid17\" class=\"markedContent\"><span dir=\"ltr\" role=\"presentation\">\u00dcber drei Jahre hatten sich unterschiedliche Gruppen von Skaterinnen und <\/span><span dir=\"ltr\" role=\"presentation\">Skatern, BMX- und Scooter-Fahrende f\u00fcr neue sogenannte \u201eObstacles\u201c <\/span><span dir=\"ltr\" role=\"presentation\">(Hindernisse) eingesetzt. Bereits 2018 startete der Prozess des Umbaus mit <\/span><span dir=\"ltr\" role=\"presentation\">dem ersten Beteiligungsverfahren. Dabei waren auch bereits diejenigen <\/span><span dir=\"ltr\" role=\"presentation\">einbezogen, die den Skatepark nutzen sollten. Bis Februar 2020 fanden <\/span><span dir=\"ltr\" role=\"presentation\">anschlie\u00dfend regelm\u00e4\u00dfige Treffen, sogenannte \u201ePlanungswerkst\u00e4tten\u201c, statt, in <\/span><span dir=\"ltr\" role=\"presentation\">denen W\u00fcnsche und Anregungen ausgiebig diskutiert wurden. Die Street<\/span><span dir=\"ltr\" role=\"presentation\">workerin des Stadtjugendrings, Carolin Hannamann, und Stadtjugendpflegerin <\/span><span dir=\"ltr\" role=\"presentation\">Susanna Regelsberger-Sacco unterst\u00fctzten und begleiteten die Jugendlichen <\/span><span dir=\"ltr\" role=\"presentation\">w\u00e4hrend dieser Zeit. Die Leiterin des Amtes f\u00fcr Geb\u00e4udemanagement, <\/span><span dir=\"ltr\" role=\"presentation\">Margarete Koenen, und ihre Mitarbeiterin Marion Popp haben den Prozess der <\/span><span dir=\"ltr\" role=\"presentation\">Planung und Umsetzung stets begleitet. <\/span><\/span><\/span><\/p><h3>Planung nach W\u00fcnschen der Jugendlichen<\/h3><p><span style=\"font-size: 12pt;\"><span id=\"page43R_mcid19\" class=\"markedContent\"><span dir=\"ltr\" role=\"presentation\">\u201eDer Skatepark wurde genau nach den W\u00fcnschen der Jugendlichen <\/span><span dir=\"ltr\" role=\"presentation\">umgebaut\u201c, so die Streetworkerin Carolin Hannamann. Mit Hindernissen aus <\/span><\/span><span id=\"page1R_mcid0\" class=\"markedContent\"><span dir=\"ltr\" role=\"presentation\">Beton und einer Vergr\u00f6\u00dferung der bestehenden Elemente hat die Firma <\/span><span dir=\"ltr\" role=\"presentation\">Popul\u00e4r die Vorstellungen der Skater umgesetzt. \u201eWir sind begeistert\u201c, war <\/span><span dir=\"ltr\" role=\"presentation\">deren einhelliges Echo bei der Er\u00f6ffnung. Der Skatepark wird seit dem Umbau <\/span><span dir=\"ltr\" role=\"presentation\">gut besucht.\u00a0<\/span><\/span><\/span><\/p><p><a href=\"https:\/\/www.region-schwabach.de\/wordpress\/wp-content\/uploads\/2021\/12\/PM224_Skatepark_Sprung-e1639042367926.jpg\"><img fetchpriority=\"high\" decoding=\"async\" class=\"aligncenter size-full wp-image-156965\" src=\"https:\/\/www.region-schwabach.de\/wordpress\/wp-content\/uploads\/2021\/12\/PM224_Skatepark_Sprung-e1639042367926.jpg\" alt=\"\" width=\"960\" height=\"1440\" \/><\/a><\/p><p><span style=\"font-size: 12pt;\"><span id=\"page1R_mcid1\" class=\"markedContent\"> <\/span><span id=\"page1R_mcid2\" class=\"markedContent\"><strong><span dir=\"ltr\" role=\"presentation\">Foto 1: Bei der offiziellen Einweihung durchschnitt OB Peter Rei\u00df das <\/span><span dir=\"ltr\" role=\"presentation\">obligatorische Band. Die beteiligten Jugendlichen sowie Stadtbaurat Ricus <\/span><span dir=\"ltr\" role=\"presentation\">Kerckhoff (ganz rechts), Stadtr\u00e4tin Magdalena Rei\u00df (2. von rechts), Marion <\/span><span dir=\"ltr\" role=\"presentation\">Popp und Margarete Koenen vom Amt f\u00fcr Geb\u00e4udemanagement (4. und 5. von <\/span><\/strong><span dir=\"ltr\" role=\"presentation\"><strong>rechts) freuten sich mit.<\/strong> <\/span><\/span><\/span><\/p><p><span style=\"font-size: 12pt;\"><span id=\"page1R_mcid3\" class=\"markedContent\"> <\/span><strong><span id=\"page1R_mcid4\" class=\"markedContent\"><span dir=\"ltr\" role=\"presentation\">Foto 2 (Bernhard Leitner, Abdruck honorarfrei): Ein begeisterter Skater in der <\/span><span dir=\"ltr\" role=\"presentation\">neuen Anlage\u00a0<\/span><\/span><\/strong><\/span><\/p>\t\t\t\t\t\t<\/div>\n\t\t\t\t<\/div>\n\t\t\t\t<div class=\"elementor-element elementor-element-f97da20 elementor-widget elementor-widget-shortcode\" data-id=\"f97da20\" data-element_type=\"widget\" data-widget_type=\"shortcode.default\">\n\t\t\t\t<div class=\"elementor-widget-container\">\n\t\t\t\t\t<div class=\"elementor-shortcode\"><center><a href=\"https:\/\/a.partner-versicherung.de\/click.php?partner_id=19992&ad_id=441&deep=kfz-versicherung\"  target=\"_blank\"><img decoding=\"async\" src=\"https:\/\/a.partner-versicherung.de\/view.php?partner_id=19992&ad_id=441\" ><\/a><\/center><\/div>\n\t\t\t\t<\/div>\n\t\t\t\t<\/div>\n\t\t\t\t<div class=\"elementor-element elementor-element-0c834d7 elementor-widget-divider--view-line elementor-widget elementor-widget-divider\" data-id=\"0c834d7\" data-element_type=\"widget\" data-widget_type=\"divider.default\">\n\t\t\t\t<div class=\"elementor-widget-container\">\n\t\t\t\t\t<div class=\"elementor-divider\">\n\t\t\t<span class=\"elementor-divider-separator\">\n\t\t\t\t\t\t<\/span>\n\t\t<\/div>\n\t\t\t\t<\/div>\n\t\t\t\t<\/div>\n\t\t\t\t<div class=\"elementor-element elementor-element-d08c758 elementor-widget elementor-widget-google_maps\" data-id=\"d08c758\" data-element_type=\"widget\" data-widget_type=\"google_maps.default\">\n\t\t\t\t<div class=\"elementor-widget-container\">\n\t\t\t\t\t<div class=\"elementor-custom-embed\">\n\t\t\t<iframe loading=\"lazy\"\n\t\t\t\t\tsrc=\"https:\/\/maps.google.com\/maps?q=K%C3%B6nigsplatz1%2C%20Schwabach%2C%20Deutschland&#038;t=m&#038;z=17&#038;output=embed&#038;iwloc=near\"\n\t\t\t\t\ttitle=\"K\u00f6nigsplatz1, Schwabach, Deutschland\"\n\t\t\t\t\taria-label=\"K\u00f6nigsplatz1, Schwabach, Deutschland\"\n\t\t\t><\/iframe>\n\t\t<\/div>\n\t\t\t\t<\/div>\n\t\t\t\t<\/div>\n\t\t\t\t\t<\/div>\n\t\t<\/div>\n\t\t\t\t<div class=\"elementor-column elementor-col-33 elementor-top-column elementor-element elementor-element-f645137\" data-id=\"f645137\" data-element_type=\"column\">\n\t\t\t<div class=\"elementor-widget-wrap elementor-element-populated\">\n\t\t\t\t\t\t<div class=\"elementor-element elementor-element-1ea8ac5 elementor-widget elementor-widget-heading\" data-id=\"1ea8ac5\" data-element_type=\"widget\" data-widget_type=\"heading.default\">\n\t\t\t\t<div class=\"elementor-widget-container\">\n\t\t\t<h3 class=\"elementor-heading-title elementor-size-default\">Schnell vergleichen und sparen!<\/h3>\t\t<\/div>\n\t\t\t\t<\/div>\n\t\t\t\t<div class=\"elementor-element elementor-element-535444e elementor-widget elementor-widget-wp-widget-advads_ad_widget\" data-id=\"535444e\" data-element_type=\"widget\" data-widget_type=\"wp-widget-advads_ad_widget.default\">\n\t\t\t\t<div class=\"elementor-widget-container\">\n\t\t\t<div id=\"regio-4035903372\"><div class=\"regio-adlabel\">Werbung<\/div><!-- Beginn https:\/\/www.financeads.net\/-Code --><a href=\"https:\/\/www.financeads.net\/tc.php?t=36648C236142529B\" target=\"_blank\"><img decoding=\"async\" src=\"https:\/\/www.financeads.net\/tb.php?t=36648V236142529B&https=1\" alt=\"\" border=\"0\" width=\"300\" height=\"250\"><\/a><!-- Ende https:\/\/www.financeads.net\/-Code --><\/div>\t\t<\/div>\n\t\t\t\t<\/div>\n\t\t\t\t<div class=\"elementor-element elementor-element-c60c6e2 elementor-widget elementor-widget-wp-widget-advads_ad_widget\" data-id=\"c60c6e2\" data-element_type=\"widget\" data-widget_type=\"wp-widget-advads_ad_widget.default\">\n\t\t\t\t<div class=\"elementor-widget-container\">\n\t\t\t<div id=\"regio-2751707376\"><div class=\"regio-adlabel\">Werbung<\/div><!-- Beginn https:\/\/www.financeads.net\/-Code --><a href=\"https:\/\/www.financeads.net\/tc.php?t=36648C42614510B\" target=\"_blank\"><img decoding=\"async\" src=\"https:\/\/www.financeads.net\/tb.php?t=36648V42614510B&https=1\" alt=\"\" border=\"0\" width=\"200\" height=\"300\"><\/a><!-- Ende https:\/\/www.financeads.net\/-Code --><\/div>\t\t<\/div>\n\t\t\t\t<\/div>\n\t\t\t\t<div class=\"elementor-element elementor-element-e099ee1 elementor-widget elementor-widget-wp-widget-advads_ad_widget\" data-id=\"e099ee1\" data-element_type=\"widget\" data-widget_type=\"wp-widget-advads_ad_widget.default\">\n\t\t\t\t<div class=\"elementor-widget-container\">\n\t\t\t<div id=\"regio-4243805360\"><div class=\"regio-adlabel\">Werbung<\/div><!-- Beginn https:\/\/www.financeads.net\/-Code --><a href=\"https:\/\/www.financeads.net\/tc.php?t=36648C205040072B\" target=\"_blank\"><img loading=\"lazy\" decoding=\"async\" src=\"https:\/\/www.financeads.net\/tb.php?t=36648V205040072B&https=1\" alt=\"\" border=\"0\" width=\"300\" height=\"250\"><\/a><!-- Ende https:\/\/www.financeads.net\/-Code --><\/div>\t\t<\/div>\n\t\t\t\t<\/div>\n\t\t\t\t<div class=\"elementor-element elementor-element-a1f4f5f elementor-widget elementor-widget-wp-widget-advads_ad_widget\" data-id=\"a1f4f5f\" data-element_type=\"widget\" data-widget_type=\"wp-widget-advads_ad_widget.default\">\n\t\t\t\t<div class=\"elementor-widget-container\">\n\t\t\t<div id=\"regio-3085970743\"><div class=\"regio-adlabel\">Werbung<\/div><!-- Beginn https:\/\/www.financeads.net\/-Code --><a href=\"https:\/\/www.financeads.net\/tc.php?t=36648C271460142B\" target=\"_blank\"><img loading=\"lazy\" decoding=\"async\" src=\"https:\/\/www.financeads.net\/tb.php?t=36648V271460142B&https=1\" alt=\"PETPROTECT_Hund&Katze_Banner\" border=\"0\" width=\"250\" height=\"250\"><\/a><!-- Ende https:\/\/www.financeads.net\/-Code --><\/div>\t\t<\/div>\n\t\t\t\t<\/div>\n\t\t\t\t\t<\/div>\n\t\t<\/div>\n\t\t\t\t\t<\/div>\n\t\t<\/section>\n\t\t\t\t<\/div>\n\t\t","protected":false},"excerpt":{"rendered":"<div class=\"mh-excerpt\"><p>Nach l\u00e4ngeren Planungen:\u00a0Skatepark eingeweiht Schwabach &#8211; Grund zu feiern hatten die Schwabacher Skate-Fans zuletzt: Der Skatepark in der Eilgutstra\u00dfe wurde feierlich er\u00f6ffnet. Oberb\u00fcrgermeister Peter Rei\u00df, begleitet von Baureferent Ricus Kerkhoff sowie Sozialreferent Knut Engelbrecht, freute <a class=\"mh-excerpt-more\" href=\"https:\/\/www.region-schwabach.de\/wordpress\/grund-zur-freude-bei-schwabacher-skate-fans-skatepark-in-der-eilgutstrasse-wurde-endlich-eingeweiht\/\" title=\"Grund zur Freude bei Schwabacher Skate-Fans: Skatepark in der Eilgutstra\u00dfe wurde endlich eingeweiht\">[&#8230;]<\/a><\/p>\n<\/div>","protected":false},"author":1,"featured_media":156963,"comment_status":"open","ping_status":"open","sticky":false,"template":"","format":"standard","meta":{"_cbd_carousel_blocks":"[]","footnotes":""},"categories":[16,79,61,286,46,140],"tags":[17817,11385,16120,6985,522,5269,12385,17814,1480,17816,19,3943,17815,17818,3151],"class_list":{"0":"post-156962","1":"post","2":"type-post","3":"status-publish","4":"format-standard","5":"has-post-thumbnail","7":"category-aktuell","8":"category-politik","9":"category-rathaus","10":"category-staedtepartnerschaft","11":"category-verbaende","12":"category-vereine","13":"tag-baureferent","14":"tag-bmx","15":"tag-dezember-2021","16":"tag-einweihung","17":"tag-koenigsplatz","18":"tag-oberbuergermeister","19":"tag-peter-reiss","20":"tag-planung","21":"tag-rathaus","22":"tag-ricus-kerkhoff","23":"tag-schwabach","24":"tag-scooter","25":"tag-skater","26":"tag-sozialreferent","27":"tag-stadt-schwabach"},"_links":{"self":[{"href":"https:\/\/www.region-schwabach.de\/wordpress\/wp-json\/wp\/v2\/posts\/156962","targetHints":{"allow":["GET"]}}],"collection":[{"href":"https:\/\/www.region-schwabach.de\/wordpress\/wp-json\/wp\/v2\/posts"}],"about":[{"href":"https:\/\/www.region-schwabach.de\/wordpress\/wp-json\/wp\/v2\/types\/post"}],"author":[{"embeddable":true,"href":"https:\/\/www.region-schwabach.de\/wordpress\/wp-json\/wp\/v2\/users\/1"}],"replies":[{"embeddable":true,"href":"https:\/\/www.region-schwabach.de\/wordpress\/wp-json\/wp\/v2\/comments?post=156962"}],"version-history":[{"count":0,"href":"https:\/\/www.region-schwabach.de\/wordpress\/wp-json\/wp\/v2\/posts\/156962\/revisions"}],"wp:featuredmedia":[{"embeddable":true,"href":"https:\/\/www.region-schwabach.de\/wordpress\/wp-json\/wp\/v2\/media\/156963"}],"wp:attachment":[{"href":"https:\/\/www.region-schwabach.de\/wordpress\/wp-json\/wp\/v2\/media?parent=156962"}],"wp:term":[{"taxonomy":"category","embeddable":true,"href":"https:\/\/www.region-schwabach.de\/wordpress\/wp-json\/wp\/v2\/categories?post=156962"},{"taxonomy":"post_tag","embeddable":true,"href":"https:\/\/www.region-schwabach.de\/wordpress\/wp-json\/wp\/v2\/tags?post=156962"}],"curies":[{"name":"wp","href":"https:\/\/api.w.org\/{rel}","templated":true}]}}