{"id":156971,"date":"2021-12-10T01:15:00","date_gmt":"2021-12-10T00:15:00","guid":{"rendered":"https:\/\/www.region-schwabach.de\/wordpress\/?p=156971"},"modified":"2021-12-09T22:06:39","modified_gmt":"2021-12-09T21:06:39","slug":"bruckenabriss-in-der-hallerstrasse-in-schwabach-wolkersdorf-ab-freitag-den-10-dezember-2021","status":"publish","type":"post","link":"https:\/\/www.region-schwabach.de\/wordpress\/bruckenabriss-in-der-hallerstrasse-in-schwabach-wolkersdorf-ab-freitag-den-10-dezember-2021\/","title":{"rendered":"Br\u00fcckenabriss in der Hallerstra\u00dfe in Schwabach-Wolkersdorf ab Freitag, den 10. Dezember 2021"},"content":{"rendered":"\t\t<div data-elementor-type=\"wp-post\" data-elementor-id=\"156971\" class=\"elementor elementor-156971\">\n\t\t\t\t\t\t<section class=\"elementor-section elementor-top-section elementor-element elementor-element-678181b elementor-section-boxed elementor-section-height-default elementor-section-height-default\" data-id=\"678181b\" data-element_type=\"section\">\n\t\t\t\t\t\t<div class=\"elementor-container elementor-column-gap-default\">\n\t\t\t\t\t<div class=\"elementor-column elementor-col-50 elementor-top-column elementor-element elementor-element-6b34026\" data-id=\"6b34026\" data-element_type=\"column\">\n\t\t\t<div class=\"elementor-widget-wrap elementor-element-populated\">\n\t\t\t\t\t\t<div class=\"elementor-element elementor-element-e347b87 elementor-widget elementor-widget-wp-widget-advads_ad_widget\" data-id=\"e347b87\" data-element_type=\"widget\" data-widget_type=\"wp-widget-advads_ad_widget.default\">\n\t\t\t\t<div class=\"elementor-widget-container\">\n\t\t\t<div id=\"regio-1673035458\"><div class=\"regio-adlabel\">Werbung<\/div><center><a href=\"https:\/\/a.partner-versicherung.de\/click.php?partner_id=19992&ad_id=1578&deep=kreditkarten\"  target=\"_blank\"><img decoding=\"async\" src=\"https:\/\/a.partner-versicherung.de\/view.php?partner_id=19992&ad_id=1578\" ><\/a><\/center><\/div>\t\t<\/div>\n\t\t\t\t<\/div>\n\t\t\t\t<div class=\"elementor-element elementor-element-443ab98 elementor-widget elementor-widget-text-editor\" data-id=\"443ab98\" data-element_type=\"widget\" data-widget_type=\"text-editor.default\">\n\t\t\t\t<div class=\"elementor-widget-container\">\n\t\t\t\t\t\t\t<div class=\"fieldsattachment after_article\">\n<h3 class=\"idgroup_7 group_container\">Radrennen \u201eRund um den Schwabacher Stadtpark\u201c<br \/>Stra\u00dfensperrungen rund ums Parkbad am Sonntag, 3.<br \/>Oktober 2021<\/h3>\n<p class=\"idgroup_7 group_container\"><span style=\"font-size: 12pt;\">Schwabach &#8211; Wegen starker Besch\u00e4digungen muss die Br\u00fccke in der Hallerstra\u00dfe in Schwabach-Wolkersdorf abgerissen werden. Der Abriss findet zwischen Freitag, den 10. Dezember 2021, und Montag, den 13. Dezember 2021, statt. <\/span><\/p>\n<p class=\"idgroup_7 group_container\"><span style=\"font-size: 12pt;\">Eine Sanierung der Br\u00fccke ist nicht m\u00f6glich. Fu\u00dfg\u00e4nger k\u00f6nnen jedoch k\u00fcnftig den Fu\u00dfweg nutzen, der sich etwa 100 Meter weiter \u00f6stlich befindet (siehe Plan). <\/span><\/p>\n<\/div>\t\t\t\t\t\t<\/div>\n\t\t\t\t<\/div>\n\t\t\t\t<div class=\"elementor-element elementor-element-ea2a29f elementor-widget elementor-widget-shortcode\" data-id=\"ea2a29f\" data-element_type=\"widget\" data-widget_type=\"shortcode.default\">\n\t\t\t\t<div class=\"elementor-widget-container\">\n\t\t\t\t\t<div class=\"elementor-shortcode\"><center><a href=\"https:\/\/a.partner-versicherung.de\/click.php?partner_id=19992&ad_id=441&deep=kfz-versicherung\"  target=\"_blank\"><img decoding=\"async\" src=\"https:\/\/a.partner-versicherung.de\/view.php?partner_id=19992&ad_id=441\" ><\/a><\/center><\/div>\n\t\t\t\t<\/div>\n\t\t\t\t<\/div>\n\t\t\t\t<div class=\"elementor-element elementor-element-d8bf5ac elementor-widget elementor-widget-image\" data-id=\"d8bf5ac\" data-element_type=\"widget\" data-widget_type=\"image.default\">\n\t\t\t\t<div class=\"elementor-widget-container\">\n\t\t\t\t\t\t\t\t\t\t\t\t\t<img fetchpriority=\"high\" decoding=\"async\" width=\"1024\" height=\"729\" src=\"https:\/\/www.region-schwabach.de\/wordpress\/wp-content\/uploads\/2021\/12\/PM_Bruecke_Wolkersdorf_2-1024x729.jpg\" class=\"attachment-large size-large wp-image-156974\" alt=\"\" srcset=\"https:\/\/www.region-schwabach.de\/wordpress\/wp-content\/uploads\/2021\/12\/PM_Bruecke_Wolkersdorf_2-1024x729.jpg 1024w, https:\/\/www.region-schwabach.de\/wordpress\/wp-content\/uploads\/2021\/12\/PM_Bruecke_Wolkersdorf_2-300x213.jpg 300w, https:\/\/www.region-schwabach.de\/wordpress\/wp-content\/uploads\/2021\/12\/PM_Bruecke_Wolkersdorf_2-768x546.jpg 768w, https:\/\/www.region-schwabach.de\/wordpress\/wp-content\/uploads\/2021\/12\/PM_Bruecke_Wolkersdorf_2-e1639048425970.jpg 960w\" sizes=\"(max-width: 1024px) 100vw, 1024px\" \/>\t\t\t\t\t\t\t\t\t\t\t\t\t<\/div>\n\t\t\t\t<\/div>\n\t\t\t\t<div class=\"elementor-element elementor-element-21c3450 elementor-widget-divider--view-line elementor-widget elementor-widget-divider\" data-id=\"21c3450\" data-element_type=\"widget\" data-widget_type=\"divider.default\">\n\t\t\t\t<div class=\"elementor-widget-container\">\n\t\t\t\t\t<div class=\"elementor-divider\">\n\t\t\t<span class=\"elementor-divider-separator\">\n\t\t\t\t\t\t<\/span>\n\t\t<\/div>\n\t\t\t\t<\/div>\n\t\t\t\t<\/div>\n\t\t\t\t<div class=\"elementor-element elementor-element-f4c690c elementor-widget elementor-widget-google_maps\" data-id=\"f4c690c\" data-element_type=\"widget\" data-widget_type=\"google_maps.default\">\n\t\t\t\t<div class=\"elementor-widget-container\">\n\t\t\t\t\t<div class=\"elementor-custom-embed\">\n\t\t\t<iframe loading=\"lazy\"\n\t\t\t\t\tsrc=\"https:\/\/maps.google.com\/maps?q=Hallerstra%C3%9Fe%2C%20Schwabach%2C%20Deutschland&#038;t=m&#038;z=16&#038;output=embed&#038;iwloc=near\"\n\t\t\t\t\ttitle=\"Hallerstra\u00dfe, Schwabach, Deutschland\"\n\t\t\t\t\taria-label=\"Hallerstra\u00dfe, Schwabach, Deutschland\"\n\t\t\t><\/iframe>\n\t\t<\/div>\n\t\t\t\t<\/div>\n\t\t\t\t<\/div>\n\t\t\t\t\t<\/div>\n\t\t<\/div>\n\t\t\t\t<div class=\"elementor-column elementor-col-50 elementor-top-column elementor-element elementor-element-3728c60\" data-id=\"3728c60\" data-element_type=\"column\">\n\t\t\t<div class=\"elementor-widget-wrap elementor-element-populated\">\n\t\t\t\t\t\t<div class=\"elementor-element elementor-element-a61f7a8 elementor-widget elementor-widget-heading\" data-id=\"a61f7a8\" data-element_type=\"widget\" data-widget_type=\"heading.default\">\n\t\t\t\t<div class=\"elementor-widget-container\">\n\t\t\t<h3 class=\"elementor-heading-title elementor-size-default\">Schnell vergleichen und sparen!<\/h3>\t\t<\/div>\n\t\t\t\t<\/div>\n\t\t\t\t<div class=\"elementor-element elementor-element-4612fda elementor-widget elementor-widget-wp-widget-advads_ad_widget\" data-id=\"4612fda\" data-element_type=\"widget\" data-widget_type=\"wp-widget-advads_ad_widget.default\">\n\t\t\t\t<div class=\"elementor-widget-container\">\n\t\t\t<div id=\"regio-3991225570\"><div class=\"regio-adlabel\">Werbung<\/div><!-- Beginn https:\/\/www.financeads.net\/-Code --><a href=\"https:\/\/www.financeads.net\/tc.php?t=36648C236142529B\" target=\"_blank\"><img decoding=\"async\" src=\"https:\/\/www.financeads.net\/tb.php?t=36648V236142529B&https=1\" alt=\"\" border=\"0\" width=\"300\" height=\"250\"><\/a><!-- Ende https:\/\/www.financeads.net\/-Code --><\/div>\t\t<\/div>\n\t\t\t\t<\/div>\n\t\t\t\t<div class=\"elementor-element elementor-element-c25b724 elementor-widget elementor-widget-wp-widget-advads_ad_widget\" data-id=\"c25b724\" data-element_type=\"widget\" data-widget_type=\"wp-widget-advads_ad_widget.default\">\n\t\t\t\t<div class=\"elementor-widget-container\">\n\t\t\t<div id=\"regio-2012546187\"><div class=\"regio-adlabel\">Werbung<\/div><!-- Beginn https:\/\/www.financeads.net\/-Code --><a href=\"https:\/\/www.financeads.net\/tc.php?t=36648C42614510B\" target=\"_blank\"><img decoding=\"async\" src=\"https:\/\/www.financeads.net\/tb.php?t=36648V42614510B&https=1\" alt=\"\" border=\"0\" width=\"200\" height=\"300\"><\/a><!-- Ende https:\/\/www.financeads.net\/-Code --><\/div>\t\t<\/div>\n\t\t\t\t<\/div>\n\t\t\t\t<div class=\"elementor-element elementor-element-d3b71dc elementor-widget elementor-widget-wp-widget-advads_ad_widget\" data-id=\"d3b71dc\" data-element_type=\"widget\" data-widget_type=\"wp-widget-advads_ad_widget.default\">\n\t\t\t\t<div class=\"elementor-widget-container\">\n\t\t\t<div id=\"regio-3447872587\"><div class=\"regio-adlabel\">Werbung<\/div><!-- Beginn https:\/\/www.financeads.net\/-Code --><a href=\"https:\/\/www.financeads.net\/tc.php?t=36648C205040072B\" target=\"_blank\"><img loading=\"lazy\" decoding=\"async\" src=\"https:\/\/www.financeads.net\/tb.php?t=36648V205040072B&https=1\" alt=\"\" border=\"0\" width=\"300\" height=\"250\"><\/a><!-- Ende https:\/\/www.financeads.net\/-Code --><\/div>\t\t<\/div>\n\t\t\t\t<\/div>\n\t\t\t\t<div class=\"elementor-element elementor-element-e7bed1f elementor-widget elementor-widget-wp-widget-advads_ad_widget\" data-id=\"e7bed1f\" data-element_type=\"widget\" data-widget_type=\"wp-widget-advads_ad_widget.default\">\n\t\t\t\t<div class=\"elementor-widget-container\">\n\t\t\t<div id=\"regio-3834288006\"><div class=\"regio-adlabel\">Werbung<\/div><!-- Beginn https:\/\/www.financeads.net\/-Code --><a href=\"https:\/\/www.financeads.net\/tc.php?t=36648C271460142B\" target=\"_blank\"><img loading=\"lazy\" decoding=\"async\" src=\"https:\/\/www.financeads.net\/tb.php?t=36648V271460142B&https=1\" alt=\"PETPROTECT_Hund&Katze_Banner\" border=\"0\" width=\"250\" height=\"250\"><\/a><!-- Ende https:\/\/www.financeads.net\/-Code --><\/div>\t\t<\/div>\n\t\t\t\t<\/div>\n\t\t\t\t\t<\/div>\n\t\t<\/div>\n\t\t\t\t\t<\/div>\n\t\t<\/section>\n\t\t\t\t<\/div>\n\t\t","protected":false},"excerpt":{"rendered":"<div class=\"mh-excerpt\"><p>Radrennen \u201eRund um den Schwabacher Stadtpark\u201cStra\u00dfensperrungen rund ums Parkbad am Sonntag, 3.Oktober 2021 Schwabach &#8211; Wegen starker Besch\u00e4digungen muss die Br\u00fccke in der Hallerstra\u00dfe in Schwabach-Wolkersdorf abgerissen werden. Der Abriss findet zwischen Freitag, den 10. <a class=\"mh-excerpt-more\" href=\"https:\/\/www.region-schwabach.de\/wordpress\/bruckenabriss-in-der-hallerstrasse-in-schwabach-wolkersdorf-ab-freitag-den-10-dezember-2021\/\" title=\"Br\u00fcckenabriss in der Hallerstra\u00dfe in Schwabach-Wolkersdorf ab Freitag, den 10. Dezember 2021\">[&#8230;]<\/a><\/p>\n<\/div>","protected":false},"author":1,"featured_media":156972,"comment_status":"open","ping_status":"open","sticky":false,"template":"","format":"standard","meta":{"_cbd_carousel_blocks":"[]","footnotes":""},"categories":[16,61,14],"tags":[17821,17795,17794,17819,1480,19,276,3151,57,400],"class_list":{"0":"post-156971","1":"post","2":"type-post","3":"status-publish","4":"format-standard","5":"has-post-thumbnail","7":"category-aktuell","8":"category-rathaus","9":"category-verkehrsinfos","10":"tag-10-bis-13-dezember-2021","11":"tag-10-dezember-2021","12":"tag-10-12-2021","13":"tag-hallerstrasse","14":"tag-rathaus","15":"tag-schwabach","16":"tag-sperrung","17":"tag-stadt-schwabach","18":"tag-strassensperrung","19":"tag-wolkersdorf"},"_links":{"self":[{"href":"https:\/\/www.region-schwabach.de\/wordpress\/wp-json\/wp\/v2\/posts\/156971","targetHints":{"allow":["GET"]}}],"collection":[{"href":"https:\/\/www.region-schwabach.de\/wordpress\/wp-json\/wp\/v2\/posts"}],"about":[{"href":"https:\/\/www.region-schwabach.de\/wordpress\/wp-json\/wp\/v2\/types\/post"}],"author":[{"embeddable":true,"href":"https:\/\/www.region-schwabach.de\/wordpress\/wp-json\/wp\/v2\/users\/1"}],"replies":[{"embeddable":true,"href":"https:\/\/www.region-schwabach.de\/wordpress\/wp-json\/wp\/v2\/comments?post=156971"}],"version-history":[{"count":0,"href":"https:\/\/www.region-schwabach.de\/wordpress\/wp-json\/wp\/v2\/posts\/156971\/revisions"}],"wp:featuredmedia":[{"embeddable":true,"href":"https:\/\/www.region-schwabach.de\/wordpress\/wp-json\/wp\/v2\/media\/156972"}],"wp:attachment":[{"href":"https:\/\/www.region-schwabach.de\/wordpress\/wp-json\/wp\/v2\/media?parent=156971"}],"wp:term":[{"taxonomy":"category","embeddable":true,"href":"https:\/\/www.region-schwabach.de\/wordpress\/wp-json\/wp\/v2\/categories?post=156971"},{"taxonomy":"post_tag","embeddable":true,"href":"https:\/\/www.region-schwabach.de\/wordpress\/wp-json\/wp\/v2\/tags?post=156971"}],"curies":[{"name":"wp","href":"https:\/\/api.w.org\/{rel}","templated":true}]}}