{"id":157458,"date":"2021-12-15T01:00:00","date_gmt":"2021-12-15T00:00:00","guid":{"rendered":"https:\/\/www.region-schwabach.de\/wordpress\/?p=157458"},"modified":"2021-12-14T20:53:17","modified_gmt":"2021-12-14T19:53:17","slug":"ab-mittwoch-den-15-dezember-2021-gelten-in-schwabach-neue-corona-massnahmen","status":"publish","type":"post","link":"https:\/\/www.region-schwabach.de\/wordpress\/ab-mittwoch-den-15-dezember-2021-gelten-in-schwabach-neue-corona-massnahmen\/","title":{"rendered":"Ab Mittwoch, den 15. Dezember 2021 gelten in Schwabach neue Corona-Ma\u00dfnahmen"},"content":{"rendered":"\t\t<div data-elementor-type=\"wp-post\" data-elementor-id=\"157458\" class=\"elementor elementor-157458\">\n\t\t\t\t\t\t<section class=\"elementor-section elementor-top-section elementor-element elementor-element-678181b elementor-section-boxed elementor-section-height-default elementor-section-height-default\" data-id=\"678181b\" data-element_type=\"section\">\n\t\t\t\t\t\t<div class=\"elementor-container elementor-column-gap-default\">\n\t\t\t\t\t<div class=\"elementor-column elementor-col-50 elementor-top-column elementor-element elementor-element-6b34026\" data-id=\"6b34026\" data-element_type=\"column\">\n\t\t\t<div class=\"elementor-widget-wrap elementor-element-populated\">\n\t\t\t\t\t\t<div class=\"elementor-element elementor-element-5fea1cd elementor-widget elementor-widget-wp-widget-advads_ad_widget\" data-id=\"5fea1cd\" data-element_type=\"widget\" data-widget_type=\"wp-widget-advads_ad_widget.default\">\n\t\t\t\t<div class=\"elementor-widget-container\">\n\t\t\t<div id=\"regio-3485558529\"><div class=\"regio-adlabel\">Werbung<\/div><center><a href=\"https:\/\/a.partner-versicherung.de\/click.php?partner_id=19992&ad_id=1578&deep=kreditkarten\"  target=\"_blank\"><img decoding=\"async\" src=\"https:\/\/a.partner-versicherung.de\/view.php?partner_id=19992&ad_id=1578\" ><\/a><\/center><\/div>\t\t<\/div>\n\t\t\t\t<\/div>\n\t\t\t\t<div class=\"elementor-element elementor-element-443ab98 elementor-widget elementor-widget-text-editor\" data-id=\"443ab98\" data-element_type=\"widget\" data-widget_type=\"text-editor.default\">\n\t\t\t\t<div class=\"elementor-widget-container\">\n\t\t\t\t\t\t\t<h3>Neue Corona-Ma\u00dfnahmen in Schwabach aufgrund der 15. Bayerischen Infektionsschutzma\u00dfnahmenverordnung (BayIfSMV)\u00a0<\/h3><p><span style=\"font-size: 12pt;\">Schwabach &#8211; Folgende Ma\u00dfnahmen zur Bek\u00e4mpfung der Corona-Pandemie gelten nach der <a title=\"Link zur 14.\u00a0Infektionsschutzma\u00dfnahmenverordnung\" href=\"https:\/\/www.verkuendung-bayern.de\/baymbl\/2021-816\/\" target=\"_blank\" rel=\"noopener\">15. Infektionsschutzma\u00dfnahmenverordnung (hier klicken&#8230;)<\/a>, nach aktuellem Stand bis Mittwoch, den 12. Januar 2022:\u00a0<\/span><\/p><h3>Kontaktbeschr\u00e4mkungen<\/h3><ul><li><span style=\"font-size: 12pt;\">An privaten Treffen im \u00f6ffentlichen (z.B. Gastst\u00e4tten) oder privaten Raum (z.B. der eigenen Wohnung), an denen nicht geimpfte und nicht genesene Personen teilnehmen, d\u00fcrfen nur Personen des eigenen Haushalts und zwei weitere Personen teilnehmen.<\/span><\/li><li><span style=\"font-size: 12pt;\">Ehegatten, Lebenspartner und Partnerinnen bzw. Partner einer nichtehelichen Lebensgemeinschaft gelten als ein Haushalt, auch wenn sie keinen gemeinsamen Wohnsitz haben.<\/span><\/li><li><span style=\"font-size: 12pt;\">Bei privaten Feiern und Zusammenk\u00fcnften von Geimpften und Genesenen (nicht in der Gastronomie) gilt eine Teilnehmergrenze von 50 Personen in Innenr\u00e4umen und 200 Personen im Au\u00dfenbereich.\u00a0<\/span><\/li><\/ul><h3>Maskenpflicht<\/h3><p><span style=\"font-size: 12pt;\">Generell muss \u00fcberall in geschlossenen R\u00e4umen, auch in Bussen, Bahnen und Taxis, eine FFP2-Maske getragen werden.<\/span><\/p><p><strong><span style=\"font-size: 12pt;\">Ausnahmen<\/span><\/strong><\/p><ul><li><span style=\"font-size: 12pt;\">in privaten R\u00e4umen<\/span><\/li><li><span style=\"font-size: 12pt;\">Kinder bis zum 6. Geburtstag<\/span><\/li><li><span style=\"font-size: 12pt;\">Personen, die nachweisen k\u00f6nnen, dass sie aufgrund einer Behinderung oder aus gesundheitlichen Gr\u00fcnden keine Maske tragen k\u00f6nnen<\/span><\/li><li><span style=\"font-size: 12pt;\">Kinder und Jugendliche zwischen dem 6. und dem 16. Geburtstag m\u00fcssen nur eine medizinische Gesichtsmaske tragen.\u00a0<\/span><\/li><\/ul><h3>2G plus<\/h3><p><span style=\"font-size: 12pt;\">Zugang ist nur Personen erlaubt, die nachweisen k\u00f6nnen, dass sie vollst\u00e4ndig geimpft oder genesen sind und zus\u00e4tzlich einen negativen Schnelltest (maximal 24 Stunden alt) oder PCR-Test (maximal 48 Stunden alt) vorlegen k\u00f6nnen. Auch Personen mit einer Boosterimpfung haben ab 15. Dezember Zutritt.<\/span><\/p><p><span style=\"font-size: 12pt;\">Ausnahmen sind Kinder bis zu einem Alter von 12 Jahren und 3 Monaten sowie Sch\u00fclerinnen und Sch\u00fcler, die regelm\u00e4\u00dfigen Testungen im Rahmen des Schulbesuchs unterliegen<\/span><\/p><h3>2G-Regel<\/h3><p><span style=\"font-size: 12pt;\">Zugang ist nur Personen erlaubt, die nachweisen k\u00f6nnen, dass sie vollst\u00e4ndig geimpft oder genesen sind.<\/span><\/p><h3>3G-Regel<\/h3><p><span style=\"font-size: 12pt;\">Zugang ist nur Personen erlaubt, die nachweisen k\u00f6nnen, dass sie vollst\u00e4ndig geimpft oder genesen sind oder einen negativen Schnelltest (maximal 24 Stunden alt) oder PCR-Text (maximal 48 Stunden alt) oder vor Ort und unter Aufsicht durchgef\u00fchrten Selbsttest vorlegen k\u00f6nnen.<\/span><\/p><div class=\"articleBody\"><h3><span style=\"font-size: 14pt;\">Schulen<\/span><\/h3><p><span style=\"font-size: 12pt;\">Geimpfte und genesene Sch\u00fcler gelten als getestete Sch\u00fcler und k\u00f6nnen daher ohne zus\u00e4tzlichen Test am Pr\u00e4senzunterricht teilnehmen.<\/span><\/p><p><span style=\"font-size: 12pt;\">Es gilt die Pflicht zum Tragen einer Maske auf dem Schulgel\u00e4nde (auch im Sportunterricht in geschlossenen R\u00e4umen).\u00a0Sch\u00fclerinnen und Sch\u00fcler sowie Lehrkr\u00e4fte und sonstige Besch\u00e4ftigte der Schulen d\u00fcrfen auf dem Schulgel\u00e4nde eine medizinische Gesichtsmaske tragen. Sch\u00fclerinnen und Sch\u00fcler bis einschlie\u00dflich Jahrgangsstufe 4 d\u00fcrfen statt einer medizinischen Gesichtsmaske auch eine textile Mund-Nasen-Bedeckung tragen.<\/span><\/p><p><span style=\"font-size: 12pt;\">Im Unterricht w\u00e4hrend des Sto\u00dfl\u00fcftens und aus zwingenden p\u00e4dagogisch-didaktischen oder schulorganisatorischen Gr\u00fcnden m\u00fcssen Sch\u00fclerinnen und Sch\u00fcler keine Maske tragen.<\/span><\/p><h3>Kindertagesbetreuung<\/h3><p><span style=\"font-size: 12pt;\">Kindertagesbetreuung erfolgt in festen Gruppen.<\/span><\/p><p><span style=\"font-size: 12pt;\">Eltern d\u00fcrfen\u00a0<a href=\"https:\/\/www.schwabach.de\/de\/corona-massnahmen.html#dreig\">nur nach 3G<\/a> die Einrichtung betreten. Es gilt keine Zugangsbeschr\u00e4nkung beim Bringen und Abholen der Kinder.\u00a0<\/span><\/p><h3>Jugendarbeit (Jugendzentren, Jugendtreffs etc.)<\/h3><p><span style=\"font-size: 12pt;\">In Innenr\u00e4umen gilt die 2G-Regel.\u00a0Auch wer sich aus medizinischen Gr\u00fcnden nicht impfen lassen und dies durch Originalattest nachweisen kann, darf das Angebot im Innenbereich nutzen.<\/span><br \/><br \/><span style=\"font-size: 12pt;\">In Innenr\u00e4umen der Offenen Kinder- und Jugendeinrichtungen gilt die Pflicht zum Tragen einer FFP-2 Maske. Davon ausgenommen sind:<\/span><br \/><span style=\"font-size: 12pt;\">&#8211; Kinder und Jugendliche vom 6. bis zum 16. Geburtstag d\u00fcrfen auch eine medizinische Maske tragen.<\/span><br \/><span style=\"font-size: 12pt;\">&#8211; Am festen Sitz-, Steh- oder Arbeitsplatz, wenn zuverl\u00e4ssig ein Abstand von 1,5 Metern zu Personen aus einem anderen Haushalt gewahrt wird.<\/span><br \/><span style=\"font-size: 12pt;\">&#8211; Personen, die aufgrund einer Behinderung oder aus gesundheitlichen Gr\u00fcnden keine Maske tragen k\u00f6nnen.<\/span><\/p><p><span style=\"font-size: 12pt;\">Drau\u00dfen muss keine Maske getragen werden, jedoch m\u00fcssen die\u00a0Kontaktbeschr\u00e4nkungen\u00a0beachtet werden (h\u00f6chstens f\u00fcnf Personen \u00fcber 12 Jahre und 3 Monate aus zwei Haushalten ohne Geimpften- oder Genesenenstatus).<\/span><\/p><p><span style=\"font-size: 12pt;\"><strong>Streetwork, aufsuchende und mobile Jugendarbeit<\/strong><\/span><\/p><p><span style=\"font-size: 12pt;\">Es gelten die \u201enormalen\u201c Vorgaben des Aufenthaltsorts (drau\u00dfen keine Maske, drinnen mit Maske; mindestens 2G-Nachweis f\u00fcr den Zugang zu geschlossenen R\u00e4umen, Kontaktbeschr\u00e4nkungen beachten &#8211; h\u00f6chstens f\u00fcnf Ungeimpfte\/Ungenesene aus zwei Haushalten ab 12 Jahre und 3 Monate).\u00a0<\/span><\/p><h3>Gastronomie<\/h3><p><strong>Zutritt nach der 2G-Regel,\u00a0auch in der Au\u00dfengastronomie.<\/strong><\/p><p><span style=\"font-size: 12pt;\">Ausnahme: Kinder bis zu einem Alter von 12 Jahren und 3 Monaten sowie Sch\u00fclerinnen und Sch\u00fcler, die regelm\u00e4\u00dfig in der Schule getestet werden, haben Zutritt.<\/span><\/p><p><span style=\"font-size: 12pt;\">Solange G\u00e4ste am Tisch sitzen, muss keine Maske getragen werden.<\/span><\/p><p><span style=\"font-size: 12pt;\">Es gilt eine Sperrstunde zwischen 22 Uhr und 5 Uhr. Die Sperrstunde gilt NICHT in der Silvesternacht.<\/span><\/p><p><span style=\"font-size: 12pt;\">Mitnahme und Lieferung von Speisen und Getr\u00e4nke ist jederzeit m\u00f6glich.<\/span><\/p><p><span style=\"font-size: 12pt;\">Bars, Kneipen, Diskos und Clubs bleiben geschlossen<\/span><\/p><p><span style=\"font-size: 12pt;\">Bei einer 7-Tage-Inzidenz von \u00fcber 1000: Schlie\u00dfung der Gastronomie.\u00a0<\/span><\/p><h3>Beherbergungsbetriebe (Hotels, Pensionen und \u00e4hnliches)<\/h3><p><strong><span style=\"font-size: 12pt;\">Zutritt nur nach 2G.<\/span><\/strong><\/p><p><span style=\"font-size: 12pt;\">Minderj\u00e4hrige Sch\u00fclerinnen und Sch\u00fcler haben zus\u00e4tzlich Zutritt.<\/span><\/p><p><span style=\"font-size: 12pt;\">Personen im Rahmen der Durchf\u00fchrung von Pr\u00fcfungen sowie f\u00fcr zwingend erforderliche und unaufschiebbare Dienstreisen mit einem negativen PCR-Test bei Anreise und jeweils nach 72 Stunden d\u00fcrfen in Hotels und Pensionen untergebracht werden.<\/span><\/p><p><span style=\"font-size: 12pt;\">Bei 7-Tage-Inzidenz von \u00fcber 1000: Schlie\u00dfung der Beherbergungsbetriebe\u00a0<\/span><\/p><h3>K\u00f6rpernahe Dienstleistungen (Friseur, Kosmetik, Massagen und \u00e4hnliches)<\/h3><p><strong><span style=\"font-size: 12pt;\">Es gilt Zutritt nach der 2G-Regel.<\/span><\/strong><\/p><p><span style=\"font-size: 12pt;\">Ausnahme: F\u00fcr medizinische oder therapeutische Dienstleistungen gilt keine Zutrittseinschr\u00e4nkung.<\/span><\/p><p><span style=\"font-size: 12pt;\">Die Kontaktdaten m\u00fcssen erfasst und f\u00fcr 14 Tage aufbewahrt werden.<\/span><\/p><p><span style=\"font-size: 12pt;\">Es muss keine Maske getragen werden, wenn es die Dienstleistung nicht zul\u00e4sst, zum Beispiel bei Behandlungen im Gesicht.\u00a0<\/span><\/p><h3>Handel<\/h3><p><span style=\"font-size: 12pt;\">Es haben nur<b>\u00a0<\/b><strong>Geimpfte und Genesene Zutritt zu L\u00e4den und Gesch\u00e4ften (2G-Regel).<\/strong>\u00a0Ausnahmen sind Gesch\u00e4fte &#8222;des t\u00e4glichen Bedarfs&#8220;:\u00a0Lebensmittelhandel (zum Beispiel Superm\u00e4rkte, Discounter, B\u00e4cker, Metzger) einschlie\u00dflich Direktvermarktung, Getr\u00e4nkem\u00e4rkte, Reformh\u00e4user, Babyfachm\u00e4rkte, Apotheken, Sanit\u00e4tsh\u00e4user, Drogeriem\u00e4rkte, Optiker, H\u00f6rakustiker, Tankstellen, Stellen des Zeitungsverkaufs, Filialen des Brief- und Versandhandels, Buchhandlungen, Blumenfachgesch\u00e4fte, Tierbedarfsm\u00e4rkte, Schuhgesch\u00e4fte, Futtermittelm\u00e4rkte, Bau- und Gartenm\u00e4rkte, der Weihnachtsbaumverkauf sowie der Gro\u00dfhandel. Ebenfalls ausgenommen sind Dienstleistungs- und Handwerksbetriebe.<\/span><\/p><p><span style=\"font-size: 12pt;\">Im Handel gilt eine Personengrenze von 10 Quadratmetern pro Kunde.<\/span><\/p><p><span style=\"font-size: 12pt;\">Das Personal muss keine Maske tragen, wenn in Kassen- und Thekenbereichen durch transparente oder sonst geeignete Schutzw\u00e4nde ein zuverl\u00e4ssiger Infektionsschutz gew\u00e4hrleistet ist.<\/span><\/p><p><span style=\"font-size: 12pt;\">Bei 7-Tage-Inzidenz \u00fcber 1000: Personengrenze von 20 Quadratmetern pro Kunde.\u00a0<\/span><\/p><h3>Sport<\/h3><p><span style=\"font-size: 12pt;\">F\u00fcr Sportst\u00e4tten (indoor wie outdoor \/ Training und Wettk\u00e4mpfe) gilt ab sofort nur noch ein Zugang nach 2G plus.<\/span><\/p><p><span style=\"font-size: 12pt;\">Ausgenommen hiervon sind minderj\u00e4hrige Sch\u00fclerinnen und Sch\u00fcler zur eigenen Aus\u00fcbung sportlicher Aktivit\u00e4ten.<\/span><\/p><p><span style=\"font-size: 12pt;\">Die zul\u00e4ssige H\u00f6chstteilnehmerzahl bestimmt sich nach der Anzahl der vorhandenen Pl\u00e4tze, bei denen ein Mindestabstand von 1,5 m zu anderen Pl\u00e4tzen gewahrt ist.<\/span><\/p><p><span style=\"font-size: 12pt;\">Die Zuschauerkapazit\u00e4ten bei Sportveranstaltungen (indoor\/outdoor) werden auf maximal 25 % beschr\u00e4nkt. Zudem besteht dort k\u00fcnftig Maskenpflicht.<\/span><\/p><p><span style=\"font-size: 12pt;\">Der BLSV ver\u00f6ffentlicht auf seiner\u00a0<a title=\"Link zur Internetseite des BLSV mit Handlungsempfehlungen f\u00fcr Sportvereine zur Wiederaufnahme des Sportbetriebs\" href=\"https:\/\/www.blsv.de\/startseite\/service\/news\/coronavirus\/\" target=\"_blank\" rel=\"noopener\">Internetseite laufend Handlungsempfehlungen f\u00fcr Sportvereine zur Wiederaufnahme des Sportbetriebs (hier klicken &#8230;)<\/a>. Hier finden Sie die <a title=\"PDF-Download der Handlungsempfehlungen f\u00fcr Sportvereine zur Wiederaufnahme des Sportbetriebs (Stand 25. November)\" href=\"https:\/\/www.blsv.de\/wp-content\/uploads\/2021\/11\/Handlungsempfehlungen.pdf\">Version vom 29. November (hier klicken &#8230;)<\/a>.<\/span><\/p><p><span style=\"font-size: 12pt;\">Der BLSV hat zudem am 26. November eine Klarstellung ver\u00f6ffentlicht:<\/span><\/p><ul><li><span style=\"font-size: 12pt;\">\u00a0Zutritt zu Sportst\u00e4tten (inkl. B\u00e4dern) nur mit 2G-Regelung plus einem Schnelltest (nicht \u00e4lter als 24 Stunden).<\/span><\/li><li><span style=\"font-size: 12pt;\">Von dieser Regelung ausgenommen sind minderj\u00e4hrige Sch\u00fcler, die einer regelm\u00e4\u00dfigen Testung in der Schule unterliegen.<\/span><\/li><li><span style=\"font-size: 12pt;\">Ebenso ausgenommen von einer zus\u00e4tzlichen Testung sind Besch\u00e4ftigte und ehrenamtlich T\u00e4tige, die geimpft oder genesen sind.<\/span><\/li><li><span style=\"font-size: 12pt;\">Sollten Besch\u00e4ftigte oder ehrenamtlich T\u00e4tige nicht der 2G-Regel entsprechen, m\u00fcssen sie innerhalb einer Woche 2 PCR-Tests vorlegen (nicht \u00e4lter als 48 Stunden).<\/span><\/li><\/ul><p><span style=\"font-size: 12pt;\">Ab 15. Dezember gilt:<\/span><\/p><ul><li><span style=\"font-size: 12pt;\">die 2G-Regel in Sportst\u00e4tten unter freiem Himmel, wenn man selbst Sport treibt<\/span><\/li><li><span style=\"font-size: 12pt;\">die 2G-Plus-Regel in\u00a0f\u00fcr Zuschauer bei Sportveranstaltungen, Sport treiben in geschlossenen R\u00e4umen (auch B\u00e4der und Fitnessstudios)<\/span><\/li><\/ul><h3>Erwachsenenbildung<\/h3><p><span style=\"font-size: 12pt;\">In Hochschulen, au\u00dferschulischen Bildungsangeboten, Aus-, Fort- und Weiterbildung, in der Volkshochschule und \u00e4hnlichen Erwachsenenbildungseinrichtungen, in der Musikschule und in Fahrschulen\u00a0gilt die 2G-Regel.<\/span><\/p><h3>Kultur und Freizeit<\/h3><p><span style=\"font-size: 12pt;\">Zutritt nach 2G plus\u00a0gilt f\u00fcr<\/span><\/p><ul><li><span style=\"font-size: 12pt;\">Freizeiteinrichtungen einschlie\u00dflich Hallenbad, Thermen, Saunen, Solarien, Fitnessstudios, Stadtf\u00fchrungen, Freizeitparks, Indoorspielpl\u00e4tzen, Spielhallen und -banken, Wettannahmestellen, dem touristischen Bahn- und Reisebusverkehr<\/span><\/li><li><span style=\"font-size: 12pt;\">und den Kulturbereich mit Theatern, Opern, Konzerth\u00e4usern, B\u00fchnen, Kinos, Museen, Messen, Tagungen, Kongressen, Ausstellungen, Gedenkst\u00e4tten, Objekten der Bayerischen Verwaltung der staatlichen Schl\u00f6sser, G\u00e4rten und Seen, zoologischen und botanischen G\u00e4rten<\/span><\/li><\/ul><p><span style=\"font-size: 12pt;\">An festen Sitz- oder Stehpl\u00e4tzen, wenn ein Mindestabstand von 1,5 Metern zu anderen Personen eingehalten werden kann, die nicht im eigenen Haushalt leben, muss keine Maske getragen werden.<\/span><\/p><p><span style=\"font-size: 12pt;\">An folgenden Orten gilt ab 15. Dezember der Zutritt\u00a0nach der 2G-Regel:<\/span><\/p><ul><li><span style=\"font-size: 12pt;\">Messen, Tagungen, Kongresse<\/span><\/li><li><span style=\"font-size: 12pt;\">Ausstellungen, Schl\u00f6sser (Innenr\u00e4ume)<\/span><\/li><li><span style=\"font-size: 12pt;\">B\u00e4der, Saunen, Solarien, Fitnessstudios, sonstiger Freizeitbereich<\/span><\/li><li><span style=\"font-size: 12pt;\">F\u00fchrungen unter freiem Himmel<\/span><\/li><\/ul><p><span style=\"font-size: 12pt;\">Minderj\u00e4hrige Sch\u00fcler, die regelm\u00e4\u00dfig getestet werden, haben auch weiterhin (bis 12. Januar 2022) Zutritt bei eigener sportlicher, musikalischer und schauspielerischer Aktivit\u00e4t.\u00a0<\/span><\/p><h3>Veranstaltungen<\/h3><p><span style=\"font-size: 12pt;\">Es gilt Zugang nach 2G plus-Regel.<\/span><\/p><p><span style=\"font-size: 12pt;\">An festen Sitz- oder Stehpl\u00e4tzen, wenn ein Mindestabstand von 1,5 Metern zu anderen Personen eingehalten werden kann, die nicht im eigenen Haushalt leben, muss keine Maske getragen werden.<\/span><\/p><p><span style=\"font-size: 12pt;\">Veranstaltungsorte d\u00fcrfen nur zu maximal 25 Prozent ausgelastet werden.<\/span><\/p><p><span style=\"font-size: 12pt;\">Der Schwabacher Advent, die Eiszeit (Eislaufbahn) und \u201eSchwabach gl\u00e4nzt\u201c entfallen.<\/span><\/p><p><span style=\"font-size: 12pt;\">Bei 7-Tage-Inzidenz von \u00fcber 1000: Absage aller Kulturveranstaltungen.<\/span><\/p><p><span style=\"font-size: 12pt;\">Ab 15. Dezember gilt der Zugang nach der 2G-Regel<\/span><\/p><ul><li><span style=\"font-size: 12pt;\">\u00d6ffentliche Veranstaltungen unter freiem Himmel<\/span><\/li><li><span style=\"font-size: 12pt;\">Private Veranstaltungen unter freiem Himmel (ausgenommen Sport- und Kulturveranstaltungen)\u00a0<\/span><\/li><\/ul><h3>Krankenhaus<\/h3><p><span style=\"font-size: 12pt;\">Im Krankenhaus ist der Zutritt derzeit nur in medizinisch begr\u00fcndeten F\u00e4llen m\u00f6glich (zum Beispiel Besuche Minderj\u00e4hriger oder Begleitung Sterbender) und nach R\u00fccksprache mit dem behandelnden medizinischen Personal m\u00f6glich.\u00a0<\/span><\/p><h3>Senioren- und Pflegeeinrichtungen<\/h3><p><span style=\"font-size: 12pt;\">Zutritt nur f\u00fcr Geimpfte und Genesene nach der 2G-Regel f\u00fcr Geimpfte und Genesene.<\/span><\/p><p><span style=\"font-size: 12pt;\">Ausnahme: Sterbebegleitung ist jederzeit m\u00f6glich.\u00a0<\/span><\/p><h3>Stadtverwaltung<\/h3><p><span style=\"font-size: 12pt;\">F\u00fcr B\u00fcrgerinnen und B\u00fcrger gilt beim Betreten der Geb\u00e4ude der Stadtverwaltung FFP2-Maskenpflicht. Dar\u00fcber hinaus gibt es keine Zugangsbeschr\u00e4nkungen (mit Ausnahme von Trauungen, siehe unten). In Wartebereichen, zum Beispiel im B\u00fcrgerb\u00fcro, muss ein Mindestabstand von 1,5 Metern zu haushaltsfremden Personen eingehalten werden. Generell soll f\u00fcr Beh\u00f6rdeng\u00e4nge vorher telefonisch oder per E-Mail ein Termin bei der Ansprechperson vereinbart werden.<\/span><\/p><p><span style=\"font-size: 12pt;\">F\u00fcr die\u00a0<a title=\"Link zur Terminvereinbarung f\u00fcr die Kfz-Zulassung\" href=\"https:\/\/service-on.schwabach.de\/komxkonsentas_public\/form\/1\/\" target=\"_blank\" rel=\"noopener\">Kfz-Zulassung<\/a>, das\u00a0<a title=\"Link zur Terminvereinbarung f\u00fcr das EInwohnermeldeamt\" href=\"https:\/\/service-on.schwabach.de\/komxkonsentas_public\/form\/2\/\" target=\"_blank\" rel=\"noopener\">Einwohnermeldeamt<\/a>\u00a0sowie f\u00fcr den\u00a0<a title=\"Link zur Terminvereinbarung f\u00fcr das Pass und Ausweiswesen\" href=\"https:\/\/service-on.schwabach.de\/komxkonsentas_public\/form\/3\/\" target=\"_blank\" rel=\"noopener\">Antrag auf Personalausweise und Reisep\u00e4sse<\/a>\u00a0muss ein Termin \u00fcber das Terminvereinbarungssystem vorab eingetragen werden.<\/span><\/p><p><span style=\"font-size: 12pt;\">Termine f\u00fcr Trauungen k\u00f6nnen Sie\u00a0<a title=\"Link zur Seite Terminreservierungen f\u00fcr Trauungen\" href=\"https:\/\/service-on.schwabach.de\/komxkonsentas_public\/form\/10\/\" target=\"_blank\" rel=\"noopener\">unter diesem Link<\/a>\u00a0reservieren. Bei Trauungen im Rathaus gilt f\u00fcr das Brautpaar und die Trauzeugen die\u00a03G-Regel, f\u00fcr die G\u00e4ste die\u00a02G plus-Regel.\u00a0<\/span><\/p><h3>Arbeitsplatz<\/h3><p><span style=\"font-size: 12pt;\">Es gilt der Zugang nach der 3G-Regel.<\/span><\/p><p><span style=\"font-size: 12pt;\">An festen Arbeitspl\u00e4tzen, wenn ein Mindestabstand von 1,5 Metern zu anderen Personen eingehalten werden kann, die nicht im eigenen Haushalt leben, muss keine Maske getragen werden.<\/span><\/p><p><span style=\"font-size: 12pt;\">Personal muss keine Maske tragen, wenn in Kassen- und Thekenbereichen durch transparente oder sonst geeignete Schutzw\u00e4nde ein zuverl\u00e4ssiger Infektionsschutz gew\u00e4hrleistet ist.<\/span><\/p><p><span style=\"font-size: 12pt;\">In bestimmten Bereichen mit Zugang nach der\u00a02G-\u00a0bzw.\u00a02G plus-Regel, gelten versch\u00e4rfte Regelungen auch f\u00fcr Besch\u00e4ftigte f\u00fcr die Tage, an denen Sie Kundenkontakt haben. F\u00fcr Besch\u00e4ftigte, die weder geimpft noch genesen sind, oder keinen solchen Nachweis erbringen wollen, ist an mindestens zwei verschieden Tagen pro Woche ein negativer Testnachweis (nur PCR-Test) zu erbringen. Besch\u00e4ftigte, die geimpft oder genesen sind, m\u00fcssen hier zus\u00e4tzlich an jedem Arbeitstag einen negativen Schnelltest (maximal 24 Stunden alt) oder PCR-Text (maximal 48 Stunden alt) oder einen vor Ort und unter Aufsicht durchgef\u00fchrten Selbsttest vorlegen.<\/span><\/p><p><span style=\"font-size: 12pt;\">Ab 15. Dezember gilt:<\/span><\/p><ul><li><span style=\"font-size: 12pt;\">Die nicht geimpften oder genesenen Betreiber und Besch\u00e4ftigten der nach\u00a02G plus\u00a0oder\u00a02G\u00a0zugangsbeschr\u00e4nkten Betriebe m\u00fcssen k\u00fcnftig nicht mehr verpflichtend jede Woche zwei PCR-Tests erbringen. K\u00fcnftig sind auch arbeitst\u00e4gliche Schnelltests m\u00f6glich.<\/span><\/li><li><span style=\"font-size: 12pt;\">Die Maskenpflicht von Besch\u00e4ftigten an ihrem Arbeitsplatz richtet sich nach arbeitsschutzrechtlichen Bestimmungen. \u00dcber das wie der Maske am Arbeitsplatz entscheidet damit der jeweilige Arbeitgeber gem\u00e4\u00df seiner arbeitsschutzrechtlichen Gef\u00e4hrdungsbeurteilung (Mindeststandard OP-Masken).\u00a0<\/span><\/li><\/ul><h3>Angemeldete Demonstrationen und Kundgebungen<\/h3><p><span style=\"font-size: 12pt;\">Es bestehen keine Zugangsbeschr\u00e4nkungen. Es muss aber eine FFP2-Maske getragen und die Mindestabst\u00e4nde zu Personen, die nicht im eigenen Haushalt leben, eingehalten werden.\u00a0<\/span><\/p><h3>Gottesdienste<\/h3><p><span style=\"font-size: 12pt;\">Es bestehen keine Zugangsbeschr\u00e4nkungen.<\/span><\/p><p><span style=\"font-size: 12pt;\">An festen Sitz- oder Stehpl\u00e4tzen, wenn ein Mindestabstand von 1,5 Metern zu anderen Personen eingehalten werden kann, die nicht im eigenen Haushalt leben, muss nicht zwingend eine Maske getragen werden. Eine Kirchengemeinde kann die Gemeindemitglieder aber zum Tragen einer Maske auffordern, daher sollte man sich rechtzeitig \u00fcber die Vorschriften informieren.\u00a0<\/span><\/p><h3>Sitzungen des Stadtrats und dessen Aussch\u00fcsse<\/h3><p>Zutritt erfolgt nach der 3G-Regel.<\/p><p><span style=\"font-size: 12pt;\">Ein Schnelltest kann im\u00a0<a href=\"https:\/\/www.schwabach.de\/de\/stadtverwaltung\/oberbuergermeister\/97-buergermeister-und-presseamt\/98-neues-aus-dem-buergermeister-und-presseamt\/9137-schnelltestzentrum-im-markgrafensaal.html\" target=\"_self\">Schnelltestzentrum im Foyer des Markgrafensaals<\/a> unmittelbar vor Sitzungbeginn gemacht werden.\u00a0<\/span><\/p><\/div>\t\t\t\t\t\t<\/div>\n\t\t\t\t<\/div>\n\t\t\t\t<div class=\"elementor-element elementor-element-7cc9469 elementor-widget elementor-widget-shortcode\" data-id=\"7cc9469\" data-element_type=\"widget\" data-widget_type=\"shortcode.default\">\n\t\t\t\t<div class=\"elementor-widget-container\">\n\t\t\t\t\t<div class=\"elementor-shortcode\"><center><a href=\"https:\/\/a.partner-versicherung.de\/click.php?partner_id=19992&ad_id=441&deep=kfz-versicherung\"  target=\"_blank\"><img decoding=\"async\" src=\"https:\/\/a.partner-versicherung.de\/view.php?partner_id=19992&ad_id=441\" ><\/a><\/center><\/div>\n\t\t\t\t<\/div>\n\t\t\t\t<\/div>\n\t\t\t\t<div class=\"elementor-element elementor-element-0c834d7 elementor-widget-divider--view-line elementor-widget elementor-widget-divider\" data-id=\"0c834d7\" data-element_type=\"widget\" data-widget_type=\"divider.default\">\n\t\t\t\t<div class=\"elementor-widget-container\">\n\t\t\t\t\t<div class=\"elementor-divider\">\n\t\t\t<span class=\"elementor-divider-separator\">\n\t\t\t\t\t\t<\/span>\n\t\t<\/div>\n\t\t\t\t<\/div>\n\t\t\t\t<\/div>\n\t\t\t\t<div class=\"elementor-element elementor-element-325f51f elementor-widget elementor-widget-google_maps\" data-id=\"325f51f\" data-element_type=\"widget\" data-widget_type=\"google_maps.default\">\n\t\t\t\t<div class=\"elementor-widget-container\">\n\t\t\t\t\t<div class=\"elementor-custom-embed\">\n\t\t\t<iframe loading=\"lazy\"\n\t\t\t\t\tsrc=\"https:\/\/maps.google.com\/maps?q=Schwabach%2C%20Deutschland&#038;t=m&#038;z=15&#038;output=embed&#038;iwloc=near\"\n\t\t\t\t\ttitle=\"Schwabach, Deutschland\"\n\t\t\t\t\taria-label=\"Schwabach, Deutschland\"\n\t\t\t><\/iframe>\n\t\t<\/div>\n\t\t\t\t<\/div>\n\t\t\t\t<\/div>\n\t\t\t\t\t<\/div>\n\t\t<\/div>\n\t\t\t\t<div class=\"elementor-column elementor-col-50 elementor-top-column elementor-element elementor-element-f141625\" data-id=\"f141625\" data-element_type=\"column\">\n\t\t\t<div class=\"elementor-widget-wrap elementor-element-populated\">\n\t\t\t\t\t\t<div class=\"elementor-element elementor-element-aa635e8 elementor-widget elementor-widget-heading\" data-id=\"aa635e8\" data-element_type=\"widget\" data-widget_type=\"heading.default\">\n\t\t\t\t<div class=\"elementor-widget-container\">\n\t\t\t<h3 class=\"elementor-heading-title elementor-size-default\">Schnell vergleichen und sparen!<\/h3>\t\t<\/div>\n\t\t\t\t<\/div>\n\t\t\t\t<div class=\"elementor-element elementor-element-380778c elementor-widget elementor-widget-wp-widget-advads_ad_widget\" data-id=\"380778c\" data-element_type=\"widget\" data-widget_type=\"wp-widget-advads_ad_widget.default\">\n\t\t\t\t<div class=\"elementor-widget-container\">\n\t\t\t<div id=\"regio-3527734300\"><div class=\"regio-adlabel\">Werbung<\/div><!-- Beginn https:\/\/www.financeads.net\/-Code --><a href=\"https:\/\/www.financeads.net\/tc.php?t=36648C236142529B\" target=\"_blank\"><img fetchpriority=\"high\" decoding=\"async\" src=\"https:\/\/www.financeads.net\/tb.php?t=36648V236142529B&https=1\" alt=\"\" border=\"0\" width=\"300\" height=\"250\"><\/a><!-- Ende https:\/\/www.financeads.net\/-Code --><\/div>\t\t<\/div>\n\t\t\t\t<\/div>\n\t\t\t\t<div class=\"elementor-element elementor-element-bd26aa5 elementor-widget elementor-widget-wp-widget-advads_ad_widget\" data-id=\"bd26aa5\" data-element_type=\"widget\" data-widget_type=\"wp-widget-advads_ad_widget.default\">\n\t\t\t\t<div class=\"elementor-widget-container\">\n\t\t\t<div id=\"regio-751337692\"><div class=\"regio-adlabel\">Werbung<\/div><!-- Beginn https:\/\/www.financeads.net\/-Code --><a href=\"https:\/\/www.financeads.net\/tc.php?t=36648C42614510B\" target=\"_blank\"><img decoding=\"async\" src=\"https:\/\/www.financeads.net\/tb.php?t=36648V42614510B&https=1\" alt=\"\" border=\"0\" width=\"200\" height=\"300\"><\/a><!-- Ende https:\/\/www.financeads.net\/-Code --><\/div>\t\t<\/div>\n\t\t\t\t<\/div>\n\t\t\t\t<div class=\"elementor-element elementor-element-abfc6b5 elementor-widget elementor-widget-wp-widget-advads_ad_widget\" data-id=\"abfc6b5\" data-element_type=\"widget\" data-widget_type=\"wp-widget-advads_ad_widget.default\">\n\t\t\t\t<div class=\"elementor-widget-container\">\n\t\t\t<div id=\"regio-2618473574\"><div class=\"regio-adlabel\">Werbung<\/div><!-- Beginn https:\/\/www.financeads.net\/-Code --><a href=\"https:\/\/www.financeads.net\/tc.php?t=36648C205040072B\" target=\"_blank\"><img decoding=\"async\" src=\"https:\/\/www.financeads.net\/tb.php?t=36648V205040072B&https=1\" alt=\"\" border=\"0\" width=\"300\" height=\"250\"><\/a><!-- Ende https:\/\/www.financeads.net\/-Code --><\/div>\t\t<\/div>\n\t\t\t\t<\/div>\n\t\t\t\t<div class=\"elementor-element elementor-element-9b68655 elementor-widget elementor-widget-wp-widget-advads_ad_widget\" data-id=\"9b68655\" data-element_type=\"widget\" data-widget_type=\"wp-widget-advads_ad_widget.default\">\n\t\t\t\t<div class=\"elementor-widget-container\">\n\t\t\t<div id=\"regio-2967882640\"><div class=\"regio-adlabel\">Werbung<\/div><!-- Beginn https:\/\/www.financeads.net\/-Code --><a href=\"https:\/\/www.financeads.net\/tc.php?t=36648C271460142B\" target=\"_blank\"><img loading=\"lazy\" decoding=\"async\" src=\"https:\/\/www.financeads.net\/tb.php?t=36648V271460142B&https=1\" alt=\"PETPROTECT_Hund&Katze_Banner\" border=\"0\" width=\"250\" height=\"250\"><\/a><!-- Ende https:\/\/www.financeads.net\/-Code --><\/div>\t\t<\/div>\n\t\t\t\t<\/div>\n\t\t\t\t\t<\/div>\n\t\t<\/div>\n\t\t\t\t\t<\/div>\n\t\t<\/section>\n\t\t\t\t<\/div>\n\t\t","protected":false},"excerpt":{"rendered":"<div class=\"mh-excerpt\"><p>Neue Corona-Ma\u00dfnahmen in Schwabach aufgrund der 15. Bayerischen Infektionsschutzma\u00dfnahmenverordnung (BayIfSMV)&nbsp; Schwabach &#8211; Folgende Ma\u00dfnahmen zur Bek\u00e4mpfung der Corona-Pandemie gelten nach der 15. Infektionsschutzma\u00dfnahmenverordnung (hier klicken&#8230;), nach aktuellem Stand bis Mittwoch, den 12. Januar 2022:&nbsp; Kontaktbeschr\u00e4mkungen <a class=\"mh-excerpt-more\" href=\"https:\/\/www.region-schwabach.de\/wordpress\/ab-mittwoch-den-15-dezember-2021-gelten-in-schwabach-neue-corona-massnahmen\/\" title=\"Ab Mittwoch, den 15. Dezember 2021 gelten in Schwabach neue Corona-Ma\u00dfnahmen\">[&#8230;]<\/a><\/p>\n<\/div>","protected":false},"author":1,"featured_media":157464,"comment_status":"open","ping_status":"open","sticky":false,"template":"","format":"standard","meta":{"_cbd_carousel_blocks":"[]","footnotes":""},"categories":[16,287,61],"tags":[17886,17885,13953,17475,15355,13293,522,4802,1480,19,3012,3151,14419],"class_list":{"0":"post-157458","1":"post","2":"type-post","3":"status-publish","4":"format-standard","5":"has-post-thumbnail","7":"category-aktuell","8":"category-jugend-und-familie","9":"category-rathaus","10":"tag-15-dezember-2021","11":"tag-15-12-20212","12":"tag-7-tage-inzidenz","13":"tag-ampelregelung","14":"tag-bundesnotbremse","15":"tag-corona-faelle","16":"tag-koenigsplatz","17":"tag-massnahmen","18":"tag-rathaus","19":"tag-schwabach","20":"tag-stadt","21":"tag-stadt-schwabach","22":"tag-weitergehende-massnahmen"},"_links":{"self":[{"href":"https:\/\/www.region-schwabach.de\/wordpress\/wp-json\/wp\/v2\/posts\/157458","targetHints":{"allow":["GET"]}}],"collection":[{"href":"https:\/\/www.region-schwabach.de\/wordpress\/wp-json\/wp\/v2\/posts"}],"about":[{"href":"https:\/\/www.region-schwabach.de\/wordpress\/wp-json\/wp\/v2\/types\/post"}],"author":[{"embeddable":true,"href":"https:\/\/www.region-schwabach.de\/wordpress\/wp-json\/wp\/v2\/users\/1"}],"replies":[{"embeddable":true,"href":"https:\/\/www.region-schwabach.de\/wordpress\/wp-json\/wp\/v2\/comments?post=157458"}],"version-history":[{"count":0,"href":"https:\/\/www.region-schwabach.de\/wordpress\/wp-json\/wp\/v2\/posts\/157458\/revisions"}],"wp:featuredmedia":[{"embeddable":true,"href":"https:\/\/www.region-schwabach.de\/wordpress\/wp-json\/wp\/v2\/media\/157464"}],"wp:attachment":[{"href":"https:\/\/www.region-schwabach.de\/wordpress\/wp-json\/wp\/v2\/media?parent=157458"}],"wp:term":[{"taxonomy":"category","embeddable":true,"href":"https:\/\/www.region-schwabach.de\/wordpress\/wp-json\/wp\/v2\/categories?post=157458"},{"taxonomy":"post_tag","embeddable":true,"href":"https:\/\/www.region-schwabach.de\/wordpress\/wp-json\/wp\/v2\/tags?post=157458"}],"curies":[{"name":"wp","href":"https:\/\/api.w.org\/{rel}","templated":true}]}}