{"id":157785,"date":"2021-12-19T01:00:00","date_gmt":"2021-12-19T00:00:00","guid":{"rendered":"https:\/\/www.region-schwabach.de\/wordpress\/?p=157785"},"modified":"2021-12-18T23:49:40","modified_gmt":"2021-12-18T22:49:40","slug":"fuhrung-durch-die-sonderausstellung-schwabach-600-jahre-stadtkirche-im-stadtmuseum-am-sonntag-den-19-dezember-2021","status":"publish","type":"post","link":"https:\/\/www.region-schwabach.de\/wordpress\/fuhrung-durch-die-sonderausstellung-schwabach-600-jahre-stadtkirche-im-stadtmuseum-am-sonntag-den-19-dezember-2021\/","title":{"rendered":"F\u00fchrung durch die Sonderausstellung \u201eSchwabach &#8211; 600 Jahre Stadt+Kirche&#8220; im Stadtmuseum am Sonntag, den 19. Dezember 2021"},"content":{"rendered":"\t\t<div data-elementor-type=\"wp-post\" data-elementor-id=\"157785\" class=\"elementor elementor-157785\">\n\t\t\t\t\t\t<section class=\"elementor-section elementor-top-section elementor-element elementor-element-678181b elementor-section-boxed elementor-section-height-default elementor-section-height-default\" data-id=\"678181b\" data-element_type=\"section\">\n\t\t\t\t\t\t<div class=\"elementor-container elementor-column-gap-default\">\n\t\t\t\t\t<div class=\"elementor-column elementor-col-50 elementor-top-column elementor-element elementor-element-6b34026\" data-id=\"6b34026\" data-element_type=\"column\">\n\t\t\t<div class=\"elementor-widget-wrap elementor-element-populated\">\n\t\t\t\t\t\t<div class=\"elementor-element elementor-element-15a5ce5 elementor-widget elementor-widget-wp-widget-advads_ad_widget\" data-id=\"15a5ce5\" data-element_type=\"widget\" data-widget_type=\"wp-widget-advads_ad_widget.default\">\n\t\t\t\t<div class=\"elementor-widget-container\">\n\t\t\t<div id=\"regio-3936488482\"><div class=\"regio-adlabel\">Werbung<\/div><center><a href=\"https:\/\/a.partner-versicherung.de\/click.php?partner_id=19992&ad_id=1578&deep=kreditkarten\"  target=\"_blank\"><img decoding=\"async\" src=\"https:\/\/a.partner-versicherung.de\/view.php?partner_id=19992&ad_id=1578\" ><\/a><\/center><\/div>\t\t<\/div>\n\t\t\t\t<\/div>\n\t\t\t\t<div class=\"elementor-element elementor-element-443ab98 elementor-widget elementor-widget-text-editor\" data-id=\"443ab98\" data-element_type=\"widget\" data-widget_type=\"text-editor.default\">\n\t\t\t\t<div class=\"elementor-widget-container\">\n\t\t\t\t\t\t\t<h3 class=\"entry-title\"><span id=\"page36R_mcid9\" class=\"markedContent\"><span dir=\"ltr\" role=\"presentation\">Am Sonntag, den 19. Dezember 2021:\u00a0<br \/><\/span><\/span><span id=\"page36R_mcid10\" class=\"markedContent\"><span dir=\"ltr\" role=\"presentation\">F\u00fchrung durch \u201e600 Jahre Stadt+Kirche\u201c<\/span><\/span><\/h3><p><span style=\"font-size: 12pt;\">Schwabach &#8211; <span id=\"page36R_mcid12\" class=\"markedContent\"><span dir=\"ltr\" role=\"presentation\">Noch bis zum 30. Dezember ist die Sonderausstellung \u201e600 Jahre Stadt+Kirche <\/span><span dir=\"ltr\" role=\"presentation\">Schwabach\u201c im Stadtmuseum zu sehen. Der Geschichtsbeauftragte der <\/span><span dir=\"ltr\" role=\"presentation\">evangelisch-lutherischen Kirchengemeinde in Schwabach, Michael Kummer, <\/span><span dir=\"ltr\" role=\"presentation\">bietet am Sonntag, den 19. Dezember, um 14.00 Uhr eine F\u00fchrung durch diese <\/span><span dir=\"ltr\" role=\"presentation\">Jubil\u00e4umsausstellung an. Der Eintritt f\u00fcr Erwachsene kostet einschlie\u00dflich <\/span><span dir=\"ltr\" role=\"presentation\">F\u00fchrung 5 Euro, f\u00fcr Kinder 2,50 Euro. <\/span><\/span><span id=\"page36R_mcid13\" class=\"markedContent\"><br role=\"presentation\" \/><\/span><span id=\"page36R_mcid14\" class=\"markedContent\"><br role=\"presentation\" \/><span dir=\"ltr\" role=\"presentation\">Im vergangenen Jahr feierte das vielleicht bedeutendste Bauwerk der Stadt <\/span><span dir=\"ltr\" role=\"presentation\">das 600-j\u00e4hrige Jubil\u00e4um der Weihe des Hauptaltars und des Chorraumes. Im <\/span><span dir=\"ltr\" role=\"presentation\">Mittelpunkt der Ausstellung steht die enge Verbindung der Bev\u00f6lkerung zu ihrer <\/span><span dir=\"ltr\" role=\"presentation\">Stadtkirche. Verschiedene Themenbereiche veranschaulichen das Engage<\/span><span dir=\"ltr\" role=\"presentation\">ment der B\u00fcrgerinnen und B\u00fcrger, angefangen vom Kirchenbau \u00fcber die <\/span><span dir=\"ltr\" role=\"presentation\">Einf\u00fchrung der Reformation in Schwabach bis hin zur letzten gro\u00dfen <\/span><span dir=\"ltr\" role=\"presentation\">Kirchensanierung zwischen 2010 und 2015. <\/span><\/span><span id=\"page36R_mcid15\" class=\"markedContent\"><br role=\"presentation\" \/><\/span><span id=\"page36R_mcid16\" class=\"markedContent\"><br role=\"presentation\" \/><span dir=\"ltr\" role=\"presentation\">Es gilt die 2G+-Regel. Kinder unter zw\u00f6lf Jahren sind davon ausgenommen. <\/span><span dir=\"ltr\" role=\"presentation\">Zudem m\u00fcssen alle Personen ab 17 Jahren im gesamten Museumsgeb\u00e4ude <\/span><span dir=\"ltr\" role=\"presentation\">eine FFP2-Maske tragen. Kinder von 6 bis 16 Jahren ben\u00f6tigen lediglich eine <\/span><span dir=\"ltr\" role=\"presentation\">OP-Maske. <\/span><\/span><span id=\"page36R_mcid17\" class=\"markedContent\"><br role=\"presentation\" \/><\/span><span id=\"page36R_mcid18\" class=\"markedContent\"><br role=\"presentation\" \/><span dir=\"ltr\" role=\"presentation\">Weitere Infos unter www.schwabach-stadtmuseum.de oder unter Telefon <\/span><span dir=\"ltr\" role=\"presentation\">09122-860-600. <\/span><\/span><span id=\"page36R_mcid19\" class=\"markedContent\"><br role=\"presentation\" \/><\/span><span id=\"page36R_mcid20\" class=\"markedContent\"><br role=\"presentation\" \/><strong><span dir=\"ltr\" role=\"presentation\">Foto: Michael Kummer w\u00e4hrend der F\u00fchrung\u00a0<\/span><\/strong><\/span><\/span><\/p><p>\u00a0<\/p><h3><span style=\"font-size: 12pt;\">Infos:<\/span><\/h3><ul style=\"list-style-type: disc;\"><li><span style=\"font-size: 12pt;\">Stadtmuseum, Museumsstra\u00dfe 1, 91126 Schwabach, Besuchereingang: Dr.-Haas-Stra\u00dfe<\/span><\/li><li><span style=\"font-size: 12pt;\">Ausstellungsdauer: 04.10.2020 &#8211;\u00a0 30.12.2021<\/span><\/li><li><span style=\"font-size: 12pt;\">\u00d6ffnungszeiten: Mittwoch bis Sonntag und Feiertage 10 bis 18 Uhr<\/span><\/li><li><span style=\"font-size: 12pt;\">Eintritt: \u20ac 5,00, erm\u00e4\u00dfigt \u20ac 2,50<\/span><\/li><li><span style=\"font-size: 12pt;\">Veranstalter: Stadtmuseum Schwabach<\/span><\/li><\/ul><h3 class=\"idgroup_7 group_container\"><span style=\"font-size: 12pt;\">Ausstellungszeiten<\/span><\/h3><p><span style=\"font-size: 12pt;\">Ge\u00f6ffnet ist die Sonderausstellung im Stadtmuseum Schwabach (Museumsstra\u00dfe 1) zu folgenden Zeiten:<\/span><\/p><table style=\"border-collapse: collapse; width: 100%; height: 144px;\" border=\"1\"><tbody><tr style=\"height: 24px;\"><td style=\"width: 33.3333%; height: 24px;\"><span style=\"font-size: 12pt;\">Tag<\/span><\/td><td style=\"width: 33.3333%; height: 24px;\"><span style=\"font-size: 12pt;\">Von &#8230;<\/span><\/td><td style=\"width: 33.3333%; height: 24px;\"><span style=\"font-size: 12pt;\">&#8230; bis<\/span><\/td><\/tr><tr style=\"height: 24px;\"><td style=\"width: 33.3333%; height: 24px;\">\u00a0<\/td><td style=\"width: 33.3333%; height: 24px;\">\u00a0<\/td><td style=\"width: 33.3333%; height: 24px;\">\u00a0<\/td><\/tr><tr><td style=\"width: 33.3333%;\"><span style=\"font-size: 12pt;\">Mittwoch<\/span><\/td><td style=\"width: 33.3333%;\"><span style=\"font-size: 12pt;\">10.00 Uhr<\/span><\/td><td style=\"width: 33.3333%;\"><span style=\"font-size: 12pt;\">18.00 Uhr<\/span><\/td><\/tr><tr style=\"height: 24px;\"><td style=\"width: 33.3333%; height: 24px;\"><span style=\"font-size: 12pt;\">Donnerstag<\/span><\/td><td style=\"width: 33.3333%; height: 24px;\"><span style=\"font-size: 12pt;\">10.00 Uhr<\/span><\/td><td style=\"width: 33.3333%; height: 24px;\"><span style=\"font-size: 12pt;\">18.00 Uhr<\/span><\/td><\/tr><tr style=\"height: 24px;\"><td style=\"width: 33.3333%; height: 24px;\"><span style=\"font-size: 12pt;\">Freitag<\/span><\/td><td style=\"width: 33.3333%; height: 24px;\"><span style=\"font-size: 12pt;\">10.00 Uhr<\/span><\/td><td style=\"width: 33.3333%; height: 24px;\"><span style=\"font-size: 12pt;\">18.00 Uhr<\/span><\/td><\/tr><tr style=\"height: 24px;\"><td style=\"width: 33.3333%; height: 24px;\"><span style=\"font-size: 12pt;\">Samstag<\/span><\/td><td style=\"width: 33.3333%; height: 24px;\"><span style=\"font-size: 12pt;\">10.00 Uhr<\/span><\/td><td style=\"width: 33.3333%; height: 24px;\"><span style=\"font-size: 12pt;\">18.00 Uhr<\/span><\/td><\/tr><tr style=\"height: 24px;\"><td style=\"width: 33.3333%; height: 24px;\"><span style=\"font-size: 12pt;\">Sonntag<\/span><\/td><td style=\"width: 33.3333%; height: 24px;\"><span style=\"font-size: 12pt;\">10.00 Uhr<\/span><\/td><td style=\"width: 33.3333%; height: 24px;\"><span style=\"font-size: 12pt;\">18.00 Uhr<\/span><\/td><\/tr><\/tbody><\/table><h3>Weiterf\u00fchrende Links:<\/h3><p><span style=\"font-size: 12pt;\"><a href=\"https:\/\/www.schwabach.de\/de\/kulturportal-stadtmuseum\/stadtmuseum.html\" target=\"_blank\" rel=\"noopener\">Zur Homepage vom Stadtmuseum Schwabach geht&#8217;s hier &#8230;<\/a><\/span><\/p><p><span style=\"font-size: 12pt;\"><a href=\"https:\/\/www.region-schwabach.de\/wordpress\/wp-content\/uploads\/2020\/10\/PM184_Stadtkirche_1-scaled-e1601799907367.jpg\"><img fetchpriority=\"high\" decoding=\"async\" class=\"aligncenter size-full wp-image-119854\" src=\"https:\/\/www.region-schwabach.de\/wordpress\/wp-content\/uploads\/2020\/10\/PM184_Stadtkirche_1-scaled-e1601799907367.jpg\" alt=\"\" width=\"960\" height=\"576\" \/><strong>Foto:<\/strong> Die Stadtkirche bei der Wiederer\u00f6ffnung nach der Sanierung 2015<\/a><\/span><\/p>\t\t\t\t\t\t<\/div>\n\t\t\t\t<\/div>\n\t\t\t\t<div class=\"elementor-element elementor-element-b629d18 elementor-widget elementor-widget-shortcode\" data-id=\"b629d18\" data-element_type=\"widget\" data-widget_type=\"shortcode.default\">\n\t\t\t\t<div class=\"elementor-widget-container\">\n\t\t\t\t\t<div class=\"elementor-shortcode\"><!-- Beginn https:\/\/www.financeads.net\/-Code --><a href=\"https:\/\/www.financeads.net\/tc.php?t=36648C38513858B\" target=\"_blank\"><center><img decoding=\"async\" src=\"https:\/\/www.financeads.net\/tb.php?t=36648V38513858B&https=1\" alt=\"\" border=\"0\" width=\"468\" height=\"60\"><\/a><!-- Ende https:\/\/www.financeads.net\/-Code --><\/div>\n\t\t\t\t<\/div>\n\t\t\t\t<\/div>\n\t\t\t\t<div class=\"elementor-element elementor-element-0c834d7 elementor-widget-divider--view-line elementor-widget elementor-widget-divider\" data-id=\"0c834d7\" data-element_type=\"widget\" data-widget_type=\"divider.default\">\n\t\t\t\t<div class=\"elementor-widget-container\">\n\t\t\t\t\t<div class=\"elementor-divider\">\n\t\t\t<span class=\"elementor-divider-separator\">\n\t\t\t\t\t\t<\/span>\n\t\t<\/div>\n\t\t\t\t<\/div>\n\t\t\t\t<\/div>\n\t\t\t\t<div class=\"elementor-element elementor-element-325f51f elementor-widget elementor-widget-google_maps\" data-id=\"325f51f\" data-element_type=\"widget\" data-widget_type=\"google_maps.default\">\n\t\t\t\t<div class=\"elementor-widget-container\">\n\t\t\t\t\t<div class=\"elementor-custom-embed\">\n\t\t\t<iframe loading=\"lazy\"\n\t\t\t\t\tsrc=\"https:\/\/maps.google.com\/maps?q=Museumsstra%C3%9Fe%201a%2C%20Schwabach%2C%20Deutschland&#038;t=m&#038;z=17&#038;output=embed&#038;iwloc=near\"\n\t\t\t\t\ttitle=\"Museumsstra\u00dfe 1a, Schwabach, Deutschland\"\n\t\t\t\t\taria-label=\"Museumsstra\u00dfe 1a, Schwabach, Deutschland\"\n\t\t\t><\/iframe>\n\t\t<\/div>\n\t\t\t\t<\/div>\n\t\t\t\t<\/div>\n\t\t\t\t\t<\/div>\n\t\t<\/div>\n\t\t\t\t<div class=\"elementor-column elementor-col-50 elementor-top-column elementor-element elementor-element-04e9480\" data-id=\"04e9480\" data-element_type=\"column\">\n\t\t\t<div class=\"elementor-widget-wrap elementor-element-populated\">\n\t\t\t\t\t\t<div class=\"elementor-element elementor-element-96e85c2 elementor-widget elementor-widget-heading\" data-id=\"96e85c2\" data-element_type=\"widget\" data-widget_type=\"heading.default\">\n\t\t\t\t<div class=\"elementor-widget-container\">\n\t\t\t<h3 class=\"elementor-heading-title elementor-size-default\">Schnell vergleichen und sparen!<\/h3>\t\t<\/div>\n\t\t\t\t<\/div>\n\t\t\t\t<div class=\"elementor-element elementor-element-f341bec elementor-widget elementor-widget-wp-widget-advads_ad_widget\" data-id=\"f341bec\" data-element_type=\"widget\" data-widget_type=\"wp-widget-advads_ad_widget.default\">\n\t\t\t\t<div class=\"elementor-widget-container\">\n\t\t\t<div id=\"regio-1295087154\"><div class=\"regio-adlabel\">Werbung<\/div><!-- Beginn https:\/\/www.financeads.net\/-Code --><a href=\"https:\/\/www.financeads.net\/tc.php?t=36648C236142529B\" target=\"_blank\"><img decoding=\"async\" src=\"https:\/\/www.financeads.net\/tb.php?t=36648V236142529B&https=1\" alt=\"\" border=\"0\" width=\"300\" height=\"250\"><\/a><!-- Ende https:\/\/www.financeads.net\/-Code --><\/div>\t\t<\/div>\n\t\t\t\t<\/div>\n\t\t\t\t<div class=\"elementor-element elementor-element-8b091dd elementor-widget elementor-widget-wp-widget-advads_ad_widget\" data-id=\"8b091dd\" data-element_type=\"widget\" data-widget_type=\"wp-widget-advads_ad_widget.default\">\n\t\t\t\t<div class=\"elementor-widget-container\">\n\t\t\t<div id=\"regio-1177840141\"><div class=\"regio-adlabel\">Werbung<\/div><!-- Beginn https:\/\/www.financeads.net\/-Code --><a href=\"https:\/\/www.financeads.net\/tc.php?t=36648C42614510B\" target=\"_blank\"><img loading=\"lazy\" decoding=\"async\" src=\"https:\/\/www.financeads.net\/tb.php?t=36648V42614510B&https=1\" alt=\"\" border=\"0\" width=\"200\" height=\"300\"><\/a><!-- Ende https:\/\/www.financeads.net\/-Code --><\/div>\t\t<\/div>\n\t\t\t\t<\/div>\n\t\t\t\t<div class=\"elementor-element elementor-element-0fda94e elementor-widget elementor-widget-wp-widget-advads_ad_widget\" data-id=\"0fda94e\" data-element_type=\"widget\" data-widget_type=\"wp-widget-advads_ad_widget.default\">\n\t\t\t\t<div class=\"elementor-widget-container\">\n\t\t\t<div id=\"regio-52605255\"><div class=\"regio-adlabel\">Werbung<\/div><!-- Beginn https:\/\/www.financeads.net\/-Code --><a href=\"https:\/\/www.financeads.net\/tc.php?t=36648C205040072B\" target=\"_blank\"><img loading=\"lazy\" decoding=\"async\" src=\"https:\/\/www.financeads.net\/tb.php?t=36648V205040072B&https=1\" alt=\"\" border=\"0\" width=\"300\" height=\"250\"><\/a><!-- Ende https:\/\/www.financeads.net\/-Code --><\/div>\t\t<\/div>\n\t\t\t\t<\/div>\n\t\t\t\t<div class=\"elementor-element elementor-element-7ef0c9f elementor-widget elementor-widget-wp-widget-advads_ad_widget\" data-id=\"7ef0c9f\" data-element_type=\"widget\" data-widget_type=\"wp-widget-advads_ad_widget.default\">\n\t\t\t\t<div class=\"elementor-widget-container\">\n\t\t\t<div id=\"regio-3801920464\"><div class=\"regio-adlabel\">Werbung<\/div><!-- Beginn https:\/\/www.financeads.net\/-Code --><a href=\"https:\/\/www.financeads.net\/tc.php?t=36648C271460142B\" target=\"_blank\"><img loading=\"lazy\" decoding=\"async\" src=\"https:\/\/www.financeads.net\/tb.php?t=36648V271460142B&https=1\" alt=\"PETPROTECT_Hund&Katze_Banner\" border=\"0\" width=\"250\" height=\"250\"><\/a><!-- Ende https:\/\/www.financeads.net\/-Code --><\/div>\t\t<\/div>\n\t\t\t\t<\/div>\n\t\t\t\t\t<\/div>\n\t\t<\/div>\n\t\t\t\t\t<\/div>\n\t\t<\/section>\n\t\t\t\t<section class=\"elementor-section elementor-top-section elementor-element elementor-element-30ea74c elementor-section-boxed elementor-section-height-default elementor-section-height-default\" data-id=\"30ea74c\" data-element_type=\"section\">\n\t\t\t\t\t\t<div class=\"elementor-container elementor-column-gap-default\">\n\t\t\t\t\t<div class=\"elementor-column elementor-col-100 elementor-top-column elementor-element elementor-element-486b589\" data-id=\"486b589\" data-element_type=\"column\">\n\t\t\t<div class=\"elementor-widget-wrap elementor-element-populated\">\n\t\t\t\t\t\t<div class=\"elementor-element elementor-element-e8fc10c elementor-widget elementor-widget-image\" data-id=\"e8fc10c\" data-element_type=\"widget\" data-widget_type=\"image.default\">\n\t\t\t\t<div class=\"elementor-widget-container\">\n\t\t\t\t\t\t\t\t\t\t\t\t\t\t<a href=\"http:\/\/www.region-schwabach.de\/wordpress\/wp-content\/uploads\/2018\/12\/Kopp-01-30-cm-bei-300-dpi-e1544535047933.jpg\" data-elementor-open-lightbox=\"yes\" data-elementor-lightbox-title=\"Kopp-01 30 cm bei 300 dpi\" data-e-action-hash=\"#elementor-action%3Aaction%3Dlightbox%26settings%3DeyJpZCI6Njk0MzAsInVybCI6Imh0dHBzOlwvXC93d3cucmVnaW9uLXNjaHdhYmFjaC5kZVwvd29yZHByZXNzXC93cC1jb250ZW50XC91cGxvYWRzXC8yMDE4XC8xMlwvS29wcC0wMS0zMC1jbS1iZWktMzAwLWRwaS1lMTU0NDUzNTA0NzkzMy5qcGcifQ%3D%3D\">\n\t\t\t\t\t\t\t<img loading=\"lazy\" decoding=\"async\" width=\"960\" height=\"2682\" src=\"https:\/\/www.region-schwabach.de\/wordpress\/wp-content\/uploads\/2018\/12\/Kopp-01-30-cm-bei-300-dpi-e1544535047933.jpg\" class=\"attachment-full size-full wp-image-69430\" alt=\"\" \/>\t\t\t\t\t\t\t\t<\/a>\n\t\t\t\t\t\t\t\t\t\t\t\t\t<\/div>\n\t\t\t\t<\/div>\n\t\t\t\t\t<\/div>\n\t\t<\/div>\n\t\t\t\t\t<\/div>\n\t\t<\/section>\n\t\t\t\t<\/div>\n\t\t","protected":false},"excerpt":{"rendered":"<div class=\"mh-excerpt\"><p>Am Sonntag, den 19. Dezember 2021:&nbsp; F\u00fchrung durch \u201e600 Jahre Stadt+Kirche\u201c Schwabach &#8211; Noch bis zum 30. Dezember ist die Sonderausstellung \u201e600 Jahre Stadt+Kirche Schwabach\u201c im Stadtmuseum zu sehen. Der Geschichtsbeauftragte der evangelisch-lutherischen Kirchengemeinde in <a class=\"mh-excerpt-more\" href=\"https:\/\/www.region-schwabach.de\/wordpress\/fuhrung-durch-die-sonderausstellung-schwabach-600-jahre-stadtkirche-im-stadtmuseum-am-sonntag-den-19-dezember-2021\/\" title=\"F\u00fchrung durch die Sonderausstellung \u201eSchwabach &#8211; 600 Jahre Stadt+Kirche&#8220; im Stadtmuseum am Sonntag, den 19. Dezember 2021\">[&#8230;]<\/a><\/p>\n<\/div>","protected":false},"author":1,"featured_media":157786,"comment_status":"open","ping_status":"open","sticky":false,"template":"","format":"standard","meta":{"_cbd_carousel_blocks":"[]","footnotes":""},"categories":[16,287,61,7504,231],"tags":[17911,17910,13859,3155,420,19,4812,3151,55,13862,13861,3739],"class_list":{"0":"post-157785","1":"post","2":"type-post","3":"status-publish","4":"format-standard","5":"has-post-thumbnail","7":"category-aktuell","8":"category-jugend-und-familie","9":"category-rathaus","10":"category-stadtmuseum-nachrichten","11":"category-veranstaltungsnews","12":"tag-19-dezember-2021","13":"tag-19-12-2021","14":"tag-600-jahre-stadtkirche","15":"tag-ausstellung","16":"tag-museumsstrasse","17":"tag-schwabach","18":"tag-sonderausstellung","19":"tag-stadt-schwabach","20":"tag-stadtgeschichte","21":"tag-stadtgesellschaft","22":"tag-stadtkirche-st-johannes-und-st-martin","23":"tag-stadtmuseum"},"_links":{"self":[{"href":"https:\/\/www.region-schwabach.de\/wordpress\/wp-json\/wp\/v2\/posts\/157785","targetHints":{"allow":["GET"]}}],"collection":[{"href":"https:\/\/www.region-schwabach.de\/wordpress\/wp-json\/wp\/v2\/posts"}],"about":[{"href":"https:\/\/www.region-schwabach.de\/wordpress\/wp-json\/wp\/v2\/types\/post"}],"author":[{"embeddable":true,"href":"https:\/\/www.region-schwabach.de\/wordpress\/wp-json\/wp\/v2\/users\/1"}],"replies":[{"embeddable":true,"href":"https:\/\/www.region-schwabach.de\/wordpress\/wp-json\/wp\/v2\/comments?post=157785"}],"version-history":[{"count":0,"href":"https:\/\/www.region-schwabach.de\/wordpress\/wp-json\/wp\/v2\/posts\/157785\/revisions"}],"wp:featuredmedia":[{"embeddable":true,"href":"https:\/\/www.region-schwabach.de\/wordpress\/wp-json\/wp\/v2\/media\/157786"}],"wp:attachment":[{"href":"https:\/\/www.region-schwabach.de\/wordpress\/wp-json\/wp\/v2\/media?parent=157785"}],"wp:term":[{"taxonomy":"category","embeddable":true,"href":"https:\/\/www.region-schwabach.de\/wordpress\/wp-json\/wp\/v2\/categories?post=157785"},{"taxonomy":"post_tag","embeddable":true,"href":"https:\/\/www.region-schwabach.de\/wordpress\/wp-json\/wp\/v2\/tags?post=157785"}],"curies":[{"name":"wp","href":"https:\/\/api.w.org\/{rel}","templated":true}]}}