{"id":158006,"date":"2021-12-21T00:45:00","date_gmt":"2021-12-20T23:45:00","guid":{"rendered":"https:\/\/www.region-schwabach.de\/wordpress\/?p=158006"},"modified":"2021-12-21T09:33:18","modified_gmt":"2021-12-21T08:33:18","slug":"vereinbarung-zur-versorgung-von-schlaganfall-patienten-im-sudlichen-mittelfranken-getroffen","status":"publish","type":"post","link":"https:\/\/www.region-schwabach.de\/wordpress\/vereinbarung-zur-versorgung-von-schlaganfall-patienten-im-sudlichen-mittelfranken-getroffen\/","title":{"rendered":"Vereinbarung zur Versorgung von Schlaganfall-Patienten im s\u00fcdlichen Mittelfranken getroffen"},"content":{"rendered":"\t\t<div data-elementor-type=\"wp-post\" data-elementor-id=\"158006\" class=\"elementor elementor-158006\">\n\t\t\t\t\t\t<section class=\"elementor-section elementor-top-section elementor-element elementor-element-678181b elementor-section-boxed elementor-section-height-default elementor-section-height-default\" data-id=\"678181b\" data-element_type=\"section\">\n\t\t\t\t\t\t<div class=\"elementor-container elementor-column-gap-default\">\n\t\t\t\t\t<div class=\"elementor-column elementor-col-66 elementor-top-column elementor-element elementor-element-6b34026\" data-id=\"6b34026\" data-element_type=\"column\">\n\t\t\t<div class=\"elementor-widget-wrap elementor-element-populated\">\n\t\t\t\t\t\t<div class=\"elementor-element elementor-element-a974366 elementor-widget elementor-widget-wp-widget-advads_ad_widget\" data-id=\"a974366\" data-element_type=\"widget\" data-widget_type=\"wp-widget-advads_ad_widget.default\">\n\t\t\t\t<div class=\"elementor-widget-container\">\n\t\t\t<div id=\"regio-3567618263\"><div class=\"regio-adlabel\">Werbung<\/div><center><a href=\"https:\/\/a.partner-versicherung.de\/click.php?partner_id=19992&ad_id=1578&deep=kreditkarten\"  target=\"_blank\"><img decoding=\"async\" src=\"https:\/\/a.partner-versicherung.de\/view.php?partner_id=19992&ad_id=1578\" ><\/a><\/center><\/div>\t\t<\/div>\n\t\t\t\t<\/div>\n\t\t\t\t<div class=\"elementor-element elementor-element-443ab98 elementor-widget elementor-widget-text-editor\" data-id=\"443ab98\" data-element_type=\"widget\" data-widget_type=\"text-editor.default\">\n\t\t\t\t<div class=\"elementor-widget-container\">\n\t\t\t\t\t\t\t<h3><span id=\"page46R_mcid10\" class=\"markedContent\"><span dir=\"ltr\" role=\"presentation\">F\u00fcr den Rettungsdienstbereich Mittelfranken S\u00fcd<\/span> <\/span><span id=\"page46R_mcid11\" class=\"markedContent\"><br role=\"presentation\" \/><span dir=\"ltr\" role=\"presentation\">Neues Konzept f\u00fcr Versorgung von Schlaganfallpatienten<\/span><\/span><\/h3><p><span style=\"font-size: 12pt;\">Schwabach &#8211; <span id=\"page46R_mcid12\" class=\"markedContent\"><span dir=\"ltr\" role=\"presentation\">Eine noch bessere Versorgung von Schlaganfallpatienten im s\u00fcdlichen <\/span><span dir=\"ltr\" role=\"presentation\">Mittelfranken: Dies ist das Ziel einer Vereinbarung, die im <\/span><span dir=\"ltr\" role=\"presentation\">Rettungsdienstbereich Mittelfranken S\u00fcd t\u00e4tigen Rettungsdienstorganisationen <\/span><span dir=\"ltr\" role=\"presentation\">und Klinken, die Integrierte Leitstelle und Vertreter des Zweckverbands f\u00fcr <\/span><span dir=\"ltr\" role=\"presentation\">Rettungsdienst und Feuerwehralarmierung im Schwabacher Rathaus <\/span><span dir=\"ltr\" role=\"presentation\">unterzeichnet haben. \u201eBei Schlaganf\u00e4llen kommt es auf jede Minute an. <\/span><span dir=\"ltr\" role=\"presentation\">Deswegen ist eine bestm\u00f6gliche Kommunikation und Zusammenarbeit <\/span><span dir=\"ltr\" role=\"presentation\">zwischen allen an der Schlaganfallversorgung Beteiligten zwingend <\/span><span dir=\"ltr\" role=\"presentation\">notwendig\u201c, betont der Verbandsvorsitzende des Rettungszweckverbandes <\/span><span dir=\"ltr\" role=\"presentation\">Knut Engelbrecht. \u201eDeshalb danke ich allen Beteiligten, besonders aber <\/span><span dir=\"ltr\" role=\"presentation\">unserem \u00c4rztlichen Leiter Rettungsdienst, Alfred Cacek, daf\u00fcr, dass sie dieses <\/span><span dir=\"ltr\" role=\"presentation\">Projekt so schnell und konstruktiv auf den Weg gebracht haben.\u201c\u00a0<\/span><\/span><span id=\"page46R_mcid13\" class=\"markedContent\"><br role=\"presentation\" \/><\/span><span id=\"page46R_mcid14\" class=\"markedContent\"><br role=\"presentation\" \/><span dir=\"ltr\" role=\"presentation\">Das neue Versorgungskonzept f\u00fcr Mittelfranken setzt auch das f\u00fcr Bayern <\/span><span dir=\"ltr\" role=\"presentation\">erarbeitete \u201eRettungsdienstkonzept Schlaganfall&#8220; auf lokaler Ebene um. Dieses <\/span><span dir=\"ltr\" role=\"presentation\">ist wiederum Grundlage der Zertifizierung als \u201eStroke-Unit&#8220; nach dem Standard <\/span><span dir=\"ltr\" role=\"presentation\">der Deutschen Schlaganfallgesellschaft (DSG). Enthalten sind in diesem <\/span><span dir=\"ltr\" role=\"presentation\">Konzept Vorgaben insbesondere f\u00fcr Notrufabfrage und <\/span><span dir=\"ltr\" role=\"presentation\">Einsatzmitteldisposition, die Behandlung von Schlaganfallpatienten im <\/span><span dir=\"ltr\" role=\"presentation\">Rettungsdienst sowie zur Frage, welche Zielklinik f\u00fcr die Behandlung solcher <\/span><span dir=\"ltr\" role=\"presentation\">F\u00e4lle geeignet sind.\u00a0<\/span><\/span><\/span><\/p><h3><span style=\"font-size: 12pt;\"><span id=\"page1R_mcid0\" class=\"markedContent\"><span dir=\"ltr\" role=\"presentation\">Schlaganfallversorgende Kliniken <\/span><\/span><span id=\"page1R_mcid1\" class=\"markedContent\"><br role=\"presentation\" \/><\/span><\/span><\/h3><p><span style=\"font-size: 12pt;\"><span id=\"page1R_mcid1\" class=\"markedContent\"><span dir=\"ltr\" role=\"presentation\">F\u00fcr die qualifizierte Erstversorgung von akuten Schlaganfallpatienten erf\u00fcllen <\/span><span dir=\"ltr\" role=\"presentation\">im Rettungsdienstbereich Mittelfranken S\u00fcd die Diakoneo-Klinik Schwabach, <\/span><span dir=\"ltr\" role=\"presentation\">die Kreisklinik Roth, das Klinikum Altm\u00fchlfranken Gunzenhausen und das <\/span><span dir=\"ltr\" role=\"presentation\">Klinikum Altm\u00fchlfranken Wei\u00dfenburg die in den Empfehlungen des Rettungs<\/span><span dir=\"ltr\" role=\"presentation\">dienstausschusses geforderten Kriterien und stehen bei einem \u201eVerdacht auf <\/span><span dir=\"ltr\" role=\"presentation\">Schlaganfall\u201c als prim\u00e4re Zielkliniken f\u00fcr den Rettungsdienst zur Verf\u00fcgung. <\/span><\/span><span id=\"page1R_mcid2\" class=\"markedContent\"><br role=\"presentation\" \/><\/span><span id=\"page1R_mcid3\" class=\"markedContent\"><br role=\"presentation\" \/><span dir=\"ltr\" role=\"presentation\">Die Voranmeldung der von Schlaganfall Betroffenen ist in der vertraglichen <\/span><span dir=\"ltr\" role=\"presentation\">Vereinbarung genauso festgelegt wie die \u00dcbermittlung der Patienten-Daten <\/span><span dir=\"ltr\" role=\"presentation\">und die \u00dcbergabe der Patienten. Die beteiligten Kliniken verpflichten sich, <\/span><span dir=\"ltr\" role=\"presentation\">kurzfristig \u00fcber ein elektronisches Meldesystem die relevanten \u00c4nderungen f\u00fcr <\/span><span dir=\"ltr\" role=\"presentation\">die Aufnahmebereitschaft f\u00fcr die Schlaganfallversorgung zu melden. So kann <\/span><span dir=\"ltr\" role=\"presentation\">die Integrierte Leitstelle schnell und zuverl\u00e4ssig, die jeweils geeignete und <\/span><span dir=\"ltr\" role=\"presentation\">behandlungsbereite Klinik vermitteln. Auch die Verlegung, Weiterbehandlung <\/span><span dir=\"ltr\" role=\"presentation\">und Klinikkooperationen wurden in der Vereinbarung festgelegt. Ebenso sind <\/span><span dir=\"ltr\" role=\"presentation\">Qualit\u00e4tssicherung und ein regelm\u00e4\u00dfiger fachlicher Austausch Teil des <\/span><span dir=\"ltr\" role=\"presentation\">abgestimmten Vorgehens. Festgelegte Prozesskennzahlen werden erfasst und <\/span><span dir=\"ltr\" role=\"presentation\">untereinander ausgetauscht. <\/span><\/span><span id=\"page1R_mcid4\" class=\"markedContent\"><br role=\"presentation\" \/><\/span><span id=\"page1R_mcid5\" class=\"markedContent\"><br role=\"presentation\" \/><span dir=\"ltr\" role=\"presentation\">Der akute Schlaganfall ist ein medizinischer Notfall. Er muss schnellstm\u00f6glich <\/span><span dir=\"ltr\" role=\"presentation\">festgestellt und optimal behandelt werden. Die aktuellen Leitlinien zur Versor<\/span><span dir=\"ltr\" role=\"presentation\">gung von Schlaganfallpatienten der ma\u00dfgeblichen Fachgesellschaften <\/span><span dir=\"ltr\" role=\"presentation\">(Deutsche Gesellschaft f\u00fcr Neurologie\/ Deutsche Schlaganfallgesellschaft, <\/span><span dir=\"ltr\" role=\"presentation\">European Stroke Organisation) fordern die Versorgung von Schlaganfall<\/span><span dir=\"ltr\" role=\"presentation\">patienten in daf\u00fcr spezialisierten Behandlungseinheiten, den gegebenenfalls\u00a0<\/span><br role=\"presentation\" \/><span dir=\"ltr\" role=\"presentation\">telemedizinisch vernetzten STROKE-Units. Je fr\u00fcher mit der Akutbehandlung <\/span><span dir=\"ltr\" role=\"presentation\">im Krankenhaus begonnen wird, desto h\u00f6her sind die Chancen, dass ein <\/span><span dir=\"ltr\" role=\"presentation\">Gehirnschaden bei den Betroffenen vermieden werden kann. Voraussetzung <\/span><span dir=\"ltr\" role=\"presentation\">daf\u00fcr ist, dass alle an der Rettungskette Beteiligten koordiniert zusammen<\/span><span dir=\"ltr\" role=\"presentation\">wirken und die Schnittstellen optimiert werden. <\/span><\/span><span id=\"page1R_mcid6\" class=\"markedContent\"><br role=\"presentation\" \/><\/span><span id=\"page1R_mcid7\" class=\"markedContent\"><br role=\"presentation\" \/><span dir=\"ltr\" role=\"presentation\"><strong>Foto (von links):<\/strong> Karl Dirr (Leiter Rettungsdienst, BRK KV S\u00fcdfranken), Alfred <\/span><span dir=\"ltr\" role=\"presentation\">Cacek (\u00c4rztlicher Leiter Rettungsdienst Mittelfranken S\u00fcd), Marco Henkel <\/span><span dir=\"ltr\" role=\"presentation\">(Abteilungsleiter Integrierte Leitstelle Mittelfranken S\u00fcd), Stadtrechtsrat Knut <\/span><span dir=\"ltr\" role=\"presentation\">Engelbrecht, Oberarzt Dr. Burim Sallaj (Kreisklinik Roth), Hans-J\u00fcrgen <\/span><span dir=\"ltr\" role=\"presentation\">H\u00e4hnlein (Leiter Rechtsamt der Stadt Schwabach). Es fehlen: Jasmin Meyer <\/span><\/span><span id=\"page3R_mcid0\" class=\"markedContent\"><span dir=\"ltr\" role=\"presentation\">(Leitende Neurologin Diakoneo-Klinik Schwabach), Chefarzt Dr. med Heiko <\/span><span dir=\"ltr\" role=\"presentation\">Preismeier (Klinikum Altm\u00fchlfranken Gunzenhausen), Chefarzt Dr. med <\/span><span dir=\"ltr\" role=\"presentation\">Stephan Limmer (Klinikum Altm\u00fchlfranken Wei\u00dfenburg)\u00a0<\/span><\/span><\/span><\/p>\t\t\t\t\t\t<\/div>\n\t\t\t\t<\/div>\n\t\t\t\t<div class=\"elementor-element elementor-element-f97da20 elementor-widget elementor-widget-shortcode\" data-id=\"f97da20\" data-element_type=\"widget\" data-widget_type=\"shortcode.default\">\n\t\t\t\t<div class=\"elementor-widget-container\">\n\t\t\t\t\t<div class=\"elementor-shortcode\"><center><a href=\"https:\/\/a.partner-versicherung.de\/click.php?partner_id=19992&ad_id=441&deep=kfz-versicherung\"  target=\"_blank\"><img decoding=\"async\" src=\"https:\/\/a.partner-versicherung.de\/view.php?partner_id=19992&ad_id=441\" ><\/a><\/center><\/div>\n\t\t\t\t<\/div>\n\t\t\t\t<\/div>\n\t\t\t\t<div class=\"elementor-element elementor-element-0c834d7 elementor-widget-divider--view-line elementor-widget elementor-widget-divider\" data-id=\"0c834d7\" data-element_type=\"widget\" data-widget_type=\"divider.default\">\n\t\t\t\t<div class=\"elementor-widget-container\">\n\t\t\t\t\t<div class=\"elementor-divider\">\n\t\t\t<span class=\"elementor-divider-separator\">\n\t\t\t\t\t\t<\/span>\n\t\t<\/div>\n\t\t\t\t<\/div>\n\t\t\t\t<\/div>\n\t\t\t\t<div class=\"elementor-element elementor-element-d08c758 elementor-widget elementor-widget-google_maps\" data-id=\"d08c758\" data-element_type=\"widget\" data-widget_type=\"google_maps.default\">\n\t\t\t\t<div class=\"elementor-widget-container\">\n\t\t\t\t\t<div class=\"elementor-custom-embed\">\n\t\t\t<iframe loading=\"lazy\"\n\t\t\t\t\tsrc=\"https:\/\/maps.google.com\/maps?q=K%C3%B6nigsplatz1%2C%20Schwabach%2C%20Deutschland&#038;t=m&#038;z=17&#038;output=embed&#038;iwloc=near\"\n\t\t\t\t\ttitle=\"K\u00f6nigsplatz1, Schwabach, Deutschland\"\n\t\t\t\t\taria-label=\"K\u00f6nigsplatz1, Schwabach, Deutschland\"\n\t\t\t><\/iframe>\n\t\t<\/div>\n\t\t\t\t<\/div>\n\t\t\t\t<\/div>\n\t\t\t\t\t<\/div>\n\t\t<\/div>\n\t\t\t\t<div class=\"elementor-column elementor-col-33 elementor-top-column elementor-element elementor-element-f645137\" data-id=\"f645137\" data-element_type=\"column\">\n\t\t\t<div class=\"elementor-widget-wrap elementor-element-populated\">\n\t\t\t\t\t\t<div class=\"elementor-element elementor-element-1ea8ac5 elementor-widget elementor-widget-heading\" data-id=\"1ea8ac5\" data-element_type=\"widget\" data-widget_type=\"heading.default\">\n\t\t\t\t<div class=\"elementor-widget-container\">\n\t\t\t<h3 class=\"elementor-heading-title elementor-size-default\">Schnell vergleichen und sparen!<\/h3>\t\t<\/div>\n\t\t\t\t<\/div>\n\t\t\t\t<div class=\"elementor-element elementor-element-535444e elementor-widget elementor-widget-wp-widget-advads_ad_widget\" data-id=\"535444e\" data-element_type=\"widget\" data-widget_type=\"wp-widget-advads_ad_widget.default\">\n\t\t\t\t<div class=\"elementor-widget-container\">\n\t\t\t<div id=\"regio-3806827106\"><div class=\"regio-adlabel\">Werbung<\/div><!-- Beginn https:\/\/www.financeads.net\/-Code --><a href=\"https:\/\/www.financeads.net\/tc.php?t=36648C236142529B\" target=\"_blank\"><img fetchpriority=\"high\" decoding=\"async\" src=\"https:\/\/www.financeads.net\/tb.php?t=36648V236142529B&https=1\" alt=\"\" border=\"0\" width=\"300\" height=\"250\"><\/a><!-- Ende https:\/\/www.financeads.net\/-Code --><\/div>\t\t<\/div>\n\t\t\t\t<\/div>\n\t\t\t\t<div class=\"elementor-element elementor-element-c60c6e2 elementor-widget elementor-widget-wp-widget-advads_ad_widget\" data-id=\"c60c6e2\" data-element_type=\"widget\" data-widget_type=\"wp-widget-advads_ad_widget.default\">\n\t\t\t\t<div class=\"elementor-widget-container\">\n\t\t\t<div id=\"regio-1059699999\"><div class=\"regio-adlabel\">Werbung<\/div><!-- Beginn https:\/\/www.financeads.net\/-Code --><a href=\"https:\/\/www.financeads.net\/tc.php?t=36648C42614510B\" target=\"_blank\"><img decoding=\"async\" src=\"https:\/\/www.financeads.net\/tb.php?t=36648V42614510B&https=1\" alt=\"\" border=\"0\" width=\"200\" height=\"300\"><\/a><!-- Ende https:\/\/www.financeads.net\/-Code --><\/div>\t\t<\/div>\n\t\t\t\t<\/div>\n\t\t\t\t<div class=\"elementor-element elementor-element-e099ee1 elementor-widget elementor-widget-wp-widget-advads_ad_widget\" data-id=\"e099ee1\" data-element_type=\"widget\" data-widget_type=\"wp-widget-advads_ad_widget.default\">\n\t\t\t\t<div class=\"elementor-widget-container\">\n\t\t\t<div id=\"regio-3056316665\"><div class=\"regio-adlabel\">Werbung<\/div><!-- Beginn https:\/\/www.financeads.net\/-Code --><a href=\"https:\/\/www.financeads.net\/tc.php?t=36648C205040072B\" target=\"_blank\"><img decoding=\"async\" src=\"https:\/\/www.financeads.net\/tb.php?t=36648V205040072B&https=1\" alt=\"\" border=\"0\" width=\"300\" height=\"250\"><\/a><!-- Ende https:\/\/www.financeads.net\/-Code --><\/div>\t\t<\/div>\n\t\t\t\t<\/div>\n\t\t\t\t<div class=\"elementor-element elementor-element-a1f4f5f elementor-widget elementor-widget-wp-widget-advads_ad_widget\" data-id=\"a1f4f5f\" data-element_type=\"widget\" data-widget_type=\"wp-widget-advads_ad_widget.default\">\n\t\t\t\t<div class=\"elementor-widget-container\">\n\t\t\t<div id=\"regio-4085036317\"><div class=\"regio-adlabel\">Werbung<\/div><!-- Beginn https:\/\/www.financeads.net\/-Code --><a href=\"https:\/\/www.financeads.net\/tc.php?t=36648C271460142B\" target=\"_blank\"><img loading=\"lazy\" decoding=\"async\" src=\"https:\/\/www.financeads.net\/tb.php?t=36648V271460142B&https=1\" alt=\"PETPROTECT_Hund&Katze_Banner\" border=\"0\" width=\"250\" height=\"250\"><\/a><!-- Ende https:\/\/www.financeads.net\/-Code --><\/div>\t\t<\/div>\n\t\t\t\t<\/div>\n\t\t\t\t\t<\/div>\n\t\t<\/div>\n\t\t\t\t\t<\/div>\n\t\t<\/section>\n\t\t\t\t<\/div>\n\t\t","protected":false},"excerpt":{"rendered":"<div class=\"mh-excerpt\"><p>F\u00fcr den Rettungsdienstbereich Mittelfranken S\u00fcd Neues Konzept f\u00fcr Versorgung von Schlaganfallpatienten Schwabach &#8211; Eine noch bessere Versorgung von Schlaganfallpatienten im s\u00fcdlichen Mittelfranken: Dies ist das Ziel einer Vereinbarung, die im Rettungsdienstbereich Mittelfranken S\u00fcd t\u00e4tigen Rettungsdienstorganisationen <a class=\"mh-excerpt-more\" href=\"https:\/\/www.region-schwabach.de\/wordpress\/vereinbarung-zur-versorgung-von-schlaganfall-patienten-im-sudlichen-mittelfranken-getroffen\/\" title=\"Vereinbarung zur Versorgung von Schlaganfall-Patienten im s\u00fcdlichen Mittelfranken getroffen\">[&#8230;]<\/a><\/p>\n<\/div>","protected":false},"author":1,"featured_media":158007,"comment_status":"open","ping_status":"open","sticky":false,"template":"","format":"standard","meta":{"_cbd_carousel_blocks":"[]","footnotes":""},"categories":[16,287,79,61],"tags":[17924,16120,17927,17925,10359,522,17926,1480,17923,19,3012,3151,17921,17922],"class_list":{"0":"post-158006","1":"post","2":"type-post","3":"status-publish","4":"format-standard","5":"has-post-thumbnail","7":"category-aktuell","8":"category-jugend-und-familie","9":"category-politik","10":"category-rathaus","11":"tag-alfred-cacek","12":"tag-dezember-2021","13":"tag-dr-burim-sallaj","14":"tag-karl-dirr","15":"tag-knut-engelbrecht","16":"tag-koenigsplatz","17":"tag-marco-henkel","18":"tag-rathaus","19":"tag-schlaganfall-patienten","20":"tag-schwabach","21":"tag-stadt","22":"tag-stadt-schwabach","23":"tag-vereinbarung","24":"tag-versorgung"},"_links":{"self":[{"href":"https:\/\/www.region-schwabach.de\/wordpress\/wp-json\/wp\/v2\/posts\/158006","targetHints":{"allow":["GET"]}}],"collection":[{"href":"https:\/\/www.region-schwabach.de\/wordpress\/wp-json\/wp\/v2\/posts"}],"about":[{"href":"https:\/\/www.region-schwabach.de\/wordpress\/wp-json\/wp\/v2\/types\/post"}],"author":[{"embeddable":true,"href":"https:\/\/www.region-schwabach.de\/wordpress\/wp-json\/wp\/v2\/users\/1"}],"replies":[{"embeddable":true,"href":"https:\/\/www.region-schwabach.de\/wordpress\/wp-json\/wp\/v2\/comments?post=158006"}],"version-history":[{"count":0,"href":"https:\/\/www.region-schwabach.de\/wordpress\/wp-json\/wp\/v2\/posts\/158006\/revisions"}],"wp:featuredmedia":[{"embeddable":true,"href":"https:\/\/www.region-schwabach.de\/wordpress\/wp-json\/wp\/v2\/media\/158007"}],"wp:attachment":[{"href":"https:\/\/www.region-schwabach.de\/wordpress\/wp-json\/wp\/v2\/media?parent=158006"}],"wp:term":[{"taxonomy":"category","embeddable":true,"href":"https:\/\/www.region-schwabach.de\/wordpress\/wp-json\/wp\/v2\/categories?post=158006"},{"taxonomy":"post_tag","embeddable":true,"href":"https:\/\/www.region-schwabach.de\/wordpress\/wp-json\/wp\/v2\/tags?post=158006"}],"curies":[{"name":"wp","href":"https:\/\/api.w.org\/{rel}","templated":true}]}}