{"id":158090,"date":"2022-01-07T00:45:00","date_gmt":"2022-01-06T23:45:00","guid":{"rendered":"https:\/\/www.region-schwabach.de\/wordpress\/?p=158090"},"modified":"2022-01-06T22:08:29","modified_gmt":"2022-01-06T21:08:29","slug":"offnungszeiten-der-stadtverwaltung-an-weihnachten-2021-und-zum-jahreswechsel-2022","status":"publish","type":"post","link":"https:\/\/www.region-schwabach.de\/wordpress\/offnungszeiten-der-stadtverwaltung-an-weihnachten-2021-und-zum-jahreswechsel-2022\/","title":{"rendered":"\u00d6ffnungszeiten der Stadtverwaltung an Weihnachten 2021 und zum Jahreswechsel 2022"},"content":{"rendered":"\t\t<div data-elementor-type=\"wp-post\" data-elementor-id=\"158090\" class=\"elementor elementor-158090\">\n\t\t\t\t\t\t<section class=\"elementor-section elementor-top-section elementor-element elementor-element-678181b elementor-section-boxed elementor-section-height-default elementor-section-height-default\" data-id=\"678181b\" data-element_type=\"section\">\n\t\t\t\t\t\t<div class=\"elementor-container elementor-column-gap-default\">\n\t\t\t\t\t<div class=\"elementor-column elementor-col-66 elementor-top-column elementor-element elementor-element-6b34026\" data-id=\"6b34026\" data-element_type=\"column\">\n\t\t\t<div class=\"elementor-widget-wrap elementor-element-populated\">\n\t\t\t\t\t\t<div class=\"elementor-element elementor-element-15a5ce5 elementor-widget elementor-widget-wp-widget-advads_ad_widget\" data-id=\"15a5ce5\" data-element_type=\"widget\" data-widget_type=\"wp-widget-advads_ad_widget.default\">\n\t\t\t\t<div class=\"elementor-widget-container\">\n\t\t\t<div id=\"regio-720947606\"><div class=\"regio-adlabel\">Werbung<\/div><center><a href=\"https:\/\/a.partner-versicherung.de\/click.php?partner_id=19992&ad_id=1578&deep=kreditkarten\"  target=\"_blank\"><img decoding=\"async\" src=\"https:\/\/a.partner-versicherung.de\/view.php?partner_id=19992&ad_id=1578\" ><\/a><\/center><\/div>\t\t<\/div>\n\t\t\t\t<\/div>\n\t\t\t\t<div class=\"elementor-element elementor-element-443ab98 elementor-widget elementor-widget-text-editor\" data-id=\"443ab98\" data-element_type=\"widget\" data-widget_type=\"text-editor.default\">\n\t\t\t\t<div class=\"elementor-widget-container\">\n\t\t\t\t\t\t\t<h3>24. Dezember 2021 bis 7. Januar 2022<br \/>\u00d6ffnungszeiten an Weihnachten und zum Jahreswechsel<\/h3><p><span style=\"font-size: 12pt;\">Schwabach &#8211; <span id=\"page50R_mcid14\" class=\"markedContent\"><span dir=\"ltr\" role=\"presentation\">Zum Jahreswechsel ist die Stadtverwaltung zu den regul\u00e4ren Servicezeiten <\/span><span dir=\"ltr\" role=\"presentation\">grunds\u00e4tzlich erreichbar. Hinsichtlich pers\u00f6nlicher Vorsprachen beachten Sie bitte die <\/span><span dir=\"ltr\" role=\"presentation\">Corona bedingten Einschr\u00e4nkungen. <\/span><\/span><\/span><\/p><h3><span id=\"page50R_mcid16\" class=\"markedContent\"><span dir=\"ltr\" role=\"presentation\">F\u00fcr folgende Bereiche gelten ge\u00e4nderte \u00d6ffnungszeiten:\u00a0<\/span><\/span><\/h3><ul style=\"list-style-type: disc;\"><li><span id=\"page50R_mcid20\" class=\"markedContent\" style=\"font-size: 12pt;\"><span dir=\"ltr\" role=\"presentation\">Die \u00c4mter der Stadtverwaltung einschlie\u00dflich B\u00fcrgerb\u00fcro sind am 24.12.2021 und <\/span><span dir=\"ltr\" role=\"presentation\">am 31.12.2021 geschlossen.<\/span><\/span><\/li><li><span id=\"page50R_mcid24\" class=\"markedContent\" style=\"font-size: 12pt;\"><span dir=\"ltr\" role=\"presentation\">Das B\u00fcrgerb\u00fcro sowie das Einwohner-und Meldeamt (einschlie\u00dflich Passamt und <\/span><span dir=\"ltr\" role=\"presentation\">Zulassungsstelle) schlie\u00dfen am 30.12.2021 bereits um 16 Uhr.<\/span><\/span><\/li><li><span id=\"page50R_mcid30\" class=\"markedContent\" style=\"font-size: 12pt;\"><span dir=\"ltr\" role=\"presentation\">Die Stadtbibliothek ist vom 24.12.2021 bis 27.12.2021 und 31.12.2021 bis <\/span><span dir=\"ltr\" role=\"presentation\">03.01.2022 geschlossen.<\/span><\/span><\/li><li><span id=\"page50R_mcid34\" class=\"markedContent\" style=\"font-size: 12pt;\"><span dir=\"ltr\" role=\"presentation\">Die Verwaltung der Volkshochschule ist vom 24.12.2021 bis 07.01.2022 <\/span><span dir=\"ltr\" role=\"presentation\">geschlossen.<\/span><\/span><\/li><li><span id=\"page50R_mcid38\" class=\"markedContent\" style=\"font-size: 12pt;\"><span dir=\"ltr\" role=\"presentation\">Die Verwaltung der Musikschule ist vom 24.12.2021 bis 07.01.2022 geschlossen.<\/span><\/span><\/li><li><span id=\"page50R_mcid42\" class=\"markedContent\" style=\"font-size: 12pt;\"><span dir=\"ltr\" role=\"presentation\">Das Stadtmuseum ist am 24.\/25.\/27.\/28.\/31.12.2021 und 01.\/03.\/04.01.2022 <\/span><span dir=\"ltr\" role=\"presentation\">geschlossen.<\/span><\/span><\/li><li><span id=\"page50R_mcid46\" class=\"markedContent\" style=\"font-size: 12pt;\"><span dir=\"ltr\" role=\"presentation\">Das Entsorgungs-Zentrum-Schwabach mit Recyclinghof ist vom 24.12.2021 bis <\/span><span dir=\"ltr\" role=\"presentation\">einschlie\u00dflich 03.01.2022 geschlossen.\u00a0<\/span><\/span><\/li><\/ul><h3>Weiterf\u00fchrende Links:<\/h3><p><span style=\"font-size: 12pt;\"><a href=\"https:\/\/www.schwabach.de\/de\/zuhause-in-schwabach\/aemter-a-z.html\" target=\"_blank\" rel=\"noopener\">Eine \u00dcbersicht der \u00c4mter und Dienststellen der Stadt Schwabach finden Sie hier &#8230;<\/a><\/span><\/p>\t\t\t\t\t\t<\/div>\n\t\t\t\t<\/div>\n\t\t\t\t<div class=\"elementor-element elementor-element-7a390c9 elementor-widget elementor-widget-shortcode\" data-id=\"7a390c9\" data-element_type=\"widget\" data-widget_type=\"shortcode.default\">\n\t\t\t\t<div class=\"elementor-widget-container\">\n\t\t\t\t\t<div class=\"elementor-shortcode\"><center><a href=\"https:\/\/a.partner-versicherung.de\/click.php?partner_id=19992&ad_id=441&deep=kfz-versicherung\"  target=\"_blank\"><img decoding=\"async\" src=\"https:\/\/a.partner-versicherung.de\/view.php?partner_id=19992&ad_id=441\" ><\/a><\/center><\/div>\n\t\t\t\t<\/div>\n\t\t\t\t<\/div>\n\t\t\t\t<div class=\"elementor-element elementor-element-0c834d7 elementor-widget-divider--view-line elementor-widget elementor-widget-divider\" data-id=\"0c834d7\" data-element_type=\"widget\" data-widget_type=\"divider.default\">\n\t\t\t\t<div class=\"elementor-widget-container\">\n\t\t\t\t\t<div class=\"elementor-divider\">\n\t\t\t<span class=\"elementor-divider-separator\">\n\t\t\t\t\t\t<\/span>\n\t\t<\/div>\n\t\t\t\t<\/div>\n\t\t\t\t<\/div>\n\t\t\t\t<div class=\"elementor-element elementor-element-325f51f elementor-widget elementor-widget-google_maps\" data-id=\"325f51f\" data-element_type=\"widget\" data-widget_type=\"google_maps.default\">\n\t\t\t\t<div class=\"elementor-widget-container\">\n\t\t\t\t\t<div class=\"elementor-custom-embed\">\n\t\t\t<iframe loading=\"lazy\"\n\t\t\t\t\tsrc=\"https:\/\/maps.google.com\/maps?q=K%C3%B6nigsplatz%201%2C%20Schwabach%2C%20Deutschland&#038;t=m&#038;z=17&#038;output=embed&#038;iwloc=near\"\n\t\t\t\t\ttitle=\"K\u00f6nigsplatz 1, Schwabach, Deutschland\"\n\t\t\t\t\taria-label=\"K\u00f6nigsplatz 1, Schwabach, Deutschland\"\n\t\t\t><\/iframe>\n\t\t<\/div>\n\t\t\t\t<\/div>\n\t\t\t\t<\/div>\n\t\t\t\t\t<\/div>\n\t\t<\/div>\n\t\t\t\t<div class=\"elementor-column elementor-col-33 elementor-top-column elementor-element elementor-element-f645137\" data-id=\"f645137\" data-element_type=\"column\">\n\t\t\t<div class=\"elementor-widget-wrap elementor-element-populated\">\n\t\t\t\t\t\t<div class=\"elementor-element elementor-element-f8e4225 elementor-widget elementor-widget-heading\" data-id=\"f8e4225\" data-element_type=\"widget\" data-widget_type=\"heading.default\">\n\t\t\t\t<div class=\"elementor-widget-container\">\n\t\t\t<h3 class=\"elementor-heading-title elementor-size-default\">Schnell vergleichen und sparen!<\/h3>\t\t<\/div>\n\t\t\t\t<\/div>\n\t\t\t\t<div class=\"elementor-element elementor-element-7eb2006 elementor-widget elementor-widget-wp-widget-advads_ad_widget\" data-id=\"7eb2006\" data-element_type=\"widget\" data-widget_type=\"wp-widget-advads_ad_widget.default\">\n\t\t\t\t<div class=\"elementor-widget-container\">\n\t\t\t<div id=\"regio-2744006469\"><div class=\"regio-adlabel\">Werbung<\/div><!-- Beginn https:\/\/www.financeads.net\/-Code --><a href=\"https:\/\/www.financeads.net\/tc.php?t=36648C236142529B\" target=\"_blank\"><img fetchpriority=\"high\" decoding=\"async\" src=\"https:\/\/www.financeads.net\/tb.php?t=36648V236142529B&https=1\" alt=\"\" border=\"0\" width=\"300\" height=\"250\"><\/a><!-- Ende https:\/\/www.financeads.net\/-Code --><\/div>\t\t<\/div>\n\t\t\t\t<\/div>\n\t\t\t\t<div class=\"elementor-element elementor-element-9ad4f56 elementor-widget elementor-widget-wp-widget-advads_ad_widget\" data-id=\"9ad4f56\" data-element_type=\"widget\" data-widget_type=\"wp-widget-advads_ad_widget.default\">\n\t\t\t\t<div class=\"elementor-widget-container\">\n\t\t\t<div id=\"regio-896255632\"><div class=\"regio-adlabel\">Werbung<\/div><!-- Beginn https:\/\/www.financeads.net\/-Code --><a href=\"https:\/\/www.financeads.net\/tc.php?t=36648C42614510B\" target=\"_blank\"><img decoding=\"async\" src=\"https:\/\/www.financeads.net\/tb.php?t=36648V42614510B&https=1\" alt=\"\" border=\"0\" width=\"200\" height=\"300\"><\/a><!-- Ende https:\/\/www.financeads.net\/-Code --><\/div>\t\t<\/div>\n\t\t\t\t<\/div>\n\t\t\t\t<div class=\"elementor-element elementor-element-e685a39 elementor-widget elementor-widget-wp-widget-advads_ad_widget\" data-id=\"e685a39\" data-element_type=\"widget\" data-widget_type=\"wp-widget-advads_ad_widget.default\">\n\t\t\t\t<div class=\"elementor-widget-container\">\n\t\t\t<div id=\"regio-3021022215\"><div class=\"regio-adlabel\">Werbung<\/div><!-- Beginn https:\/\/www.financeads.net\/-Code --><a href=\"https:\/\/www.financeads.net\/tc.php?t=36648C205040072B\" target=\"_blank\"><img decoding=\"async\" src=\"https:\/\/www.financeads.net\/tb.php?t=36648V205040072B&https=1\" alt=\"\" border=\"0\" width=\"300\" height=\"250\"><\/a><!-- Ende https:\/\/www.financeads.net\/-Code --><\/div>\t\t<\/div>\n\t\t\t\t<\/div>\n\t\t\t\t<div class=\"elementor-element elementor-element-fbc1a4f elementor-widget elementor-widget-wp-widget-advads_ad_widget\" data-id=\"fbc1a4f\" data-element_type=\"widget\" data-widget_type=\"wp-widget-advads_ad_widget.default\">\n\t\t\t\t<div class=\"elementor-widget-container\">\n\t\t\t<div id=\"regio-751394385\"><div class=\"regio-adlabel\">Werbung<\/div><!-- Beginn https:\/\/www.financeads.net\/-Code --><a href=\"https:\/\/www.financeads.net\/tc.php?t=36648C271460142B\" target=\"_blank\"><img loading=\"lazy\" decoding=\"async\" src=\"https:\/\/www.financeads.net\/tb.php?t=36648V271460142B&https=1\" alt=\"PETPROTECT_Hund&Katze_Banner\" border=\"0\" width=\"250\" height=\"250\"><\/a><!-- Ende https:\/\/www.financeads.net\/-Code --><\/div>\t\t<\/div>\n\t\t\t\t<\/div>\n\t\t\t\t\t<\/div>\n\t\t<\/div>\n\t\t\t\t\t<\/div>\n\t\t<\/section>\n\t\t\t\t<\/div>\n\t\t","protected":false},"excerpt":{"rendered":"<div class=\"mh-excerpt\"><p>24. Dezember 2021 bis 7. Januar 2022\u00d6ffnungszeiten an Weihnachten und zum Jahreswechsel Schwabach &#8211; Zum Jahreswechsel ist die Stadtverwaltung zu den regul\u00e4ren Servicezeiten grunds\u00e4tzlich erreichbar. Hinsichtlich pers\u00f6nlicher Vorsprachen beachten Sie bitte die Corona bedingten Einschr\u00e4nkungen. <a class=\"mh-excerpt-more\" href=\"https:\/\/www.region-schwabach.de\/wordpress\/offnungszeiten-der-stadtverwaltung-an-weihnachten-2021-und-zum-jahreswechsel-2022\/\" title=\"\u00d6ffnungszeiten der Stadtverwaltung an Weihnachten 2021 und zum Jahreswechsel 2022\">[&#8230;]<\/a><\/p>\n<\/div>","protected":false},"author":1,"featured_media":158091,"comment_status":"open","ping_status":"open","sticky":false,"template":"","format":"standard","meta":{"_cbd_carousel_blocks":"[]","footnotes":""},"categories":[16,4306,61],"tags":[17935,76,7421,74,14602,12342,8289,6579,1282,3144,2627,19,3151,2555,3739,72,7420,73],"class_list":{"0":"post-158090","1":"post","2":"type-post","3":"status-publish","4":"format-standard","5":"has-post-thumbnail","7":"category-aktuell","8":"category-ratgeber","9":"category-rathaus","10":"tag-24-dezember-2021-bis-7-januar-2021","11":"tag-aemter","12":"tag-behoerden","13":"tag-buergerbuero","14":"tag-einwohner-und-meldeamt","15":"tag-entsorgungszentrum","16":"tag-geaenderte-oeffnungszeiten","17":"tag-geoeffnet","18":"tag-geschlossen","19":"tag-musikschule","20":"tag-recyclinghof","21":"tag-schwabach","22":"tag-stadt-schwabach","23":"tag-stadtbibliothek","24":"tag-stadtmuseum","25":"tag-stadtverwaltung","26":"tag-vhs-schwabach","27":"tag-volkshochschule"},"_links":{"self":[{"href":"https:\/\/www.region-schwabach.de\/wordpress\/wp-json\/wp\/v2\/posts\/158090","targetHints":{"allow":["GET"]}}],"collection":[{"href":"https:\/\/www.region-schwabach.de\/wordpress\/wp-json\/wp\/v2\/posts"}],"about":[{"href":"https:\/\/www.region-schwabach.de\/wordpress\/wp-json\/wp\/v2\/types\/post"}],"author":[{"embeddable":true,"href":"https:\/\/www.region-schwabach.de\/wordpress\/wp-json\/wp\/v2\/users\/1"}],"replies":[{"embeddable":true,"href":"https:\/\/www.region-schwabach.de\/wordpress\/wp-json\/wp\/v2\/comments?post=158090"}],"version-history":[{"count":0,"href":"https:\/\/www.region-schwabach.de\/wordpress\/wp-json\/wp\/v2\/posts\/158090\/revisions"}],"wp:featuredmedia":[{"embeddable":true,"href":"https:\/\/www.region-schwabach.de\/wordpress\/wp-json\/wp\/v2\/media\/158091"}],"wp:attachment":[{"href":"https:\/\/www.region-schwabach.de\/wordpress\/wp-json\/wp\/v2\/media?parent=158090"}],"wp:term":[{"taxonomy":"category","embeddable":true,"href":"https:\/\/www.region-schwabach.de\/wordpress\/wp-json\/wp\/v2\/categories?post=158090"},{"taxonomy":"post_tag","embeddable":true,"href":"https:\/\/www.region-schwabach.de\/wordpress\/wp-json\/wp\/v2\/tags?post=158090"}],"curies":[{"name":"wp","href":"https:\/\/api.w.org\/{rel}","templated":true}]}}