{"id":158209,"date":"2021-12-23T01:30:00","date_gmt":"2021-12-23T00:30:00","guid":{"rendered":"https:\/\/www.region-schwabach.de\/wordpress\/?p=158209"},"modified":"2021-12-23T16:51:55","modified_gmt":"2021-12-23T15:51:55","slug":"oberburgermeister-peter-reiss-erteilt-auftrage-zur-umsetzung-des-glasfaserausbaus-an-schwabacher-schulen","status":"publish","type":"post","link":"https:\/\/www.region-schwabach.de\/wordpress\/oberburgermeister-peter-reiss-erteilt-auftrage-zur-umsetzung-des-glasfaserausbaus-an-schwabacher-schulen\/","title":{"rendered":"Oberb\u00fcrger\u00admeister Peter Rei\u00df erteilt Auftr\u00e4ge zur Umsetzung des Glasfaserausbaus an Schwabacher Schulen"},"content":{"rendered":"\t\t<div data-elementor-type=\"wp-post\" data-elementor-id=\"158209\" class=\"elementor elementor-158209\">\n\t\t\t\t\t\t<section class=\"elementor-section elementor-top-section elementor-element elementor-element-678181b elementor-section-boxed elementor-section-height-default elementor-section-height-default\" data-id=\"678181b\" data-element_type=\"section\">\n\t\t\t\t\t\t<div class=\"elementor-container elementor-column-gap-default\">\n\t\t\t\t\t<div class=\"elementor-column elementor-col-66 elementor-top-column elementor-element elementor-element-6b34026\" data-id=\"6b34026\" data-element_type=\"column\">\n\t\t\t<div class=\"elementor-widget-wrap elementor-element-populated\">\n\t\t\t\t\t\t<div class=\"elementor-element elementor-element-ca1cc12 elementor-widget elementor-widget-wp-widget-advads_ad_widget\" data-id=\"ca1cc12\" data-element_type=\"widget\" data-widget_type=\"wp-widget-advads_ad_widget.default\">\n\t\t\t\t<div class=\"elementor-widget-container\">\n\t\t\t<div id=\"regio-3877368780\"><div class=\"regio-adlabel\">Werbung<\/div><center><a href=\"https:\/\/a.partner-versicherung.de\/click.php?partner_id=19992&ad_id=1578&deep=kreditkarten\"  target=\"_blank\"><img decoding=\"async\" src=\"https:\/\/a.partner-versicherung.de\/view.php?partner_id=19992&ad_id=1578\" ><\/a><\/center><\/div>\t\t<\/div>\n\t\t\t\t<\/div>\n\t\t\t\t<div class=\"elementor-element elementor-element-443ab98 elementor-widget elementor-widget-text-editor\" data-id=\"443ab98\" data-element_type=\"widget\" data-widget_type=\"text-editor.default\">\n\t\t\t\t<div class=\"elementor-widget-container\">\n\t\t\t\t\t\t\t<h3><span dir=\"ltr\" role=\"presentation\">Auftr\u00e4ge von OB Peter Rei\u00df erteilt:\u00a0<br \/><\/span><span dir=\"ltr\" role=\"presentation\">Glasfaserausbau an Schulen<\/span><\/h3><p><span style=\"font-size: 12pt;\">Schwabach &#8211; Der Glasfaseranbindung f\u00fcr 13 \u00f6ffentliche Schulen sowie f\u00fcr das Kulturrathaus <\/span><span style=\"font-size: 12pt;\">hat der Schwabacher Stadtrat im Sommer zugestimmt. Nun hat Oberb\u00fcrger<\/span><span style=\"font-size: 12pt;\">meister Peter Rei\u00df die Auftr\u00e4ge zur Umsetzung des Glasfaserausbaus mit der <\/span><span style=\"font-size: 12pt;\">Deutschen Telekom Business Solutions GmbH erteilt. Die bisher ermittelten <\/span><span style=\"font-size: 12pt;\">Gesamtkosten der Ma\u00dfnahme in H\u00f6he von \u00fcber 800.000 Euro wurden durch <\/span><span style=\"font-size: 12pt;\">das Angebot des Netzbetreibers um mehr als 100.000 Euro unterboten. Zudem <\/span><span style=\"font-size: 12pt;\">wird ein Gro\u00dfteil der Kosten, n\u00e4mlich rund 470.000 Euro, durch den Freistaat <\/span><span style=\"font-size: 12pt;\">Bayern im Rahmen der Glasfaser\/WLAN-Richtlinie bezuschusst. Der erforder<\/span><span style=\"font-size: 12pt;\">liche F\u00f6rderantrag wurde im Juli beim Landesamt f\u00fcr Digitalisierung, Breitband <\/span><span style=\"font-size: 12pt;\">und Vermessung eingereicht. \u201eF\u00fcr alle Schwabacher Schulen wird damit ein <\/span><span style=\"font-size: 12pt;\">Glasfaseranschluss bis zum Geb\u00e4ude verlegt\u201c, freute sich der <\/span><span style=\"font-size: 12pt;\">Oberb\u00fcrgermeister. \u201eDiese Investition in unseren Schulstandort wird in <\/span><span style=\"font-size: 12pt;\">Kombination mit dem Digitalpakt f\u00fcr Kinder wie Lehrkr\u00e4fte viele neue <\/span><span style=\"font-size: 12pt;\">M\u00f6glichkeiten f\u00fcr digitalen Unterricht schaffen.\u201c\u00a0<\/span><\/p><div class=\"page\" role=\"region\" data-page-number=\"1\" aria-label=\"Seite 1\" data-loaded=\"true\"><div class=\"textLayer\"><br role=\"presentation\" \/><span dir=\"ltr\" style=\"font-size: 12pt;\" role=\"presentation\">Die Umsetzung der Ma\u00dfnahme wird etwa ein Jahr dauern, so dass ab Anfang <\/span><span dir=\"ltr\" style=\"font-size: 12pt;\" role=\"presentation\">2023 alle Schulgeb\u00e4ude mit einem Glasfaseranschluss erschlossen sind und <\/span><span dir=\"ltr\" style=\"font-size: 12pt;\" role=\"presentation\">ein wesentlicher Schritt f\u00fcr eine erfolgreiche Digitalisierung der Schulen <\/span><span dir=\"ltr\" style=\"font-size: 12pt;\" role=\"presentation\">erreicht ist. \u201eErforderlich ist in etlichen Schulgeb\u00e4uden sodann noch die <\/span><span dir=\"ltr\" style=\"font-size: 12pt;\" role=\"presentation\">Verteilung der Datenleistung im Geb\u00e4ude\u201c, erg\u00e4nzt Stadtk\u00e4mmerer Sascha <\/span><span style=\"font-size: 12pt;\"><span dir=\"ltr\" role=\"presentation\">Spahic: \u201eParallel dazu nimmt die Stadt Schwabach \u00fcber den Digitalpakt <\/span>595.000 Euro f\u00fcr strukturierte Verkabelung in die Hand, um diese <\/span><span style=\"font-size: 12pt;\">Datenleistung auch in den Schulen verf\u00fcgbar zu machen.\u201c<\/span><\/div><\/div><div class=\"page\" role=\"region\" data-page-number=\"2\" aria-label=\"Seite 2\" data-loaded=\"true\"><div class=\"textLayer\"><br role=\"presentation\" \/><span dir=\"ltr\" style=\"font-size: 12pt;\" role=\"presentation\"><strong>Foto:<\/strong> Oberb\u00fcrgermeister Peter Rei\u00df (Mitte) unterzeichnete jetzt die Vertr\u00e4ge. <\/span><span dir=\"ltr\" style=\"font-size: 12pt;\" role=\"presentation\">Daneben Stadtk\u00e4mmerei Sascha Spahic, auch verantwortlich f\u00fcr das <\/span><span dir=\"ltr\" style=\"font-size: 12pt;\" role=\"presentation\">Geb\u00e4udemanagement der Stadt, und Franziska Schuster vom K\u00e4mmereiamt, <\/span><span dir=\"ltr\" style=\"font-size: 12pt;\" role=\"presentation\">die das gesamte Verfahren koordiniert und betreut haben.\u00a0<\/span><\/div><\/div>\t\t\t\t\t\t<\/div>\n\t\t\t\t<\/div>\n\t\t\t\t<div class=\"elementor-element elementor-element-899086f elementor-widget elementor-widget-shortcode\" data-id=\"899086f\" data-element_type=\"widget\" data-widget_type=\"shortcode.default\">\n\t\t\t\t<div class=\"elementor-widget-container\">\n\t\t\t\t\t<div class=\"elementor-shortcode\"><center><a href=\"https:\/\/a.partner-versicherung.de\/click.php?partner_id=19992&ad_id=1576&deep=kreditkarten\"  target=\"_blank\"><img decoding=\"async\" src=\"https:\/\/a.partner-versicherung.de\/view.php?partner_id=19992&ad_id=1576\" ><\/a><\/div>\n\t\t\t\t<\/div>\n\t\t\t\t<\/div>\n\t\t\t\t<div class=\"elementor-element elementor-element-a2cb79b elementor-widget-divider--view-line elementor-widget elementor-widget-divider\" data-id=\"a2cb79b\" data-element_type=\"widget\" data-widget_type=\"divider.default\">\n\t\t\t\t<div class=\"elementor-widget-container\">\n\t\t\t\t\t<div class=\"elementor-divider\">\n\t\t\t<span class=\"elementor-divider-separator\">\n\t\t\t\t\t\t<\/span>\n\t\t<\/div>\n\t\t\t\t<\/div>\n\t\t\t\t<\/div>\n\t\t\t\t<div class=\"elementor-element elementor-element-da20a21 elementor-widget elementor-widget-google_maps\" data-id=\"da20a21\" data-element_type=\"widget\" data-widget_type=\"google_maps.default\">\n\t\t\t\t<div class=\"elementor-widget-container\">\n\t\t\t\t\t<div class=\"elementor-custom-embed\">\n\t\t\t<iframe loading=\"lazy\"\n\t\t\t\t\tsrc=\"https:\/\/maps.google.com\/maps?q=K%C3%B6nigsplatz%201%2C%20Schwabach%2C%20Deutschland&#038;t=m&#038;z=17&#038;output=embed&#038;iwloc=near\"\n\t\t\t\t\ttitle=\"K\u00f6nigsplatz 1, Schwabach, Deutschland\"\n\t\t\t\t\taria-label=\"K\u00f6nigsplatz 1, Schwabach, Deutschland\"\n\t\t\t><\/iframe>\n\t\t<\/div>\n\t\t\t\t<\/div>\n\t\t\t\t<\/div>\n\t\t\t\t\t<\/div>\n\t\t<\/div>\n\t\t\t\t<div class=\"elementor-column elementor-col-33 elementor-top-column elementor-element elementor-element-f645137\" data-id=\"f645137\" data-element_type=\"column\">\n\t\t\t<div class=\"elementor-widget-wrap elementor-element-populated\">\n\t\t\t\t\t\t<div class=\"elementor-element elementor-element-e498d67 elementor-widget elementor-widget-heading\" data-id=\"e498d67\" data-element_type=\"widget\" data-widget_type=\"heading.default\">\n\t\t\t\t<div class=\"elementor-widget-container\">\n\t\t\t<h3 class=\"elementor-heading-title elementor-size-default\">Schnell vergleichen und sparen!<\/h3>\t\t<\/div>\n\t\t\t\t<\/div>\n\t\t\t\t<div class=\"elementor-element elementor-element-6e39724 elementor-widget elementor-widget-wp-widget-advads_ad_widget\" data-id=\"6e39724\" data-element_type=\"widget\" data-widget_type=\"wp-widget-advads_ad_widget.default\">\n\t\t\t\t<div class=\"elementor-widget-container\">\n\t\t\t<div id=\"regio-3219438488\"><div class=\"regio-adlabel\">Werbung<\/div><!-- Beginn https:\/\/www.financeads.net\/-Code --><a href=\"https:\/\/www.financeads.net\/tc.php?t=36648C236142529B\" target=\"_blank\"><img fetchpriority=\"high\" decoding=\"async\" src=\"https:\/\/www.financeads.net\/tb.php?t=36648V236142529B&https=1\" alt=\"\" border=\"0\" width=\"300\" height=\"250\"><\/a><!-- Ende https:\/\/www.financeads.net\/-Code --><\/div>\t\t<\/div>\n\t\t\t\t<\/div>\n\t\t\t\t<div class=\"elementor-element elementor-element-f54af08 elementor-widget elementor-widget-wp-widget-advads_ad_widget\" data-id=\"f54af08\" data-element_type=\"widget\" data-widget_type=\"wp-widget-advads_ad_widget.default\">\n\t\t\t\t<div class=\"elementor-widget-container\">\n\t\t\t<div id=\"regio-128599498\"><div class=\"regio-adlabel\">Werbung<\/div><!-- Beginn https:\/\/www.financeads.net\/-Code --><a href=\"https:\/\/www.financeads.net\/tc.php?t=36648C42614510B\" target=\"_blank\"><img decoding=\"async\" src=\"https:\/\/www.financeads.net\/tb.php?t=36648V42614510B&https=1\" alt=\"\" border=\"0\" width=\"200\" height=\"300\"><\/a><!-- Ende https:\/\/www.financeads.net\/-Code --><\/div>\t\t<\/div>\n\t\t\t\t<\/div>\n\t\t\t\t<div class=\"elementor-element elementor-element-e2674dd elementor-widget elementor-widget-wp-widget-advads_ad_widget\" data-id=\"e2674dd\" data-element_type=\"widget\" data-widget_type=\"wp-widget-advads_ad_widget.default\">\n\t\t\t\t<div class=\"elementor-widget-container\">\n\t\t\t<div id=\"regio-2742394899\"><div class=\"regio-adlabel\">Werbung<\/div><!-- Beginn https:\/\/www.financeads.net\/-Code --><a href=\"https:\/\/www.financeads.net\/tc.php?t=36648C205040072B\" target=\"_blank\"><img decoding=\"async\" src=\"https:\/\/www.financeads.net\/tb.php?t=36648V205040072B&https=1\" alt=\"\" border=\"0\" width=\"300\" height=\"250\"><\/a><!-- Ende https:\/\/www.financeads.net\/-Code --><\/div>\t\t<\/div>\n\t\t\t\t<\/div>\n\t\t\t\t<div class=\"elementor-element elementor-element-4b2302d elementor-widget elementor-widget-wp-widget-advads_ad_widget\" data-id=\"4b2302d\" data-element_type=\"widget\" data-widget_type=\"wp-widget-advads_ad_widget.default\">\n\t\t\t\t<div class=\"elementor-widget-container\">\n\t\t\t<div id=\"regio-237050979\"><div class=\"regio-adlabel\">Werbung<\/div><!-- Beginn https:\/\/www.financeads.net\/-Code --><a href=\"https:\/\/www.financeads.net\/tc.php?t=36648C205040072B\" target=\"_blank\"><img decoding=\"async\" src=\"https:\/\/www.financeads.net\/tb.php?t=36648V205040072B&https=1\" alt=\"\" border=\"0\" width=\"300\" height=\"250\"><\/a><!-- Ende https:\/\/www.financeads.net\/-Code --><\/div>\t\t<\/div>\n\t\t\t\t<\/div>\n\t\t\t\t\t<\/div>\n\t\t<\/div>\n\t\t\t\t\t<\/div>\n\t\t<\/section>\n\t\t\t\t<\/div>\n\t\t","protected":false},"excerpt":{"rendered":"<div class=\"mh-excerpt\"><p>Auftr\u00e4ge von OB Peter Rei\u00df erteilt:\u00a0Glasfaserausbau an Schulen Schwabach &#8211; Der Glasfaseranbindung f\u00fcr 13 \u00f6ffentliche Schulen sowie f\u00fcr das Kulturrathaus hat der Schwabacher Stadtrat im Sommer zugestimmt. Nun hat Oberb\u00fcrgermeister Peter Rei\u00df die Auftr\u00e4ge zur <a class=\"mh-excerpt-more\" href=\"https:\/\/www.region-schwabach.de\/wordpress\/oberburgermeister-peter-reiss-erteilt-auftrage-zur-umsetzung-des-glasfaserausbaus-an-schwabacher-schulen\/\" title=\"Oberb\u00fcrger\u00admeister Peter Rei\u00df erteilt Auftr\u00e4ge zur Umsetzung des Glasfaserausbaus an Schwabacher Schulen\">[&#8230;]<\/a><\/p>\n<\/div>","protected":false},"author":1,"featured_media":158210,"comment_status":"open","ping_status":"open","sticky":false,"template":"","format":"standard","meta":{"_cbd_carousel_blocks":"[]","footnotes":""},"categories":[16,1,287,79,61],"tags":[16120,17944,6008,17946,522,15611,1480,17945,19,5326,3012,3151],"class_list":{"0":"post-158209","1":"post","2":"type-post","3":"status-publish","4":"format-standard","5":"has-post-thumbnail","7":"category-aktuell","8":"category-allgemein","9":"category-jugend-und-familie","10":"category-politik","11":"category-rathaus","12":"tag-dezember-2021","13":"tag-glasfaserausbau","14":"tag-grundschulen","15":"tag-gymnasien","16":"tag-koenigsplatz","17":"tag-mittelschulen","18":"tag-rathaus","19":"tag-realschulen","20":"tag-schwabach","21":"tag-spass","22":"tag-stadt","23":"tag-stadt-schwabach"},"_links":{"self":[{"href":"https:\/\/www.region-schwabach.de\/wordpress\/wp-json\/wp\/v2\/posts\/158209","targetHints":{"allow":["GET"]}}],"collection":[{"href":"https:\/\/www.region-schwabach.de\/wordpress\/wp-json\/wp\/v2\/posts"}],"about":[{"href":"https:\/\/www.region-schwabach.de\/wordpress\/wp-json\/wp\/v2\/types\/post"}],"author":[{"embeddable":true,"href":"https:\/\/www.region-schwabach.de\/wordpress\/wp-json\/wp\/v2\/users\/1"}],"replies":[{"embeddable":true,"href":"https:\/\/www.region-schwabach.de\/wordpress\/wp-json\/wp\/v2\/comments?post=158209"}],"version-history":[{"count":0,"href":"https:\/\/www.region-schwabach.de\/wordpress\/wp-json\/wp\/v2\/posts\/158209\/revisions"}],"wp:featuredmedia":[{"embeddable":true,"href":"https:\/\/www.region-schwabach.de\/wordpress\/wp-json\/wp\/v2\/media\/158210"}],"wp:attachment":[{"href":"https:\/\/www.region-schwabach.de\/wordpress\/wp-json\/wp\/v2\/media?parent=158209"}],"wp:term":[{"taxonomy":"category","embeddable":true,"href":"https:\/\/www.region-schwabach.de\/wordpress\/wp-json\/wp\/v2\/categories?post=158209"},{"taxonomy":"post_tag","embeddable":true,"href":"https:\/\/www.region-schwabach.de\/wordpress\/wp-json\/wp\/v2\/tags?post=158209"}],"curies":[{"name":"wp","href":"https:\/\/api.w.org\/{rel}","templated":true}]}}