{"id":158400,"date":"2021-12-27T00:45:00","date_gmt":"2021-12-26T23:45:00","guid":{"rendered":"https:\/\/www.region-schwabach.de\/wordpress\/?p=158400"},"modified":"2021-12-26T20:18:05","modified_gmt":"2021-12-26T19:18:05","slug":"hordlertorstrasse-ab-mittwoch-den-22-dezember-2021-uber-den-winter-fur-verkehr-freigegeben","status":"publish","type":"post","link":"https:\/\/www.region-schwabach.de\/wordpress\/hordlertorstrasse-ab-mittwoch-den-22-dezember-2021-uber-den-winter-fur-verkehr-freigegeben\/","title":{"rendered":"H\u00f6rdlertorstra\u00dfe ab Mittwoch, den 22. Dezember 2021 &#8211; \u00fcber den Winter &#8211; f\u00fcr Verkehr freigegeben"},"content":{"rendered":"\t\t<div data-elementor-type=\"wp-post\" data-elementor-id=\"158400\" class=\"elementor elementor-158400\">\n\t\t\t\t\t\t<section class=\"elementor-section elementor-top-section elementor-element elementor-element-678181b elementor-section-boxed elementor-section-height-default elementor-section-height-default\" data-id=\"678181b\" data-element_type=\"section\">\n\t\t\t\t\t\t<div class=\"elementor-container elementor-column-gap-default\">\n\t\t\t\t\t<div class=\"elementor-column elementor-col-50 elementor-top-column elementor-element elementor-element-6b34026\" data-id=\"6b34026\" data-element_type=\"column\">\n\t\t\t<div class=\"elementor-widget-wrap elementor-element-populated\">\n\t\t\t\t\t\t<div class=\"elementor-element elementor-element-e347b87 elementor-widget elementor-widget-wp-widget-advads_ad_widget\" data-id=\"e347b87\" data-element_type=\"widget\" data-widget_type=\"wp-widget-advads_ad_widget.default\">\n\t\t\t\t<div class=\"elementor-widget-container\">\n\t\t\t<div id=\"regio-1268126338\"><div class=\"regio-adlabel\">Werbung<\/div><center><a href=\"https:\/\/a.partner-versicherung.de\/click.php?partner_id=19992&ad_id=1578&deep=kreditkarten\"  target=\"_blank\"><img decoding=\"async\" src=\"https:\/\/a.partner-versicherung.de\/view.php?partner_id=19992&ad_id=1578\" ><\/a><\/center><\/div>\t\t<\/div>\n\t\t\t\t<\/div>\n\t\t\t\t<div class=\"elementor-element elementor-element-443ab98 elementor-widget elementor-widget-text-editor\" data-id=\"443ab98\" data-element_type=\"widget\" data-widget_type=\"text-editor.default\">\n\t\t\t\t<div class=\"elementor-widget-container\">\n\t\t\t\t\t\t\t<div class=\"fieldsattachment after_article\"><h3 class=\"idgroup_7 group_container\"><span id=\"page3R_mcid11\" class=\"markedContent\"><span dir=\"ltr\" role=\"presentation\">Bauma\u00dfnahmen sollen bis Ende 2022 beendet werden<br \/><\/span><\/span><span id=\"page3R_mcid13\" class=\"markedContent\"><span dir=\"ltr\" role=\"presentation\">H\u00f6rdlertorstra\u00dfe <\/span><span dir=\"ltr\" role=\"presentation\">\u00fcber den Winter f\u00fcr <\/span><span dir=\"ltr\" role=\"presentation\">Verkehr freigegeben<\/span><\/span><\/h3><p class=\"idgroup_7 group_container\"><span style=\"font-size: 12pt;\">Schwabach &#8211; <span id=\"page3R_mcid15\" class=\"markedContent\"><span dir=\"ltr\" role=\"presentation\">Seit 2018 wird der Stra\u00dfenzug Neutor<\/span><span dir=\"ltr\" role=\"presentation\">&#8211;<\/span><span dir=\"ltr\" role=\"presentation\">, Friedrich<\/span><span dir=\"ltr\" role=\"presentation\">&#8211;<\/span><span dir=\"ltr\" role=\"presentation\">, H\u00f6rdlertorstra\u00dfe (NFH) <\/span><span dir=\"ltr\" role=\"presentation\">saniert. Seit Sommer wird<\/span> <span dir=\"ltr\" role=\"presentation\">mit der H\u00f6rdlertorstra\u00dfe<\/span> <span dir=\"ltr\" role=\"presentation\">der letzte Abschnitt <\/span><span dir=\"ltr\" role=\"presentation\">umgebaut. Der erste Teilabschnitt dieser Stra\u00dfe, von \u201eAuf der Aich\u201c bis zur <\/span><span dir=\"ltr\" role=\"presentation\">Kreuzung Pinzenberg wurde <\/span><span dir=\"ltr\" role=\"presentation\">nun <\/span><span dir=\"ltr\" role=\"presentation\">fertiggeste<\/span><span dir=\"ltr\" role=\"presentation\">llt und<\/span> <span dir=\"ltr\" role=\"presentation\">ist seit 22. Dezember<\/span> 2021 <span dir=\"ltr\" role=\"presentation\">f\u00fcr <\/span><span dir=\"ltr\" role=\"presentation\">den Verkehr frei gegeben<\/span><span dir=\"ltr\" role=\"presentation\">.\u00a0<\/span><\/span><\/span><span style=\"font-size: 12pt;\"><span id=\"page3R_mcid15\" class=\"markedContent\"><span dir=\"ltr\" role=\"presentation\">Das bedeutet, dass die Durchfahrt von Ost nach <\/span><span dir=\"ltr\" role=\"presentation\">West <\/span><span dir=\"ltr\" role=\"presentation\">bis voraussichtlich Februar 2022 <\/span><span dir=\"ltr\" role=\"presentation\">wieder <\/span><span dir=\"ltr\" role=\"presentation\">durchg\u00e4ngig <\/span><span dir=\"ltr\" role=\"presentation\">m\u00f6glich ist.<\/span> <span dir=\"ltr\" role=\"presentation\">Dann <\/span><span dir=\"ltr\" role=\"presentation\">beginnt der<\/span> <span dir=\"ltr\" role=\"presentation\">Bau des<\/span> <span dir=\"ltr\" role=\"presentation\">zweiten<\/span> <span dir=\"ltr\" role=\"presentation\">Teilabschnitts<\/span><span dir=\"ltr\" role=\"presentation\">.\u00a0<\/span><\/span><span id=\"page3R_mcid16\" class=\"markedContent\"><br role=\"presentation\" \/><\/span><span id=\"page3R_mcid17\" class=\"markedContent\"><br role=\"presentation\" \/><span dir=\"ltr\" role=\"presentation\">Die <\/span><span dir=\"ltr\" role=\"presentation\">Bauzeit f\u00fcr die gesamte Bauma\u00dfnahme <\/span><span dir=\"ltr\" role=\"presentation\">ist <\/span><span dir=\"ltr\" role=\"presentation\">bis Mitte 2023 angesetzt. <\/span><span dir=\"ltr\" role=\"presentation\">\u201e<\/span><span dir=\"ltr\" role=\"presentation\">Allerdings <\/span><span dir=\"ltr\" role=\"presentation\">sieht <\/span><span dir=\"ltr\" role=\"presentation\">es derzeit <\/span><span dir=\"ltr\" role=\"presentation\">sehr gut aus, dass wir das bis Ende 2022 <\/span><span dir=\"ltr\" role=\"presentation\">hinbekommen,<\/span><span dir=\"ltr\" role=\"presentation\">\u201c<\/span> <span dir=\"ltr\" role=\"presentation\">sagt Bauleiterin Christina Greiner vom Tiefbauamt. <\/span><span dir=\"ltr\" role=\"presentation\">\u201e<\/span><span dir=\"ltr\" role=\"presentation\">Aller <\/span><span dir=\"ltr\" role=\"presentation\">Voraussicht nach<\/span> <span dir=\"ltr\" role=\"presentation\">m\u00fcssen 2023 noch <\/span><span dir=\"ltr\" role=\"presentation\">Restarbeiten erledigt werden, aber unser <\/span><span dir=\"ltr\" role=\"presentation\">Ziel ist es, den Verkehr ab Ende 2022 durch den gesamten Stra\u00dfenzug wieder <\/span><span dir=\"ltr\" role=\"presentation\">dur<\/span><span dir=\"ltr\" role=\"presentation\">chfahren zu lassen.<\/span><span dir=\"ltr\" role=\"presentation\">\u201c<\/span> <\/span><span id=\"page3R_mcid18\" class=\"markedContent\"><br role=\"presentation\" \/><\/span><span id=\"page3R_mcid19\" class=\"markedContent\"><br role=\"presentation\" \/><span dir=\"ltr\" role=\"presentation\">Dass sich der Aufwand f\u00fcr die Stadt S<\/span><span dir=\"ltr\" role=\"presentation\">chwabach<\/span> <span dir=\"ltr\" role=\"presentation\">und die Einschr\u00e4nkungen f\u00fcr <\/span><span dir=\"ltr\" role=\"presentation\">die B\u00fcrger und Anlieger gelohnt hat, kann man derzeit bei einem <\/span><span dir=\"ltr\" role=\"presentation\">Einkaufsbummel durch die Neutor<\/span><span dir=\"ltr\" role=\"presentation\">&#8211;<\/span> <span dir=\"ltr\" role=\"presentation\">und Friedrichstra\u00dfe, in der D\u00e4mmerung mit <\/span><span dir=\"ltr\" role=\"presentation\">den sch\u00f6n beleuchteten Stra\u00df<\/span><span dir=\"ltr\" role=\"presentation\">enb\u00e4umen, erleben.<\/span> <\/span><span id=\"page3R_mcid20\" class=\"markedContent\"><br role=\"presentation\" \/><\/span><span id=\"page3R_mcid21\" class=\"markedContent\"><br role=\"presentation\" \/><strong><span dir=\"ltr\" role=\"presentation\">Foto: Bauleiterin Christina Greiner in der <\/span><span dir=\"ltr\" role=\"presentation\">freigegebenen <\/span><span dir=\"ltr\" role=\"presentation\">H\u00f6rdlertorstra\u00dfe.\u00a0<\/span><\/strong><\/span><\/span><\/p><\/div>\t\t\t\t\t\t<\/div>\n\t\t\t\t<\/div>\n\t\t\t\t<div class=\"elementor-element elementor-element-ea2a29f elementor-widget elementor-widget-shortcode\" data-id=\"ea2a29f\" data-element_type=\"widget\" data-widget_type=\"shortcode.default\">\n\t\t\t\t<div class=\"elementor-widget-container\">\n\t\t\t\t\t<div class=\"elementor-shortcode\"><center><a href=\"https:\/\/a.partner-versicherung.de\/click.php?partner_id=19992&ad_id=441&deep=kfz-versicherung\"  target=\"_blank\"><img decoding=\"async\" src=\"https:\/\/a.partner-versicherung.de\/view.php?partner_id=19992&ad_id=441\" ><\/a><\/center><\/div>\n\t\t\t\t<\/div>\n\t\t\t\t<\/div>\n\t\t\t\t<div class=\"elementor-element elementor-element-21c3450 elementor-widget-divider--view-line elementor-widget elementor-widget-divider\" data-id=\"21c3450\" data-element_type=\"widget\" data-widget_type=\"divider.default\">\n\t\t\t\t<div class=\"elementor-widget-container\">\n\t\t\t\t\t<div class=\"elementor-divider\">\n\t\t\t<span class=\"elementor-divider-separator\">\n\t\t\t\t\t\t<\/span>\n\t\t<\/div>\n\t\t\t\t<\/div>\n\t\t\t\t<\/div>\n\t\t\t\t<div class=\"elementor-element elementor-element-f4c690c elementor-widget elementor-widget-google_maps\" data-id=\"f4c690c\" data-element_type=\"widget\" data-widget_type=\"google_maps.default\">\n\t\t\t\t<div class=\"elementor-widget-container\">\n\t\t\t\t\t<div class=\"elementor-custom-embed\">\n\t\t\t<iframe loading=\"lazy\"\n\t\t\t\t\tsrc=\"https:\/\/maps.google.com\/maps?q=H%C3%B6rdlertorstra%C3%9Fe%2C%20Schwabach%2C%20Deutschland&#038;t=m&#038;z=17&#038;output=embed&#038;iwloc=near\"\n\t\t\t\t\ttitle=\"H\u00f6rdlertorstra\u00dfe, Schwabach, Deutschland\"\n\t\t\t\t\taria-label=\"H\u00f6rdlertorstra\u00dfe, Schwabach, Deutschland\"\n\t\t\t><\/iframe>\n\t\t<\/div>\n\t\t\t\t<\/div>\n\t\t\t\t<\/div>\n\t\t\t\t\t<\/div>\n\t\t<\/div>\n\t\t\t\t<div class=\"elementor-column elementor-col-50 elementor-top-column elementor-element elementor-element-3728c60\" data-id=\"3728c60\" data-element_type=\"column\">\n\t\t\t<div class=\"elementor-widget-wrap elementor-element-populated\">\n\t\t\t\t\t\t<div class=\"elementor-element elementor-element-a61f7a8 elementor-widget elementor-widget-heading\" data-id=\"a61f7a8\" data-element_type=\"widget\" data-widget_type=\"heading.default\">\n\t\t\t\t<div class=\"elementor-widget-container\">\n\t\t\t<h3 class=\"elementor-heading-title elementor-size-default\">Schnell vergleichen und sparen!<\/h3>\t\t<\/div>\n\t\t\t\t<\/div>\n\t\t\t\t<div class=\"elementor-element elementor-element-4612fda elementor-widget elementor-widget-wp-widget-advads_ad_widget\" data-id=\"4612fda\" data-element_type=\"widget\" data-widget_type=\"wp-widget-advads_ad_widget.default\">\n\t\t\t\t<div class=\"elementor-widget-container\">\n\t\t\t<div id=\"regio-2628461975\"><div class=\"regio-adlabel\">Werbung<\/div><!-- Beginn https:\/\/www.financeads.net\/-Code --><a href=\"https:\/\/www.financeads.net\/tc.php?t=36648C236142529B\" target=\"_blank\"><img fetchpriority=\"high\" decoding=\"async\" src=\"https:\/\/www.financeads.net\/tb.php?t=36648V236142529B&https=1\" alt=\"\" border=\"0\" width=\"300\" height=\"250\"><\/a><!-- Ende https:\/\/www.financeads.net\/-Code --><\/div>\t\t<\/div>\n\t\t\t\t<\/div>\n\t\t\t\t<div class=\"elementor-element elementor-element-c25b724 elementor-widget elementor-widget-wp-widget-advads_ad_widget\" data-id=\"c25b724\" data-element_type=\"widget\" data-widget_type=\"wp-widget-advads_ad_widget.default\">\n\t\t\t\t<div class=\"elementor-widget-container\">\n\t\t\t<div id=\"regio-4229855776\"><div class=\"regio-adlabel\">Werbung<\/div><!-- Beginn https:\/\/www.financeads.net\/-Code --><a href=\"https:\/\/www.financeads.net\/tc.php?t=36648C42614510B\" target=\"_blank\"><img decoding=\"async\" src=\"https:\/\/www.financeads.net\/tb.php?t=36648V42614510B&https=1\" alt=\"\" border=\"0\" width=\"200\" height=\"300\"><\/a><!-- Ende https:\/\/www.financeads.net\/-Code --><\/div>\t\t<\/div>\n\t\t\t\t<\/div>\n\t\t\t\t<div class=\"elementor-element elementor-element-d3b71dc elementor-widget elementor-widget-wp-widget-advads_ad_widget\" data-id=\"d3b71dc\" data-element_type=\"widget\" data-widget_type=\"wp-widget-advads_ad_widget.default\">\n\t\t\t\t<div class=\"elementor-widget-container\">\n\t\t\t<div id=\"regio-1159201854\"><div class=\"regio-adlabel\">Werbung<\/div><!-- Beginn https:\/\/www.financeads.net\/-Code --><a href=\"https:\/\/www.financeads.net\/tc.php?t=36648C205040072B\" target=\"_blank\"><img decoding=\"async\" src=\"https:\/\/www.financeads.net\/tb.php?t=36648V205040072B&https=1\" alt=\"\" border=\"0\" width=\"300\" height=\"250\"><\/a><!-- Ende https:\/\/www.financeads.net\/-Code --><\/div>\t\t<\/div>\n\t\t\t\t<\/div>\n\t\t\t\t<div class=\"elementor-element elementor-element-e7bed1f elementor-widget elementor-widget-wp-widget-advads_ad_widget\" data-id=\"e7bed1f\" data-element_type=\"widget\" data-widget_type=\"wp-widget-advads_ad_widget.default\">\n\t\t\t\t<div class=\"elementor-widget-container\">\n\t\t\t<div id=\"regio-3499001971\"><div class=\"regio-adlabel\">Werbung<\/div><!-- Beginn https:\/\/www.financeads.net\/-Code --><a href=\"https:\/\/www.financeads.net\/tc.php?t=36648C271460142B\" target=\"_blank\"><img loading=\"lazy\" decoding=\"async\" src=\"https:\/\/www.financeads.net\/tb.php?t=36648V271460142B&https=1\" alt=\"PETPROTECT_Hund&Katze_Banner\" border=\"0\" width=\"250\" height=\"250\"><\/a><!-- Ende https:\/\/www.financeads.net\/-Code --><\/div>\t\t<\/div>\n\t\t\t\t<\/div>\n\t\t\t\t\t<\/div>\n\t\t<\/div>\n\t\t\t\t\t<\/div>\n\t\t<\/section>\n\t\t\t\t<\/div>\n\t\t","protected":false},"excerpt":{"rendered":"<div class=\"mh-excerpt\"><p>Bauma\u00dfnahmen sollen bis Ende 2022 beendet werdenH\u00f6rdlertorstra\u00dfe \u00fcber den Winter f\u00fcr Verkehr freigegeben Schwabach &#8211; Seit 2018 wird der Stra\u00dfenzug Neutor-, Friedrich-, H\u00f6rdlertorstra\u00dfe (NFH) saniert. Seit Sommer wird mit der H\u00f6rdlertorstra\u00dfe der letzte Abschnitt umgebaut. <a class=\"mh-excerpt-more\" href=\"https:\/\/www.region-schwabach.de\/wordpress\/hordlertorstrasse-ab-mittwoch-den-22-dezember-2021-uber-den-winter-fur-verkehr-freigegeben\/\" title=\"H\u00f6rdlertorstra\u00dfe ab Mittwoch, den 22. Dezember 2021 &#8211; \u00fcber den Winter &#8211; f\u00fcr Verkehr freigegeben\">[&#8230;]<\/a><\/p>\n<\/div>","protected":false},"author":1,"featured_media":158401,"comment_status":"open","ping_status":"open","sticky":false,"template":"","format":"standard","meta":{"_cbd_carousel_blocks":"[]","footnotes":""},"categories":[16,61,14],"tags":[17937,17936,3965,16120,1054,17967,1501,17966,3009,6267,1480,19,3012,3151],"class_list":{"0":"post-158400","1":"post","2":"type-post","3":"status-publish","4":"format-standard","5":"has-post-thumbnail","7":"category-aktuell","8":"category-rathaus","9":"category-verkehrsinfos","10":"tag-22-dezember-2021","11":"tag-22-12-2021","12":"tag-auf-der-aich","13":"tag-dezember-2021","14":"tag-friedrichstrasse","15":"tag-fuer-verkehr-freigegeben","16":"tag-hoerdlertorstrasse","17":"tag-koenigslatz","18":"tag-neutorstrasse","19":"tag-pinzenberg","20":"tag-rathaus","21":"tag-schwabach","22":"tag-stadt","23":"tag-stadt-schwabach"},"_links":{"self":[{"href":"https:\/\/www.region-schwabach.de\/wordpress\/wp-json\/wp\/v2\/posts\/158400","targetHints":{"allow":["GET"]}}],"collection":[{"href":"https:\/\/www.region-schwabach.de\/wordpress\/wp-json\/wp\/v2\/posts"}],"about":[{"href":"https:\/\/www.region-schwabach.de\/wordpress\/wp-json\/wp\/v2\/types\/post"}],"author":[{"embeddable":true,"href":"https:\/\/www.region-schwabach.de\/wordpress\/wp-json\/wp\/v2\/users\/1"}],"replies":[{"embeddable":true,"href":"https:\/\/www.region-schwabach.de\/wordpress\/wp-json\/wp\/v2\/comments?post=158400"}],"version-history":[{"count":0,"href":"https:\/\/www.region-schwabach.de\/wordpress\/wp-json\/wp\/v2\/posts\/158400\/revisions"}],"wp:featuredmedia":[{"embeddable":true,"href":"https:\/\/www.region-schwabach.de\/wordpress\/wp-json\/wp\/v2\/media\/158401"}],"wp:attachment":[{"href":"https:\/\/www.region-schwabach.de\/wordpress\/wp-json\/wp\/v2\/media?parent=158400"}],"wp:term":[{"taxonomy":"category","embeddable":true,"href":"https:\/\/www.region-schwabach.de\/wordpress\/wp-json\/wp\/v2\/categories?post=158400"},{"taxonomy":"post_tag","embeddable":true,"href":"https:\/\/www.region-schwabach.de\/wordpress\/wp-json\/wp\/v2\/tags?post=158400"}],"curies":[{"name":"wp","href":"https:\/\/api.w.org\/{rel}","templated":true}]}}