{"id":158539,"date":"2021-12-28T02:00:00","date_gmt":"2021-12-28T01:00:00","guid":{"rendered":"https:\/\/www.region-schwabach.de\/wordpress\/?p=158539"},"modified":"2021-12-28T11:56:06","modified_gmt":"2021-12-28T10:56:06","slug":"stadtteilgarage-und-einkaufsgarage-tiefgarage-soll-innenstadt-kunftig-besser-erschliessen","status":"publish","type":"post","link":"https:\/\/www.region-schwabach.de\/wordpress\/stadtteilgarage-und-einkaufsgarage-tiefgarage-soll-innenstadt-kunftig-besser-erschliessen\/","title":{"rendered":"\u201eStadtteilgarage\u201c und \u201eEinkaufsgarage\u201c: Tiefgarage soll Innenstadt k\u00fcnftig besser erschlie\u00dfen"},"content":{"rendered":"\t\t<div data-elementor-type=\"wp-post\" data-elementor-id=\"158539\" class=\"elementor elementor-158539\">\n\t\t\t\t\t\t<section class=\"elementor-section elementor-top-section elementor-element elementor-element-1dzeyuh elementor-section-boxed elementor-section-height-default elementor-section-height-default\" data-id=\"1dzeyuh\" data-element_type=\"section\">\n\t\t\t\t\t\t<div class=\"elementor-container elementor-column-gap-default\">\n\t\t\t\t\t<div class=\"elementor-column elementor-col-50 elementor-top-column elementor-element elementor-element-aam59ft\" data-id=\"aam59ft\" data-element_type=\"column\">\n\t\t\t<div class=\"elementor-widget-wrap elementor-element-populated\">\n\t\t\t\t\t\t<div class=\"elementor-element elementor-element-c2a29be elementor-widget elementor-widget-wp-widget-advads_ad_widget\" data-id=\"c2a29be\" data-element_type=\"widget\" data-widget_type=\"wp-widget-advads_ad_widget.default\">\n\t\t\t\t<div class=\"elementor-widget-container\">\n\t\t\t<div id=\"regio-1459690331\"><div class=\"regio-adlabel\">Werbung<\/div><center><a href=\"https:\/\/a.partner-versicherung.de\/click.php?partner_id=19992&ad_id=1578&deep=kreditkarten\"  target=\"_blank\"><img decoding=\"async\" src=\"https:\/\/a.partner-versicherung.de\/view.php?partner_id=19992&ad_id=1578\" ><\/a><\/center><\/div>\t\t<\/div>\n\t\t\t\t<\/div>\n\t\t\t\t<div class=\"elementor-element elementor-element-k9p1oyc elementor-widget elementor-widget-text-editor\" data-id=\"k9p1oyc\" data-element_type=\"widget\" data-widget_type=\"text-editor.default\">\n\t\t\t\t<div class=\"elementor-widget-container\">\n\t\t\t\t\t\t\t<h3><span id=\"page3R_mcid11\" class=\"markedContent\"><span dir=\"ltr\" role=\"presentation\">Dauerparker ziehen in die Tiefgarage B\u00fcrgerhof\u00a0<br \/><\/span><\/span><span id=\"page3R_mcid13\" class=\"markedContent\"><span dir=\"ltr\" role=\"presentation\">\u201eStadtteilgarage\u201c und \u201eEinkaufsgarage\u201c: Tiefgarage <\/span><span dir=\"ltr\" role=\"presentation\">soll Innenstadt k\u00fcnftig besser erschlie\u00dfen<\/span> <\/span><\/h3><p><span style=\"font-size: 12pt;\">Schwabach &#8211; <span id=\"page3R_mcid15\" class=\"markedContent\"><span dir=\"ltr\" role=\"presentation\">Die <\/span><span dir=\"ltr\" role=\"presentation\">Tiefgarage soll die Innenstadt k\u00fcnftig besser erschlie\u00dfen: So sollen <\/span><span dir=\"ltr\" role=\"presentation\">sp\u00e4testens ab Mai die Dauerparker, die bislang einen Stellplatz in der <\/span><span dir=\"ltr\" role=\"presentation\">Tiefgarage K\u00f6nigsplatz gemietet haben, einen Stellplatz in der Tiefgarage <\/span><span dir=\"ltr\" role=\"presentation\">B\u00fcrgerhof erhalten. \u201eSo wird die Tiefgarag<\/span><span dir=\"ltr\" role=\"presentation\">e B\u00fcrgerhof zu einer \u201aStadtteilgarage\u2018 <\/span><span dir=\"ltr\" role=\"presentation\">f\u00fcr die Altstadtbewohner\u201c, sagt Stadtbaurat Ricus Kerckhoff. \u201eDenn durch diese <\/span><span dir=\"ltr\" role=\"presentation\">Umstellung stehen k\u00fcnftig mehr Pl\u00e4tze f\u00fcr die Dauerparker zur Verf\u00fcgung.\u201c So <\/span><span dir=\"ltr\" role=\"presentation\">k\u00f6nne nun auch einigen Personen auf der Warteliste ein Dauer<\/span><span dir=\"ltr\" role=\"presentation\">&#8211;<\/span><span dir=\"ltr\" role=\"presentation\">Parkplatz <\/span><span dir=\"ltr\" role=\"presentation\">angeboten werden, da die Tiefgarage B\u00fcrgerhof deutlich mehr <\/span><span dir=\"ltr\" role=\"presentation\">Langzeitstellpl\u00e4tze ausweisbar macht als die Tiefgarage K\u00f6nigsplatz.\u00a0<\/span><\/span><span id=\"page3R_mcid16\" class=\"markedContent\"><br role=\"presentation\" \/><\/span><span id=\"page3R_mcid17\" class=\"markedContent\"><\/span><\/span><\/p><h3><span style=\"font-size: 14pt;\"><span id=\"page3R_mcid17\" class=\"markedContent\"><span dir=\"ltr\" role=\"presentation\">Wirtschaftsreferent Sascha Spahic:<\/span><\/span><\/span><\/h3><p><span style=\"font-size: 12pt;\"><span id=\"page3R_mcid17\" class=\"markedContent\"><span dir=\"ltr\" role=\"presentation\">Wirtschaftsreferent Sascha Spahic erg\u00e4nzt: \u201eSo wollen wir auch die Innenstadt <\/span><span dir=\"ltr\" role=\"presentation\">zus\u00e4tzlich beleben, denn die Tiefgarage K\u00f6nigsplatz wird unsere \u201azentrale <\/span><span dir=\"ltr\" role=\"presentation\">Einkaufsgarage\u2018 f\u00fcr Kurzzeitparker. Gerade im Vergleich zu anderen St\u00e4dten <\/span><span dir=\"ltr\" role=\"presentation\">ist es einmalig, dass man so <\/span><span dir=\"ltr\" role=\"presentation\">zentral bis zu zwei Stunden kostenlos parken <\/span><span dir=\"ltr\" role=\"presentation\">kann und direkt \u00fcber die Ausg\u00e4nge auf unseren Marktplatz gelangt.\u201c\u00a0<\/span><\/span><span id=\"page3R_mcid18\" class=\"markedContent\"><br role=\"presentation\" \/><\/span><span id=\"page3R_mcid19\" class=\"markedContent\"><\/span><span id=\"page3R_mcid20\" class=\"markedContent\"><\/span><\/span><\/p><h3><span style=\"font-size: 14pt;\"><span id=\"page3R_mcid20\" class=\"markedContent\"><span dir=\"ltr\" role=\"presentation\">60 Minuten Parken generell kostenlos<\/span><\/span><\/span><\/h3><p><span style=\"font-size: 12pt;\"><span id=\"page3R_mcid20\" class=\"markedContent\"><span dir=\"ltr\" role=\"presentation\">So sind 60 Minuten Parken generell kostenlos. Durch eine Wertmarke (Token), <\/span><\/span><span id=\"page3R_mcid21\" class=\"markedContent\"><span dir=\"ltr\" role=\"presentation\">die von in der Innenstadt ans\u00e4ssigen H\u00e4ndlern, Gastronomen und <\/span><\/span><span id=\"page3R_mcid22\" class=\"markedContent\"><span dir=\"ltr\" role=\"presentation\">Unte<\/span><\/span><span id=\"page3R_mcid23\" class=\"markedContent\"><span dir=\"ltr\" role=\"presentation\">rnehmen ausgegeben werden, kann das kostenlose Parken um weitere 60 <\/span><\/span><span id=\"page3R_mcid24\" class=\"markedContent\"><span dir=\"ltr\" role=\"presentation\">Minuten verl\u00e4ngert werden.\u00a0<\/span><\/span><\/span><\/p><h3><span style=\"font-size: 14pt;\"><span id=\"page20R_mcid1\" class=\"markedContent\"><span dir=\"ltr\" role=\"presentation\">F\u00fcr Dauerparker der Tiefgarage B\u00fcrgerhof \u00e4ndert sich e<\/span><\/span><span id=\"page20R_mcid2\" class=\"markedContent\"><span dir=\"ltr\" role=\"presentation\">rst einmal nichts<\/span><\/span><\/span><\/h3><p><span id=\"page3R_mcid25\" class=\"markedContent\"><\/span><span id=\"page3R_mcid26\" class=\"markedContent\"><\/span><span style=\"font-size: 12pt;\"><span id=\"page20R_mcid0\" class=\"markedContent\"><\/span><span id=\"page20R_mcid1\" class=\"markedContent\"><span dir=\"ltr\" role=\"presentation\">F\u00fcr die Dauerparker in der Tiefgarage B\u00fcrgerhof \u00e4ndert sich au\u00dfer ihrem <\/span><\/span><span id=\"page20R_mcid2\" class=\"markedContent\"><span dir=\"ltr\" role=\"presentation\">Vertragspartner erst einmal nichts. Die Dauerparker der Tiefgarage K\u00f6nigsplatz <\/span><\/span><span id=\"page20R_mcid3\" class=\"markedContent\"><span dir=\"ltr\" role=\"presentation\">m\u00fcssen, w<\/span><\/span><span id=\"page20R_mcid4\" class=\"markedContent\"><span dir=\"ltr\" role=\"presentation\">enn sie weiterhin einen Dauerparkplatz anmieten wollen, sp\u00e4testens <\/span><\/span><span id=\"page20R_mcid5\" class=\"markedContent\"><span dir=\"ltr\" role=\"presentation\">bis Ende April in die Tiefgarage B\u00fcrgerhof umziehen. \u201eDie Stadtdienste <\/span><\/span><span id=\"page20R_mcid6\" class=\"markedContent\"><span dir=\"ltr\" role=\"presentation\">Schwabach GmbH wird daher demn\u00e4chst die bestehenden Vertr\u00e4ge k\u00fcndigen. <\/span><\/span><span id=\"page20R_mcid7\" class=\"markedContent\"><span dir=\"ltr\" role=\"presentation\">Es besteht aber die M\u00f6glichkeit, ohne l\u00e4stige U<\/span><\/span><span id=\"page20R_mcid8\" class=\"markedContent\"><span dir=\"ltr\" role=\"presentation\">nterbrechung einen <\/span><\/span><span id=\"page20R_mcid9\" class=\"markedContent\"><span dir=\"ltr\" role=\"presentation\">Dauerparkplatz im B\u00fcrgerhof anzumieten\u201c, erl\u00e4utert Stadtrechtsrat Knut <\/span><\/span><span id=\"page20R_mcid10\" class=\"markedContent\"><span dir=\"ltr\" role=\"presentation\">Engelbrecht. <\/span><\/span><\/span><\/p><h3><span style=\"font-size: 14pt;\">Weiterhin <span id=\"page20R_mcid10\" class=\"markedContent\"><span dir=\"ltr\" role=\"presentation\">parken <\/span><\/span><span id=\"page20R_mcid11\" class=\"markedContent\"><span dir=\"ltr\" role=\"presentation\">k\u00f6nnen Menschen mit Gehbehinderung<\/span><\/span><\/span><\/h3><p><span style=\"font-size: 12pt;\"><span id=\"page20R_mcid10\" class=\"markedContent\"><span dir=\"ltr\" role=\"presentation\">Weiterhin als Dauerparker in der Tiefgarage K\u00f6nigsplatz parken <\/span><\/span><span id=\"page20R_mcid11\" class=\"markedContent\"><span dir=\"ltr\" role=\"presentation\">k\u00f6nnen Menschen mit Gehbehinderung, denn nur dort besteht derzeit die <\/span><\/span><span id=\"page20R_mcid12\" class=\"markedContent\"><span dir=\"ltr\" role=\"presentation\">M\u00f6glichkeit, barrier<\/span><\/span><span id=\"page20R_mcid13\" class=\"markedContent\"><span dir=\"ltr\" role=\"presentation\">efrei \u00fcber den Aufzug in die Innenstadt zu gelangen.\u00a0<\/span><\/span><span id=\"page20R_mcid14\" class=\"markedContent\"><\/span><\/span><\/p>\t\t\t\t\t\t<\/div>\n\t\t\t\t<\/div>\n\t\t\t\t<div class=\"elementor-element elementor-element-1b352fc elementor-widget elementor-widget-shortcode\" data-id=\"1b352fc\" data-element_type=\"widget\" data-widget_type=\"shortcode.default\">\n\t\t\t\t<div class=\"elementor-widget-container\">\n\t\t\t\t\t<div class=\"elementor-shortcode\"><!-- Beginn https:\/\/www.financeads.net\/-Code --><a href=\"https:\/\/www.financeads.net\/tc.php?t=36648C38513858B\" target=\"_blank\"><center><img decoding=\"async\" src=\"https:\/\/www.financeads.net\/tb.php?t=36648V38513858B&https=1\" alt=\"\" border=\"0\" width=\"468\" height=\"60\"><\/a><!-- Ende https:\/\/www.financeads.net\/-Code --><\/div>\n\t\t\t\t<\/div>\n\t\t\t\t<\/div>\n\t\t\t\t<div class=\"elementor-element elementor-element-rf47wqh elementor-widget elementor-widget-google_maps\" data-id=\"rf47wqh\" data-element_type=\"widget\" data-widget_type=\"google_maps.default\">\n\t\t\t\t<div class=\"elementor-widget-container\">\n\t\t\t\t\t<div class=\"elementor-custom-embed\">\n\t\t\t<iframe loading=\"lazy\"\n\t\t\t\t\tsrc=\"https:\/\/maps.google.com\/maps?q=Rathausgasse%2C%20Schwabach%2C%20Deutschland&#038;t=m&#038;z=17&#038;output=embed&#038;iwloc=near\"\n\t\t\t\t\ttitle=\"Rathausgasse, Schwabach, Deutschland\"\n\t\t\t\t\taria-label=\"Rathausgasse, Schwabach, Deutschland\"\n\t\t\t><\/iframe>\n\t\t<\/div>\n\t\t\t\t<\/div>\n\t\t\t\t<\/div>\n\t\t\t\t\t<\/div>\n\t\t<\/div>\n\t\t\t\t<div class=\"elementor-column elementor-col-50 elementor-top-column elementor-element elementor-element-721372a\" data-id=\"721372a\" data-element_type=\"column\">\n\t\t\t<div class=\"elementor-widget-wrap elementor-element-populated\">\n\t\t\t\t\t\t<div class=\"elementor-element elementor-element-f284a7e elementor-widget elementor-widget-heading\" data-id=\"f284a7e\" data-element_type=\"widget\" data-widget_type=\"heading.default\">\n\t\t\t\t<div class=\"elementor-widget-container\">\n\t\t\t<h3 class=\"elementor-heading-title elementor-size-default\">Schnell vergleichen und sparen!<\/h3>\t\t<\/div>\n\t\t\t\t<\/div>\n\t\t\t\t<div class=\"elementor-element elementor-element-ef1c96d elementor-widget elementor-widget-wp-widget-advads_ad_widget\" data-id=\"ef1c96d\" data-element_type=\"widget\" data-widget_type=\"wp-widget-advads_ad_widget.default\">\n\t\t\t\t<div class=\"elementor-widget-container\">\n\t\t\t<div id=\"regio-4131914642\"><div class=\"regio-adlabel\">Werbung<\/div><!-- Beginn https:\/\/www.financeads.net\/-Code --><a href=\"https:\/\/www.financeads.net\/tc.php?t=36648C236142529B\" target=\"_blank\"><img fetchpriority=\"high\" decoding=\"async\" src=\"https:\/\/www.financeads.net\/tb.php?t=36648V236142529B&https=1\" alt=\"\" border=\"0\" width=\"300\" height=\"250\"><\/a><!-- Ende https:\/\/www.financeads.net\/-Code --><\/div>\t\t<\/div>\n\t\t\t\t<\/div>\n\t\t\t\t<div class=\"elementor-element elementor-element-2c2aba6 elementor-widget elementor-widget-wp-widget-advads_ad_widget\" data-id=\"2c2aba6\" data-element_type=\"widget\" data-widget_type=\"wp-widget-advads_ad_widget.default\">\n\t\t\t\t<div class=\"elementor-widget-container\">\n\t\t\t<div id=\"regio-750062268\"><div class=\"regio-adlabel\">Werbung<\/div><!-- Beginn https:\/\/www.financeads.net\/-Code --><a href=\"https:\/\/www.financeads.net\/tc.php?t=36648C42614510B\" target=\"_blank\"><img decoding=\"async\" src=\"https:\/\/www.financeads.net\/tb.php?t=36648V42614510B&https=1\" alt=\"\" border=\"0\" width=\"200\" height=\"300\"><\/a><!-- Ende https:\/\/www.financeads.net\/-Code --><\/div>\t\t<\/div>\n\t\t\t\t<\/div>\n\t\t\t\t<div class=\"elementor-element elementor-element-5f99573 elementor-widget elementor-widget-wp-widget-advads_ad_widget\" data-id=\"5f99573\" data-element_type=\"widget\" data-widget_type=\"wp-widget-advads_ad_widget.default\">\n\t\t\t\t<div class=\"elementor-widget-container\">\n\t\t\t<div id=\"regio-3649271298\"><div class=\"regio-adlabel\">Werbung<\/div><!-- Beginn https:\/\/www.financeads.net\/-Code --><a href=\"https:\/\/www.financeads.net\/tc.php?t=36648C205040072B\" target=\"_blank\"><img loading=\"lazy\" decoding=\"async\" src=\"https:\/\/www.financeads.net\/tb.php?t=36648V205040072B&https=1\" alt=\"\" border=\"0\" width=\"300\" height=\"250\"><\/a><!-- Ende https:\/\/www.financeads.net\/-Code --><\/div>\t\t<\/div>\n\t\t\t\t<\/div>\n\t\t\t\t<div class=\"elementor-element elementor-element-1684c4c elementor-widget elementor-widget-wp-widget-advads_ad_widget\" data-id=\"1684c4c\" data-element_type=\"widget\" data-widget_type=\"wp-widget-advads_ad_widget.default\">\n\t\t\t\t<div class=\"elementor-widget-container\">\n\t\t\t<div id=\"regio-1511117549\"><div class=\"regio-adlabel\">Werbung<\/div><!-- Beginn https:\/\/www.financeads.net\/-Code --><a href=\"https:\/\/www.financeads.net\/tc.php?t=36648C271460142B\" target=\"_blank\"><img loading=\"lazy\" decoding=\"async\" src=\"https:\/\/www.financeads.net\/tb.php?t=36648V271460142B&https=1\" alt=\"PETPROTECT_Hund&Katze_Banner\" border=\"0\" width=\"250\" height=\"250\"><\/a><!-- Ende https:\/\/www.financeads.net\/-Code --><\/div>\t\t<\/div>\n\t\t\t\t<\/div>\n\t\t\t\t\t<\/div>\n\t\t<\/div>\n\t\t\t\t\t<\/div>\n\t\t<\/section>\n\t\t\t\t<\/div>\n\t\t","protected":false},"excerpt":{"rendered":"<div class=\"mh-excerpt\"><p>Dauerparker ziehen in die Tiefgarage B\u00fcrgerhof&nbsp; \u201eStadtteilgarage\u201c und \u201eEinkaufsgarage\u201c: Tiefgarage soll Innenstadt k\u00fcnftig besser erschlie\u00dfen Schwabach &#8211; Die Tiefgarage soll die Innenstadt k\u00fcnftig besser erschlie\u00dfen: So sollen sp\u00e4testens ab Mai die Dauerparker, die bislang einen <a class=\"mh-excerpt-more\" href=\"https:\/\/www.region-schwabach.de\/wordpress\/stadtteilgarage-und-einkaufsgarage-tiefgarage-soll-innenstadt-kunftig-besser-erschliessen\/\" title=\"\u201eStadtteilgarage\u201c und \u201eEinkaufsgarage\u201c: Tiefgarage soll Innenstadt k\u00fcnftig besser erschlie\u00dfen\">[&#8230;]<\/a><\/p>\n<\/div>","protected":false},"author":1,"featured_media":158545,"comment_status":"open","ping_status":"open","sticky":false,"template":"template-full.php","format":"standard","meta":{"_cbd_carousel_blocks":"[]","footnotes":""},"categories":[16,78,79,61,14],"tags":[17981,16120,17979,17980,388,522,3554,593,1480,19,17978,4706,861],"class_list":{"0":"post-158539","1":"post","2":"type-post","3":"status-publish","4":"format-standard","5":"has-post-thumbnail","7":"category-aktuell","8":"category-handel-und-wirtschaft","9":"category-politik","10":"category-rathaus","11":"category-verkehrsinfos","12":"tag-dauerparker","13":"tag-dezember-2021","14":"tag-einkaufsgarage","15":"tag-erschliessung","16":"tag-innenstadt","17":"tag-koenigsplatz","18":"tag-parkhaus","19":"tag-parkplatz","20":"tag-rathaus","21":"tag-schwabach","22":"tag-stadtteilgarage","23":"tag-stellplatz","24":"tag-tiefgarage"},"_links":{"self":[{"href":"https:\/\/www.region-schwabach.de\/wordpress\/wp-json\/wp\/v2\/posts\/158539","targetHints":{"allow":["GET"]}}],"collection":[{"href":"https:\/\/www.region-schwabach.de\/wordpress\/wp-json\/wp\/v2\/posts"}],"about":[{"href":"https:\/\/www.region-schwabach.de\/wordpress\/wp-json\/wp\/v2\/types\/post"}],"author":[{"embeddable":true,"href":"https:\/\/www.region-schwabach.de\/wordpress\/wp-json\/wp\/v2\/users\/1"}],"replies":[{"embeddable":true,"href":"https:\/\/www.region-schwabach.de\/wordpress\/wp-json\/wp\/v2\/comments?post=158539"}],"version-history":[{"count":0,"href":"https:\/\/www.region-schwabach.de\/wordpress\/wp-json\/wp\/v2\/posts\/158539\/revisions"}],"wp:featuredmedia":[{"embeddable":true,"href":"https:\/\/www.region-schwabach.de\/wordpress\/wp-json\/wp\/v2\/media\/158545"}],"wp:attachment":[{"href":"https:\/\/www.region-schwabach.de\/wordpress\/wp-json\/wp\/v2\/media?parent=158539"}],"wp:term":[{"taxonomy":"category","embeddable":true,"href":"https:\/\/www.region-schwabach.de\/wordpress\/wp-json\/wp\/v2\/categories?post=158539"},{"taxonomy":"post_tag","embeddable":true,"href":"https:\/\/www.region-schwabach.de\/wordpress\/wp-json\/wp\/v2\/tags?post=158539"}],"curies":[{"name":"wp","href":"https:\/\/api.w.org\/{rel}","templated":true}]}}