{"id":158552,"date":"2021-12-28T03:00:00","date_gmt":"2021-12-28T02:00:00","guid":{"rendered":"https:\/\/www.region-schwabach.de\/wordpress\/?p=158552"},"modified":"2021-12-28T13:21:06","modified_gmt":"2021-12-28T12:21:06","slug":"fairer-pausenverkauf-am-adam-kraft-gymnasium-und-am-wolfram-von-eschenbach-gymnasium-in-schwabach","status":"publish","type":"post","link":"https:\/\/www.region-schwabach.de\/wordpress\/fairer-pausenverkauf-am-adam-kraft-gymnasium-und-am-wolfram-von-eschenbach-gymnasium-in-schwabach\/","title":{"rendered":"Fairer Pausenverkauf am Adam-Kraft-Gymnasium und am Wolfram-von-Eschenbach-Gymnasium in Schwabach"},"content":{"rendered":"\t\t<div data-elementor-type=\"wp-post\" data-elementor-id=\"158552\" class=\"elementor elementor-158552\">\n\t\t\t\t\t\t<section class=\"elementor-section elementor-top-section elementor-element elementor-element-678181b elementor-section-boxed elementor-section-height-default elementor-section-height-default\" data-id=\"678181b\" data-element_type=\"section\">\n\t\t\t\t\t\t<div class=\"elementor-container elementor-column-gap-default\">\n\t\t\t\t\t<div class=\"elementor-column elementor-col-66 elementor-top-column elementor-element elementor-element-6b34026\" data-id=\"6b34026\" data-element_type=\"column\">\n\t\t\t<div class=\"elementor-widget-wrap elementor-element-populated\">\n\t\t\t\t\t\t<div class=\"elementor-element elementor-element-8f5c9e1 elementor-widget elementor-widget-wp-widget-advads_ad_widget\" data-id=\"8f5c9e1\" data-element_type=\"widget\" data-widget_type=\"wp-widget-advads_ad_widget.default\">\n\t\t\t\t<div class=\"elementor-widget-container\">\n\t\t\t<div id=\"regio-3531699874\"><div class=\"regio-adlabel\">Werbung<\/div><center><a href=\"https:\/\/a.partner-versicherung.de\/click.php?partner_id=19992&ad_id=1578&deep=kreditkarten\"  target=\"_blank\"><img decoding=\"async\" src=\"https:\/\/a.partner-versicherung.de\/view.php?partner_id=19992&ad_id=1578\" ><\/a><\/center><\/div>\t\t<\/div>\n\t\t\t\t<\/div>\n\t\t\t\t<div class=\"elementor-element elementor-element-443ab98 elementor-widget elementor-widget-text-editor\" data-id=\"443ab98\" data-element_type=\"widget\" data-widget_type=\"text-editor.default\">\n\t\t\t\t<div class=\"elementor-widget-container\">\n\t\t\t\t\t\t\t<h3>Tolle Weihnachtsaktion:\u00a0<br \/>Schwabacher Gymnasien verkaufen Faire Weihnachtsnaschereien<\/h3><p><span style=\"font-size: 12pt;\">Schwabach &#8211; Nach einem Jahr pandemiebedingter Pause hat der Arbeitskreis \u201eFairtrade und Umwelt\u201c am Adam-Kraft-Gymnasium einen dreit\u00e4gigen Fairen Weihnachtsverkauf gestartet. Der Wahlkurs \u201eFairtrade\u201c am Wolfram-von-Eschenbach-Gymnasium (WEG) f\u00fchrt seinen fairen Pausenverkauf bereits seit dem Sommer wieder durch. Kurz vor Weihnachten gibt es dort s\u00fc\u00dfe Leckereien, Kaffee, Tee, Kakao und Kunsthandwerk aus dem Eine-Welt-Laden zu kaufen. Verkaufs-Highlight ist die Faire Stadtschokolade, die in Kooperation mit der Fairtrade-Steuerungsgruppe der Stadt Schwabach entstanden ist. Jede Schule hat dazu ihr eigenes Etikett entworfen. <br \/><\/span><\/p><p><span style=\"font-size: 12pt;\">\u201eIn den ersten beiden Pausen haben wir unglaubliche 214 Tafeln verkauft. Ich bin \u00fcberw\u00e4ltigt von so viel Resonanz\u201c, so Frank Schmidt, verantwortlicher Lehrer am Adam-Kraft-Gymnasium. \u201eAuch am WEG lief der Verkauf der Schokolade \u201aabartig gut\u2018\u201c, zitiert die am WEG verantwortliche Lehrerin Claudia Gerundt einen ihrer Sch\u00fcler, der mit verkauft hat.<br \/><\/span><\/p><p><span style=\"font-size: 12pt;\">Fairtrade Deutschland feiert 2022 30-j\u00e4hriges Bestehen und die Stadt Schwabach und die engagierten Mitstreiter sind stolz, ein Teil davon zu sein, um die Menschen des Globalen S\u00fcdens gerade auch in der Corona Pandemie, zu unterst\u00fctzen.\u00a0<br \/><\/span><\/p><p><span style=\"font-size: 12pt;\"><strong>Foto:<\/strong> Sch\u00fclerinnen und Sch\u00fcler des Adam-Kraft-Gymnasiums verkaufen mit ihrem Lehrer Faire Lebensmittel und Kunsthandwerk in der Pause<\/span><\/p><h3>Weiterf\u00fchrende Links:<\/h3><p><a href=\"https:\/\/www.schwabach.de\/de\/wissenswertes\/fairtrade.html\" target=\"_blank\" rel=\"noopener\"><span style=\"font-size: 12pt;\">Weitere Informationen zum Thema Fairtrade in Schwabach gibt es hier &#8230;<\/span><\/a><\/p>\t\t\t\t\t\t<\/div>\n\t\t\t\t<\/div>\n\t\t\t\t<section class=\"elementor-section elementor-inner-section elementor-element elementor-element-d495a97 elementor-section-boxed elementor-section-height-default elementor-section-height-default\" data-id=\"d495a97\" data-element_type=\"section\">\n\t\t\t\t\t\t<div class=\"elementor-container elementor-column-gap-default\">\n\t\t\t\t\t<div class=\"elementor-column elementor-col-100 elementor-inner-column elementor-element elementor-element-2c690c1\" data-id=\"2c690c1\" data-element_type=\"column\">\n\t\t\t<div class=\"elementor-widget-wrap elementor-element-populated\">\n\t\t\t\t\t\t<div class=\"elementor-element elementor-element-0ad9de9 elementor-widget elementor-widget-html\" data-id=\"0ad9de9\" data-element_type=\"widget\" data-widget_type=\"html.default\">\n\t\t\t\t<div class=\"elementor-widget-container\">\n\t\t\t<iframe style=\"width:120px;height:240px;\" marginwidth=\"0\" marginheight=\"0\" scrolling=\"no\" frameborder=\"0\" src=\"\/\/ws-eu.amazon-adsystem.com\/widgets\/q?ServiceVersion=20070822&OneJS=1&Operation=GetAdHtml&MarketPlace=DE&source=ac&ref=qf_sp_asin_til&ad_type=product_link&tracking_id=hlde-21&marketplace=amazon&region=DE&placement=3942194104&asins=3942194104&linkId=55dacc9410d97396e46de337a25b5fec&show_border=true&link_opens_in_new_window=true&price_color=333333&title_color=0066c0&bg_color=ffffff\"><\/iframe>\n<iframe style=\"width:120px;height:240px;\" marginwidth=\"0\" marginheight=\"0\" scrolling=\"no\" frameborder=\"0\" src=\"\/\/ws-eu.amazon-adsystem.com\/widgets\/q?ServiceVersion=20070822&OneJS=1&Operation=GetAdHtml&MarketPlace=DE&source=ac&ref=qf_sp_asin_til&ad_type=product_link&tracking_id=hlde-21&marketplace=amazon&region=DE&placement=3936086834&asins=3936086834&linkId=d2aa88b32e64480b8cd6dd29672f1dda&show_border=true&link_opens_in_new_window=true&price_color=333333&title_color=0066c0&bg_color=ffffff\"><\/iframe>\n<iframe style=\"width:120px;height:240px;\" marginwidth=\"0\" marginheight=\"0\" scrolling=\"no\" frameborder=\"0\" src=\"\/\/ws-eu.amazon-adsystem.com\/widgets\/q?ServiceVersion=20070822&OneJS=1&Operation=GetAdHtml&MarketPlace=DE&source=ac&ref=qf_sp_asin_til&ad_type=product_link&tracking_id=hlde-21&marketplace=amazon&region=DE&placement=3727214562&asins=3727214562&linkId=8dbc2118191e024b5ae21a57ff446a8f&show_border=true&link_opens_in_new_window=true&price_color=333333&title_color=0066c0&bg_color=ffffff\"><\/iframe>\t\t<\/div>\n\t\t\t\t<\/div>\n\t\t\t\t\t<\/div>\n\t\t<\/div>\n\t\t\t\t\t<\/div>\n\t\t<\/section>\n\t\t\t\t<div class=\"elementor-element elementor-element-709011a elementor-widget-divider--view-line elementor-widget elementor-widget-divider\" data-id=\"709011a\" data-element_type=\"widget\" data-widget_type=\"divider.default\">\n\t\t\t\t<div class=\"elementor-widget-container\">\n\t\t\t\t\t<div class=\"elementor-divider\">\n\t\t\t<span class=\"elementor-divider-separator\">\n\t\t\t\t\t\t<\/span>\n\t\t<\/div>\n\t\t\t\t<\/div>\n\t\t\t\t<\/div>\n\t\t\t\t<div class=\"elementor-element elementor-element-b465de7 elementor-widget elementor-widget-google_maps\" data-id=\"b465de7\" data-element_type=\"widget\" data-widget_type=\"google_maps.default\">\n\t\t\t\t<div class=\"elementor-widget-container\">\n\t\t\t\t\t<div class=\"elementor-custom-embed\">\n\t\t\t<iframe loading=\"lazy\"\n\t\t\t\t\tsrc=\"https:\/\/maps.google.com\/maps?q=Schwabach%2C%20Deutschland&#038;t=m&#038;z=14&#038;output=embed&#038;iwloc=near\"\n\t\t\t\t\ttitle=\"Schwabach, Deutschland\"\n\t\t\t\t\taria-label=\"Schwabach, Deutschland\"\n\t\t\t><\/iframe>\n\t\t<\/div>\n\t\t\t\t<\/div>\n\t\t\t\t<\/div>\n\t\t\t\t\t<\/div>\n\t\t<\/div>\n\t\t\t\t<div class=\"elementor-column elementor-col-33 elementor-top-column elementor-element elementor-element-f645137\" data-id=\"f645137\" data-element_type=\"column\">\n\t\t\t<div class=\"elementor-widget-wrap elementor-element-populated\">\n\t\t\t\t\t\t<div class=\"elementor-element elementor-element-7eca624 elementor-widget elementor-widget-wp-widget-advads_ad_widget\" data-id=\"7eca624\" data-element_type=\"widget\" data-widget_type=\"wp-widget-advads_ad_widget.default\">\n\t\t\t\t<div class=\"elementor-widget-container\">\n\t\t\t<div id=\"regio-3698996687\"><div class=\"regio-adlabel\">Werbung<\/div><div id=\"regio-4171124386\"><!-- Beginn https:\/\/www.financeads.net\/-Code --><a href=\"https:\/\/www.financeads.net\/tc.php?t=36648C271460142B\" target=\"_blank\"><img fetchpriority=\"high\" decoding=\"async\" src=\"https:\/\/www.financeads.net\/tb.php?t=36648V271460142B&https=1\" alt=\"PETPROTECT_Hund&Katze_Banner\" border=\"0\" width=\"250\" height=\"250\"><\/a><!-- Ende https:\/\/www.financeads.net\/-Code --><\/div><div id=\"regio-1171440936\"><!-- Beginn https:\/\/www.financeads.net\/-Code --><a href=\"https:\/\/www.financeads.net\/tc.php?t=36648C236142529B\" target=\"_blank\"><img decoding=\"async\" src=\"https:\/\/www.financeads.net\/tb.php?t=36648V236142529B&https=1\" alt=\"\" border=\"0\" width=\"300\" height=\"250\"><\/a><!-- Ende https:\/\/www.financeads.net\/-Code --><\/div><div id=\"regio-1746608040\"><!-- Beginn https:\/\/www.financeads.net\/-Code --><a href=\"https:\/\/www.financeads.net\/tc.php?t=36648C205040072B\" target=\"_blank\"><img decoding=\"async\" src=\"https:\/\/www.financeads.net\/tb.php?t=36648V205040072B&https=1\" alt=\"\" border=\"0\" width=\"300\" height=\"250\"><\/a><!-- Ende https:\/\/www.financeads.net\/-Code --><\/div><div id=\"regio-2426841912\"><!-- Beginn https:\/\/www.financeads.net\/-Code --><a href=\"https:\/\/www.financeads.net\/tc.php?t=36648C42614510B\" target=\"_blank\"><img loading=\"lazy\" decoding=\"async\" src=\"https:\/\/www.financeads.net\/tb.php?t=36648V42614510B&https=1\" alt=\"\" border=\"0\" width=\"200\" height=\"300\"><\/a><!-- Ende https:\/\/www.financeads.net\/-Code --><\/div><\/div>\t\t<\/div>\n\t\t\t\t<\/div>\n\t\t\t\t\t<\/div>\n\t\t<\/div>\n\t\t\t\t\t<\/div>\n\t\t<\/section>\n\t\t\t\t<\/div>\n\t\t","protected":false},"excerpt":{"rendered":"<div class=\"mh-excerpt\"><p>Tolle Weihnachtsaktion:\u00a0Schwabacher Gymnasien verkaufen Faire Weihnachtsnaschereien Schwabach &#8211; Nach einem Jahr pandemiebedingter Pause hat der Arbeitskreis \u201eFairtrade und Umwelt\u201c am Adam-Kraft-Gymnasium einen dreit\u00e4gigen Fairen Weihnachtsverkauf gestartet. Der Wahlkurs \u201eFairtrade\u201c am Wolfram-von-Eschenbach-Gymnasium (WEG) f\u00fchrt seinen fairen <a class=\"mh-excerpt-more\" href=\"https:\/\/www.region-schwabach.de\/wordpress\/fairer-pausenverkauf-am-adam-kraft-gymnasium-und-am-wolfram-von-eschenbach-gymnasium-in-schwabach\/\" title=\"Fairer Pausenverkauf am Adam-Kraft-Gymnasium und am Wolfram-von-Eschenbach-Gymnasium in Schwabach\">[&#8230;]<\/a><\/p>\n<\/div>","protected":false},"author":1,"featured_media":158553,"comment_status":"open","ping_status":"open","sticky":false,"template":"","format":"standard","meta":{"_cbd_carousel_blocks":"[]","footnotes":""},"categories":[16,287,61,3967],"tags":[6311,6862,4671,7318,3147,522,9236,1480,19,17556,3012,3151,3138],"class_list":{"0":"post-158552","1":"post","2":"type-post","3":"status-publish","4":"format-standard","5":"has-post-thumbnail","7":"category-aktuell","8":"category-jugend-und-familie","9":"category-rathaus","10":"category-unternehmen","11":"tag-adam-kraft-gymnasium","12":"tag-aus-fairem-handel","13":"tag-bismarckstrasse","14":"tag-fairtrade-aktion","15":"tag-haydnstrasse","16":"tag-koenigsplatz","17":"tag-pausenverkauf","18":"tag-rathaus","19":"tag-schwabach","20":"tag-schwabacher-fairtrade-team","21":"tag-stadt","22":"tag-stadt-schwabach","23":"tag-wolfram-von-eschenbach-gymnasium"},"_links":{"self":[{"href":"https:\/\/www.region-schwabach.de\/wordpress\/wp-json\/wp\/v2\/posts\/158552","targetHints":{"allow":["GET"]}}],"collection":[{"href":"https:\/\/www.region-schwabach.de\/wordpress\/wp-json\/wp\/v2\/posts"}],"about":[{"href":"https:\/\/www.region-schwabach.de\/wordpress\/wp-json\/wp\/v2\/types\/post"}],"author":[{"embeddable":true,"href":"https:\/\/www.region-schwabach.de\/wordpress\/wp-json\/wp\/v2\/users\/1"}],"replies":[{"embeddable":true,"href":"https:\/\/www.region-schwabach.de\/wordpress\/wp-json\/wp\/v2\/comments?post=158552"}],"version-history":[{"count":0,"href":"https:\/\/www.region-schwabach.de\/wordpress\/wp-json\/wp\/v2\/posts\/158552\/revisions"}],"wp:featuredmedia":[{"embeddable":true,"href":"https:\/\/www.region-schwabach.de\/wordpress\/wp-json\/wp\/v2\/media\/158553"}],"wp:attachment":[{"href":"https:\/\/www.region-schwabach.de\/wordpress\/wp-json\/wp\/v2\/media?parent=158552"}],"wp:term":[{"taxonomy":"category","embeddable":true,"href":"https:\/\/www.region-schwabach.de\/wordpress\/wp-json\/wp\/v2\/categories?post=158552"},{"taxonomy":"post_tag","embeddable":true,"href":"https:\/\/www.region-schwabach.de\/wordpress\/wp-json\/wp\/v2\/tags?post=158552"}],"curies":[{"name":"wp","href":"https:\/\/api.w.org\/{rel}","templated":true}]}}