{"id":158790,"date":"2021-12-31T00:45:00","date_gmt":"2021-12-30T23:45:00","guid":{"rendered":"https:\/\/www.region-schwabach.de\/wordpress\/?p=158790"},"modified":"2021-12-31T12:14:11","modified_gmt":"2021-12-31T11:14:11","slug":"verbot-von-feuerwerk-und-silvesterfeiern-im-stadtzentrum-von-schwabach-zum-jahreswechsel-2021-2022","status":"publish","type":"post","link":"https:\/\/www.region-schwabach.de\/wordpress\/verbot-von-feuerwerk-und-silvesterfeiern-im-stadtzentrum-von-schwabach-zum-jahreswechsel-2021-2022\/","title":{"rendered":"Verbot von Feuerwerk und Silvesterfeiern im Stadtzentrum von Schwabach zum Jahreswechsel 2021\/2022"},"content":{"rendered":"\t\t<div data-elementor-type=\"wp-post\" data-elementor-id=\"158790\" class=\"elementor elementor-158790\">\n\t\t\t\t\t\t<section class=\"elementor-section elementor-top-section elementor-element elementor-element-678181b elementor-section-boxed elementor-section-height-default elementor-section-height-default\" data-id=\"678181b\" data-element_type=\"section\">\n\t\t\t\t\t\t<div class=\"elementor-container elementor-column-gap-default\">\n\t\t\t\t\t<div class=\"elementor-column elementor-col-50 elementor-top-column elementor-element elementor-element-6b34026\" data-id=\"6b34026\" data-element_type=\"column\">\n\t\t\t<div class=\"elementor-widget-wrap elementor-element-populated\">\n\t\t\t\t\t\t<div class=\"elementor-element elementor-element-15a5ce5 elementor-widget elementor-widget-wp-widget-advads_ad_widget\" data-id=\"15a5ce5\" data-element_type=\"widget\" data-widget_type=\"wp-widget-advads_ad_widget.default\">\n\t\t\t\t<div class=\"elementor-widget-container\">\n\t\t\t<div id=\"regio-808889564\"><div class=\"regio-adlabel\">Werbung<\/div><center><a href=\"https:\/\/a.partner-versicherung.de\/click.php?partner_id=19992&ad_id=1578&deep=kreditkarten\"  target=\"_blank\"><img decoding=\"async\" src=\"https:\/\/a.partner-versicherung.de\/view.php?partner_id=19992&ad_id=1578\" ><\/a><\/center><\/div>\t\t<\/div>\n\t\t\t\t<\/div>\n\t\t\t\t<div class=\"elementor-element elementor-element-443ab98 elementor-widget elementor-widget-text-editor\" data-id=\"443ab98\" data-element_type=\"widget\" data-widget_type=\"text-editor.default\">\n\t\t\t\t<div class=\"elementor-widget-container\">\n\t\t\t\t\t\t\t<h3><span id=\"page3R_mcid11\" class=\"markedContent\"><span dir=\"ltr\" role=\"presentation\">Keine Menschengruppen \u00fcber 10 Personen<br \/><\/span><\/span><span id=\"page3R_mcid13\" class=\"markedContent\"><span dir=\"ltr\" role=\"presentation\">Keine Silvesterfeiern in der Innenstadt<\/span> <\/span><\/h3><p><span style=\"font-size: 12pt;\">Schwabach &#8211; <span id=\"page3R_mcid15\" class=\"markedContent\"><span dir=\"ltr\" role=\"presentation\">Das Abbrennen von Feuerwerksk\u00f6rpern, Menschengruppen mit mehr als zehn <\/span><span dir=\"ltr\" role=\"presentation\">Personen sowie der Alkoholkonsum <\/span><span dir=\"ltr\" role=\"presentation\">sind <\/span><span dir=\"ltr\" role=\"presentation\">im Schwabacher Stadtzentrum<\/span> <span dir=\"ltr\" role=\"presentation\">zum <\/span><span dir=\"ltr\" role=\"presentation\">Jahreswechsel 2021\/22 <\/span><span dir=\"ltr\" role=\"presentation\">untersagt. <\/span><span dir=\"ltr\" role=\"presentation\">Durch eine <\/span><span dir=\"ltr\" role=\"presentation\">Allgemeinverf\u00fcgung werden <\/span><span dir=\"ltr\" role=\"presentation\">der <\/span><span dir=\"ltr\" role=\"presentation\">K\u00f6n<\/span><span dir=\"ltr\" role=\"presentation\">igsplatz, der Martin<\/span><span dir=\"ltr\" role=\"presentation\">&#8211;<\/span><span dir=\"ltr\" role=\"presentation\">Luther<\/span><span dir=\"ltr\" role=\"presentation\">&#8211;<\/span><span dir=\"ltr\" role=\"presentation\">Platz, die Pfarrgasse bis zur Einm\u00fcndung <\/span><span dir=\"ltr\" role=\"presentation\">Rosenbergerstra\u00dfe, die Rosenbergerstra\u00dfe, Fleischbr\u00fccke bis zur Einm\u00fcndung <\/span><span dir=\"ltr\" role=\"presentation\">Rosenbergerstra\u00dfe und die Kirchgasse als Verbotszone f\u00fcr den 31. Dezember 2021 <\/span><span dir=\"ltr\" role=\"presentation\">und 1. Januar 2022 definiert (siehe Plan).<\/span> <span dir=\"ltr\" role=\"presentation\">Flankiert werden die Ma\u00dfnahmen durch ein <\/span><span dir=\"ltr\" role=\"presentation\">bundesweit geltendes Verkaufsverbot f\u00fcr Feuerwerksk\u00f6rper.\u00a0<\/span><\/span><\/span><\/p><h3><span style=\"font-size: 14pt;\">Verbot gilt auch in der <span id=\"page3R_mcid17\" class=\"markedContent\"><span dir=\"ltr\" role=\"presentation\">N\u00e4he von Kirchen, Krankenh\u00e4usern<\/span> <span dir=\"ltr\" role=\"presentation\">sowie<\/span> <span dir=\"ltr\" role=\"presentation\">Kinder<\/span><span dir=\"ltr\" role=\"presentation\">&#8211;<\/span> <span dir=\"ltr\" role=\"presentation\">und <\/span><span dir=\"ltr\" role=\"presentation\">Altersheimen<\/span><\/span><\/span><\/h3><p><span id=\"page3R_mcid16\" class=\"markedContent\"><\/span><span id=\"page3R_mcid17\" class=\"markedContent\"><\/span><span style=\"font-size: 12pt;\"><span id=\"page3R_mcid17\" class=\"markedContent\"><span dir=\"ltr\" role=\"presentation\">Unabh\u00e4ngig davon ist<\/span> <span dir=\"ltr\" role=\"presentation\">das Abbrennen von Feuerwerksk\u00f6rpern<\/span> <span dir=\"ltr\" role=\"presentation\">auch<\/span> <span dir=\"ltr\" role=\"presentation\">in <\/span><span dir=\"ltr\" role=\"presentation\">unmittelbarer N\u00e4he von Kirchen, Krankenh\u00e4usern<\/span> <span dir=\"ltr\" role=\"presentation\">sowie<\/span> <span dir=\"ltr\" role=\"presentation\">Kinder<\/span><span dir=\"ltr\" role=\"presentation\">&#8211;<\/span> <span dir=\"ltr\" role=\"presentation\">und <\/span><span dir=\"ltr\" role=\"presentation\">Altersheimen <\/span><span dir=\"ltr\" role=\"presentation\">ist wie in den Vorjahren verboten. \u201e\u00c4hnlich wie letztes Jahr wird <\/span><span dir=\"ltr\" role=\"presentation\">das Einhalten der Vorgaben in der Innenstadt verst\u00e4rk<\/span><span dir=\"ltr\" role=\"presentation\">t kontrolliert\u201c, erl\u00e4utert <\/span><span dir=\"ltr\" role=\"presentation\">Stadtrechtsrat Knut Engelbrecht. Verst\u00f6\u00dfe k\u00f6nnen mit einem hohen Bu\u00dfgeld <\/span><span dir=\"ltr\" role=\"presentation\">geahndet werden.\u00a0<\/span><\/span><\/span><\/p><h3>Zum Schutz vor weiteren Infektionen<\/h3><p><span id=\"page3R_mcid19\" class=\"markedContent\"><\/span><span style=\"font-size: 12pt;\"><span id=\"page3R_mcid19\" class=\"markedContent\"><span dir=\"ltr\" role=\"presentation\">Das Verbot von Menschenansammlungen und das Alkoholverbot wurden<\/span> <span dir=\"ltr\" role=\"presentation\">durch <\/span><span dir=\"ltr\" role=\"presentation\">den Freistaat Bayern erlassen, um die Gefahr von weiteren Infektionen zu <\/span><span dir=\"ltr\" role=\"presentation\">reduzieren. <\/span><span dir=\"ltr\" role=\"presentation\">\u201e<\/span><span dir=\"ltr\" role=\"presentation\">Dies gerade auch im Angesicht der sich ausbrei<\/span><span dir=\"ltr\" role=\"presentation\">tenden und stark <\/span><span dir=\"ltr\" role=\"presentation\">ansteckenden <\/span><span dir=\"ltr\" role=\"presentation\">Omikron<\/span><span dir=\"ltr\" role=\"presentation\">&#8211;<\/span><span dir=\"ltr\" role=\"presentation\">Variante<\/span> <span dir=\"ltr\" role=\"presentation\">\u201c, so Engelbrecht weiter.<\/span> <span dir=\"ltr\" role=\"presentation\">Das Feuerwerksverbot <\/span><span dir=\"ltr\" role=\"presentation\">in der Innenstadt diene vor allem dem Brandschutz. Zusammen mit dem <\/span><span dir=\"ltr\" role=\"presentation\">bundesweiten Verkaufsverbot trage es nat\u00fcrlich auch dazu bei, die <\/span><span dir=\"ltr\" role=\"presentation\">Belastungen <\/span><span dir=\"ltr\" role=\"presentation\">der Kliniken in der Silvesternacht zu reduzieren.\u00a0<\/span><\/span><\/span><\/p><h3><span style=\"font-size: 14pt;\">Sperrstunde <span id=\"page15R_mcid0\" class=\"markedContent\"><span dir=\"ltr\" role=\"presentation\">f\u00fcr Silvester<\/span> <span dir=\"ltr\" role=\"presentation\">bayernweit <\/span><span dir=\"ltr\" role=\"presentation\">aufgehoben<\/span><\/span><\/span><\/h3><p><span style=\"font-size: 12pt;\"><span id=\"page15R_mcid0\" class=\"markedContent\"><span dir=\"ltr\" role=\"presentation\">Die Sperrstunde in der Gastronomie ist dagegen f\u00fcr Silvester<\/span> <span dir=\"ltr\" role=\"presentation\">bayernweit <\/span><span dir=\"ltr\" role=\"presentation\">aufgehoben. Laut Bayerischer Infektionsschutzma\u00dfnahmenverordnung d\u00fcrfen <\/span><span dir=\"ltr\" role=\"presentation\">Gastrobetriebe bis 5 Uhr am 1. Januar 2022 \u00f6ffnen. Es<\/span> <span dir=\"ltr\" role=\"presentation\">gilt <\/span><span dir=\"ltr\" role=\"presentation\">aber auch hier<\/span><span dir=\"ltr\" role=\"presentation\">,<\/span> <span dir=\"ltr\" role=\"presentation\">genauso <\/span><span dir=\"ltr\" role=\"presentation\">wie f\u00fcr private Treffen, <\/span><span dir=\"ltr\" role=\"presentation\">die Kontaktbeschr\u00e4nkung<\/span><span dir=\"ltr\" role=\"presentation\">. Danach d\u00fcrfen sich <\/span><span dir=\"ltr\" role=\"presentation\">nur <\/span><span dir=\"ltr\" role=\"presentation\">maximal 10 geimpfte oder genesene Personen treffen<\/span><span dir=\"ltr\" role=\"presentation\">. Ist ein nicht geimpfte oder <\/span><span dir=\"ltr\" role=\"presentation\">\u2013<\/span><span dir=\"ltr\" role=\"presentation\">genesene Person dabei, <\/span><span dir=\"ltr\" role=\"presentation\">darf sich ein Haushalt nur mit maximal zwei Personen <\/span><span dir=\"ltr\" role=\"presentation\">eines zweiten Haushalts treffen. Kinder bis <\/span><span dir=\"ltr\" role=\"presentation\">1<\/span><span dir=\"ltr\" role=\"presentation\">4 Jahren<\/span> <span dir=\"ltr\" role=\"presentation\">werden nicht dazugez\u00e4hlt. <\/span><\/span><\/span><\/p><h3><span style=\"font-size: 14pt;\"><span id=\"page15R_mcid2\" class=\"markedContent\"><span dir=\"ltr\" role=\"presentation\">K\u00f6nigsplatz und die angrenzenden Bereiche zentraler Treffpunkt der Schwabacher Bev\u00f6lkerung<\/span><\/span><\/span><\/h3><p><span style=\"font-size: 12pt;\"><span id=\"page15R_mcid2\" class=\"markedContent\"><span dir=\"ltr\" role=\"presentation\">Der K\u00f6nigsplatz und die angrenzenden Bereiche sind seit Jahren, mit Ausnahme <\/span><span dir=\"ltr\" role=\"presentation\">des Jahre<\/span><span dir=\"ltr\" role=\"presentation\">swechsels<\/span> <span dir=\"ltr\" role=\"presentation\">2020\/21, einer der zentralen Treffpunkte der Schwabacher <\/span><span dir=\"ltr\" role=\"presentation\">Bev\u00f6lkerung in der Silvesternacht. Hierbei sammeln sich auf dem Platz gro\u00dfe <\/span><span dir=\"ltr\" role=\"presentation\">Menschengruppen an, die gemeinsam feiern und Alkohol konsumieren. Immer <\/span><span dir=\"ltr\" role=\"presentation\">wieder wird im gr\u00f6\u00dferen Umfang in diesen <\/span><span dir=\"ltr\" role=\"presentation\">Gruppen auch Feuerwerk <\/span><span dir=\"ltr\" role=\"presentation\">abgebrannt. Dies f\u00fchrte in der Vergangenheit nicht nur wiederholt zu <\/span><span dir=\"ltr\" role=\"presentation\">Gef\u00e4hrdungen der umstehenden Personen, sondern auch zu Gef\u00e4hrdungen der <\/span><span dir=\"ltr\" role=\"presentation\">um den Platz liegenden historischen Fachwerkgeb\u00e4ude und der Stadtkirche als <\/span><span dir=\"ltr\" role=\"presentation\">historischen Bau<\/span><span dir=\"ltr\" role=\"presentation\">denkmal hohen Ranges. So drangen beispielsweise mehrmals <\/span><span dir=\"ltr\" role=\"presentation\">Feuerwerksk\u00f6rper in den Dachraum der unmittelbar an den Platz angrenzenden <\/span><span dir=\"ltr\" role=\"presentation\">barocken F\u00fcrstenherberge ein und wurden auch im Dachbereich des <\/span><span dir=\"ltr\" role=\"presentation\">historischen Fachwerkrathauses gefunden. Hierzu gab es nicht<\/span> <span dir=\"ltr\" role=\"presentation\">nur <\/span><span dir=\"ltr\" role=\"presentation\">entsprechende Beschwerden von B\u00fcrgerinnen und B\u00fcrgern, sondern auch <\/span><span dir=\"ltr\" role=\"presentation\">Berichte der Polizei.\u00a0<\/span><\/span><\/span><\/p><p>[<a href=\"https:\/\/www.region-schwabach.de\/wordpress\/wp-content\/uploads\/2021\/12\/PM240-innenstadt_silvester.jpg\"><img fetchpriority=\"high\" decoding=\"async\" class=\"size-full wp-image-158791\" src=\"https:\/\/www.region-schwabach.de\/wordpress\/wp-content\/uploads\/2021\/12\/PM240-innenstadt_silvester.jpg\" alt=\"\" width=\"662\" height=\"393\" srcset=\"https:\/\/www.region-schwabach.de\/wordpress\/wp-content\/uploads\/2021\/12\/PM240-innenstadt_silvester.jpg 662w, https:\/\/www.region-schwabach.de\/wordpress\/wp-content\/uploads\/2021\/12\/PM240-innenstadt_silvester-300x178.jpg 300w\" sizes=\"(max-width: 662px) 100vw, 662px\" \/><\/a> Verbot von Feuerwerk und Silvesterfeiern im Stadtzentrum von Schwabach zum Jahreswechsel 2021\/2022<\/p>\t\t\t\t\t\t<\/div>\n\t\t\t\t<\/div>\n\t\t\t\t<div class=\"elementor-element elementor-element-078889e elementor-widget elementor-widget-shortcode\" data-id=\"078889e\" data-element_type=\"widget\" data-widget_type=\"shortcode.default\">\n\t\t\t\t<div class=\"elementor-widget-container\">\n\t\t\t\t\t<div class=\"elementor-shortcode\"><center><a href=\"https:\/\/a.partner-versicherung.de\/click.php?partner_id=19992&ad_id=441&deep=kfz-versicherung\"  target=\"_blank\"><img decoding=\"async\" src=\"https:\/\/a.partner-versicherung.de\/view.php?partner_id=19992&ad_id=441\" ><\/a><\/center><\/div>\n\t\t\t\t<\/div>\n\t\t\t\t<\/div>\n\t\t\t\t<div class=\"elementor-element elementor-element-0c834d7 elementor-widget-divider--view-line elementor-widget elementor-widget-divider\" data-id=\"0c834d7\" data-element_type=\"widget\" data-widget_type=\"divider.default\">\n\t\t\t\t<div class=\"elementor-widget-container\">\n\t\t\t\t\t<div class=\"elementor-divider\">\n\t\t\t<span class=\"elementor-divider-separator\">\n\t\t\t\t\t\t<\/span>\n\t\t<\/div>\n\t\t\t\t<\/div>\n\t\t\t\t<\/div>\n\t\t\t\t<div class=\"elementor-element elementor-element-325f51f elementor-widget elementor-widget-google_maps\" data-id=\"325f51f\" data-element_type=\"widget\" data-widget_type=\"google_maps.default\">\n\t\t\t\t<div class=\"elementor-widget-container\">\n\t\t\t\t\t<div class=\"elementor-custom-embed\">\n\t\t\t<iframe loading=\"lazy\"\n\t\t\t\t\tsrc=\"https:\/\/maps.google.com\/maps?q=K%C3%B6nigsplatz%2C%20Schwabach%2C%20Deutschland&#038;t=m&#038;z=17&#038;output=embed&#038;iwloc=near\"\n\t\t\t\t\ttitle=\"K\u00f6nigsplatz, Schwabach, Deutschland\"\n\t\t\t\t\taria-label=\"K\u00f6nigsplatz, Schwabach, Deutschland\"\n\t\t\t><\/iframe>\n\t\t<\/div>\n\t\t\t\t<\/div>\n\t\t\t\t<\/div>\n\t\t\t\t\t<\/div>\n\t\t<\/div>\n\t\t\t\t<div class=\"elementor-column elementor-col-50 elementor-top-column elementor-element elementor-element-297d0f3\" data-id=\"297d0f3\" data-element_type=\"column\">\n\t\t\t<div class=\"elementor-widget-wrap elementor-element-populated\">\n\t\t\t\t\t\t<div class=\"elementor-element elementor-element-8af87bf elementor-widget elementor-widget-heading\" data-id=\"8af87bf\" data-element_type=\"widget\" data-widget_type=\"heading.default\">\n\t\t\t\t<div class=\"elementor-widget-container\">\n\t\t\t<h3 class=\"elementor-heading-title elementor-size-default\">Schnell vergleichen und sparen!<\/h3>\t\t<\/div>\n\t\t\t\t<\/div>\n\t\t\t\t<div class=\"elementor-element elementor-element-79167bb elementor-widget elementor-widget-wp-widget-advads_ad_widget\" data-id=\"79167bb\" data-element_type=\"widget\" data-widget_type=\"wp-widget-advads_ad_widget.default\">\n\t\t\t\t<div class=\"elementor-widget-container\">\n\t\t\t<div id=\"regio-2094331113\"><div class=\"regio-adlabel\">Werbung<\/div><!-- Beginn https:\/\/www.financeads.net\/-Code --><a href=\"https:\/\/www.financeads.net\/tc.php?t=36648C236142529B\" target=\"_blank\"><img decoding=\"async\" src=\"https:\/\/www.financeads.net\/tb.php?t=36648V236142529B&https=1\" alt=\"\" border=\"0\" width=\"300\" height=\"250\"><\/a><!-- Ende https:\/\/www.financeads.net\/-Code --><\/div>\t\t<\/div>\n\t\t\t\t<\/div>\n\t\t\t\t<div class=\"elementor-element elementor-element-24f77ba elementor-widget elementor-widget-wp-widget-advads_ad_widget\" data-id=\"24f77ba\" data-element_type=\"widget\" data-widget_type=\"wp-widget-advads_ad_widget.default\">\n\t\t\t\t<div class=\"elementor-widget-container\">\n\t\t\t<div id=\"regio-3746718059\"><div class=\"regio-adlabel\">Werbung<\/div><!-- Beginn https:\/\/www.financeads.net\/-Code --><a href=\"https:\/\/www.financeads.net\/tc.php?t=36648C42614510B\" target=\"_blank\"><img decoding=\"async\" src=\"https:\/\/www.financeads.net\/tb.php?t=36648V42614510B&https=1\" alt=\"\" border=\"0\" width=\"200\" height=\"300\"><\/a><!-- Ende https:\/\/www.financeads.net\/-Code --><\/div>\t\t<\/div>\n\t\t\t\t<\/div>\n\t\t\t\t<div class=\"elementor-element elementor-element-5a1ccd8 elementor-widget elementor-widget-wp-widget-advads_ad_widget\" data-id=\"5a1ccd8\" data-element_type=\"widget\" data-widget_type=\"wp-widget-advads_ad_widget.default\">\n\t\t\t\t<div class=\"elementor-widget-container\">\n\t\t\t<div id=\"regio-2965821676\"><div class=\"regio-adlabel\">Werbung<\/div><!-- Beginn https:\/\/www.financeads.net\/-Code --><a href=\"https:\/\/www.financeads.net\/tc.php?t=36648C205040072B\" target=\"_blank\"><img loading=\"lazy\" decoding=\"async\" src=\"https:\/\/www.financeads.net\/tb.php?t=36648V205040072B&https=1\" alt=\"\" border=\"0\" width=\"300\" height=\"250\"><\/a><!-- Ende https:\/\/www.financeads.net\/-Code --><\/div>\t\t<\/div>\n\t\t\t\t<\/div>\n\t\t\t\t<div class=\"elementor-element elementor-element-b5a3cff elementor-widget elementor-widget-wp-widget-advads_ad_widget\" data-id=\"b5a3cff\" data-element_type=\"widget\" data-widget_type=\"wp-widget-advads_ad_widget.default\">\n\t\t\t\t<div class=\"elementor-widget-container\">\n\t\t\t<div id=\"regio-2203291167\"><div class=\"regio-adlabel\">Werbung<\/div><!-- Beginn https:\/\/www.financeads.net\/-Code --><a href=\"https:\/\/www.financeads.net\/tc.php?t=36648C271460142B\" target=\"_blank\"><img loading=\"lazy\" decoding=\"async\" src=\"https:\/\/www.financeads.net\/tb.php?t=36648V271460142B&https=1\" alt=\"PETPROTECT_Hund&Katze_Banner\" border=\"0\" width=\"250\" height=\"250\"><\/a><!-- Ende https:\/\/www.financeads.net\/-Code --><\/div>\t\t<\/div>\n\t\t\t\t<\/div>\n\t\t\t\t\t<\/div>\n\t\t<\/div>\n\t\t\t\t\t<\/div>\n\t\t<\/section>\n\t\t\t\t<\/div>\n\t\t","protected":false},"excerpt":{"rendered":"<div class=\"mh-excerpt\"><p>Keine Menschengruppen \u00fcber 10 PersonenKeine Silvesterfeiern in der Innenstadt Schwabach &#8211; Das Abbrennen von Feuerwerksk\u00f6rpern, Menschengruppen mit mehr als zehn Personen sowie der Alkoholkonsum sind im Schwabacher Stadtzentrum zum Jahreswechsel 2021\/22 untersagt. Durch eine Allgemeinverf\u00fcgung <a class=\"mh-excerpt-more\" href=\"https:\/\/www.region-schwabach.de\/wordpress\/verbot-von-feuerwerk-und-silvesterfeiern-im-stadtzentrum-von-schwabach-zum-jahreswechsel-2021-2022\/\" title=\"Verbot von Feuerwerk und Silvesterfeiern im Stadtzentrum von Schwabach zum Jahreswechsel 2021\/2022\">[&#8230;]<\/a><\/p>\n<\/div>","protected":false},"author":1,"featured_media":158791,"comment_status":"open","ping_status":"open","sticky":false,"template":"","format":"standard","meta":{"_cbd_carousel_blocks":"[]","footnotes":""},"categories":[16,4306,46],"tags":[18004,18006,18005,18003,293,543,296,4668,7539,7540,981,2103,19,2034,7538,3151,7537,11556],"class_list":{"0":"post-158790","1":"post","2":"type-post","3":"status-publish","4":"format-standard","5":"has-post-thumbnail","7":"category-aktuell","8":"category-ratgeber","9":"category-verbaende","10":"tag-01-01-2022","11":"tag-1-januar-2022","12":"tag-31-dezember-2021","13":"tag-31-12-2021","14":"tag-brand","15":"tag-feuer","16":"tag-feuerwehr","17":"tag-feuerwerk","18":"tag-feuerwerkskoerper","19":"tag-jahreswechsel","20":"tag-polizei","21":"tag-rettungsdienst","22":"tag-schwabach","23":"tag-silvesterfeier","24":"tag-silvesterfeuerwerk","25":"tag-stadt-schwabach","26":"tag-tipps","27":"tag-verbot"},"_links":{"self":[{"href":"https:\/\/www.region-schwabach.de\/wordpress\/wp-json\/wp\/v2\/posts\/158790","targetHints":{"allow":["GET"]}}],"collection":[{"href":"https:\/\/www.region-schwabach.de\/wordpress\/wp-json\/wp\/v2\/posts"}],"about":[{"href":"https:\/\/www.region-schwabach.de\/wordpress\/wp-json\/wp\/v2\/types\/post"}],"author":[{"embeddable":true,"href":"https:\/\/www.region-schwabach.de\/wordpress\/wp-json\/wp\/v2\/users\/1"}],"replies":[{"embeddable":true,"href":"https:\/\/www.region-schwabach.de\/wordpress\/wp-json\/wp\/v2\/comments?post=158790"}],"version-history":[{"count":0,"href":"https:\/\/www.region-schwabach.de\/wordpress\/wp-json\/wp\/v2\/posts\/158790\/revisions"}],"wp:featuredmedia":[{"embeddable":true,"href":"https:\/\/www.region-schwabach.de\/wordpress\/wp-json\/wp\/v2\/media\/158791"}],"wp:attachment":[{"href":"https:\/\/www.region-schwabach.de\/wordpress\/wp-json\/wp\/v2\/media?parent=158790"}],"wp:term":[{"taxonomy":"category","embeddable":true,"href":"https:\/\/www.region-schwabach.de\/wordpress\/wp-json\/wp\/v2\/categories?post=158790"},{"taxonomy":"post_tag","embeddable":true,"href":"https:\/\/www.region-schwabach.de\/wordpress\/wp-json\/wp\/v2\/tags?post=158790"}],"curies":[{"name":"wp","href":"https:\/\/api.w.org\/{rel}","templated":true}]}}