{"id":159224,"date":"2022-01-05T01:30:00","date_gmt":"2022-01-05T00:30:00","guid":{"rendered":"https:\/\/www.region-schwabach.de\/wordpress\/?p=159224"},"modified":"2022-01-04T22:42:04","modified_gmt":"2022-01-04T21:42:04","slug":"am-mittwoch-den-05-januar-2022-sind-die-sternsinger-zu-gast-bei-ob-peter-reiss","status":"publish","type":"post","link":"https:\/\/www.region-schwabach.de\/wordpress\/am-mittwoch-den-05-januar-2022-sind-die-sternsinger-zu-gast-bei-ob-peter-reiss\/","title":{"rendered":"Am Mittwoch, den 05. Januar 2022, sind die Sternsinger zu Gast bei OB Peter Rei\u00df"},"content":{"rendered":"\t\t<div data-elementor-type=\"wp-post\" data-elementor-id=\"159224\" class=\"elementor elementor-159224\">\n\t\t\t\t\t\t<section class=\"elementor-section elementor-top-section elementor-element elementor-element-678181b elementor-section-boxed elementor-section-height-default elementor-section-height-default\" data-id=\"678181b\" data-element_type=\"section\">\n\t\t\t\t\t\t<div class=\"elementor-container elementor-column-gap-default\">\n\t\t\t\t\t<div class=\"elementor-column elementor-col-50 elementor-top-column elementor-element elementor-element-6b34026\" data-id=\"6b34026\" data-element_type=\"column\">\n\t\t\t<div class=\"elementor-widget-wrap elementor-element-populated\">\n\t\t\t\t\t\t<div class=\"elementor-element elementor-element-dfcd45a elementor-widget elementor-widget-wp-widget-advads_ad_widget\" data-id=\"dfcd45a\" data-element_type=\"widget\" data-widget_type=\"wp-widget-advads_ad_widget.default\">\n\t\t\t\t<div class=\"elementor-widget-container\">\n\t\t\t<div id=\"regio-2530703279\"><div class=\"regio-adlabel\">Werbung<\/div><center><a href=\"https:\/\/a.partner-versicherung.de\/click.php?partner_id=19992&ad_id=1578&deep=kreditkarten\"  target=\"_blank\"><img decoding=\"async\" src=\"https:\/\/a.partner-versicherung.de\/view.php?partner_id=19992&ad_id=1578\" ><\/a><\/center><\/div>\t\t<\/div>\n\t\t\t\t<\/div>\n\t\t\t\t<div class=\"elementor-element elementor-element-443ab98 elementor-widget elementor-widget-text-editor\" data-id=\"443ab98\" data-element_type=\"widget\" data-widget_type=\"text-editor.default\">\n\t\t\t\t<div class=\"elementor-widget-container\">\n\t\t\t\t\t\t\t<h3>Mittwoch, den 5. Januar 2022, um 14.00 Uhr <br \/>Sternsinger besuchen OB Peter Rei\u00df vor dem Rathaus<\/h3>\n<p><span style=\"font-size: 12pt;\">Schwabach &#8211; \u201e#GemeinsamGehts. Lasst uns die Welt ver\u00e4ndern \u2013 kreativ und vielf\u00e4ltig\u201c &#8211; \u201eGesund werden \u2013 gesund bleiben. Ein Kinderrecht weltweit.\u201c lautet das Motto der Sternsinger-Aktion 2022. <\/span><\/p>\n<p><span style=\"font-size: 12pt;\">Da viele Kinder weltweit von den Spenden abh\u00e4ngig sind &#8211; die von den Sternsingern gesammelt werden &#8211; begeben sich auch die Sternsinger in Schwabach wieder auf Tour und besuchen dabei am Mittwoch, den 5. Januar 2022, um 14.00 Uhr auch Oberb\u00fcrgermeister Peter Rei\u00df vor dem Rathaus am K\u00f6nigsplatz.\u00a0<\/span><span style=\"font-size: 12pt;\"> <br \/><\/span><\/p>\n<h3>Weiterf\u00fchrende Informationen:\u00a0<\/h3>\n<p><a href=\"https:\/\/www.sternsinger.de\/\" target=\"_blank\" rel=\"noopener\"><span style=\"font-size: 12pt;\">Zur Homepage der Sternsinger geht es hier &#8230;<\/span><\/a><\/p>\n<p><span style=\"font-size: 12pt;\"><strong>Foto:<\/strong> Oberb\u00fcrgermeister Peter Rei\u00df durfte seine Spende in die Sammelb\u00fcchse der Sternsinger pers\u00f6nlich einwerfen. Ans Rathaus und auch an die T\u00fcr der Stadtkirche wurde der Segensspruch mit Kreide geschrieben.<br \/><br \/><\/span><\/p>\n<p><a href=\"https:\/\/www.region-schwabach.de\/wordpress\/wp-content\/uploads\/2022\/01\/Keyvisual_2022_Webbanner_420x420.jpg\"><img fetchpriority=\"high\" decoding=\"async\" class=\"aligncenter size-full wp-image-159228\" src=\"https:\/\/www.region-schwabach.de\/wordpress\/wp-content\/uploads\/2022\/01\/Keyvisual_2022_Webbanner_420x420.jpg\" alt=\"\" width=\"420\" height=\"420\" srcset=\"https:\/\/www.region-schwabach.de\/wordpress\/wp-content\/uploads\/2022\/01\/Keyvisual_2022_Webbanner_420x420.jpg 420w, https:\/\/www.region-schwabach.de\/wordpress\/wp-content\/uploads\/2022\/01\/Keyvisual_2022_Webbanner_420x420-300x300.jpg 300w, https:\/\/www.region-schwabach.de\/wordpress\/wp-content\/uploads\/2022\/01\/Keyvisual_2022_Webbanner_420x420-150x150.jpg 150w\" sizes=\"(max-width: 420px) 100vw, 420px\" \/><\/a><\/p>\t\t\t\t\t\t<\/div>\n\t\t\t\t<\/div>\n\t\t\t\t<div class=\"elementor-element elementor-element-77d717b elementor-widget elementor-widget-shortcode\" data-id=\"77d717b\" data-element_type=\"widget\" data-widget_type=\"shortcode.default\">\n\t\t\t\t<div class=\"elementor-widget-container\">\n\t\t\t\t\t<div class=\"elementor-shortcode\"><!-- Beginn https:\/\/www.financeads.net\/-Code --><a href=\"https:\/\/www.financeads.net\/tc.php?t=36648C38513858B\" target=\"_blank\"><center><img decoding=\"async\" src=\"https:\/\/www.financeads.net\/tb.php?t=36648V38513858B&https=1\" alt=\"\" border=\"0\" width=\"468\" height=\"60\"><\/a><!-- Ende https:\/\/www.financeads.net\/-Code --><\/div>\n\t\t\t\t<\/div>\n\t\t\t\t<\/div>\n\t\t\t\t<div class=\"elementor-element elementor-element-f976688 elementor-widget elementor-widget-google_maps\" data-id=\"f976688\" data-element_type=\"widget\" data-widget_type=\"google_maps.default\">\n\t\t\t\t<div class=\"elementor-widget-container\">\n\t\t\t\t\t<div class=\"elementor-custom-embed\">\n\t\t\t<iframe loading=\"lazy\"\n\t\t\t\t\tsrc=\"https:\/\/maps.google.com\/maps?q=K%C3%B6nigsplatz%2C%20Schwabach%2C%20Deutschland&#038;t=m&#038;z=17&#038;output=embed&#038;iwloc=near\"\n\t\t\t\t\ttitle=\"K\u00f6nigsplatz, Schwabach, Deutschland\"\n\t\t\t\t\taria-label=\"K\u00f6nigsplatz, Schwabach, Deutschland\"\n\t\t\t><\/iframe>\n\t\t<\/div>\n\t\t\t\t<\/div>\n\t\t\t\t<\/div>\n\t\t\t\t\t<\/div>\n\t\t<\/div>\n\t\t\t\t<div class=\"elementor-column elementor-col-50 elementor-top-column elementor-element elementor-element-52ef2ec\" data-id=\"52ef2ec\" data-element_type=\"column\">\n\t\t\t<div class=\"elementor-widget-wrap elementor-element-populated\">\n\t\t\t\t\t\t<div class=\"elementor-element elementor-element-66c7ced elementor-widget elementor-widget-heading\" data-id=\"66c7ced\" data-element_type=\"widget\" data-widget_type=\"heading.default\">\n\t\t\t\t<div class=\"elementor-widget-container\">\n\t\t\t<h3 class=\"elementor-heading-title elementor-size-default\">Schnell vergleichen und sparen!<\/h3>\t\t<\/div>\n\t\t\t\t<\/div>\n\t\t\t\t<div class=\"elementor-element elementor-element-d4f799c elementor-widget elementor-widget-wp-widget-advads_ad_widget\" data-id=\"d4f799c\" data-element_type=\"widget\" data-widget_type=\"wp-widget-advads_ad_widget.default\">\n\t\t\t\t<div class=\"elementor-widget-container\">\n\t\t\t<div id=\"regio-3263359822\"><div class=\"regio-adlabel\">Werbung<\/div><!-- Beginn https:\/\/www.financeads.net\/-Code --><a href=\"https:\/\/www.financeads.net\/tc.php?t=36648C236142529B\" target=\"_blank\"><img decoding=\"async\" src=\"https:\/\/www.financeads.net\/tb.php?t=36648V236142529B&https=1\" alt=\"\" border=\"0\" width=\"300\" height=\"250\"><\/a><!-- Ende https:\/\/www.financeads.net\/-Code --><\/div>\t\t<\/div>\n\t\t\t\t<\/div>\n\t\t\t\t<div class=\"elementor-element elementor-element-9247084 elementor-widget elementor-widget-wp-widget-advads_ad_widget\" data-id=\"9247084\" data-element_type=\"widget\" data-widget_type=\"wp-widget-advads_ad_widget.default\">\n\t\t\t\t<div class=\"elementor-widget-container\">\n\t\t\t<div id=\"regio-1270195064\"><div class=\"regio-adlabel\">Werbung<\/div><!-- Beginn https:\/\/www.financeads.net\/-Code --><a href=\"https:\/\/www.financeads.net\/tc.php?t=36648C42614510B\" target=\"_blank\"><img loading=\"lazy\" decoding=\"async\" src=\"https:\/\/www.financeads.net\/tb.php?t=36648V42614510B&https=1\" alt=\"\" border=\"0\" width=\"200\" height=\"300\"><\/a><!-- Ende https:\/\/www.financeads.net\/-Code --><\/div>\t\t<\/div>\n\t\t\t\t<\/div>\n\t\t\t\t<div class=\"elementor-element elementor-element-dd4c893 elementor-widget elementor-widget-wp-widget-advads_ad_widget\" data-id=\"dd4c893\" data-element_type=\"widget\" data-widget_type=\"wp-widget-advads_ad_widget.default\">\n\t\t\t\t<div class=\"elementor-widget-container\">\n\t\t\t<div id=\"regio-3981816864\"><div class=\"regio-adlabel\">Werbung<\/div><!-- Beginn https:\/\/www.financeads.net\/-Code --><a href=\"https:\/\/www.financeads.net\/tc.php?t=36648C205040072B\" target=\"_blank\"><img loading=\"lazy\" decoding=\"async\" src=\"https:\/\/www.financeads.net\/tb.php?t=36648V205040072B&https=1\" alt=\"\" border=\"0\" width=\"300\" height=\"250\"><\/a><!-- Ende https:\/\/www.financeads.net\/-Code --><\/div>\t\t<\/div>\n\t\t\t\t<\/div>\n\t\t\t\t<div class=\"elementor-element elementor-element-d576fb3 elementor-widget elementor-widget-wp-widget-advads_ad_widget\" data-id=\"d576fb3\" data-element_type=\"widget\" data-widget_type=\"wp-widget-advads_ad_widget.default\">\n\t\t\t\t<div class=\"elementor-widget-container\">\n\t\t\t<div id=\"regio-2714219846\"><div class=\"regio-adlabel\">Werbung<\/div><!-- Beginn https:\/\/www.financeads.net\/-Code --><a href=\"https:\/\/www.financeads.net\/tc.php?t=36648C271460142B\" target=\"_blank\"><img loading=\"lazy\" decoding=\"async\" src=\"https:\/\/www.financeads.net\/tb.php?t=36648V271460142B&https=1\" alt=\"PETPROTECT_Hund&Katze_Banner\" border=\"0\" width=\"250\" height=\"250\"><\/a><!-- Ende https:\/\/www.financeads.net\/-Code --><\/div>\t\t<\/div>\n\t\t\t\t<\/div>\n\t\t\t\t\t<\/div>\n\t\t<\/div>\n\t\t\t\t\t<\/div>\n\t\t<\/section>\n\t\t\t\t<\/div>\n\t\t","protected":false},"excerpt":{"rendered":"<div class=\"mh-excerpt\"><p>Mittwoch, den 5. Januar 2022, um 14.00 Uhr Sternsinger besuchen OB Peter Rei\u00df vor dem Rathaus Schwabach &#8211; \u201e#GemeinsamGehts. Lasst uns die Welt ver\u00e4ndern \u2013 kreativ und vielf\u00e4ltig\u201c &#8211; \u201eGesund werden \u2013 gesund bleiben. Ein <a class=\"mh-excerpt-more\" href=\"https:\/\/www.region-schwabach.de\/wordpress\/am-mittwoch-den-05-januar-2022-sind-die-sternsinger-zu-gast-bei-ob-peter-reiss\/\" title=\"Am Mittwoch, den 05. Januar 2022, sind die Sternsinger zu Gast bei OB Peter Rei\u00df\">[&#8230;]<\/a><\/p>\n<\/div>","protected":false},"author":1,"featured_media":159225,"comment_status":"open","ping_status":"open","sticky":false,"template":"","format":"standard","meta":{"_cbd_carousel_blocks":"[]","footnotes":""},"categories":[16,287,61,231],"tags":[18035,18036,14530,18015,5269,12385,1480,19,14528,14527,3151,7582,14247],"class_list":{"0":"post-159224","1":"post","2":"type-post","3":"status-publish","4":"format-standard","5":"has-post-thumbnail","7":"category-aktuell","8":"category-jugend-und-familie","9":"category-rathaus","10":"category-veranstaltungsnews","11":"tag-05-01-2022","12":"tag-5-januar-2022","13":"tag-haussegnung","14":"tag-januar-2022","15":"tag-oberbuergermeister","16":"tag-peter-reiss","17":"tag-rathaus","18":"tag-schwabach","19":"tag-segenswuensche","20":"tag-spenden-aktion","21":"tag-stadt-schwabach","22":"tag-sternsinger","23":"tag-virtuell"},"_links":{"self":[{"href":"https:\/\/www.region-schwabach.de\/wordpress\/wp-json\/wp\/v2\/posts\/159224","targetHints":{"allow":["GET"]}}],"collection":[{"href":"https:\/\/www.region-schwabach.de\/wordpress\/wp-json\/wp\/v2\/posts"}],"about":[{"href":"https:\/\/www.region-schwabach.de\/wordpress\/wp-json\/wp\/v2\/types\/post"}],"author":[{"embeddable":true,"href":"https:\/\/www.region-schwabach.de\/wordpress\/wp-json\/wp\/v2\/users\/1"}],"replies":[{"embeddable":true,"href":"https:\/\/www.region-schwabach.de\/wordpress\/wp-json\/wp\/v2\/comments?post=159224"}],"version-history":[{"count":0,"href":"https:\/\/www.region-schwabach.de\/wordpress\/wp-json\/wp\/v2\/posts\/159224\/revisions"}],"wp:featuredmedia":[{"embeddable":true,"href":"https:\/\/www.region-schwabach.de\/wordpress\/wp-json\/wp\/v2\/media\/159225"}],"wp:attachment":[{"href":"https:\/\/www.region-schwabach.de\/wordpress\/wp-json\/wp\/v2\/media?parent=159224"}],"wp:term":[{"taxonomy":"category","embeddable":true,"href":"https:\/\/www.region-schwabach.de\/wordpress\/wp-json\/wp\/v2\/categories?post=159224"},{"taxonomy":"post_tag","embeddable":true,"href":"https:\/\/www.region-schwabach.de\/wordpress\/wp-json\/wp\/v2\/tags?post=159224"}],"curies":[{"name":"wp","href":"https:\/\/api.w.org\/{rel}","templated":true}]}}