{"id":160442,"date":"2022-01-18T01:30:00","date_gmt":"2022-01-18T00:30:00","guid":{"rendered":"https:\/\/www.region-schwabach.de\/wordpress\/?p=160442"},"modified":"2022-01-17T22:18:31","modified_gmt":"2022-01-17T21:18:31","slug":"stadt-schwabach-legt-sonderschicht-fur-hochzeitstermine-am-22-2-22-ein","status":"publish","type":"post","link":"https:\/\/www.region-schwabach.de\/wordpress\/stadt-schwabach-legt-sonderschicht-fur-hochzeitstermine-am-22-2-22-ein\/","title":{"rendered":"Stadt Schwabach legt Sonderschicht f\u00fcr Hochzeitstermine am 22.2.22 ein"},"content":{"rendered":"\t\t<div data-elementor-type=\"wp-post\" data-elementor-id=\"160442\" class=\"elementor elementor-160442\">\n\t\t\t\t\t\t<section class=\"elementor-section elementor-top-section elementor-element elementor-element-e04de7f elementor-section-boxed elementor-section-height-default elementor-section-height-default\" data-id=\"e04de7f\" data-element_type=\"section\">\n\t\t\t\t\t\t<div class=\"elementor-container elementor-column-gap-default\">\n\t\t\t\t\t<div class=\"elementor-column elementor-col-50 elementor-top-column elementor-element elementor-element-0e30e33\" data-id=\"0e30e33\" data-element_type=\"column\">\n\t\t\t<div class=\"elementor-widget-wrap elementor-element-populated\">\n\t\t\t\t\t\t<div class=\"elementor-element elementor-element-1331cc3 elementor-widget elementor-widget-text-editor\" data-id=\"1331cc3\" data-element_type=\"widget\" data-widget_type=\"text-editor.default\">\n\t\t\t\t<div class=\"elementor-widget-container\">\n\t\t\t\t\t\t\t<h3>Noch eine Handvoll Trautermine frei<br \/>Sonderschicht f\u00fcr die Liebe: Heiraten am 22.2.22 in <br \/>Schwabach<\/h3>\n<p><span style=\"font-size: 12pt;\">Schwabach &#8211; Das Jahr 2022 bietet gro\u00dfe Chancen f\u00fcr alle diejenigen, die sich ein Datum schlecht merken k\u00f6nnen oder einfach auf kuriose Zahlen stehen: Am 22.2.22 sind am Nachmittag noch vier Trautermine in Schwabach frei! \u201eDaf\u00fcr legen B\u00fcrgermeister Heinlein, B\u00fcrgermeisterin Novotny und ich extra eine Sonderschicht ein! Damit wir Sie an diesem besonderen Tag trauen k\u00f6nnen\u201c, sagt Oberb\u00fcrgermeister Peter Rei\u00df. <\/span><\/p>\n<p><span style=\"font-size: 12pt;\">Noch kurzfristig interessierte Brautpaare k\u00f6nnen sich die verbliebenen Handvoll Termine im Online-Trauportal auf https:\/\/www.schwabach.de\/de\/zuhause-in-schwabach\/familien\/heirat.html sichern. Dort steht auch, welche Unterlagen beim Standesamt eingereicht werden m\u00fcssen. Kontaktpersonen sind Frau Aigner und Frau Falkner, E-Mail standesamt@schwabach.de, Telefon 09122 860-385 oder -206.<br \/><\/span><\/p>\n<p><span style=\"font-size: 12pt;\"><strong>Foto:<\/strong> Neben Oberb\u00fcrgermeister Peter Rei\u00df (rechts) und Standesamtsleiter Hans-J\u00fcrgen H\u00e4hnlein (links) trauen am 22.2.22 auch B\u00fcrgermeister Emil Heinlein und B\u00fcrgermeisterin Petra Novotny<br \/><\/span><\/p>\n<h3>\u200bWeiterf\u00fchrende Links:<\/h3>\n<p><span style=\"font-size: 12pt;\"><a href=\"https:\/\/www.schwabach.de\/de\/zuhause-in-schwabach\/familien\/heirat.html\" target=\"_blank\" rel=\"noopener\">Infoseite der Stadt Schwabach zum Thema Eheschlie\u00dfung &#8230;<\/a><\/span><\/p>\t\t\t\t\t\t<\/div>\n\t\t\t\t<\/div>\n\t\t\t\t<div class=\"elementor-element elementor-element-9c4562b elementor-widget-divider--view-line elementor-widget elementor-widget-divider\" data-id=\"9c4562b\" data-element_type=\"widget\" data-widget_type=\"divider.default\">\n\t\t\t\t<div class=\"elementor-widget-container\">\n\t\t\t\t\t<div class=\"elementor-divider\">\n\t\t\t<span class=\"elementor-divider-separator\">\n\t\t\t\t\t\t<\/span>\n\t\t<\/div>\n\t\t\t\t<\/div>\n\t\t\t\t<\/div>\n\t\t\t\t<div class=\"elementor-element elementor-element-86e1f80 elementor-widget elementor-widget-google_maps\" data-id=\"86e1f80\" data-element_type=\"widget\" data-widget_type=\"google_maps.default\">\n\t\t\t\t<div class=\"elementor-widget-container\">\n\t\t\t\t\t<div class=\"elementor-custom-embed\">\n\t\t\t<iframe loading=\"lazy\"\n\t\t\t\t\tsrc=\"https:\/\/maps.google.com\/maps?q=K%C3%B6nigsplatz%201%2C%20Schwabach%2C%20Deutschland&#038;t=m&#038;z=17&#038;output=embed&#038;iwloc=near\"\n\t\t\t\t\ttitle=\"K\u00f6nigsplatz 1, Schwabach, Deutschland\"\n\t\t\t\t\taria-label=\"K\u00f6nigsplatz 1, Schwabach, Deutschland\"\n\t\t\t><\/iframe>\n\t\t<\/div>\n\t\t\t\t<\/div>\n\t\t\t\t<\/div>\n\t\t\t\t\t<\/div>\n\t\t<\/div>\n\t\t\t\t<div class=\"elementor-column elementor-col-50 elementor-top-column elementor-element elementor-element-48d2555\" data-id=\"48d2555\" data-element_type=\"column\">\n\t\t\t<div class=\"elementor-widget-wrap elementor-element-populated\">\n\t\t\t\t\t\t<div class=\"elementor-element elementor-element-66029e9 elementor-widget elementor-widget-heading\" data-id=\"66029e9\" data-element_type=\"widget\" data-widget_type=\"heading.default\">\n\t\t\t\t<div class=\"elementor-widget-container\">\n\t\t\t<h3 class=\"elementor-heading-title elementor-size-default\">Schnell vergleichen und sparen!<\/h3>\t\t<\/div>\n\t\t\t\t<\/div>\n\t\t\t\t<div class=\"elementor-element elementor-element-ca6699c elementor-widget elementor-widget-wp-widget-advads_ad_widget\" data-id=\"ca6699c\" data-element_type=\"widget\" data-widget_type=\"wp-widget-advads_ad_widget.default\">\n\t\t\t\t<div class=\"elementor-widget-container\">\n\t\t\t<div id=\"regio-1185277665\"><div class=\"regio-adlabel\">Werbung<\/div><!-- Beginn https:\/\/www.financeads.net\/-Code --><a href=\"https:\/\/www.financeads.net\/tc.php?t=36648C236142529B\" target=\"_blank\"><img fetchpriority=\"high\" decoding=\"async\" src=\"https:\/\/www.financeads.net\/tb.php?t=36648V236142529B&https=1\" alt=\"\" border=\"0\" width=\"300\" height=\"250\"><\/a><!-- Ende https:\/\/www.financeads.net\/-Code --><\/div>\t\t<\/div>\n\t\t\t\t<\/div>\n\t\t\t\t<div class=\"elementor-element elementor-element-285ec50 elementor-widget elementor-widget-wp-widget-advads_ad_widget\" data-id=\"285ec50\" data-element_type=\"widget\" data-widget_type=\"wp-widget-advads_ad_widget.default\">\n\t\t\t\t<div class=\"elementor-widget-container\">\n\t\t\t<div id=\"regio-1993945737\"><div class=\"regio-adlabel\">Werbung<\/div><!-- Beginn https:\/\/www.financeads.net\/-Code --><a href=\"https:\/\/www.financeads.net\/tc.php?t=36648C42614510B\" target=\"_blank\"><img decoding=\"async\" src=\"https:\/\/www.financeads.net\/tb.php?t=36648V42614510B&https=1\" alt=\"\" border=\"0\" width=\"200\" height=\"300\"><\/a><!-- Ende https:\/\/www.financeads.net\/-Code --><\/div>\t\t<\/div>\n\t\t\t\t<\/div>\n\t\t\t\t<div class=\"elementor-element elementor-element-2f79519 elementor-widget elementor-widget-wp-widget-advads_ad_widget\" data-id=\"2f79519\" data-element_type=\"widget\" data-widget_type=\"wp-widget-advads_ad_widget.default\">\n\t\t\t\t<div class=\"elementor-widget-container\">\n\t\t\t<div id=\"regio-2704679075\"><div class=\"regio-adlabel\">Werbung<\/div><!-- Beginn https:\/\/www.financeads.net\/-Code --><a href=\"https:\/\/www.financeads.net\/tc.php?t=36648C205040072B\" target=\"_blank\"><img decoding=\"async\" src=\"https:\/\/www.financeads.net\/tb.php?t=36648V205040072B&https=1\" alt=\"\" border=\"0\" width=\"300\" height=\"250\"><\/a><!-- Ende https:\/\/www.financeads.net\/-Code --><\/div>\t\t<\/div>\n\t\t\t\t<\/div>\n\t\t\t\t<div class=\"elementor-element elementor-element-cd8bd79 elementor-widget elementor-widget-wp-widget-advads_ad_widget\" data-id=\"cd8bd79\" data-element_type=\"widget\" data-widget_type=\"wp-widget-advads_ad_widget.default\">\n\t\t\t\t<div class=\"elementor-widget-container\">\n\t\t\t<div id=\"regio-2964333579\"><div class=\"regio-adlabel\">Werbung<\/div><!-- Beginn https:\/\/www.financeads.net\/-Code --><a href=\"https:\/\/www.financeads.net\/tc.php?t=36648C271460142B\" target=\"_blank\"><img loading=\"lazy\" decoding=\"async\" src=\"https:\/\/www.financeads.net\/tb.php?t=36648V271460142B&https=1\" alt=\"PETPROTECT_Hund&Katze_Banner\" border=\"0\" width=\"250\" height=\"250\"><\/a><!-- Ende https:\/\/www.financeads.net\/-Code --><\/div>\t\t<\/div>\n\t\t\t\t<\/div>\n\t\t\t\t\t<\/div>\n\t\t<\/div>\n\t\t\t\t\t<\/div>\n\t\t<\/section>\n\t\t\t\t<\/div>\n\t\t","protected":false},"excerpt":{"rendered":"<div class=\"mh-excerpt\"><p>Noch eine Handvoll Trautermine freiSonderschicht f\u00fcr die Liebe: Heiraten am 22.2.22 in Schwabach Schwabach &#8211; Das Jahr 2022 bietet gro\u00dfe Chancen f\u00fcr alle diejenigen, die sich ein Datum schlecht merken k\u00f6nnen oder einfach auf kuriose <a class=\"mh-excerpt-more\" href=\"https:\/\/www.region-schwabach.de\/wordpress\/stadt-schwabach-legt-sonderschicht-fur-hochzeitstermine-am-22-2-22-ein\/\" title=\"Stadt Schwabach legt Sonderschicht f\u00fcr Hochzeitstermine am 22.2.22 ein\">[&#8230;]<\/a><\/p>\n<\/div>","protected":false},"author":1,"featured_media":160443,"comment_status":"open","ping_status":"open","sticky":false,"template":"","format":"standard","meta":{"_cbd_carousel_blocks":"[]","footnotes":""},"categories":[16,287,4306,61,231],"tags":[18153,18152,18150,5883,522,1480,5882,19,18151,3012,5885,5884],"class_list":{"0":"post-160442","1":"post","2":"type-post","3":"status-publish","4":"format-standard","5":"has-post-thumbnail","7":"category-aktuell","8":"category-jugend-und-familie","9":"category-ratgeber","10":"category-rathaus","11":"category-veranstaltungsnews","12":"tag-22-februar-2022","13":"tag-22-02-2022","14":"tag-heiraten","15":"tag-hochzeit","16":"tag-koenigsplatz","17":"tag-rathaus","18":"tag-samstagstrauungen","19":"tag-schwabach","20":"tag-sonderschicht","21":"tag-stadt","22":"tag-standesamt","23":"tag-trautermine"},"_links":{"self":[{"href":"https:\/\/www.region-schwabach.de\/wordpress\/wp-json\/wp\/v2\/posts\/160442","targetHints":{"allow":["GET"]}}],"collection":[{"href":"https:\/\/www.region-schwabach.de\/wordpress\/wp-json\/wp\/v2\/posts"}],"about":[{"href":"https:\/\/www.region-schwabach.de\/wordpress\/wp-json\/wp\/v2\/types\/post"}],"author":[{"embeddable":true,"href":"https:\/\/www.region-schwabach.de\/wordpress\/wp-json\/wp\/v2\/users\/1"}],"replies":[{"embeddable":true,"href":"https:\/\/www.region-schwabach.de\/wordpress\/wp-json\/wp\/v2\/comments?post=160442"}],"version-history":[{"count":0,"href":"https:\/\/www.region-schwabach.de\/wordpress\/wp-json\/wp\/v2\/posts\/160442\/revisions"}],"wp:featuredmedia":[{"embeddable":true,"href":"https:\/\/www.region-schwabach.de\/wordpress\/wp-json\/wp\/v2\/media\/160443"}],"wp:attachment":[{"href":"https:\/\/www.region-schwabach.de\/wordpress\/wp-json\/wp\/v2\/media?parent=160442"}],"wp:term":[{"taxonomy":"category","embeddable":true,"href":"https:\/\/www.region-schwabach.de\/wordpress\/wp-json\/wp\/v2\/categories?post=160442"},{"taxonomy":"post_tag","embeddable":true,"href":"https:\/\/www.region-schwabach.de\/wordpress\/wp-json\/wp\/v2\/tags?post=160442"}],"curies":[{"name":"wp","href":"https:\/\/api.w.org\/{rel}","templated":true}]}}