{"id":160621,"date":"2022-01-22T01:15:00","date_gmt":"2022-01-22T00:15:00","guid":{"rendered":"https:\/\/www.region-schwabach.de\/wordpress\/?p=160621"},"modified":"2022-01-21T21:23:49","modified_gmt":"2022-01-21T20:23:49","slug":"tag-der-offenen-tur-in-stadtischen-kindergarten-am-samstag-den-22-januar-2022-kann-coronabedingt-nun-doch-nicht-stattfinden","status":"publish","type":"post","link":"https:\/\/www.region-schwabach.de\/wordpress\/tag-der-offenen-tur-in-stadtischen-kindergarten-am-samstag-den-22-januar-2022-kann-coronabedingt-nun-doch-nicht-stattfinden\/","title":{"rendered":"Tag der offenen T\u00fcr in st\u00e4dtischen Kinderg\u00e4rten am Samstag, den 22. Januar 2022, kann coronabedingt nun doch nicht stattfinden"},"content":{"rendered":"\t\t<div data-elementor-type=\"wp-post\" data-elementor-id=\"160621\" class=\"elementor elementor-160621\">\n\t\t\t\t\t\t<section class=\"elementor-section elementor-top-section elementor-element elementor-element-678181b elementor-section-boxed elementor-section-height-default elementor-section-height-default\" data-id=\"678181b\" data-element_type=\"section\">\n\t\t\t\t\t\t<div class=\"elementor-container elementor-column-gap-default\">\n\t\t\t\t\t<div class=\"elementor-column elementor-col-50 elementor-top-column elementor-element elementor-element-6b34026\" data-id=\"6b34026\" data-element_type=\"column\">\n\t\t\t<div class=\"elementor-widget-wrap elementor-element-populated\">\n\t\t\t\t\t\t<div class=\"elementor-element elementor-element-caeec8c elementor-widget elementor-widget-wp-widget-advads_ad_widget\" data-id=\"caeec8c\" data-element_type=\"widget\" data-widget_type=\"wp-widget-advads_ad_widget.default\">\n\t\t\t\t<div class=\"elementor-widget-container\">\n\t\t\t<div id=\"regio-3773040208\"><div class=\"regio-adlabel\">Werbung<\/div><center><a href=\"https:\/\/a.partner-versicherung.de\/click.php?partner_id=19992&ad_id=1578&deep=kreditkarten\"  target=\"_blank\"><img decoding=\"async\" src=\"https:\/\/a.partner-versicherung.de\/view.php?partner_id=19992&ad_id=1578\" ><\/a><\/center><\/div>\t\t<\/div>\n\t\t\t\t<\/div>\n\t\t\t\t<div class=\"elementor-element elementor-element-443ab98 elementor-widget elementor-widget-text-editor\" data-id=\"443ab98\" data-element_type=\"widget\" data-widget_type=\"text-editor.default\">\n\t\t\t\t<div class=\"elementor-widget-container\">\n\t\t\t\t\t\t\t<h3 class=\"entry-title\"><span id=\"page62R_mcid10\" class=\"markedContent\"><span dir=\"ltr\" role=\"presentation\">Nur telefonische Auskunft: <\/span><\/span><span id=\"page62R_mcid11\" class=\"markedContent\"> <\/span><span id=\"page62R_mcid12\" class=\"markedContent\"><br role=\"presentation\" \/><span dir=\"ltr\" role=\"presentation\">Tag der offenen T\u00fcr in Kitas kann nicht stattfinden<\/span><\/span><\/h3><p><span style=\"font-size: 12pt;\">Schwabach &#8211; Der f\u00fcr Samstag, den 22. Januar 2022, geplante Tag der offenen T\u00fcr in den vier <\/span><span style=\"font-size: 12pt;\">st\u00e4dtischen Kindertageseinrichtungen kann nicht in Pr\u00e4senz stattfinden. <\/span><span style=\"font-size: 12pt;\">\u201eWegen der stark steigenden Infektionszahlen ist das nicht umzusetzen\u201c, so <\/span><span style=\"font-size: 12pt;\">Jugendamts-Leiterin Bruni Adam. \u201eWir wollen die Eltern aber trotzdem <\/span><span style=\"font-size: 12pt;\">m\u00f6glichst gut informieren. Deshalb beantworten die Kolleginnen in den <\/span><span style=\"font-size: 12pt;\">Einrichtungen Fragen gerne auch am Telefon.\u201c Am Samstag, den 22. Januar 2022, <\/span><span style=\"font-size: 12pt;\">zwischen 11.00 Uhr und 14.00 Uhr sind die Einrichtungen deswegen unter folgenden <\/span><span style=\"font-size: 12pt;\">Telefonnummern &#8211; und dar\u00fcber hinaus auch unter den angegebenen E-Mail-<\/span><span style=\"font-size: 12pt;\">Adressen &#8211; erreichbar:\u00a0<\/span><\/p><div class=\"page\" role=\"region\" data-page-number=\"1\" aria-label=\"Seite 1\" data-loaded=\"true\"><div>\u00a0<\/div><ul style=\"list-style-type: disc;\"><li class=\"textLayer\"><span style=\"font-size: 12pt;\"><span id=\"page62R_mcid17\" class=\"markedContent\"><span dir=\"ltr\" role=\"presentation\">Haus f\u00fcr Kinder Altstadt, Petzoldtstra\u00dfe 8; Telefon: 09122-8880930, <\/span><br role=\"presentation\" \/><span dir=\"ltr\" role=\"presentation\">E-Mail: <\/span><\/span><a href=\"mailto:altstadtkindergarten@schwabach.de\" target=\"_blank\" rel=\"noopener\"><span id=\"page62R_mcid18\" class=\"markedContent\"><span dir=\"ltr\" role=\"presentation\">altstadtkindergarten@schwabach.de<\/span><\/span><\/a><span id=\"page62R_mcid19\" class=\"markedContent\"> <\/span><span id=\"page62R_mcid23\" class=\"markedContent\"><\/span><\/span><\/li><li class=\"textLayer\"><span style=\"font-size: 12pt;\"><span id=\"page62R_mcid23\" class=\"markedContent\"><span dir=\"ltr\" role=\"presentation\">Anne-Frank-Kindergarten, Eichwasenstra\u00dfe 53, Telefon: 09122-16227, <\/span><br role=\"presentation\" \/><span dir=\"ltr\" role=\"presentation\">E-Mail: <\/span><\/span><a href=\"mailto:anne-frank.kindergarten@schwabach.de\" target=\"_blank\" rel=\"noopener\"><span id=\"page62R_mcid24\" class=\"markedContent\"><span dir=\"ltr\" role=\"presentation\">anne-frank.kindergarten@schwabach.de<\/span><\/span><\/a><span id=\"page62R_mcid25\" class=\"markedContent\"> <\/span><span id=\"page62R_mcid29\" class=\"markedContent\"><\/span><\/span><\/li><li class=\"textLayer\"><span style=\"font-size: 12pt;\"><span id=\"page62R_mcid29\" class=\"markedContent\"><span dir=\"ltr\" role=\"presentation\">Kindergarten Forsthof, Konrad-Adenauer-Stra\u00dfe 35, Telefon: 09122-<\/span><span dir=\"ltr\" role=\"presentation\">16133, E-Mail: <a href=\"mailto:kindergarten.forsthof@schwabach.de\" target=\"_blank\" rel=\"noopener\">kindergarten.forsthof@schwabach.de<\/a><\/span><\/span><span id=\"page62R_mcid33\" class=\"markedContent\"><\/span><\/span><\/li><li class=\"textLayer\"><span style=\"font-size: 12pt;\"><span id=\"page62R_mcid33\" class=\"markedContent\"><span dir=\"ltr\" role=\"presentation\">Waldemar-Bergner-Kindertagesst\u00e4tte, Henseltweg 5, Telefon: 09122-<\/span><span dir=\"ltr\" role=\"presentation\">603700 oder (Krippe) 09122-6037020, E-Mail: <a href=\"mailto:waldemar-bergner.kindergarten@schwabach.de\" target=\"_blank\" rel=\"noopener\">waldemar-bergner.kindergarten@schwabach.de<\/a><\/span><\/span><span id=\"page62R_mcid36\" class=\"markedContent\"><br role=\"presentation\" \/><\/span><\/span><\/li><\/ul><div>\u00a0<\/div><div class=\"textLayer\"><p><span style=\"font-size: 12pt;\"><span id=\"page62R_mcid36\" class=\"markedContent\"><span dir=\"ltr\" role=\"presentation\">Wer sich die Einrichtungen ansehen m\u00f6chte, findet weiter unter die <\/span><span dir=\"ltr\" role=\"presentation\">URL der jeweiligen Einrichtung, wo neben zahlreichen Infos auch Videos &#8211; welche die R\u00e4umlichkeiten zeigen &#8211; zu finden sind.\u00a0<\/span><\/span><span id=\"page62R_mcid37\" class=\"markedContent\"><\/span><span id=\"page62R_mcid38\" class=\"markedContent\"><\/span><\/span><\/p><div class=\"endOfContent active\">\u00a0<\/div><\/div><div class=\"annotationLayer\"><span style=\"font-size: 12pt;\">Weitere Informationen zur Voranmeldung f\u00fcr das im September beginnende <\/span><span id=\"page1R_mcid0\" class=\"markedContent\" style=\"font-size: 12pt;\"><span dir=\"ltr\" role=\"presentation\">Kindergartenjahr finden sich auf der st\u00e4dtischen Homepage unter der URL <\/span><\/span><a href=\"http:\/\/www.schwabach.de\/kita-voranmeldung\" target=\"_blank\" rel=\"noopener\"><span id=\"page1R_mcid1\" class=\"markedContent\" style=\"font-size: 12pt;\"><span dir=\"ltr\" role=\"presentation\">www.schwabach.de\/kita-voranmeldung<\/span><\/span><\/a><span id=\"page1R_mcid2\" class=\"markedContent\" style=\"font-size: 12pt;\"><span dir=\"ltr\" role=\"presentation\"> &#8211; auch in Fremdsprachen wie etwa <\/span><\/span><span style=\"font-size: 12pt;\">Englisch, Albanisch oder Bulgarisch. Dort werden auch Fragen beantwortet, die <\/span><span style=\"font-size: 12pt;\">sich die meisten Eltern stellen, die eine Betreuungseinrichtung f\u00fcr ihre Kleinen <\/span><span id=\"page1R_mcid2\" class=\"markedContent\" style=\"font-size: 12pt;\"><span dir=\"ltr\" role=\"presentation\">suchen. <\/span><\/span><\/div><div>\u00a0<\/div><div class=\"annotationLayer\"><span id=\"page1R_mcid3\" class=\"markedContent\" style=\"font-size: 12pt;\"> <\/span><span id=\"page1R_mcid4\" class=\"markedContent\" style=\"font-size: 12pt;\"><span dir=\"ltr\" role=\"presentation\">Die dort zu findende Voranmeldung ist allerdings nicht mit einem Betreuungs-<\/span><\/span><span style=\"font-size: 12pt;\">Vertrag zu verwechseln. Mit dieser bekunden die Erziehungsberechtigten nur <\/span><span style=\"font-size: 12pt;\">ihr Interesse an der jeweiligen Einrichtung. An den Anmelde-Tagen am 24. und <\/span><span style=\"font-size: 12pt;\">25. Januar k\u00f6nnen die Voranmeldungen in der Einrichtung abgegeben werden. <\/span><span style=\"font-size: 12pt;\">Ebenso k\u00f6nnen diese auch in den Briefkasten der jeweiligen Einrichtung <\/span><span style=\"font-size: 12pt;\">geworfen oder dieser per E-Mail zugesandt werden.\u00a0<\/span><\/div><div>\u00a0<\/div><\/div><h3>Weiterf\u00fchrende Links:<\/h3><p><span style=\"font-size: 12pt;\"><a href=\"https:\/\/www.schwabach.de\/de\/stadtverwaltung\/referat-2-recht-soziales-und-umwelt\/156-amt-fuer-jugend-und-familie\/160-einrichtungen-und-sachgebiete-vom-amt-fuer-jugend-und-familie\/224-kindergartenverwaltung\/225-staedtische-kindergaerten\/232-anne-frank-kindergarten\/400-anne-frank-kindergarten.html\" target=\"_blank\" rel=\"noopener\"><span style=\"font-size: 12pt;\">Homepage Anne-Frank-Kindergarten &#8230;<\/span><\/a><\/span><\/p><p><span style=\"font-size: 12pt;\"><a href=\"https:\/\/www.schwabach.de\/de\/stadtverwaltung\/referat-2-recht-soziales-und-umwelt\/156-amt-fuer-jugend-und-familie\/160-einrichtungen-und-sachgebiete-vom-amt-fuer-jugend-und-familie\/224-kindergartenverwaltung\/225-staedtische-kindergaerten\/236-kindergarten-forsthof\/412-informationen-ueber-den-kindergarten-forsthof.html\" target=\"_blank\" rel=\"noopener\">Homepage Kindergarten Forsthof &#8230;<\/a><\/span><\/p><p><span style=\"font-size: 12pt;\"><a href=\"https:\/\/www.schwabach.de\/de\/stadtverwaltung\/referat-2-recht-soziales-und-umwelt\/156-amt-fuer-jugend-und-familie\/160-einrichtungen-und-sachgebiete-vom-amt-fuer-jugend-und-familie\/2123-haus-fuer-kinder-altstadt.html\" target=\"_blank\" rel=\"noopener\">Homepage Altstadtkindergarten &#8230;<\/a><\/span><\/p><p><span style=\"font-size: 12pt;\"><a href=\"https:\/\/www.schwabach.de\/de\/stadtverwaltung\/referat-2-recht-soziales-und-umwelt\/156-amt-fuer-jugend-und-familie\/160-einrichtungen-und-sachgebiete-vom-amt-fuer-jugend-und-familie\/224-kindergartenverwaltung\/225-staedtische-kindergaerten\/241-waldemar-bergner-kindergarten\/425-waldemar-bergner-kindertagesstaette.html\" target=\"_blank\" rel=\"noopener\">Homepage\u00a0Waldemar-Berger-Kindertagesst\u00e4tte &#8230;<\/a><\/span><\/p>\t\t\t\t\t\t<\/div>\n\t\t\t\t<\/div>\n\t\t\t\t<div class=\"elementor-element elementor-element-5b9f0de elementor-widget elementor-widget-shortcode\" data-id=\"5b9f0de\" data-element_type=\"widget\" data-widget_type=\"shortcode.default\">\n\t\t\t\t<div class=\"elementor-widget-container\">\n\t\t\t\t\t<div class=\"elementor-shortcode\"><center><a href=\"https:\/\/a.partner-versicherung.de\/click.php?partner_id=19992&ad_id=441&deep=kfz-versicherung\"  target=\"_blank\"><img decoding=\"async\" src=\"https:\/\/a.partner-versicherung.de\/view.php?partner_id=19992&ad_id=441\" ><\/a><\/center><\/div>\n\t\t\t\t<\/div>\n\t\t\t\t<\/div>\n\t\t\t\t<div class=\"elementor-element elementor-element-0c834d7 elementor-widget-divider--view-line elementor-widget elementor-widget-divider\" data-id=\"0c834d7\" data-element_type=\"widget\" data-widget_type=\"divider.default\">\n\t\t\t\t<div class=\"elementor-widget-container\">\n\t\t\t\t\t<div class=\"elementor-divider\">\n\t\t\t<span class=\"elementor-divider-separator\">\n\t\t\t\t\t\t<\/span>\n\t\t<\/div>\n\t\t\t\t<\/div>\n\t\t\t\t<\/div>\n\t\t\t\t<div class=\"elementor-element elementor-element-325f51f elementor-widget elementor-widget-google_maps\" data-id=\"325f51f\" data-element_type=\"widget\" data-widget_type=\"google_maps.default\">\n\t\t\t\t<div class=\"elementor-widget-container\">\n\t\t\t\t\t<div class=\"elementor-custom-embed\">\n\t\t\t<iframe loading=\"lazy\"\n\t\t\t\t\tsrc=\"https:\/\/maps.google.com\/maps?q=Eichwasenstra%C3%9Fe%203%2C%20Schwabach%2C%20Deutschland&#038;t=m&#038;z=16&#038;output=embed&#038;iwloc=near\"\n\t\t\t\t\ttitle=\"Eichwasenstra\u00dfe 3, Schwabach, Deutschland\"\n\t\t\t\t\taria-label=\"Eichwasenstra\u00dfe 3, Schwabach, Deutschland\"\n\t\t\t><\/iframe>\n\t\t<\/div>\n\t\t\t\t<\/div>\n\t\t\t\t<\/div>\n\t\t\t\t<div class=\"elementor-element elementor-element-30f5725 elementor-widget elementor-widget-google_maps\" data-id=\"30f5725\" data-element_type=\"widget\" data-widget_type=\"google_maps.default\">\n\t\t\t\t<div class=\"elementor-widget-container\">\n\t\t\t\t\t<div class=\"elementor-custom-embed\">\n\t\t\t<iframe loading=\"lazy\"\n\t\t\t\t\tsrc=\"https:\/\/maps.google.com\/maps?q=Konrad-Adenauer-Stra%C3%9Fe%2035%2C%20Schwabach%2C%20Deutschland&#038;t=m&#038;z=16&#038;output=embed&#038;iwloc=near\"\n\t\t\t\t\ttitle=\"Konrad-Adenauer-Stra\u00dfe 35, Schwabach, Deutschland\"\n\t\t\t\t\taria-label=\"Konrad-Adenauer-Stra\u00dfe 35, Schwabach, Deutschland\"\n\t\t\t><\/iframe>\n\t\t<\/div>\n\t\t\t\t<\/div>\n\t\t\t\t<\/div>\n\t\t\t\t<div class=\"elementor-element elementor-element-6384437 elementor-widget elementor-widget-google_maps\" data-id=\"6384437\" data-element_type=\"widget\" data-widget_type=\"google_maps.default\">\n\t\t\t\t<div class=\"elementor-widget-container\">\n\t\t\t\t\t<div class=\"elementor-custom-embed\">\n\t\t\t<iframe loading=\"lazy\"\n\t\t\t\t\tsrc=\"https:\/\/maps.google.com\/maps?q=Petzoldtstra%C3%9Fe%208%2C%20Schwabach%2C%20Deutschland&#038;t=m&#038;z=16&#038;output=embed&#038;iwloc=near\"\n\t\t\t\t\ttitle=\"Petzoldtstra\u00dfe 8, Schwabach, Deutschland\"\n\t\t\t\t\taria-label=\"Petzoldtstra\u00dfe 8, Schwabach, Deutschland\"\n\t\t\t><\/iframe>\n\t\t<\/div>\n\t\t\t\t<\/div>\n\t\t\t\t<\/div>\n\t\t\t\t<div class=\"elementor-element elementor-element-e53dd60 elementor-widget elementor-widget-google_maps\" data-id=\"e53dd60\" data-element_type=\"widget\" data-widget_type=\"google_maps.default\">\n\t\t\t\t<div class=\"elementor-widget-container\">\n\t\t\t\t\t<div class=\"elementor-custom-embed\">\n\t\t\t<iframe loading=\"lazy\"\n\t\t\t\t\tsrc=\"https:\/\/maps.google.com\/maps?q=Henseltweg%205%2C%20Schwabach%2C%20Deutschland&#038;t=m&#038;z=16&#038;output=embed&#038;iwloc=near\"\n\t\t\t\t\ttitle=\"Henseltweg 5, Schwabach, Deutschland\"\n\t\t\t\t\taria-label=\"Henseltweg 5, Schwabach, Deutschland\"\n\t\t\t><\/iframe>\n\t\t<\/div>\n\t\t\t\t<\/div>\n\t\t\t\t<\/div>\n\t\t\t\t\t<\/div>\n\t\t<\/div>\n\t\t\t\t<div class=\"elementor-column elementor-col-50 elementor-top-column elementor-element elementor-element-475caa0\" data-id=\"475caa0\" data-element_type=\"column\">\n\t\t\t<div class=\"elementor-widget-wrap elementor-element-populated\">\n\t\t\t\t\t\t<div class=\"elementor-element elementor-element-424f791 elementor-widget elementor-widget-heading\" data-id=\"424f791\" data-element_type=\"widget\" data-widget_type=\"heading.default\">\n\t\t\t\t<div class=\"elementor-widget-container\">\n\t\t\t<h3 class=\"elementor-heading-title elementor-size-default\">Schnell vergleichen und sparen!<\/h3>\t\t<\/div>\n\t\t\t\t<\/div>\n\t\t\t\t<div class=\"elementor-element elementor-element-cc1eeb9 elementor-widget elementor-widget-wp-widget-advads_ad_widget\" data-id=\"cc1eeb9\" data-element_type=\"widget\" data-widget_type=\"wp-widget-advads_ad_widget.default\">\n\t\t\t\t<div class=\"elementor-widget-container\">\n\t\t\t<div id=\"regio-4247744944\"><div class=\"regio-adlabel\">Werbung<\/div><!-- Beginn https:\/\/www.financeads.net\/-Code --><a href=\"https:\/\/www.financeads.net\/tc.php?t=36648C236142529B\" target=\"_blank\"><img fetchpriority=\"high\" decoding=\"async\" src=\"https:\/\/www.financeads.net\/tb.php?t=36648V236142529B&https=1\" alt=\"\" border=\"0\" width=\"300\" height=\"250\"><\/a><!-- Ende https:\/\/www.financeads.net\/-Code --><\/div>\t\t<\/div>\n\t\t\t\t<\/div>\n\t\t\t\t<div class=\"elementor-element elementor-element-6a7f79c elementor-widget elementor-widget-wp-widget-advads_ad_widget\" data-id=\"6a7f79c\" data-element_type=\"widget\" data-widget_type=\"wp-widget-advads_ad_widget.default\">\n\t\t\t\t<div class=\"elementor-widget-container\">\n\t\t\t<div id=\"regio-3435907931\"><div class=\"regio-adlabel\">Werbung<\/div><!-- Beginn https:\/\/www.financeads.net\/-Code --><a href=\"https:\/\/www.financeads.net\/tc.php?t=36648C42614510B\" target=\"_blank\"><img decoding=\"async\" src=\"https:\/\/www.financeads.net\/tb.php?t=36648V42614510B&https=1\" alt=\"\" border=\"0\" width=\"200\" height=\"300\"><\/a><!-- Ende https:\/\/www.financeads.net\/-Code --><\/div>\t\t<\/div>\n\t\t\t\t<\/div>\n\t\t\t\t<div class=\"elementor-element elementor-element-85ade34 elementor-widget elementor-widget-wp-widget-advads_ad_widget\" data-id=\"85ade34\" data-element_type=\"widget\" data-widget_type=\"wp-widget-advads_ad_widget.default\">\n\t\t\t\t<div class=\"elementor-widget-container\">\n\t\t\t<div id=\"regio-2316556406\"><div class=\"regio-adlabel\">Werbung<\/div><!-- Beginn https:\/\/www.financeads.net\/-Code --><a href=\"https:\/\/www.financeads.net\/tc.php?t=36648C205040072B\" target=\"_blank\"><img decoding=\"async\" src=\"https:\/\/www.financeads.net\/tb.php?t=36648V205040072B&https=1\" alt=\"\" border=\"0\" width=\"300\" height=\"250\"><\/a><!-- Ende https:\/\/www.financeads.net\/-Code --><\/div>\t\t<\/div>\n\t\t\t\t<\/div>\n\t\t\t\t<div class=\"elementor-element elementor-element-0005160 elementor-widget elementor-widget-wp-widget-advads_ad_widget\" data-id=\"0005160\" data-element_type=\"widget\" data-widget_type=\"wp-widget-advads_ad_widget.default\">\n\t\t\t\t<div class=\"elementor-widget-container\">\n\t\t\t<div id=\"regio-3423764342\"><div class=\"regio-adlabel\">Werbung<\/div><!-- Beginn https:\/\/www.financeads.net\/-Code --><a href=\"https:\/\/www.financeads.net\/tc.php?t=36648C271460142B\" target=\"_blank\"><img loading=\"lazy\" decoding=\"async\" src=\"https:\/\/www.financeads.net\/tb.php?t=36648V271460142B&https=1\" alt=\"PETPROTECT_Hund&Katze_Banner\" border=\"0\" width=\"250\" height=\"250\"><\/a><!-- Ende https:\/\/www.financeads.net\/-Code --><\/div>\t\t<\/div>\n\t\t\t\t<\/div>\n\t\t\t\t\t<\/div>\n\t\t<\/div>\n\t\t\t\t\t<\/div>\n\t\t<\/section>\n\t\t\t\t<\/div>\n\t\t","protected":false},"excerpt":{"rendered":"<div class=\"mh-excerpt\"><p>Nur telefonische Auskunft: Tag der offenen T\u00fcr in Kitas kann nicht stattfinden Schwabach &#8211; Der f\u00fcr Samstag, den 22. Januar 2022, geplante Tag der offenen T\u00fcr in den vier st\u00e4dtischen Kindertageseinrichtungen kann nicht in Pr\u00e4senz <a class=\"mh-excerpt-more\" href=\"https:\/\/www.region-schwabach.de\/wordpress\/tag-der-offenen-tur-in-stadtischen-kindergarten-am-samstag-den-22-januar-2022-kann-coronabedingt-nun-doch-nicht-stattfinden\/\" title=\"Tag der offenen T\u00fcr in st\u00e4dtischen Kinderg\u00e4rten am Samstag, den 22. Januar 2022, kann coronabedingt nun doch nicht stattfinden\">[&#8230;]<\/a><\/p>\n<\/div>","protected":false},"author":1,"featured_media":160622,"comment_status":"open","ping_status":"open","sticky":false,"template":"","format":"standard","meta":{"_cbd_carousel_blocks":"[]","footnotes":""},"categories":[16,1,287,61],"tags":[18064,18063,18067,18065,18068,18066,7120,7114,7115,1049,7116,13042,7123,7118,3494,2104,3957,1480,19,3151,7124,5426,7122],"class_list":{"0":"post-160621","1":"post","2":"type-post","3":"status-publish","4":"format-standard","5":"has-post-thumbnail","7":"category-aktuell","8":"category-allgemein","9":"category-jugend-und-familie","10":"category-rathaus","11":"tag-22-januar-2022","12":"tag-22-01-20222","13":"tag-24-januar-2022","14":"tag-24-01-2022","15":"tag-25-januar-2022","16":"tag-25-01-2022","17":"tag-altstadtkindergarten","18":"tag-anmeldetage","19":"tag-anne-frank-kindergarten","20":"tag-austrasse","21":"tag-eichwasenstrasse","22":"tag-haus-fuer-kinder-altstadt","23":"tag-henseltweg","24":"tag-kindergarten-forsthof","25":"tag-kindertagesstaetten","26":"tag-konrad-adenauer-strasse","27":"tag-petzoldtstrasse","28":"tag-rathaus","29":"tag-schwabach","30":"tag-stadt-schwabach","31":"tag-tag-der-offen-tuer","32":"tag-vorschulkinder","33":"tag-waldemar-berger-kindertagesstaette"},"_links":{"self":[{"href":"https:\/\/www.region-schwabach.de\/wordpress\/wp-json\/wp\/v2\/posts\/160621","targetHints":{"allow":["GET"]}}],"collection":[{"href":"https:\/\/www.region-schwabach.de\/wordpress\/wp-json\/wp\/v2\/posts"}],"about":[{"href":"https:\/\/www.region-schwabach.de\/wordpress\/wp-json\/wp\/v2\/types\/post"}],"author":[{"embeddable":true,"href":"https:\/\/www.region-schwabach.de\/wordpress\/wp-json\/wp\/v2\/users\/1"}],"replies":[{"embeddable":true,"href":"https:\/\/www.region-schwabach.de\/wordpress\/wp-json\/wp\/v2\/comments?post=160621"}],"version-history":[{"count":0,"href":"https:\/\/www.region-schwabach.de\/wordpress\/wp-json\/wp\/v2\/posts\/160621\/revisions"}],"wp:featuredmedia":[{"embeddable":true,"href":"https:\/\/www.region-schwabach.de\/wordpress\/wp-json\/wp\/v2\/media\/160622"}],"wp:attachment":[{"href":"https:\/\/www.region-schwabach.de\/wordpress\/wp-json\/wp\/v2\/media?parent=160621"}],"wp:term":[{"taxonomy":"category","embeddable":true,"href":"https:\/\/www.region-schwabach.de\/wordpress\/wp-json\/wp\/v2\/categories?post=160621"},{"taxonomy":"post_tag","embeddable":true,"href":"https:\/\/www.region-schwabach.de\/wordpress\/wp-json\/wp\/v2\/tags?post=160621"}],"curies":[{"name":"wp","href":"https:\/\/api.w.org\/{rel}","templated":true}]}}