{"id":161124,"date":"2022-01-25T01:00:00","date_gmt":"2022-01-25T00:00:00","guid":{"rendered":"https:\/\/www.region-schwabach.de\/wordpress\/?p=161124"},"modified":"2022-01-24T21:35:06","modified_gmt":"2022-01-24T20:35:06","slug":"stadtforsterei-fuhrt-arbeiten-zur-verkehrssicherung-und-waldpflegearbeiten-ab-montag-den-24-januar-2022-durch","status":"publish","type":"post","link":"https:\/\/www.region-schwabach.de\/wordpress\/stadtforsterei-fuhrt-arbeiten-zur-verkehrssicherung-und-waldpflegearbeiten-ab-montag-den-24-januar-2022-durch\/","title":{"rendered":"Stadtf\u00f6rsterei f\u00fchrt Arbeiten zur Verkehrssicherung und Waldpflegearbeiten ab Montag, den 24. Januar 2022, durch"},"content":{"rendered":"\t\t<div data-elementor-type=\"wp-post\" data-elementor-id=\"161124\" class=\"elementor elementor-161124\">\n\t\t\t\t\t\t<section class=\"elementor-section elementor-top-section elementor-element elementor-element-678181b elementor-section-boxed elementor-section-height-default elementor-section-height-default\" data-id=\"678181b\" data-element_type=\"section\">\n\t\t\t\t\t\t<div class=\"elementor-container elementor-column-gap-default\">\n\t\t\t\t\t<div class=\"elementor-column elementor-col-50 elementor-top-column elementor-element elementor-element-6b34026\" data-id=\"6b34026\" data-element_type=\"column\">\n\t\t\t<div class=\"elementor-widget-wrap elementor-element-populated\">\n\t\t\t\t\t\t<div class=\"elementor-element elementor-element-e347b87 elementor-widget elementor-widget-wp-widget-advads_ad_widget\" data-id=\"e347b87\" data-element_type=\"widget\" data-widget_type=\"wp-widget-advads_ad_widget.default\">\n\t\t\t\t<div class=\"elementor-widget-container\">\n\t\t\t<div id=\"regio-2199184037\"><div class=\"regio-adlabel\">Werbung<\/div><center><a href=\"https:\/\/a.partner-versicherung.de\/click.php?partner_id=19992&ad_id=1578&deep=kreditkarten\"  target=\"_blank\"><img decoding=\"async\" src=\"https:\/\/a.partner-versicherung.de\/view.php?partner_id=19992&ad_id=1578\" ><\/a><\/center><\/div>\t\t<\/div>\n\t\t\t\t<\/div>\n\t\t\t\t<div class=\"elementor-element elementor-element-443ab98 elementor-widget elementor-widget-text-editor\" data-id=\"443ab98\" data-element_type=\"widget\" data-widget_type=\"text-editor.default\">\n\t\t\t\t<div class=\"elementor-widget-container\">\n\t\t\t\t\t\t\t<div class=\"fieldsattachment after_article\"><h3 class=\"idgroup_7 group_container\"><span id=\"page49R_mcid10\" class=\"markedContent\"><span dir=\"ltr\" role=\"presentation\">Wegen Waldpflege und Verkehrssicherung<\/span><\/span><span id=\"page49R_mcid11\" class=\"markedContent\"><br role=\"presentation\" \/><span dir=\"ltr\" role=\"presentation\">Baumf\u00e4llungen sind n\u00f6tig<\/span><\/span><\/h3><p class=\"idgroup_7 group_container\"><span style=\"font-size: 12pt;\">Schwabach &#8211; <span id=\"page49R_mcid13\" class=\"markedContent\"><span dir=\"ltr\" role=\"presentation\">Arbeiten zur Verkehrssicherung und Waldpflegearbeiten f\u00fchrt die Stadtf\u00f6rsterei <\/span><span dir=\"ltr\" role=\"presentation\">seit Montag, 24. Januar 2022, durch. Dabei kommt es an einigen Stellen im <\/span><span dir=\"ltr\" role=\"presentation\">Stadtgebiet zu Baumf\u00e4llungen. <\/span><\/span><\/span><\/p><p class=\"idgroup_7 group_container\"><span style=\"font-size: 12pt;\"><span id=\"page49R_mcid13\" class=\"markedContent\"><span dir=\"ltr\" role=\"presentation\">Zum Beispiel zwischen der Kellerstra\u00dfe in <\/span><span dir=\"ltr\" role=\"presentation\">Wolkersdorf und dem Zwieseltal. Hier erfolgt eine Durchforstung. Auf einem <\/span><span dir=\"ltr\" role=\"presentation\">Waldgrundst\u00fcck, das die Stadt vor zwei Jahren erworben hat, m\u00fcssen einige <\/span><span dir=\"ltr\" role=\"presentation\">B\u00e4ume zur Verkehrssicherung entnommen werden. In den letzten Jahren sind <\/span><span dir=\"ltr\" role=\"presentation\">dort bereits etliche B\u00e4ume umgebrochen oder d\u00fcrr geworden. <\/span><\/span><\/span><\/p><p class=\"idgroup_7 group_container\"><span style=\"font-size: 12pt;\"><span id=\"page49R_mcid13\" class=\"markedContent\"><span dir=\"ltr\" role=\"presentation\">&#8222;Mit der <\/span><span dir=\"ltr\" role=\"presentation\">Durchforstung wird dar\u00fcber hinaus Platz f\u00fcr die Entwicklung eines naturnahen <\/span><span dir=\"ltr\" role=\"presentation\">Laubwaldes mit Eichen und Linden geschaffen&#8220;, erkl\u00e4rt Stadtf\u00f6rster Thomas <\/span><span dir=\"ltr\" role=\"presentation\">Knotz. Au\u00dferdem werden eine Reihe nicht heimischer B\u00e4ume entnommen. <\/span><span dir=\"ltr\" role=\"presentation\">Dabei bleiben zahlreiche so genannte Hochstubben stehen, die Lebensraum <\/span><span dir=\"ltr\" role=\"presentation\">f\u00fcr holzbewohnende Insekten, Spechte und Flederm\u00e4use bieten werden. Dabei <\/span><span dir=\"ltr\" role=\"presentation\">handelt es sich um etwa drei bis f\u00fcnf Meter hohe Baumst\u00fcmpfe von st\u00e4rkeren <\/span><span dir=\"ltr\" role=\"presentation\">Kiefern, zum Teil aber auch von Laubholz. <\/span><\/span><\/span><\/p><p class=\"idgroup_7 group_container\"><span style=\"font-size: 12pt;\"><span id=\"page49R_mcid13\" class=\"markedContent\"><span dir=\"ltr\" role=\"presentation\">Diese werden in den n\u00e4chsten <\/span><span dir=\"ltr\" role=\"presentation\">Jahren zeitweise wieder austreiben, und die Waldfl\u00e4che in mehreren H\u00f6hen <\/span><span dir=\"ltr\" role=\"presentation\">begr\u00fcnen. So entwickeln sich Biotope f\u00fcr Insekten, V\u00f6gel, Eulen und <\/span><span dir=\"ltr\" role=\"presentation\">Flederm\u00e4use.<\/span><\/span><span id=\"page49R_mcid14\" class=\"markedContent\"><\/span><span id=\"page49R_mcid15\" class=\"markedContent\"><br role=\"presentation\" \/><\/span><\/span><\/p><p class=\"idgroup_7 group_container\"><span style=\"font-size: 12pt;\"><span id=\"page49R_mcid15\" class=\"markedContent\"><span dir=\"ltr\" role=\"presentation\">&#8222;Am Anfang wird es stellenweise etwas wild aussehen&#8220;, meint Andreas Barthel <\/span><span dir=\"ltr\" role=\"presentation\">vom Schwabacher Landschaftspflegeverband, der dieses Grundst\u00fcck im <\/span><span dir=\"ltr\" role=\"presentation\">Rahmen einer Ausgleichsma\u00dfnahme f\u00fcr die Stadt betreut. &#8222;Denn auch von den <\/span><span dir=\"ltr\" role=\"presentation\">gef\u00e4llten B\u00e4umen wird viel Holz auf der Fl\u00e4che verbleiben. Dieses Totholz <\/span><span dir=\"ltr\" role=\"presentation\">bietet aber vielen selten gewordenen Insekten Lebensraum&#8220;.\u00a0<\/span><\/span><\/span><\/p><p class=\"idgroup_7 group_container\"><span style=\"font-size: 12pt;\"><span id=\"page1R_mcid0\" class=\"markedContent\"><\/span><span id=\"page1R_mcid1\" class=\"markedContent\"><\/span><span id=\"page1R_mcid2\" class=\"markedContent\"><span dir=\"ltr\" role=\"presentation\">Verkehrssicherung ist dann n\u00f6tig, wenn etwa B\u00e4ume schief h\u00e4ngen oder eine <\/span><span dir=\"ltr\" role=\"presentation\">Gefahr f\u00fcr angrenzende G\u00e4rten, Gartenh\u00e4user und Geb\u00e4ude sein k\u00f6nnen. <\/span><span dir=\"ltr\" role=\"presentation\">\u201eErst in den letzten Tagen\u201c, so Knotz, ist eine schiefwachsende, m\u00e4chtige <\/span><span dir=\"ltr\" role=\"presentation\">Eiche wegen zu weichen Bodens umgefallen.\u201c<\/span><\/span><span id=\"page1R_mcid3\" class=\"markedContent\"><\/span><span id=\"page1R_mcid4\" class=\"markedContent\"><br role=\"presentation\" \/><\/span><\/span><\/p><h3 class=\"idgroup_7 group_container\"><span style=\"font-size: 14pt;\"><span id=\"page1R_mcid4\" class=\"markedContent\"><span dir=\"ltr\" role=\"presentation\">In folgenden weiteren Bereichen werden Ma\u00dfnahmen durchgef\u00fchrt:\u00a0<\/span><\/span><\/span><\/h3><ul style=\"list-style-type: disc;\"><li class=\"idgroup_7 group_container\"><span style=\"font-size: 12pt;\"><span id=\"page1R_mcid5\" class=\"markedContent\"><span dir=\"ltr\" role=\"presentation\">Berliner Stra\u00dfe im Falbenholz, Stadtwald sowie im Umkreis der Geb\u00e4ude der <\/span><span dir=\"ltr\" role=\"presentation\">Lebenshilfe<\/span><\/span><\/span><\/li><li class=\"idgroup_7 group_container\"><span style=\"font-size: 12pt;\"><span id=\"page1R_mcid6\" class=\"markedContent\"><span dir=\"ltr\" role=\"presentation\">Obermainbach, im Bereich eines Tiefbrunnens und Wasserhauses der <\/span><span dir=\"ltr\" role=\"presentation\">Stadtwerke<\/span><\/span><\/span><\/li><li class=\"idgroup_7 group_container\"><span style=\"font-size: 12pt;\"><span id=\"page1R_mcid7\" class=\"markedContent\"><span dir=\"ltr\" role=\"presentation\">Sandfeldweg<\/span> <span dir=\"ltr\" role=\"presentation\">an der A 6<\/span><\/span><\/span><\/li><li class=\"idgroup_7 group_container\"><span style=\"font-size: 12pt;\"><span id=\"page1R_mcid8\" class=\"markedContent\"><span dir=\"ltr\" role=\"presentation\">Bergstra\u00dfe in Penzendorf, Verkehrssicherung am Forstweg und an der A6 <\/span><span dir=\"ltr\" role=\"presentation\">sowie Durchforstung im Wald<\/span><\/span><\/span><\/li><li class=\"idgroup_7 group_container\"><span style=\"font-size: 12pt;\"><span id=\"page1R_mcid9\" class=\"markedContent\"><span dir=\"ltr\" role=\"presentation\">Liebigstra\u00dfe in Limbach<\/span><\/span><\/span><\/li><li class=\"idgroup_7 group_container\"><span style=\"font-size: 12pt;\"><span id=\"page1R_mcid10\" class=\"markedContent\"><span dir=\"ltr\" role=\"presentation\">Schwabenstra\u00dfe, Waldst\u00fcck<\/span><\/span><\/span><\/li><li class=\"idgroup_7 group_container\"><span style=\"font-size: 12pt;\"><span id=\"page1R_mcid11\" class=\"markedContent\"><span dir=\"ltr\" role=\"presentation\">Eichwasenwald, F\u00e4llung von abgestorbenen alten Eichen<\/span><\/span><\/span><\/li><li class=\"idgroup_7 group_container\"><span style=\"font-size: 12pt;\"><span id=\"page1R_mcid12\" class=\"markedContent\"><span dir=\"ltr\" role=\"presentation\">Br\u00fcnst, Trimmpfad und Forstwege\u00a0<\/span><\/span><\/span><\/li><\/ul><\/div>\t\t\t\t\t\t<\/div>\n\t\t\t\t<\/div>\n\t\t\t\t<div class=\"elementor-element elementor-element-ea2a29f elementor-widget elementor-widget-shortcode\" data-id=\"ea2a29f\" data-element_type=\"widget\" data-widget_type=\"shortcode.default\">\n\t\t\t\t<div class=\"elementor-widget-container\">\n\t\t\t\t\t<div class=\"elementor-shortcode\"><center><a href=\"https:\/\/a.partner-versicherung.de\/click.php?partner_id=19992&ad_id=441&deep=kfz-versicherung\"  target=\"_blank\"><img decoding=\"async\" src=\"https:\/\/a.partner-versicherung.de\/view.php?partner_id=19992&ad_id=441\" ><\/a><\/center><\/div>\n\t\t\t\t<\/div>\n\t\t\t\t<\/div>\n\t\t\t\t<div class=\"elementor-element elementor-element-21c3450 elementor-widget-divider--view-line elementor-widget elementor-widget-divider\" data-id=\"21c3450\" data-element_type=\"widget\" data-widget_type=\"divider.default\">\n\t\t\t\t<div class=\"elementor-widget-container\">\n\t\t\t\t\t<div class=\"elementor-divider\">\n\t\t\t<span class=\"elementor-divider-separator\">\n\t\t\t\t\t\t<\/span>\n\t\t<\/div>\n\t\t\t\t<\/div>\n\t\t\t\t<\/div>\n\t\t\t\t<div class=\"elementor-element elementor-element-f4c690c elementor-widget elementor-widget-google_maps\" data-id=\"f4c690c\" data-element_type=\"widget\" data-widget_type=\"google_maps.default\">\n\t\t\t\t<div class=\"elementor-widget-container\">\n\t\t\t\t\t<div class=\"elementor-custom-embed\">\n\t\t\t<iframe loading=\"lazy\"\n\t\t\t\t\tsrc=\"https:\/\/maps.google.com\/maps?q=H%C3%B6rdlertorstra%C3%9Fe%2C%20Schwabach%2C%20Deutschland&#038;t=m&#038;z=17&#038;output=embed&#038;iwloc=near\"\n\t\t\t\t\ttitle=\"H\u00f6rdlertorstra\u00dfe, Schwabach, Deutschland\"\n\t\t\t\t\taria-label=\"H\u00f6rdlertorstra\u00dfe, Schwabach, Deutschland\"\n\t\t\t><\/iframe>\n\t\t<\/div>\n\t\t\t\t<\/div>\n\t\t\t\t<\/div>\n\t\t\t\t\t<\/div>\n\t\t<\/div>\n\t\t\t\t<div class=\"elementor-column elementor-col-50 elementor-top-column elementor-element elementor-element-3728c60\" data-id=\"3728c60\" data-element_type=\"column\">\n\t\t\t<div class=\"elementor-widget-wrap elementor-element-populated\">\n\t\t\t\t\t\t<div class=\"elementor-element elementor-element-a61f7a8 elementor-widget elementor-widget-heading\" data-id=\"a61f7a8\" data-element_type=\"widget\" data-widget_type=\"heading.default\">\n\t\t\t\t<div class=\"elementor-widget-container\">\n\t\t\t<h3 class=\"elementor-heading-title elementor-size-default\">Schnell vergleichen und sparen!<\/h3>\t\t<\/div>\n\t\t\t\t<\/div>\n\t\t\t\t<div class=\"elementor-element elementor-element-4612fda elementor-widget elementor-widget-wp-widget-advads_ad_widget\" data-id=\"4612fda\" data-element_type=\"widget\" data-widget_type=\"wp-widget-advads_ad_widget.default\">\n\t\t\t\t<div class=\"elementor-widget-container\">\n\t\t\t<div id=\"regio-1321637944\"><div class=\"regio-adlabel\">Werbung<\/div><!-- Beginn https:\/\/www.financeads.net\/-Code --><a href=\"https:\/\/www.financeads.net\/tc.php?t=36648C236142529B\" target=\"_blank\"><img fetchpriority=\"high\" decoding=\"async\" src=\"https:\/\/www.financeads.net\/tb.php?t=36648V236142529B&https=1\" alt=\"\" border=\"0\" width=\"300\" height=\"250\"><\/a><!-- Ende https:\/\/www.financeads.net\/-Code --><\/div>\t\t<\/div>\n\t\t\t\t<\/div>\n\t\t\t\t<div class=\"elementor-element elementor-element-c25b724 elementor-widget elementor-widget-wp-widget-advads_ad_widget\" data-id=\"c25b724\" data-element_type=\"widget\" data-widget_type=\"wp-widget-advads_ad_widget.default\">\n\t\t\t\t<div class=\"elementor-widget-container\">\n\t\t\t<div id=\"regio-2808092202\"><div class=\"regio-adlabel\">Werbung<\/div><!-- Beginn https:\/\/www.financeads.net\/-Code --><a href=\"https:\/\/www.financeads.net\/tc.php?t=36648C42614510B\" target=\"_blank\"><img decoding=\"async\" src=\"https:\/\/www.financeads.net\/tb.php?t=36648V42614510B&https=1\" alt=\"\" border=\"0\" width=\"200\" height=\"300\"><\/a><!-- Ende https:\/\/www.financeads.net\/-Code --><\/div>\t\t<\/div>\n\t\t\t\t<\/div>\n\t\t\t\t<div class=\"elementor-element elementor-element-d3b71dc elementor-widget elementor-widget-wp-widget-advads_ad_widget\" data-id=\"d3b71dc\" data-element_type=\"widget\" data-widget_type=\"wp-widget-advads_ad_widget.default\">\n\t\t\t\t<div class=\"elementor-widget-container\">\n\t\t\t<div id=\"regio-2745788267\"><div class=\"regio-adlabel\">Werbung<\/div><!-- Beginn https:\/\/www.financeads.net\/-Code --><a href=\"https:\/\/www.financeads.net\/tc.php?t=36648C205040072B\" target=\"_blank\"><img decoding=\"async\" src=\"https:\/\/www.financeads.net\/tb.php?t=36648V205040072B&https=1\" alt=\"\" border=\"0\" width=\"300\" height=\"250\"><\/a><!-- Ende https:\/\/www.financeads.net\/-Code --><\/div>\t\t<\/div>\n\t\t\t\t<\/div>\n\t\t\t\t<div class=\"elementor-element elementor-element-e7bed1f elementor-widget elementor-widget-wp-widget-advads_ad_widget\" data-id=\"e7bed1f\" data-element_type=\"widget\" data-widget_type=\"wp-widget-advads_ad_widget.default\">\n\t\t\t\t<div class=\"elementor-widget-container\">\n\t\t\t<div id=\"regio-1006562273\"><div class=\"regio-adlabel\">Werbung<\/div><!-- Beginn https:\/\/www.financeads.net\/-Code --><a href=\"https:\/\/www.financeads.net\/tc.php?t=36648C271460142B\" target=\"_blank\"><img loading=\"lazy\" decoding=\"async\" src=\"https:\/\/www.financeads.net\/tb.php?t=36648V271460142B&https=1\" alt=\"PETPROTECT_Hund&Katze_Banner\" border=\"0\" width=\"250\" height=\"250\"><\/a><!-- Ende https:\/\/www.financeads.net\/-Code --><\/div>\t\t<\/div>\n\t\t\t\t<\/div>\n\t\t\t\t\t<\/div>\n\t\t<\/div>\n\t\t\t\t\t<\/div>\n\t\t<\/section>\n\t\t\t\t<\/div>\n\t\t","protected":false},"excerpt":{"rendered":"<div class=\"mh-excerpt\"><p>Wegen Waldpflege und VerkehrssicherungBaumf\u00e4llungen sind n\u00f6tig Schwabach &#8211; Arbeiten zur Verkehrssicherung und Waldpflegearbeiten f\u00fchrt die Stadtf\u00f6rsterei seit Montag, 24. Januar 2022, durch. Dabei kommt es an einigen Stellen im Stadtgebiet zu Baumf\u00e4llungen. Zum Beispiel zwischen <a class=\"mh-excerpt-more\" href=\"https:\/\/www.region-schwabach.de\/wordpress\/stadtforsterei-fuhrt-arbeiten-zur-verkehrssicherung-und-waldpflegearbeiten-ab-montag-den-24-januar-2022-durch\/\" title=\"Stadtf\u00f6rsterei f\u00fchrt Arbeiten zur Verkehrssicherung und Waldpflegearbeiten ab Montag, den 24. Januar 2022, durch\">[&#8230;]<\/a><\/p>\n<\/div>","protected":false},"author":1,"featured_media":161125,"comment_status":"open","ping_status":"open","sticky":false,"template":"","format":"standard","meta":{"_cbd_carousel_blocks":"[]","footnotes":""},"categories":[16,61,14],"tags":[18067,18065,18211,18132,18207,17966,1480,19,3012,3151,18208,12507,18210],"class_list":{"0":"post-161124","1":"post","2":"type-post","3":"status-publish","4":"format-standard","5":"has-post-thumbnail","7":"category-aktuell","8":"category-rathaus","9":"category-verkehrsinfos","10":"tag-24-januar-2022","11":"tag-24-01-2022","12":"tag-baumfaellungen","13":"tag-februar-2022","14":"tag-januar-20222","15":"tag-koenigslatz","16":"tag-rathaus","17":"tag-schwabach","18":"tag-stadt","19":"tag-stadt-schwabach","20":"tag-stadtfoersterei","21":"tag-verkehrssicherung","22":"tag-waldpflegearbeiten"},"_links":{"self":[{"href":"https:\/\/www.region-schwabach.de\/wordpress\/wp-json\/wp\/v2\/posts\/161124","targetHints":{"allow":["GET"]}}],"collection":[{"href":"https:\/\/www.region-schwabach.de\/wordpress\/wp-json\/wp\/v2\/posts"}],"about":[{"href":"https:\/\/www.region-schwabach.de\/wordpress\/wp-json\/wp\/v2\/types\/post"}],"author":[{"embeddable":true,"href":"https:\/\/www.region-schwabach.de\/wordpress\/wp-json\/wp\/v2\/users\/1"}],"replies":[{"embeddable":true,"href":"https:\/\/www.region-schwabach.de\/wordpress\/wp-json\/wp\/v2\/comments?post=161124"}],"version-history":[{"count":0,"href":"https:\/\/www.region-schwabach.de\/wordpress\/wp-json\/wp\/v2\/posts\/161124\/revisions"}],"wp:featuredmedia":[{"embeddable":true,"href":"https:\/\/www.region-schwabach.de\/wordpress\/wp-json\/wp\/v2\/media\/161125"}],"wp:attachment":[{"href":"https:\/\/www.region-schwabach.de\/wordpress\/wp-json\/wp\/v2\/media?parent=161124"}],"wp:term":[{"taxonomy":"category","embeddable":true,"href":"https:\/\/www.region-schwabach.de\/wordpress\/wp-json\/wp\/v2\/categories?post=161124"},{"taxonomy":"post_tag","embeddable":true,"href":"https:\/\/www.region-schwabach.de\/wordpress\/wp-json\/wp\/v2\/tags?post=161124"}],"curies":[{"name":"wp","href":"https:\/\/api.w.org\/{rel}","templated":true}]}}