{"id":161384,"date":"2022-01-29T01:45:33","date_gmt":"2022-01-29T00:45:33","guid":{"rendered":"https:\/\/www.region-schwabach.de\/wordpress\/?p=161384"},"modified":"2022-01-29T09:07:02","modified_gmt":"2022-01-29T08:07:02","slug":"tag-des-kinderliedes-am-samstag-den-29-januar-2022-im-markgrafensaal-und-im-livestream","status":"publish","type":"post","link":"https:\/\/www.region-schwabach.de\/wordpress\/tag-des-kinderliedes-am-samstag-den-29-januar-2022-im-markgrafensaal-und-im-livestream\/","title":{"rendered":"Tag des Kinderliedes am Samstag, den 29. Januar 2022, im Markgrafensaal und im Livestream"},"content":{"rendered":"\t\t<div data-elementor-type=\"wp-post\" data-elementor-id=\"161384\" class=\"elementor elementor-161384\">\n\t\t\t\t\t\t<section class=\"elementor-section elementor-top-section elementor-element elementor-element-678181b elementor-section-boxed elementor-section-height-default elementor-section-height-default\" data-id=\"678181b\" data-element_type=\"section\">\n\t\t\t\t\t\t<div class=\"elementor-container elementor-column-gap-default\">\n\t\t\t\t\t<div class=\"elementor-column elementor-col-50 elementor-top-column elementor-element elementor-element-6b34026\" data-id=\"6b34026\" data-element_type=\"column\">\n\t\t\t<div class=\"elementor-widget-wrap elementor-element-populated\">\n\t\t\t\t\t\t<div class=\"elementor-element elementor-element-90385e4 elementor-widget elementor-widget-wp-widget-advads_ad_widget\" data-id=\"90385e4\" data-element_type=\"widget\" data-widget_type=\"wp-widget-advads_ad_widget.default\">\n\t\t\t\t<div class=\"elementor-widget-container\">\n\t\t\t<div id=\"regio-3911739548\"><div class=\"regio-adlabel\">Werbung<\/div><center><a href=\"https:\/\/a.partner-versicherung.de\/click.php?partner_id=19992&ad_id=1578&deep=kreditkarten\"  target=\"_blank\"><img decoding=\"async\" src=\"https:\/\/a.partner-versicherung.de\/view.php?partner_id=19992&ad_id=1578\" ><\/a><\/center><\/div>\t\t<\/div>\n\t\t\t\t<\/div>\n\t\t\t\t<div class=\"elementor-element elementor-element-443ab98 elementor-widget elementor-widget-text-editor\" data-id=\"443ab98\" data-element_type=\"widget\" data-widget_type=\"text-editor.default\">\n\t\t\t\t<div class=\"elementor-widget-container\">\n\t\t\t\t\t\t\t<h3>Am Samstag, den 29. Januar 2022, um 15.00 Uhr:<br \/>Tag des Kinderliedes diesmal live und online<\/h3><p><span style=\"font-size: 12pt;\">Schwabach &#8211;\u00a0Der Nachmittag im Markgrafensaal steht ganz im Zeichen des Kinderliedes, denn Singen macht gl\u00fccklich und ist laut Forschung au\u00dferdem &#8222;Kraftfutter f\u00fcr Kindergehirne&#8220;!<\/span><br \/><br \/><span style=\"font-size: 12pt;\">Der N\u00fcrnberger Kinderliedermacher Geraldino d\u00fcst auch dieses Jahr wieder mit Pop und Folk durch die Kindermusikwelt und hat einige seiner sch\u00f6nsten Songgeschichten im Gep\u00e4ck.<\/span><\/p><p><span class=\"d2edcug0 hpfvmrgz qv66sw1b c1et5uql lr9zc1uh a8c37x1j fe6kdd0r mau55g9w c8b282yb keod5gw0 nxhoafnm aigsh9s9 d3f4x2em iv3no6db jq4qci2q a3bd9o3v b1v8xokw oo9gr5id hzawbc8m\" dir=\"auto\" style=\"font-size: 12pt;\">Leider ist Kiri Rakete krank geworden und kann daher nicht dabei sein. Doch zum Gl\u00fcck gibt es Rettung: Julia Fischer alias Frau Fisch wird an Geraldinos Seite schwimmen.\u00a0Gemeinsam werden sie in Schwabach live und im Live Stream zu erleben sein. Das Publikum darf sich also auf eine neues Duo freuen!<br \/><\/span><\/p><p><span style=\"font-size: 12pt;\">Kinder von 4 &#8211; 10 Jahren und die ganze Familie sind zu diesem besonderen Musikabenteuer herzlich eingeladen!<\/span><br \/><br \/><span style=\"font-size: 12pt;\">Die Veranstaltung wird auf jeden Fall auch als Livestream angeboten &#8211; und bietet so allen Kindern und Familien die M\u00f6glichkeit daran teilzunehmen.<\/span><\/p><p><span style=\"font-size: 12pt;\">Eintrittskarten erhalten Sie\u00a0<\/span><span style=\"font-size: 12pt;\">online \u00fcber\u00a0<a href=\"http:\/\/www.reservix.de\/\" target=\"_blank\" rel=\"noopener\">www.reservix.de<\/a>, vor Ort in Schwabach: im B\u00fcrgerb\u00fcro im Rathaus, beim Schwabacher Tagblatt, im Ticket-Paradise im ORO-Einkaufszentrum sowie bundesweit an allen weiteren Reservix-Vorverkaufsstellen.\u00a0<\/span><\/p><p><span style=\"font-size: 12pt;\">Restkarten gibt es an der Tageskasse im Markgrafensaal (ge\u00f6ffnet ab 14 Uhr)<\/span><\/p><p><span style=\"font-size: 12pt;\">Eintrittspreise: Kinder 5,- Euro \/ Erwachsene 7,- Euro \/ Live Stream 3,- Euro (zzgl. reservix Servicegeb\u00fchr)<\/span><\/p><h3><span style=\"font-size: 14pt;\">Hinweise zum Vorstellungsbesuch (2G plus)<\/span><\/h3><p><span style=\"font-size: 12pt;\">Wir sind verpflichtet, die Voraussetzungen f\u00fcr den Zutritt zur Veranstaltung zu \u00fcberwachen und dies auch mit einer Identit\u00e4tskontrolle abzusichern.<\/span><\/p><p><span style=\"font-size: 12pt;\">Erwachsene und Jugendliche ab 14 Jahren ben\u00f6tigen f\u00fcr den Einlass neben den Tickets noch<\/span><\/p><ul style=\"list-style-type: disc;\"><li><span style=\"font-size: 12pt;\">einen Impf- \/ Genesenennachweis<\/span><\/li><li><span style=\"font-size: 12pt;\">ein aktuelles negatives Testergebnis<\/span><\/li><li><span style=\"font-size: 12pt;\">einen Lichtbildausweis<\/span><\/li><li><span style=\"font-size: 12pt;\">F\u00fcr dreifach Geimpfte entf\u00e4llt die zus\u00e4tzliche Testpflicht.<\/span><\/li><li><span style=\"font-size: 12pt;\">Kinder zwischen 6 und unter 14 Jahren ben\u00f6tigen keinen Impf- und Testnachweis, sofern sie im Rahmen ihres Schulbesuchs regelm\u00e4\u00dfig getestet werden.<\/span><\/li><li><span style=\"font-size: 12pt;\">Der Einlass beginnt bereits ab einer Stunde vor Vorstellungsbeginn im Foyer.<\/span><br \/><span style=\"font-size: 12pt;\">Personen mit COVID-19 assoziierten Symptomen (akute, unspezifische Allgemeinsymptome, Geruchs- und Geschmacksverlust, respiratorische Symptome jeder Schwere) sind vom Besuch der Veranstaltung ausgeschlossen.<\/span><\/li><\/ul><p><span style=\"font-size: 12pt;\">Bitte beachten Sie, dass sich die Regeln kurzfristig \u00e4ndern k\u00f6nnen.\u00a0<\/span><\/p><h3><span style=\"font-size: 14pt;\">Infos zum Livestream<\/span><\/h3><p><span style=\"font-size: 12pt;\">Sollten Sie sich f\u00fcr die M\u00f6glichkeit zur Teilnahme an dem Video-Livestream entscheiden, so erhalten Sie nach erfolgter Ticketbestellung auf Ihrem Ticket die entsprechende URL, sowie einen Zugangscode f\u00fcr das Livestreaming-Erlebnis. Bitte rufen Sie einige Minuten vor Beginn der Veranstaltung die auf dem Ticket vermerkte URL in Ihrem Webbrowser auf Ihrem internetf\u00e4higen Endger\u00e4t auf und geben Sie Ihren pers\u00f6nlichen Zugangscode ein.<\/span><br \/><span style=\"font-size: 12pt;\">Der Video-Livestream startet automatisch zu dem genannten Zeitpunkt.<\/span><\/p><p><span style=\"font-size: 12pt;\"><strong>Foto (Julia Fischer (c)Andrea Gaspar-Klein)<\/strong><br \/><\/span><\/p><h3><span style=\"font-size: 14pt;\">Weiterf\u00fchrende Links:<\/span><\/h3><p><span style=\"font-size: 12pt;\"><a href=\"https:\/\/www.schwabach.de\/\/de\/infoseiten-kulturportal\/8969-tag-des-kinderliedes-mit-geraldino.html\" target=\"_blank\" rel=\"noopener\">Zur Infoseite zum Tag des Kinderliedes geht es hier &#8230;<\/a><\/span><\/p><p><span style=\"font-size: 12pt;\"><a href=\"https:\/\/geraldino.net\/\" target=\"_blank\" rel=\"noopener\">Die Homepage von Geraldino ist hier zu finden &#8230;<\/a><\/span><\/p>\t\t\t\t\t\t<\/div>\n\t\t\t\t<\/div>\n\t\t\t\t<div class=\"elementor-element elementor-element-0c834d7 elementor-widget-divider--view-line elementor-widget elementor-widget-divider\" data-id=\"0c834d7\" data-element_type=\"widget\" data-widget_type=\"divider.default\">\n\t\t\t\t<div class=\"elementor-widget-container\">\n\t\t\t\t\t<div class=\"elementor-divider\">\n\t\t\t<span class=\"elementor-divider-separator\">\n\t\t\t\t\t\t<\/span>\n\t\t<\/div>\n\t\t\t\t<\/div>\n\t\t\t\t<\/div>\n\t\t\t\t<div class=\"elementor-element elementor-element-325f51f elementor-widget elementor-widget-google_maps\" data-id=\"325f51f\" data-element_type=\"widget\" data-widget_type=\"google_maps.default\">\n\t\t\t\t<div class=\"elementor-widget-container\">\n\t\t\t\t\t<div class=\"elementor-custom-embed\">\n\t\t\t<iframe loading=\"lazy\"\n\t\t\t\t\tsrc=\"https:\/\/maps.google.com\/maps?q=Ludwigstra%C3%9Fe%2016%2C%20Schwabach%2C%20Deutschland&#038;t=m&#038;z=17&#038;output=embed&#038;iwloc=near\"\n\t\t\t\t\ttitle=\"Ludwigstra\u00dfe 16, Schwabach, Deutschland\"\n\t\t\t\t\taria-label=\"Ludwigstra\u00dfe 16, Schwabach, Deutschland\"\n\t\t\t><\/iframe>\n\t\t<\/div>\n\t\t\t\t<\/div>\n\t\t\t\t<\/div>\n\t\t\t\t\t<\/div>\n\t\t<\/div>\n\t\t\t\t<div class=\"elementor-column elementor-col-50 elementor-top-column elementor-element elementor-element-0a153d0\" data-id=\"0a153d0\" data-element_type=\"column\">\n\t\t\t<div class=\"elementor-widget-wrap elementor-element-populated\">\n\t\t\t\t\t\t<div class=\"elementor-element elementor-element-9b12175 elementor-widget elementor-widget-heading\" data-id=\"9b12175\" data-element_type=\"widget\" data-widget_type=\"heading.default\">\n\t\t\t\t<div class=\"elementor-widget-container\">\n\t\t\t<h3 class=\"elementor-heading-title elementor-size-default\">Schnell vergleichen und sparen!<\/h3>\t\t<\/div>\n\t\t\t\t<\/div>\n\t\t\t\t<div class=\"elementor-element elementor-element-fb9f0ed elementor-widget elementor-widget-wp-widget-advads_ad_widget\" data-id=\"fb9f0ed\" data-element_type=\"widget\" data-widget_type=\"wp-widget-advads_ad_widget.default\">\n\t\t\t\t<div class=\"elementor-widget-container\">\n\t\t\t<div id=\"regio-1866670288\"><div class=\"regio-adlabel\">Werbung<\/div><!-- Beginn https:\/\/www.financeads.net\/-Code --><a href=\"https:\/\/www.financeads.net\/tc.php?t=36648C236142529B\" target=\"_blank\"><img fetchpriority=\"high\" decoding=\"async\" src=\"https:\/\/www.financeads.net\/tb.php?t=36648V236142529B&https=1\" alt=\"\" border=\"0\" width=\"300\" height=\"250\"><\/a><!-- Ende https:\/\/www.financeads.net\/-Code --><\/div>\t\t<\/div>\n\t\t\t\t<\/div>\n\t\t\t\t<div class=\"elementor-element elementor-element-d5de016 elementor-widget elementor-widget-wp-widget-advads_ad_widget\" data-id=\"d5de016\" data-element_type=\"widget\" data-widget_type=\"wp-widget-advads_ad_widget.default\">\n\t\t\t\t<div class=\"elementor-widget-container\">\n\t\t\t<div id=\"regio-2099532116\"><div class=\"regio-adlabel\">Werbung<\/div><!-- Beginn https:\/\/www.financeads.net\/-Code --><a href=\"https:\/\/www.financeads.net\/tc.php?t=36648C42614510B\" target=\"_blank\"><img decoding=\"async\" src=\"https:\/\/www.financeads.net\/tb.php?t=36648V42614510B&https=1\" alt=\"\" border=\"0\" width=\"200\" height=\"300\"><\/a><!-- Ende https:\/\/www.financeads.net\/-Code --><\/div>\t\t<\/div>\n\t\t\t\t<\/div>\n\t\t\t\t<div class=\"elementor-element elementor-element-1f7ba8d elementor-widget elementor-widget-wp-widget-advads_ad_widget\" data-id=\"1f7ba8d\" data-element_type=\"widget\" data-widget_type=\"wp-widget-advads_ad_widget.default\">\n\t\t\t\t<div class=\"elementor-widget-container\">\n\t\t\t<div id=\"regio-1947356116\"><div class=\"regio-adlabel\">Werbung<\/div><!-- Beginn https:\/\/www.financeads.net\/-Code --><a href=\"https:\/\/www.financeads.net\/tc.php?t=36648C205040072B\" target=\"_blank\"><img decoding=\"async\" src=\"https:\/\/www.financeads.net\/tb.php?t=36648V205040072B&https=1\" alt=\"\" border=\"0\" width=\"300\" height=\"250\"><\/a><!-- Ende https:\/\/www.financeads.net\/-Code --><\/div>\t\t<\/div>\n\t\t\t\t<\/div>\n\t\t\t\t<div class=\"elementor-element elementor-element-ae634f7 elementor-widget elementor-widget-wp-widget-advads_ad_widget\" data-id=\"ae634f7\" data-element_type=\"widget\" data-widget_type=\"wp-widget-advads_ad_widget.default\">\n\t\t\t\t<div class=\"elementor-widget-container\">\n\t\t\t<div id=\"regio-492900773\"><div class=\"regio-adlabel\">Werbung<\/div><!-- Beginn https:\/\/www.financeads.net\/-Code --><a href=\"https:\/\/www.financeads.net\/tc.php?t=36648C271460142B\" target=\"_blank\"><img loading=\"lazy\" decoding=\"async\" src=\"https:\/\/www.financeads.net\/tb.php?t=36648V271460142B&https=1\" alt=\"PETPROTECT_Hund&Katze_Banner\" border=\"0\" width=\"250\" height=\"250\"><\/a><!-- Ende https:\/\/www.financeads.net\/-Code --><\/div>\t\t<\/div>\n\t\t\t\t<\/div>\n\t\t\t\t\t<\/div>\n\t\t<\/div>\n\t\t\t\t\t<\/div>\n\t\t<\/section>\n\t\t\t\t<\/div>\n\t\t","protected":false},"excerpt":{"rendered":"<div class=\"mh-excerpt\"><p>Am Samstag, den 29. Januar 2022, um 15.00 Uhr:Tag des Kinderliedes diesmal live und online Schwabach &#8211;\u00a0Der Nachmittag im Markgrafensaal steht ganz im Zeichen des Kinderliedes, denn Singen macht gl\u00fccklich und ist laut Forschung au\u00dferdem <a class=\"mh-excerpt-more\" href=\"https:\/\/www.region-schwabach.de\/wordpress\/tag-des-kinderliedes-am-samstag-den-29-januar-2022-im-markgrafensaal-und-im-livestream\/\" title=\"Tag des Kinderliedes am Samstag, den 29. Januar 2022, im Markgrafensaal und im Livestream\">[&#8230;]<\/a><\/p>\n<\/div>","protected":false},"author":1,"featured_media":161385,"comment_status":"open","ping_status":"open","sticky":false,"template":"","format":"standard","meta":{"_cbd_carousel_blocks":"[]","footnotes":""},"categories":[16,287,61,231,46],"tags":[18185,18182,7906,4479,1624,7904,522,3128,14657,2029,2028,1480,19,7401,3151,7901,6173],"class_list":{"0":"post-161384","1":"post","2":"type-post","3":"status-publish","4":"format-standard","5":"has-post-thumbnail","7":"category-aktuell","8":"category-jugend-und-familie","9":"category-rathaus","10":"category-veranstaltungsnews","11":"category-verbaende","12":"tag-29-januar-2022","13":"tag-29-01-2022","14":"tag-bewegen","15":"tag-geraldino","16":"tag-internet","17":"tag-kinderliedermacher","18":"tag-koenigsplatz","19":"tag-konzert","20":"tag-livestream","21":"tag-ludwigstrasse","22":"tag-markgrafensaal","23":"tag-rathaus","24":"tag-schwabach","25":"tag-singen","26":"tag-stadt-schwabach","27":"tag-tag-des-kinderliedes","28":"tag-tanzen"},"_links":{"self":[{"href":"https:\/\/www.region-schwabach.de\/wordpress\/wp-json\/wp\/v2\/posts\/161384","targetHints":{"allow":["GET"]}}],"collection":[{"href":"https:\/\/www.region-schwabach.de\/wordpress\/wp-json\/wp\/v2\/posts"}],"about":[{"href":"https:\/\/www.region-schwabach.de\/wordpress\/wp-json\/wp\/v2\/types\/post"}],"author":[{"embeddable":true,"href":"https:\/\/www.region-schwabach.de\/wordpress\/wp-json\/wp\/v2\/users\/1"}],"replies":[{"embeddable":true,"href":"https:\/\/www.region-schwabach.de\/wordpress\/wp-json\/wp\/v2\/comments?post=161384"}],"version-history":[{"count":0,"href":"https:\/\/www.region-schwabach.de\/wordpress\/wp-json\/wp\/v2\/posts\/161384\/revisions"}],"wp:featuredmedia":[{"embeddable":true,"href":"https:\/\/www.region-schwabach.de\/wordpress\/wp-json\/wp\/v2\/media\/161385"}],"wp:attachment":[{"href":"https:\/\/www.region-schwabach.de\/wordpress\/wp-json\/wp\/v2\/media?parent=161384"}],"wp:term":[{"taxonomy":"category","embeddable":true,"href":"https:\/\/www.region-schwabach.de\/wordpress\/wp-json\/wp\/v2\/categories?post=161384"},{"taxonomy":"post_tag","embeddable":true,"href":"https:\/\/www.region-schwabach.de\/wordpress\/wp-json\/wp\/v2\/tags?post=161384"}],"curies":[{"name":"wp","href":"https:\/\/api.w.org\/{rel}","templated":true}]}}