{"id":162704,"date":"2022-04-01T01:30:00","date_gmt":"2022-03-31T23:30:00","guid":{"rendered":"https:\/\/www.region-schwabach.de\/wordpress\/?p=162704"},"modified":"2022-04-03T15:13:30","modified_gmt":"2022-04-03T13:13:30","slug":"baumassnahme-hordlertorstrasse-wird-ab-montag-den-14-februar-2022-fortgesetzt","status":"publish","type":"post","link":"https:\/\/www.region-schwabach.de\/wordpress\/baumassnahme-hordlertorstrasse-wird-ab-montag-den-14-februar-2022-fortgesetzt\/","title":{"rendered":"Bauma\u00dfnahme H\u00f6rdlertorstra\u00dfe wird ab Montag, den 14. Februar 2022, fortgesetzt"},"content":{"rendered":"\t\t<div data-elementor-type=\"wp-post\" data-elementor-id=\"162704\" class=\"elementor elementor-162704\">\n\t\t\t\t\t\t<section class=\"elementor-section elementor-top-section elementor-element elementor-element-1dzeyuh elementor-section-boxed elementor-section-height-default elementor-section-height-default\" data-id=\"1dzeyuh\" data-element_type=\"section\">\n\t\t\t\t\t\t<div class=\"elementor-container elementor-column-gap-default\">\n\t\t\t\t\t<div class=\"elementor-column elementor-col-50 elementor-top-column elementor-element elementor-element-aam59ft\" data-id=\"aam59ft\" data-element_type=\"column\">\n\t\t\t<div class=\"elementor-widget-wrap elementor-element-populated\">\n\t\t\t\t\t\t<div class=\"elementor-element elementor-element-c2a29be elementor-widget elementor-widget-wp-widget-advads_ad_widget\" data-id=\"c2a29be\" data-element_type=\"widget\" data-widget_type=\"wp-widget-advads_ad_widget.default\">\n\t\t\t\t<div class=\"elementor-widget-container\">\n\t\t\t<div id=\"regio-1963528558\"><div class=\"regio-adlabel\">Werbung<\/div><center><a href=\"https:\/\/a.partner-versicherung.de\/click.php?partner_id=19992&ad_id=1578&deep=kreditkarten\"  target=\"_blank\"><img decoding=\"async\" src=\"https:\/\/a.partner-versicherung.de\/view.php?partner_id=19992&ad_id=1578\" ><\/a><\/center><\/div>\t\t<\/div>\n\t\t\t\t<\/div>\n\t\t\t\t<div class=\"elementor-element elementor-element-k9p1oyc elementor-widget elementor-widget-text-editor\" data-id=\"k9p1oyc\" data-element_type=\"widget\" data-widget_type=\"text-editor.default\">\n\t\t\t\t<div class=\"elementor-widget-container\">\n\t\t\t\t\t\t\t<h3><span id=\"page46R_mcid10\" class=\"markedContent\"><span dir=\"ltr\" role=\"presentation\">Ab Montag, den 14. Februar 2022:\u00a0<\/span><\/span><span id=\"page46R_mcid11\" class=\"markedContent\"><\/span><span id=\"page46R_mcid12\" class=\"markedContent\"><br role=\"presentation\" \/><span dir=\"ltr\" role=\"presentation\">Bauma\u00dfnahme in der H\u00f6rdlertorstra\u00dfe wird fortgesetzt<\/span><\/span><\/h3>\n<p><span style=\"font-size: 12pt;\">Schwabach &#8211; <span id=\"page46R_mcid13\" class=\"markedContent\"><span dir=\"ltr\" role=\"presentation\">Ab Montag, den 14. Februar 2022, wird der zweite Teil der H\u00f6rdlertorstra\u00dfe ausgebaut. <\/span><span dir=\"ltr\" role=\"presentation\">Begonnen wurde mit diesem letzten Bauabschnitt der Ma\u00dfnahme \u201eNeutor-, <\/span><span dir=\"ltr\" role=\"presentation\">Friedrich-, H\u00f6rdlertorstra\u00dfe (NFH)\u201c im August letzten Jahres. Von der Kreuzung <\/span><span dir=\"ltr\" role=\"presentation\">\u201eAuf der Aich\u201c bis zur Einm\u00fcndung Pinzenberg war die Stra\u00dfe Anfang <\/span><span dir=\"ltr\" role=\"presentation\">Dezember 2021 fertig gestellt und f\u00fcr den Verkehr wieder freigegeben.<\/span><\/span><\/span><\/p>\n<h3><span style=\"font-size: 14pt;\"><span id=\"page46R_mcid14\" class=\"markedContent\"><span dir=\"ltr\" role=\"presentation\">Sperrung von \u201eAuf der Aich\u201c bis zur Kreuzung N\u00f6rdliche Ringstra\u00dfe<\/span><\/span><\/span><\/h3>\n<p><span style=\"font-size: 12pt;\"><span id=\"page46R_mcid14\" class=\"markedContent\"><span dir=\"ltr\" role=\"presentation\">F\u00fcr den letzten Teil wird nun ab dem 14. Februar die H\u00f6rdlertorstra\u00dfe komplett <\/span><span dir=\"ltr\" role=\"presentation\">\u2013 von der Stra\u00dfe \u201eAuf der Aich\u201c bis zur Kreuzung N\u00f6rdliche Ringstra\u00dfe \u2013 <\/span><span dir=\"ltr\" role=\"presentation\">gesperrt. Der Zugang zu den Geb\u00e4uden und Gesch\u00e4ften ist per Fu\u00df jederzeit <\/span><span dir=\"ltr\" role=\"presentation\">m\u00f6glich, notwendige Anlieferungen etc. k\u00f6nnen nach Absprache mit der <\/span><span dir=\"ltr\" role=\"presentation\">Baufirma Holler erm\u00f6glicht werden.<\/span><\/span><span id=\"page46R_mcid15\" class=\"markedContent\"><\/span><span id=\"page46R_mcid16\" class=\"markedContent\"><br role=\"presentation\" \/><\/span><\/span><\/p>\n<h3>Bauma\u00dfnahmen sollen bis Ende 2022 beendet sein\u00a0<\/h3>\n<p><span style=\"font-size: 12pt;\"><span id=\"page46R_mcid16\" class=\"markedContent\"><span dir=\"ltr\" role=\"presentation\">Die Bauzeit dauert nach urspr\u00fcnglichen Berechnungen bis zum 31. Juli 2023, <\/span><span dir=\"ltr\" role=\"presentation\">das st\u00e4dtische Tiefbauamt und die ausf\u00fchrende Baufirma haben jedoch <\/span><span dir=\"ltr\" role=\"presentation\">m\u00f6gliche Ma\u00dfnahmen zur Beschleunigung festgelegt. Diese haben zum Ziel, <\/span><span dir=\"ltr\" role=\"presentation\">die Ma\u00dfnahme gesamte Ma\u00dfnahme in der H\u00f6rdlertorstra\u00dfe Ende 2022 zu <\/span><span dir=\"ltr\" role=\"presentation\">beenden. <\/span><\/span><\/span><\/p>\n<h3>Gesamtsanierung kostet ca. 5 Millionen Euro<\/h3>\n<p><span style=\"font-size: 12pt;\"><span id=\"page46R_mcid16\" class=\"markedContent\"><span dir=\"ltr\" role=\"presentation\">Die Sanierung der H\u00f6rdlertorstra\u00dfe kostet insgesamt etwa 1,7 <\/span><span dir=\"ltr\" role=\"presentation\">Millionen Euro; die Gesamtma\u00dfnahme NFH knapp 5 Millionen Euro.<\/span><\/span><span id=\"page46R_mcid17\" class=\"markedContent\"><\/span><span id=\"page46R_mcid18\" class=\"markedContent\"><br role=\"presentation\" \/><\/span><\/span><\/p>\n<p><span style=\"font-size: 12pt;\"><span id=\"page46R_mcid18\" class=\"markedContent\"><span dir=\"ltr\" role=\"presentation\">Fragen beantworten Christina Greiner (Telefon 09122 860-564; E-Mail: <\/span><\/span><span id=\"page46R_mcid19\" class=\"markedContent\"><a href=\"mailto:christina.greiner@schwabach.de\" target=\"_blank\" rel=\"noopener\"><span dir=\"ltr\" role=\"presentation\">christina.greiner@schwabach.de<\/span><\/a><\/span><span id=\"page46R_mcid20\" class=\"markedContent\"><span dir=\"ltr\" role=\"presentation\">) oder J\u00f6rg Maier (Telefon 09122 860-563; E-<\/span><span dir=\"ltr\" role=\"presentation\">Mail:<\/span><\/span><a href=\"mailto:joerg.maier@schwabach.de\" target=\"_blank\" rel=\"noopener\"><span id=\"page46R_mcid21\" class=\"markedContent\"> <span dir=\"ltr\" role=\"presentation\">joerg.maier@schwabach.de<\/span><\/span><\/a><span id=\"page46R_mcid22\" class=\"markedContent\"><span dir=\"ltr\" role=\"presentation\">).\u00a0<\/span><\/span><\/span><\/p>\t\t\t\t\t\t<\/div>\n\t\t\t\t<\/div>\n\t\t\t\t<div class=\"elementor-element elementor-element-1b352fc elementor-widget elementor-widget-shortcode\" data-id=\"1b352fc\" data-element_type=\"widget\" data-widget_type=\"shortcode.default\">\n\t\t\t\t<div class=\"elementor-widget-container\">\n\t\t\t\t\t<div class=\"elementor-shortcode\"><!-- Beginn https:\/\/www.financeads.net\/-Code --><a href=\"https:\/\/www.financeads.net\/tc.php?t=36648C38513858B\" target=\"_blank\"><center><img decoding=\"async\" src=\"https:\/\/www.financeads.net\/tb.php?t=36648V38513858B&https=1\" alt=\"\" border=\"0\" width=\"468\" height=\"60\"><\/a><!-- Ende https:\/\/www.financeads.net\/-Code --><\/div>\n\t\t\t\t<\/div>\n\t\t\t\t<\/div>\n\t\t\t\t<div class=\"elementor-element elementor-element-rf47wqh elementor-widget elementor-widget-google_maps\" data-id=\"rf47wqh\" data-element_type=\"widget\" data-widget_type=\"google_maps.default\">\n\t\t\t\t<div class=\"elementor-widget-container\">\n\t\t\t\t\t<div class=\"elementor-custom-embed\">\n\t\t\t<iframe loading=\"lazy\"\n\t\t\t\t\tsrc=\"https:\/\/maps.google.com\/maps?q=Fleischbr%C3%BCcke%2C%20Schwabach%2C%20Deutschland&#038;t=m&#038;z=18&#038;output=embed&#038;iwloc=near\"\n\t\t\t\t\ttitle=\"Fleischbr\u00fccke, Schwabach, Deutschland\"\n\t\t\t\t\taria-label=\"Fleischbr\u00fccke, Schwabach, Deutschland\"\n\t\t\t><\/iframe>\n\t\t<\/div>\n\t\t\t\t<\/div>\n\t\t\t\t<\/div>\n\t\t\t\t\t<\/div>\n\t\t<\/div>\n\t\t\t\t<div class=\"elementor-column elementor-col-50 elementor-top-column elementor-element elementor-element-721372a\" data-id=\"721372a\" data-element_type=\"column\">\n\t\t\t<div class=\"elementor-widget-wrap elementor-element-populated\">\n\t\t\t\t\t\t<div class=\"elementor-element elementor-element-f284a7e elementor-widget elementor-widget-heading\" data-id=\"f284a7e\" data-element_type=\"widget\" data-widget_type=\"heading.default\">\n\t\t\t\t<div class=\"elementor-widget-container\">\n\t\t\t<h3 class=\"elementor-heading-title elementor-size-default\">Schnell vergleichen und sparen!<\/h3>\t\t<\/div>\n\t\t\t\t<\/div>\n\t\t\t\t<div class=\"elementor-element elementor-element-ef1c96d elementor-widget elementor-widget-wp-widget-advads_ad_widget\" data-id=\"ef1c96d\" data-element_type=\"widget\" data-widget_type=\"wp-widget-advads_ad_widget.default\">\n\t\t\t\t<div class=\"elementor-widget-container\">\n\t\t\t<div id=\"regio-2653040114\"><div class=\"regio-adlabel\">Werbung<\/div><!-- Beginn https:\/\/www.financeads.net\/-Code --><a href=\"https:\/\/www.financeads.net\/tc.php?t=36648C236142529B\" target=\"_blank\"><img fetchpriority=\"high\" decoding=\"async\" src=\"https:\/\/www.financeads.net\/tb.php?t=36648V236142529B&https=1\" alt=\"\" border=\"0\" width=\"300\" height=\"250\"><\/a><!-- Ende https:\/\/www.financeads.net\/-Code --><\/div>\t\t<\/div>\n\t\t\t\t<\/div>\n\t\t\t\t<div class=\"elementor-element elementor-element-2c2aba6 elementor-widget elementor-widget-wp-widget-advads_ad_widget\" data-id=\"2c2aba6\" data-element_type=\"widget\" data-widget_type=\"wp-widget-advads_ad_widget.default\">\n\t\t\t\t<div class=\"elementor-widget-container\">\n\t\t\t<div id=\"regio-2244308532\"><div class=\"regio-adlabel\">Werbung<\/div><!-- Beginn https:\/\/www.financeads.net\/-Code --><a href=\"https:\/\/www.financeads.net\/tc.php?t=36648C42614510B\" target=\"_blank\"><img decoding=\"async\" src=\"https:\/\/www.financeads.net\/tb.php?t=36648V42614510B&https=1\" alt=\"\" border=\"0\" width=\"200\" height=\"300\"><\/a><!-- Ende https:\/\/www.financeads.net\/-Code --><\/div>\t\t<\/div>\n\t\t\t\t<\/div>\n\t\t\t\t<div class=\"elementor-element elementor-element-5f99573 elementor-widget elementor-widget-wp-widget-advads_ad_widget\" data-id=\"5f99573\" data-element_type=\"widget\" data-widget_type=\"wp-widget-advads_ad_widget.default\">\n\t\t\t\t<div class=\"elementor-widget-container\">\n\t\t\t<div id=\"regio-95951290\"><div class=\"regio-adlabel\">Werbung<\/div><!-- Beginn https:\/\/www.financeads.net\/-Code --><a href=\"https:\/\/www.financeads.net\/tc.php?t=36648C205040072B\" target=\"_blank\"><img loading=\"lazy\" decoding=\"async\" src=\"https:\/\/www.financeads.net\/tb.php?t=36648V205040072B&https=1\" alt=\"\" border=\"0\" width=\"300\" height=\"250\"><\/a><!-- Ende https:\/\/www.financeads.net\/-Code --><\/div>\t\t<\/div>\n\t\t\t\t<\/div>\n\t\t\t\t<div class=\"elementor-element elementor-element-1684c4c elementor-widget elementor-widget-wp-widget-advads_ad_widget\" data-id=\"1684c4c\" data-element_type=\"widget\" data-widget_type=\"wp-widget-advads_ad_widget.default\">\n\t\t\t\t<div class=\"elementor-widget-container\">\n\t\t\t<div id=\"regio-614406779\"><div class=\"regio-adlabel\">Werbung<\/div><!-- Beginn https:\/\/www.financeads.net\/-Code --><a href=\"https:\/\/www.financeads.net\/tc.php?t=36648C271460142B\" target=\"_blank\"><img loading=\"lazy\" decoding=\"async\" src=\"https:\/\/www.financeads.net\/tb.php?t=36648V271460142B&https=1\" alt=\"PETPROTECT_Hund&Katze_Banner\" border=\"0\" width=\"250\" height=\"250\"><\/a><!-- Ende https:\/\/www.financeads.net\/-Code --><\/div>\t\t<\/div>\n\t\t\t\t<\/div>\n\t\t\t\t\t<\/div>\n\t\t<\/div>\n\t\t\t\t\t<\/div>\n\t\t<\/section>\n\t\t\t\t<\/div>\n\t\t","protected":false},"excerpt":{"rendered":"<div class=\"mh-excerpt\"><p>Ab Montag, den 14. Februar 2022:\u00a0Bauma\u00dfnahme in der H\u00f6rdlertorstra\u00dfe wird fortgesetzt Schwabach &#8211; Ab Montag, den 14. Februar 2022, wird der zweite Teil der H\u00f6rdlertorstra\u00dfe ausgebaut. Begonnen wurde mit diesem letzten Bauabschnitt der Ma\u00dfnahme \u201eNeutor-, <a class=\"mh-excerpt-more\" href=\"https:\/\/www.region-schwabach.de\/wordpress\/baumassnahme-hordlertorstrasse-wird-ab-montag-den-14-februar-2022-fortgesetzt\/\" title=\"Bauma\u00dfnahme H\u00f6rdlertorstra\u00dfe wird ab Montag, den 14. Februar 2022, fortgesetzt\">[&#8230;]<\/a><\/p>\n<\/div>","protected":false},"author":1,"featured_media":162705,"comment_status":"open","ping_status":"open","sticky":false,"template":"template-full.php","format":"standard","meta":{"_cbd_carousel_blocks":"[]","footnotes":""},"categories":[16,14],"tags":[18372,18368,18367,3965,15899,15903,1054,1501,388,3009,785,6267,1480,19,276,3012,3151],"class_list":{"0":"post-162704","1":"post","2":"type-post","3":"status-publish","4":"format-standard","5":"has-post-thumbnail","7":"category-aktuell","8":"category-verkehrsinfos","9":"tag-nfh","10":"tag-14-februar-2022","11":"tag-14-02-2022","12":"tag-auf-der-aich","13":"tag-baumassnahme","14":"tag-fertigstellung","15":"tag-friedrichstrasse","16":"tag-hoerdlertorstrasse","17":"tag-innenstadt","18":"tag-neutorstrasse","19":"tag-noerdliche-ringstrasse","20":"tag-pinzenberg","21":"tag-rathaus","22":"tag-schwabach","23":"tag-sperrung","24":"tag-stadt","25":"tag-stadt-schwabach"},"_links":{"self":[{"href":"https:\/\/www.region-schwabach.de\/wordpress\/wp-json\/wp\/v2\/posts\/162704","targetHints":{"allow":["GET"]}}],"collection":[{"href":"https:\/\/www.region-schwabach.de\/wordpress\/wp-json\/wp\/v2\/posts"}],"about":[{"href":"https:\/\/www.region-schwabach.de\/wordpress\/wp-json\/wp\/v2\/types\/post"}],"author":[{"embeddable":true,"href":"https:\/\/www.region-schwabach.de\/wordpress\/wp-json\/wp\/v2\/users\/1"}],"replies":[{"embeddable":true,"href":"https:\/\/www.region-schwabach.de\/wordpress\/wp-json\/wp\/v2\/comments?post=162704"}],"version-history":[{"count":0,"href":"https:\/\/www.region-schwabach.de\/wordpress\/wp-json\/wp\/v2\/posts\/162704\/revisions"}],"wp:featuredmedia":[{"embeddable":true,"href":"https:\/\/www.region-schwabach.de\/wordpress\/wp-json\/wp\/v2\/media\/162705"}],"wp:attachment":[{"href":"https:\/\/www.region-schwabach.de\/wordpress\/wp-json\/wp\/v2\/media?parent=162704"}],"wp:term":[{"taxonomy":"category","embeddable":true,"href":"https:\/\/www.region-schwabach.de\/wordpress\/wp-json\/wp\/v2\/categories?post=162704"},{"taxonomy":"post_tag","embeddable":true,"href":"https:\/\/www.region-schwabach.de\/wordpress\/wp-json\/wp\/v2\/tags?post=162704"}],"curies":[{"name":"wp","href":"https:\/\/api.w.org\/{rel}","templated":true}]}}