{"id":163398,"date":"2022-02-20T12:17:08","date_gmt":"2022-02-20T11:17:08","guid":{"rendered":"https:\/\/www.region-schwabach.de\/wordpress\/?p=163398"},"modified":"2022-02-20T12:23:38","modified_gmt":"2022-02-20T11:23:38","slug":"stadt-schwabach-fuhrt-elternbefragung-zur-ganztagesbetreuung-in-grundschulen-ab-2026-durch","status":"publish","type":"post","link":"https:\/\/www.region-schwabach.de\/wordpress\/stadt-schwabach-fuhrt-elternbefragung-zur-ganztagesbetreuung-in-grundschulen-ab-2026-durch\/","title":{"rendered":"Stadt Schwabach f\u00fchrt Elternbefragung zur Ganztagesbetreuung in Grundschulen ab 2026 durch"},"content":{"rendered":"\t\t<div data-elementor-type=\"wp-post\" data-elementor-id=\"163398\" class=\"elementor elementor-163398\">\n\t\t\t\t\t\t<section class=\"elementor-section elementor-top-section elementor-element elementor-element-678181b elementor-section-boxed elementor-section-height-default elementor-section-height-default\" data-id=\"678181b\" data-element_type=\"section\">\n\t\t\t\t\t\t<div class=\"elementor-container elementor-column-gap-default\">\n\t\t\t\t\t<div class=\"elementor-column elementor-col-50 elementor-top-column elementor-element elementor-element-6b34026\" data-id=\"6b34026\" data-element_type=\"column\">\n\t\t\t<div class=\"elementor-widget-wrap elementor-element-populated\">\n\t\t\t\t\t\t<div class=\"elementor-element elementor-element-2e31143 elementor-widget elementor-widget-wp-widget-advads_ad_widget\" data-id=\"2e31143\" data-element_type=\"widget\" data-widget_type=\"wp-widget-advads_ad_widget.default\">\n\t\t\t\t<div class=\"elementor-widget-container\">\n\t\t\t<div id=\"regio-3436237409\"><div class=\"regio-adlabel\">Werbung<\/div><center><a href=\"https:\/\/a.partner-versicherung.de\/click.php?partner_id=19992&ad_id=1578&deep=kreditkarten\"  target=\"_blank\"><img decoding=\"async\" src=\"https:\/\/a.partner-versicherung.de\/view.php?partner_id=19992&ad_id=1578\" ><\/a><\/center><\/div>\t\t<\/div>\n\t\t\t\t<\/div>\n\t\t\t\t<div class=\"elementor-element elementor-element-443ab98 elementor-widget elementor-widget-text-editor\" data-id=\"443ab98\" data-element_type=\"widget\" data-widget_type=\"text-editor.default\">\n\t\t\t\t<div class=\"elementor-widget-container\">\n\t\t\t\t\t\t\t<h4><span id=\"page38R_mcid10\" class=\"markedContent\"><span dir=\"ltr\" role=\"presentation\">Ab Mitte Februar 2022<\/span><\/span><span id=\"page38R_mcid11\" class=\"markedContent\"><\/span><span id=\"page38R_mcid12\" class=\"markedContent\"><br role=\"presentation\" \/><span dir=\"ltr\" role=\"presentation\">Elternbefragung zur Ganztagsbetreuung ab 2026<\/span><\/span><\/h4><p><span style=\"font-size: 12pt;\">Schwabach &#8211; <span id=\"page38R_mcid14\" class=\"markedContent\"><span dir=\"ltr\" role=\"presentation\">2.300 Familien in Schwabach erhalten in diesen Tagen Post von Schwabachs <\/span><span dir=\"ltr\" role=\"presentation\">Oberb\u00fcrgermeister Peter Rei\u00df und Jessica Kardeis, Bildungsmanagerin der <\/span><span dir=\"ltr\" role=\"presentation\">Stadt. Hintergrund: Ab dem Schuljahr 2026\/2027 hat jedes Schulkind des 1. <\/span><span dir=\"ltr\" role=\"presentation\">Schuljahres, und nachfolgend auch die weiteren Jahrgangstufen der <\/span><span dir=\"ltr\" role=\"presentation\">Grundschule, einen Anspruch auf Ganztagesbetreuung. Dazu werden nun <\/span><span dir=\"ltr\" role=\"presentation\">personalisiert die Eltern von Kindern, die ab 2014 geboren wurden, befragt, um <\/span><span dir=\"ltr\" role=\"presentation\">einen quantitativen und qualitativen Ausbau der ganzt\u00e4gigen Betreuung und <\/span><span dir=\"ltr\" role=\"presentation\">Bildung von\u00a0 Grundschulkindern in Schwabach zu gew\u00e4hrleisten. Das Amt f\u00fcr <\/span><span dir=\"ltr\" role=\"presentation\">Statistik der Stadt Erlangen wird diese Umfrage auswerten, da die Stadt <\/span><span dir=\"ltr\" role=\"presentation\">Schwabach \u00fcber kein eigenes Statistikamt verf\u00fcgt.\u00a0<\/span><\/span><\/span><\/p><h3><span style=\"font-size: 14pt;\"><span id=\"page38R_mcid17\" class=\"markedContent\"><span dir=\"ltr\" role=\"presentation\">Hybrid-Umfrage- Fragebogen kann <\/span><span dir=\"ltr\" role=\"presentation\">per Hand ausgef\u00fcllt <\/span><span dir=\"ltr\" role=\"presentation\">oder online \u00fcber einen Link <\/span><span dir=\"ltr\" role=\"presentation\">beantwortet werden<\/span><\/span><\/span><\/h3><p><span style=\"font-size: 12pt;\"><span id=\"page38R_mcid16\" class=\"markedContent\"><span dir=\"ltr\" role=\"presentation\">Neben dem Anschreiben erh\u00e4lt der Brief an die Eltern ein mehrsprachiges <\/span><span dir=\"ltr\" role=\"presentation\">Infoblatt, den Fragebogen sowie ein R\u00fccksendekuvert. <\/span><\/span><span id=\"page38R_mcid17\" class=\"markedContent\"><span dir=\"ltr\" role=\"presentation\">Es handelt sich um eine Hybrid-Umfrage, das hei\u00dft der Fragebogen kann <\/span><span dir=\"ltr\" role=\"presentation\">entweder per Hand ausgef\u00fcllt und mit beiliegendem Kuvert bis zum 15. M\u00e4rz <\/span><span dir=\"ltr\" role=\"presentation\">(nach Erlangen) zur\u00fcckgesandt werden oder online \u00fcber einen Link <\/span><span dir=\"ltr\" role=\"presentation\">beantwortet werden. Zu diesem gelangt man \u00fcber einen QR-Code, der auf dem <\/span><span dir=\"ltr\" role=\"presentation\">Fragebogen aufgedruckt ist. Auch ein Passwort f\u00fcr die Umfrage wird <\/span><span dir=\"ltr\" role=\"presentation\">mitgesendet. \u201eAlle Angaben werden nat\u00fcrlich anonymisiert verarbeitet\u201c, betont <\/span><span dir=\"ltr\" role=\"presentation\">OB Rei\u00df. \u201eUnd selbstverst\u00e4ndlich ist die Teilnahme freiwillig. Wir hoffen aber <\/span><span dir=\"ltr\" role=\"presentation\">auf eine umfassende Beteiligung. Nur so k\u00f6nnen die Bed\u00fcrfnisse der Eltern <\/span><span dir=\"ltr\" role=\"presentation\">m\u00f6glichst umfassend bei der Planung ber\u00fccksichtigen.\u201c<\/span><\/span><\/span><\/p><p><strong><span style=\"font-size: 12pt;\"><span id=\"page1R_mcid0\" class=\"markedContent\"><span dir=\"ltr\" role=\"presentation\">Foto: Jessica Kardeis vom Bildungsb\u00fcro \u00fcbergibt OB Rei\u00df den Fragebogen vor <\/span><span dir=\"ltr\" role=\"presentation\">der Luitpold-Grundschule.\u00a0<\/span><\/span><\/span><\/strong><\/p>\t\t\t\t\t\t<\/div>\n\t\t\t\t<\/div>\n\t\t\t\t<div class=\"elementor-element elementor-element-6520198 elementor-widget elementor-widget-shortcode\" data-id=\"6520198\" data-element_type=\"widget\" data-widget_type=\"shortcode.default\">\n\t\t\t\t<div class=\"elementor-widget-container\">\n\t\t\t\t\t<div class=\"elementor-shortcode\"><!-- Beginn https:\/\/www.financeads.net\/-Code --><a href=\"https:\/\/www.financeads.net\/tc.php?t=36648C38513858B\" target=\"_blank\"><center><img decoding=\"async\" src=\"https:\/\/www.financeads.net\/tb.php?t=36648V38513858B&https=1\" alt=\"\" border=\"0\" width=\"468\" height=\"60\"><\/a><!-- Ende https:\/\/www.financeads.net\/-Code --><\/div>\n\t\t\t\t<\/div>\n\t\t\t\t<\/div>\n\t\t\t\t<div class=\"elementor-element elementor-element-21c3450 elementor-widget-divider--view-line elementor-widget elementor-widget-divider\" data-id=\"21c3450\" data-element_type=\"widget\" data-widget_type=\"divider.default\">\n\t\t\t\t<div class=\"elementor-widget-container\">\n\t\t\t\t\t<div class=\"elementor-divider\">\n\t\t\t<span class=\"elementor-divider-separator\">\n\t\t\t\t\t\t<\/span>\n\t\t<\/div>\n\t\t\t\t<\/div>\n\t\t\t\t<\/div>\n\t\t\t\t<div class=\"elementor-element elementor-element-f4c690c elementor-widget elementor-widget-google_maps\" data-id=\"f4c690c\" data-element_type=\"widget\" data-widget_type=\"google_maps.default\">\n\t\t\t\t<div class=\"elementor-widget-container\">\n\t\t\t\t\t<div class=\"elementor-custom-embed\">\n\t\t\t<iframe loading=\"lazy\"\n\t\t\t\t\tsrc=\"https:\/\/maps.google.com\/maps?q=K%C3%B6nigsplatz%201%2C%20Schwabach%2C%20Deutschland&#038;t=m&#038;z=17&#038;output=embed&#038;iwloc=near\"\n\t\t\t\t\ttitle=\"K\u00f6nigsplatz 1, Schwabach, Deutschland\"\n\t\t\t\t\taria-label=\"K\u00f6nigsplatz 1, Schwabach, Deutschland\"\n\t\t\t><\/iframe>\n\t\t<\/div>\n\t\t\t\t<\/div>\n\t\t\t\t<\/div>\n\t\t\t\t\t<\/div>\n\t\t<\/div>\n\t\t\t\t<div class=\"elementor-column elementor-col-50 elementor-top-column elementor-element elementor-element-dd4c02c\" data-id=\"dd4c02c\" data-element_type=\"column\">\n\t\t\t<div class=\"elementor-widget-wrap elementor-element-populated\">\n\t\t\t\t\t\t<div class=\"elementor-element elementor-element-afcda01 elementor-widget elementor-widget-heading\" data-id=\"afcda01\" data-element_type=\"widget\" data-widget_type=\"heading.default\">\n\t\t\t\t<div class=\"elementor-widget-container\">\n\t\t\t<h3 class=\"elementor-heading-title elementor-size-default\">Schnell vergleichen und sparen!<\/h3>\t\t<\/div>\n\t\t\t\t<\/div>\n\t\t\t\t<div class=\"elementor-element elementor-element-4a29827 elementor-widget elementor-widget-wp-widget-advads_ad_widget\" data-id=\"4a29827\" data-element_type=\"widget\" data-widget_type=\"wp-widget-advads_ad_widget.default\">\n\t\t\t\t<div class=\"elementor-widget-container\">\n\t\t\t<div id=\"regio-3121551867\"><div class=\"regio-adlabel\">Werbung<\/div><!-- Beginn https:\/\/www.financeads.net\/-Code --><a href=\"https:\/\/www.financeads.net\/tc.php?t=36648C236142529B\" target=\"_blank\"><img fetchpriority=\"high\" decoding=\"async\" src=\"https:\/\/www.financeads.net\/tb.php?t=36648V236142529B&https=1\" alt=\"\" border=\"0\" width=\"300\" height=\"250\"><\/a><!-- Ende https:\/\/www.financeads.net\/-Code --><\/div>\t\t<\/div>\n\t\t\t\t<\/div>\n\t\t\t\t<div class=\"elementor-element elementor-element-1017dfe elementor-widget elementor-widget-wp-widget-advads_ad_widget\" data-id=\"1017dfe\" data-element_type=\"widget\" data-widget_type=\"wp-widget-advads_ad_widget.default\">\n\t\t\t\t<div class=\"elementor-widget-container\">\n\t\t\t<div id=\"regio-175509518\"><div class=\"regio-adlabel\">Werbung<\/div><!-- Beginn https:\/\/www.financeads.net\/-Code --><a href=\"https:\/\/www.financeads.net\/tc.php?t=36648C42614510B\" target=\"_blank\"><img decoding=\"async\" src=\"https:\/\/www.financeads.net\/tb.php?t=36648V42614510B&https=1\" alt=\"\" border=\"0\" width=\"200\" height=\"300\"><\/a><!-- Ende https:\/\/www.financeads.net\/-Code --><\/div>\t\t<\/div>\n\t\t\t\t<\/div>\n\t\t\t\t<div class=\"elementor-element elementor-element-fd0ad79 elementor-widget elementor-widget-wp-widget-advads_ad_widget\" data-id=\"fd0ad79\" data-element_type=\"widget\" data-widget_type=\"wp-widget-advads_ad_widget.default\">\n\t\t\t\t<div class=\"elementor-widget-container\">\n\t\t\t<div id=\"regio-3836813873\"><div class=\"regio-adlabel\">Werbung<\/div><!-- Beginn https:\/\/www.financeads.net\/-Code --><a href=\"https:\/\/www.financeads.net\/tc.php?t=36648C205040072B\" target=\"_blank\"><img loading=\"lazy\" decoding=\"async\" src=\"https:\/\/www.financeads.net\/tb.php?t=36648V205040072B&https=1\" alt=\"\" border=\"0\" width=\"300\" height=\"250\"><\/a><!-- Ende https:\/\/www.financeads.net\/-Code --><\/div>\t\t<\/div>\n\t\t\t\t<\/div>\n\t\t\t\t<div class=\"elementor-element elementor-element-4484a81 elementor-widget elementor-widget-wp-widget-advads_ad_widget\" data-id=\"4484a81\" data-element_type=\"widget\" data-widget_type=\"wp-widget-advads_ad_widget.default\">\n\t\t\t\t<div class=\"elementor-widget-container\">\n\t\t\t<div id=\"regio-531821636\"><div class=\"regio-adlabel\">Werbung<\/div><!-- Beginn https:\/\/www.financeads.net\/-Code --><a href=\"https:\/\/www.financeads.net\/tc.php?t=36648C271460142B\" target=\"_blank\"><img loading=\"lazy\" decoding=\"async\" src=\"https:\/\/www.financeads.net\/tb.php?t=36648V271460142B&https=1\" alt=\"PETPROTECT_Hund&Katze_Banner\" border=\"0\" width=\"250\" height=\"250\"><\/a><!-- Ende https:\/\/www.financeads.net\/-Code --><\/div>\t\t<\/div>\n\t\t\t\t<\/div>\n\t\t\t\t\t<\/div>\n\t\t<\/div>\n\t\t\t\t\t<\/div>\n\t\t<\/section>\n\t\t\t\t<\/div>\n\t\t","protected":false},"excerpt":{"rendered":"<div class=\"mh-excerpt\"><p>Ab Mitte Februar 2022Elternbefragung zur Ganztagsbetreuung ab 2026 Schwabach &#8211; 2.300 Familien in Schwabach erhalten in diesen Tagen Post von Schwabachs Oberb\u00fcrgermeister Peter Rei\u00df und Jessica Kardeis, Bildungsmanagerin der Stadt. Hintergrund: Ab dem Schuljahr 2026\/2027 <a class=\"mh-excerpt-more\" href=\"https:\/\/www.region-schwabach.de\/wordpress\/stadt-schwabach-fuhrt-elternbefragung-zur-ganztagesbetreuung-in-grundschulen-ab-2026-durch\/\" title=\"Stadt Schwabach f\u00fchrt Elternbefragung zur Ganztagesbetreuung in Grundschulen ab 2026 durch\">[&#8230;]<\/a><\/p>\n<\/div>","protected":false},"author":1,"featured_media":163399,"comment_status":"open","ping_status":"open","sticky":false,"template":"","format":"standard","meta":{"_cbd_carousel_blocks":"[]","footnotes":""},"categories":[16,287,61],"tags":[15250,18422,18420,18132,18423,6008,18421,522,5269,12385,1480,19,3012,3151],"class_list":{"0":"post-163398","1":"post","2":"type-post","3":"status-publish","4":"format-standard","5":"has-post-thumbnail","7":"category-aktuell","8":"category-jugend-und-familie","9":"category-rathaus","10":"tag-befragung","11":"tag-bildungsmanagerin","12":"tag-elternbefragung","13":"tag-februar-2022","14":"tag-ganztagesbetreuung","15":"tag-grundschulen","16":"tag-jessica-kardeis","17":"tag-koenigsplatz","18":"tag-oberbuergermeister","19":"tag-peter-reiss","20":"tag-rathaus","21":"tag-schwabach","22":"tag-stadt","23":"tag-stadt-schwabach"},"_links":{"self":[{"href":"https:\/\/www.region-schwabach.de\/wordpress\/wp-json\/wp\/v2\/posts\/163398","targetHints":{"allow":["GET"]}}],"collection":[{"href":"https:\/\/www.region-schwabach.de\/wordpress\/wp-json\/wp\/v2\/posts"}],"about":[{"href":"https:\/\/www.region-schwabach.de\/wordpress\/wp-json\/wp\/v2\/types\/post"}],"author":[{"embeddable":true,"href":"https:\/\/www.region-schwabach.de\/wordpress\/wp-json\/wp\/v2\/users\/1"}],"replies":[{"embeddable":true,"href":"https:\/\/www.region-schwabach.de\/wordpress\/wp-json\/wp\/v2\/comments?post=163398"}],"version-history":[{"count":0,"href":"https:\/\/www.region-schwabach.de\/wordpress\/wp-json\/wp\/v2\/posts\/163398\/revisions"}],"wp:featuredmedia":[{"embeddable":true,"href":"https:\/\/www.region-schwabach.de\/wordpress\/wp-json\/wp\/v2\/media\/163399"}],"wp:attachment":[{"href":"https:\/\/www.region-schwabach.de\/wordpress\/wp-json\/wp\/v2\/media?parent=163398"}],"wp:term":[{"taxonomy":"category","embeddable":true,"href":"https:\/\/www.region-schwabach.de\/wordpress\/wp-json\/wp\/v2\/categories?post=163398"},{"taxonomy":"post_tag","embeddable":true,"href":"https:\/\/www.region-schwabach.de\/wordpress\/wp-json\/wp\/v2\/tags?post=163398"}],"curies":[{"name":"wp","href":"https:\/\/api.w.org\/{rel}","templated":true}]}}