{"id":163515,"date":"2022-02-21T01:15:00","date_gmt":"2022-02-21T00:15:00","guid":{"rendered":"https:\/\/www.region-schwabach.de\/wordpress\/?p=163515"},"modified":"2022-02-20T20:11:41","modified_gmt":"2022-02-20T19:11:41","slug":"baumfallung-an-der-hindenburgstrasse-zwischen-montag-den-21-02-2022-und-mittwoch-den-23-02-2022","status":"publish","type":"post","link":"https:\/\/www.region-schwabach.de\/wordpress\/baumfallung-an-der-hindenburgstrasse-zwischen-montag-den-21-02-2022-und-mittwoch-den-23-02-2022\/","title":{"rendered":"Baumf\u00e4llung an der Hindenburgstra\u00dfe zwischen Montag, den 21.02.2022, und Mittwoch, den 23.02.2022"},"content":{"rendered":"\t\t<div data-elementor-type=\"wp-post\" data-elementor-id=\"163515\" class=\"elementor elementor-163515\">\n\t\t\t\t\t\t<section class=\"elementor-section elementor-top-section elementor-element elementor-element-678181b elementor-section-boxed elementor-section-height-default elementor-section-height-default\" data-id=\"678181b\" data-element_type=\"section\">\n\t\t\t\t\t\t<div class=\"elementor-container elementor-column-gap-default\">\n\t\t\t\t\t<div class=\"elementor-column elementor-col-50 elementor-top-column elementor-element elementor-element-6b34026\" data-id=\"6b34026\" data-element_type=\"column\">\n\t\t\t<div class=\"elementor-widget-wrap elementor-element-populated\">\n\t\t\t\t\t\t<div class=\"elementor-element elementor-element-e347b87 elementor-widget elementor-widget-wp-widget-advads_ad_widget\" data-id=\"e347b87\" data-element_type=\"widget\" data-widget_type=\"wp-widget-advads_ad_widget.default\">\n\t\t\t\t<div class=\"elementor-widget-container\">\n\t\t\t<div id=\"regio-1364485500\"><div class=\"regio-adlabel\">Werbung<\/div><center><a href=\"https:\/\/a.partner-versicherung.de\/click.php?partner_id=19992&ad_id=1578&deep=kreditkarten\"  target=\"_blank\"><img decoding=\"async\" src=\"https:\/\/a.partner-versicherung.de\/view.php?partner_id=19992&ad_id=1578\" ><\/a><\/center><\/div>\t\t<\/div>\n\t\t\t\t<\/div>\n\t\t\t\t<div class=\"elementor-element elementor-element-443ab98 elementor-widget elementor-widget-text-editor\" data-id=\"443ab98\" data-element_type=\"widget\" data-widget_type=\"text-editor.default\">\n\t\t\t\t<div class=\"elementor-widget-container\">\n\t\t\t\t\t\t\t<div class=\"fieldsattachment after_article\"><h3 class=\"idgroup_7 group_container\"><span id=\"page49R_mcid10\" class=\"markedContent\"><span dir=\"ltr\" role=\"presentation\">Wegen Waldpflege und Verkehrssicherung<\/span><\/span><span id=\"page49R_mcid11\" class=\"markedContent\"><br role=\"presentation\" \/><span dir=\"ltr\" role=\"presentation\">Baumf\u00e4llungen sind n\u00f6tig<\/span><\/span><\/h3><p class=\"idgroup_7 group_container\"><span style=\"font-size: 12pt;\">Schwabach &#8211; <span id=\"page35R_mcid13\" class=\"markedContent\"><span dir=\"ltr\" role=\"presentation\">Eine alte Pappel an der Hindenburgstra\u00dfe \u2013 sie steht auf dem Schulhof der <\/span><span dir=\"ltr\" role=\"presentation\">Luitpoldschule \u2013 muss in den n\u00e4chsten Tagen gef\u00e4llt werden. Der Grund: F\u00e4ule <\/span><span dir=\"ltr\" role=\"presentation\">und der Baumpilz Hallimasch haben dem Baum zugesetzt, so dass er nicht <\/span><span dir=\"ltr\" role=\"presentation\">mehr zu retten ist. Thomas Mulzer von der Stadtg\u00e4rtnerei: \u201eWir haben einen <\/span><span dir=\"ltr\" role=\"presentation\">externen Gutachter hinzugezogen. Dieser hat die Holzdichte gemessen und <\/span><span dir=\"ltr\" role=\"presentation\">festgestellt, dass sie am unteren Stammende zu gering ist. Damit ist die Stand- <\/span><span dir=\"ltr\" role=\"presentation\">und Bruchsicherheit nicht mehr gegeben\u201c. Die F\u00e4llung wird zwischen dem 21. <\/span><span dir=\"ltr\" role=\"presentation\">und 23. Februar erfolgen.<\/span><\/span><span id=\"page35R_mcid14\" class=\"markedContent\"><\/span><span id=\"page35R_mcid15\" class=\"markedContent\"><br role=\"presentation\" \/><\/span><\/span><\/p><p class=\"idgroup_7 group_container\"><span style=\"font-size: 12pt;\"><span id=\"page35R_mcid15\" class=\"markedContent\"><span dir=\"ltr\" role=\"presentation\">Die Pappel ist etwa 130 Jahre alt und hat, so Mulzer, damit die bei Pappeln <\/span><span dir=\"ltr\" role=\"presentation\">\u00fcbliche Lebenszeit bereits fast erreicht. Die Baumkrone musste schon vor <\/span><span dir=\"ltr\" role=\"presentation\">Jahren eingek\u00fcrzt werden. Es wird ein Ersatzbaum gepflanzt, sobald dies <\/span><span dir=\"ltr\" role=\"presentation\">m\u00f6glich ist.\u00a0<\/span><\/span><\/span><\/p><p class=\"idgroup_7 group_container\"><span style=\"font-size: 12pt;\"><span id=\"page35R_mcid16\" class=\"markedContent\"><\/span><span id=\"page35R_mcid17\" class=\"markedContent\"><strong><span dir=\"ltr\" role=\"presentation\">W\u00e4hrend der F\u00e4llung ist die Hindenburgstra\u00dfe auf H\u00f6he der Berufsschule <\/span><span dir=\"ltr\" role=\"presentation\">einseitig gesperrt.\u00a0<\/span><\/strong><\/span><\/span><\/p><p class=\"idgroup_7 group_container\"><strong><span style=\"font-size: 12pt;\"><span id=\"page35R_mcid19\" class=\"markedContent\"><span dir=\"ltr\" role=\"presentation\">Foto: Diese Pappel muss gef\u00e4llt werden<\/span><\/span><\/span><\/strong><\/p><\/div>\t\t\t\t\t\t<\/div>\n\t\t\t\t<\/div>\n\t\t\t\t<div class=\"elementor-element elementor-element-ea2a29f elementor-widget elementor-widget-shortcode\" data-id=\"ea2a29f\" data-element_type=\"widget\" data-widget_type=\"shortcode.default\">\n\t\t\t\t<div class=\"elementor-widget-container\">\n\t\t\t\t\t<div class=\"elementor-shortcode\"><center><a href=\"https:\/\/a.partner-versicherung.de\/click.php?partner_id=19992&ad_id=441&deep=kfz-versicherung\"  target=\"_blank\"><img decoding=\"async\" src=\"https:\/\/a.partner-versicherung.de\/view.php?partner_id=19992&ad_id=441\" ><\/a><\/center><\/div>\n\t\t\t\t<\/div>\n\t\t\t\t<\/div>\n\t\t\t\t<div class=\"elementor-element elementor-element-21c3450 elementor-widget-divider--view-line elementor-widget elementor-widget-divider\" data-id=\"21c3450\" data-element_type=\"widget\" data-widget_type=\"divider.default\">\n\t\t\t\t<div class=\"elementor-widget-container\">\n\t\t\t\t\t<div class=\"elementor-divider\">\n\t\t\t<span class=\"elementor-divider-separator\">\n\t\t\t\t\t\t<\/span>\n\t\t<\/div>\n\t\t\t\t<\/div>\n\t\t\t\t<\/div>\n\t\t\t\t<div class=\"elementor-element elementor-element-f4c690c elementor-widget elementor-widget-google_maps\" data-id=\"f4c690c\" data-element_type=\"widget\" data-widget_type=\"google_maps.default\">\n\t\t\t\t<div class=\"elementor-widget-container\">\n\t\t\t\t\t<div class=\"elementor-custom-embed\">\n\t\t\t<iframe loading=\"lazy\"\n\t\t\t\t\tsrc=\"https:\/\/maps.google.com\/maps?q=Hindenburgstra%C3%9Fe%2C%20Schwabach%2C%20Deutschland&#038;t=m&#038;z=17&#038;output=embed&#038;iwloc=near\"\n\t\t\t\t\ttitle=\"Hindenburgstra\u00dfe, Schwabach, Deutschland\"\n\t\t\t\t\taria-label=\"Hindenburgstra\u00dfe, Schwabach, Deutschland\"\n\t\t\t><\/iframe>\n\t\t<\/div>\n\t\t\t\t<\/div>\n\t\t\t\t<\/div>\n\t\t\t\t\t<\/div>\n\t\t<\/div>\n\t\t\t\t<div class=\"elementor-column elementor-col-50 elementor-top-column elementor-element elementor-element-3728c60\" data-id=\"3728c60\" data-element_type=\"column\">\n\t\t\t<div class=\"elementor-widget-wrap elementor-element-populated\">\n\t\t\t\t\t\t<div class=\"elementor-element elementor-element-a61f7a8 elementor-widget elementor-widget-heading\" data-id=\"a61f7a8\" data-element_type=\"widget\" data-widget_type=\"heading.default\">\n\t\t\t\t<div class=\"elementor-widget-container\">\n\t\t\t<h3 class=\"elementor-heading-title elementor-size-default\">Schnell vergleichen und sparen!<\/h3>\t\t<\/div>\n\t\t\t\t<\/div>\n\t\t\t\t<div class=\"elementor-element elementor-element-4612fda elementor-widget elementor-widget-wp-widget-advads_ad_widget\" data-id=\"4612fda\" data-element_type=\"widget\" data-widget_type=\"wp-widget-advads_ad_widget.default\">\n\t\t\t\t<div class=\"elementor-widget-container\">\n\t\t\t<div id=\"regio-1671570220\"><div class=\"regio-adlabel\">Werbung<\/div><!-- Beginn https:\/\/www.financeads.net\/-Code --><a href=\"https:\/\/www.financeads.net\/tc.php?t=36648C236142529B\" target=\"_blank\"><img fetchpriority=\"high\" decoding=\"async\" src=\"https:\/\/www.financeads.net\/tb.php?t=36648V236142529B&https=1\" alt=\"\" border=\"0\" width=\"300\" height=\"250\"><\/a><!-- Ende https:\/\/www.financeads.net\/-Code --><\/div>\t\t<\/div>\n\t\t\t\t<\/div>\n\t\t\t\t<div class=\"elementor-element elementor-element-c25b724 elementor-widget elementor-widget-wp-widget-advads_ad_widget\" data-id=\"c25b724\" data-element_type=\"widget\" data-widget_type=\"wp-widget-advads_ad_widget.default\">\n\t\t\t\t<div class=\"elementor-widget-container\">\n\t\t\t<div id=\"regio-766151128\"><div class=\"regio-adlabel\">Werbung<\/div><!-- Beginn https:\/\/www.financeads.net\/-Code --><a href=\"https:\/\/www.financeads.net\/tc.php?t=36648C42614510B\" target=\"_blank\"><img decoding=\"async\" src=\"https:\/\/www.financeads.net\/tb.php?t=36648V42614510B&https=1\" alt=\"\" border=\"0\" width=\"200\" height=\"300\"><\/a><!-- Ende https:\/\/www.financeads.net\/-Code --><\/div>\t\t<\/div>\n\t\t\t\t<\/div>\n\t\t\t\t<div class=\"elementor-element elementor-element-d3b71dc elementor-widget elementor-widget-wp-widget-advads_ad_widget\" data-id=\"d3b71dc\" data-element_type=\"widget\" data-widget_type=\"wp-widget-advads_ad_widget.default\">\n\t\t\t\t<div class=\"elementor-widget-container\">\n\t\t\t<div id=\"regio-1039087253\"><div class=\"regio-adlabel\">Werbung<\/div><!-- Beginn https:\/\/www.financeads.net\/-Code --><a href=\"https:\/\/www.financeads.net\/tc.php?t=36648C205040072B\" target=\"_blank\"><img decoding=\"async\" src=\"https:\/\/www.financeads.net\/tb.php?t=36648V205040072B&https=1\" alt=\"\" border=\"0\" width=\"300\" height=\"250\"><\/a><!-- Ende https:\/\/www.financeads.net\/-Code --><\/div>\t\t<\/div>\n\t\t\t\t<\/div>\n\t\t\t\t<div class=\"elementor-element elementor-element-e7bed1f elementor-widget elementor-widget-wp-widget-advads_ad_widget\" data-id=\"e7bed1f\" data-element_type=\"widget\" data-widget_type=\"wp-widget-advads_ad_widget.default\">\n\t\t\t\t<div class=\"elementor-widget-container\">\n\t\t\t<div id=\"regio-2091302670\"><div class=\"regio-adlabel\">Werbung<\/div><!-- Beginn https:\/\/www.financeads.net\/-Code --><a href=\"https:\/\/www.financeads.net\/tc.php?t=36648C271460142B\" target=\"_blank\"><img loading=\"lazy\" decoding=\"async\" src=\"https:\/\/www.financeads.net\/tb.php?t=36648V271460142B&https=1\" alt=\"PETPROTECT_Hund&Katze_Banner\" border=\"0\" width=\"250\" height=\"250\"><\/a><!-- Ende https:\/\/www.financeads.net\/-Code --><\/div>\t\t<\/div>\n\t\t\t\t<\/div>\n\t\t\t\t\t<\/div>\n\t\t<\/div>\n\t\t\t\t\t<\/div>\n\t\t<\/section>\n\t\t\t\t<\/div>\n\t\t","protected":false},"excerpt":{"rendered":"<div class=\"mh-excerpt\"><p>Wegen Waldpflege und VerkehrssicherungBaumf\u00e4llungen sind n\u00f6tig Schwabach &#8211; Eine alte Pappel an der Hindenburgstra\u00dfe \u2013 sie steht auf dem Schulhof der Luitpoldschule \u2013 muss in den n\u00e4chsten Tagen gef\u00e4llt werden. Der Grund: F\u00e4ule und der <a class=\"mh-excerpt-more\" href=\"https:\/\/www.region-schwabach.de\/wordpress\/baumfallung-an-der-hindenburgstrasse-zwischen-montag-den-21-02-2022-und-mittwoch-den-23-02-2022\/\" title=\"Baumf\u00e4llung an der Hindenburgstra\u00dfe zwischen Montag, den 21.02.2022, und Mittwoch, den 23.02.2022\">[&#8230;]<\/a><\/p>\n<\/div>","protected":false},"author":1,"featured_media":163516,"comment_status":"open","ping_status":"open","sticky":false,"template":"","format":"standard","meta":{"_cbd_carousel_blocks":"[]","footnotes":""},"categories":[16,61,14],"tags":[18430,18428,18153,18152,18431,18429,18426,18132,2677,17966,18427,1480,19,3012,3151,12507],"class_list":{"0":"post-163515","1":"post","2":"type-post","3":"status-publish","4":"format-standard","5":"has-post-thumbnail","7":"category-aktuell","8":"category-rathaus","9":"category-verkehrsinfos","10":"tag-21-februar-2022","11":"tag-21-02-2022","12":"tag-22-februar-2022","13":"tag-22-02-2022","14":"tag-23-februar-2022","15":"tag-23-02-2022","16":"tag-baumfaellung","17":"tag-februar-2022","18":"tag-hindenburgstrasse","19":"tag-koenigslatz","20":"tag-luitpoldschule","21":"tag-rathaus","22":"tag-schwabach","23":"tag-stadt","24":"tag-stadt-schwabach","25":"tag-verkehrssicherung"},"_links":{"self":[{"href":"https:\/\/www.region-schwabach.de\/wordpress\/wp-json\/wp\/v2\/posts\/163515","targetHints":{"allow":["GET"]}}],"collection":[{"href":"https:\/\/www.region-schwabach.de\/wordpress\/wp-json\/wp\/v2\/posts"}],"about":[{"href":"https:\/\/www.region-schwabach.de\/wordpress\/wp-json\/wp\/v2\/types\/post"}],"author":[{"embeddable":true,"href":"https:\/\/www.region-schwabach.de\/wordpress\/wp-json\/wp\/v2\/users\/1"}],"replies":[{"embeddable":true,"href":"https:\/\/www.region-schwabach.de\/wordpress\/wp-json\/wp\/v2\/comments?post=163515"}],"version-history":[{"count":0,"href":"https:\/\/www.region-schwabach.de\/wordpress\/wp-json\/wp\/v2\/posts\/163515\/revisions"}],"wp:featuredmedia":[{"embeddable":true,"href":"https:\/\/www.region-schwabach.de\/wordpress\/wp-json\/wp\/v2\/media\/163516"}],"wp:attachment":[{"href":"https:\/\/www.region-schwabach.de\/wordpress\/wp-json\/wp\/v2\/media?parent=163515"}],"wp:term":[{"taxonomy":"category","embeddable":true,"href":"https:\/\/www.region-schwabach.de\/wordpress\/wp-json\/wp\/v2\/categories?post=163515"},{"taxonomy":"post_tag","embeddable":true,"href":"https:\/\/www.region-schwabach.de\/wordpress\/wp-json\/wp\/v2\/tags?post=163515"}],"curies":[{"name":"wp","href":"https:\/\/api.w.org\/{rel}","templated":true}]}}