{"id":163674,"date":"2022-03-01T01:00:00","date_gmt":"2022-03-01T00:00:00","guid":{"rendered":"https:\/\/www.region-schwabach.de\/wordpress\/?p=163674"},"modified":"2022-02-28T20:32:26","modified_gmt":"2022-02-28T19:32:26","slug":"karneval-fur-kinder-ab-5-jahren-in-der-kinderbibliothek-am-dienstag-den-1-marz-2022","status":"publish","type":"post","link":"https:\/\/www.region-schwabach.de\/wordpress\/karneval-fur-kinder-ab-5-jahren-in-der-kinderbibliothek-am-dienstag-den-1-marz-2022\/","title":{"rendered":"Karneval f\u00fcr Kinder ab 5 Jahren in der Kinderbibliothek am Dienstag, den 1. M\u00e4rz 2022"},"content":{"rendered":"\t\t<div data-elementor-type=\"wp-post\" data-elementor-id=\"163674\" class=\"elementor elementor-163674\">\n\t\t\t\t\t\t<section class=\"elementor-section elementor-top-section elementor-element elementor-element-678181b elementor-section-boxed elementor-section-height-default elementor-section-height-default\" data-id=\"678181b\" data-element_type=\"section\">\n\t\t\t\t\t\t<div class=\"elementor-container elementor-column-gap-default\">\n\t\t\t\t\t<div class=\"elementor-column elementor-col-66 elementor-top-column elementor-element elementor-element-6b34026\" data-id=\"6b34026\" data-element_type=\"column\">\n\t\t\t<div class=\"elementor-widget-wrap elementor-element-populated\">\n\t\t\t\t\t\t<div class=\"elementor-element elementor-element-6bbd2bb elementor-widget elementor-widget-wp-widget-advads_ad_widget\" data-id=\"6bbd2bb\" data-element_type=\"widget\" data-widget_type=\"wp-widget-advads_ad_widget.default\">\n\t\t\t\t<div class=\"elementor-widget-container\">\n\t\t\t<div id=\"regio-1677292963\"><div class=\"regio-adlabel\">Werbung<\/div><center><a href=\"https:\/\/a.partner-versicherung.de\/click.php?partner_id=19992&ad_id=1578&deep=kreditkarten\"  target=\"_blank\"><img decoding=\"async\" src=\"https:\/\/a.partner-versicherung.de\/view.php?partner_id=19992&ad_id=1578\" ><\/a><\/center><\/div>\t\t<\/div>\n\t\t\t\t<\/div>\n\t\t\t\t<div class=\"elementor-element elementor-element-443ab98 elementor-widget elementor-widget-text-editor\" data-id=\"443ab98\" data-element_type=\"widget\" data-widget_type=\"text-editor.default\">\n\t\t\t\t<div class=\"elementor-widget-container\">\n\t\t\t\t\t\t\t<h3><span id=\"page3R_mcid10\" class=\"markedContent\"><span dir=\"ltr\" role=\"presentation\">Faschingsdienstag, den 1. M\u00e4rz 2022, ab 11 Uhr<\/span><\/span><span id=\"page3R_mcid11\" class=\"markedContent\"><\/span><span id=\"page3R_mcid12\" class=\"markedContent\"><br role=\"presentation\" \/><span dir=\"ltr\" role=\"presentation\">Faschings<\/span><span dir=\"ltr\" role=\"presentation\">&#8211;<\/span><span dir=\"ltr\" role=\"presentation\">Aktion in der Kinderbibliothek<\/span><\/span><\/h3><p><span style=\"font-size: 12pt;\">Schwabach &#8211; <span id=\"page3R_mcid13\" class=\"markedContent\"><span dir=\"ltr\" role=\"presentation\">Am Faschingsdienstag<\/span><span dir=\"ltr\" role=\"presentation\">, 1. M\u00e4rz,<\/span> <span dir=\"ltr\" role=\"presentation\">bietet<\/span> <span dir=\"ltr\" role=\"presentation\">die Stadtbibliothek Schwabach<\/span> <span dir=\"ltr\" role=\"presentation\">ab 11.00 <\/span><span dir=\"ltr\" role=\"presentation\">Uhr in der fr\u00f6hlich geschm\u00fcckten Kinderbibliothek im 2. Stock eine Aktion f\u00fcr <\/span><span dir=\"ltr\" role=\"presentation\">Kinder ab 5 Jahren an.\u00a0<\/span><\/span><\/span><\/p><p><span style=\"font-size: 12pt;\"><span id=\"page3R_mcid15\" class=\"markedContent\"><span dir=\"ltr\" role=\"presentation\">Gemeinsam wird das Bi<\/span><span dir=\"ltr\" role=\"presentation\">lderbuch \u201eKarneval im Zoo\u201c von Sophie Schoenwald <\/span><span dir=\"ltr\" role=\"presentation\">gelesen: Ignaz Igel und Zoodirektor Alfons Ungest\u00fcm trauen ihren Augen nicht. <\/span><span dir=\"ltr\" role=\"presentation\">Im Zoo wimmelt es von lauter merkw\u00fcrdigen Wesen: Heute feiern die Tiere <\/span><span dir=\"ltr\" role=\"presentation\">n\u00e4mlich Karneval! Affen, Nilpferde, Zebras<\/span> <span dir=\"ltr\" role=\"presentation\">&#8211;<\/span> <span dir=\"ltr\" role=\"presentation\">alle haben s<\/span><span dir=\"ltr\" role=\"presentation\">ich verkleidet. Aber <\/span><span dir=\"ltr\" role=\"presentation\">wer ist nun wer? Bald schon \u00f6ffnet der Zoo seine Tore, bis dahin muss das <\/span><span dir=\"ltr\" role=\"presentation\">Geheimnis gel\u00f6st sein! Das lustige Ratespiel kann beginnen.<\/span><\/span><span id=\"page3R_mcid16\" class=\"markedContent\"><\/span><span id=\"page3R_mcid17\" class=\"markedContent\"><br role=\"presentation\" \/><\/span><\/span><\/p><p><span style=\"font-size: 12pt;\"><span id=\"page3R_mcid17\" class=\"markedContent\"><span dir=\"ltr\" role=\"presentation\">Nach der Lesung<\/span> <span dir=\"ltr\" role=\"presentation\">werden Tiermasken gebastelt<\/span> <span dir=\"ltr\" role=\"presentation\">und<\/span> <span dir=\"ltr\" role=\"presentation\">die<\/span> <span dir=\"ltr\" role=\"presentation\">Kinder k\u00f6nnen gern<\/span><span dir=\"ltr\" role=\"presentation\">e <\/span><span dir=\"ltr\" role=\"presentation\">verkleidet kommen. Vielleicht als E<\/span><span dir=\"ltr\" role=\"presentation\">rdl\u00f6we, Flederk\u00e4fer oder Schlangenf\u00fc\u00dfler <\/span><span dir=\"ltr\" role=\"presentation\">oder ein anderes (Zoo<\/span><span dir=\"ltr\" role=\"presentation\">&#8211;<\/span><span dir=\"ltr\" role=\"presentation\">)Tier, das der Fantasie entsprungen ist? Alle, die <\/span><span dir=\"ltr\" role=\"presentation\">m\u00f6chten, k\u00f6nnen ein \u201etierisches\u201c Erinnerungsfoto mit nach Hause nehmen.<\/span><\/span><span id=\"page3R_mcid18\" class=\"markedContent\"><\/span><span id=\"page3R_mcid19\" class=\"markedContent\"><br role=\"presentation\" \/><\/span><\/span><\/p><p><span style=\"font-size: 12pt;\"><span id=\"page3R_mcid19\" class=\"markedContent\"><span dir=\"ltr\" role=\"presentation\">Die Aktion findet unter Beachtung der aktuellen Corona<\/span><span dir=\"ltr\" role=\"presentation\">&#8211;<\/span><span dir=\"ltr\" role=\"presentation\">Regeln statt<\/span><span dir=\"ltr\" role=\"presentation\">. <\/span><\/span><span id=\"page3R_mcid20\" class=\"markedContent\"><span dir=\"ltr\" role=\"presentation\">Die Veranstaltung dauert 90 bis 120 Minuten. Die Anmeldung sollte bis <\/span><span dir=\"ltr\" role=\"presentation\">sp\u00e4testens Mittwoch, den 23. Februar 2022 per E<\/span><span dir=\"ltr\" role=\"presentation\">&#8211;<\/span><span dir=\"ltr\" role=\"presentation\">Mail erfolgen: <\/span><span dir=\"ltr\" role=\"presentation\"><a href=\"mailto:kijubibliothek@schwabach.de\" target=\"_blank\" rel=\"noopener\">kijubibliothek@schwabach.de<\/a>. Bitte den vollst\u00e4ndigen Namen und eine <\/span><span dir=\"ltr\" role=\"presentation\">Kontakt<\/span><span dir=\"ltr\" role=\"presentation\">&#8211;<\/span><span dir=\"ltr\" role=\"presentation\">Telefonnummer, vorzugsweise eine Mobilnummer, nennen<\/span><span dir=\"ltr\" role=\"presentation\">.\u00a0<\/span><\/span><\/span><\/p><p><strong><span style=\"font-size: 12pt;\"><span id=\"page3R_mcid22\" class=\"markedContent\"><span dir=\"ltr\" role=\"presentation\">Foto<\/span><span dir=\"ltr\" role=\"presentation\">cover<\/span> <span dir=\"ltr\" role=\"presentation\">von Boje Verlag<\/span><\/span><\/span><\/strong><\/p><h3>Weiterf\u00fchrende Links:<\/h3><p><span style=\"font-size: 12pt;\"><a href=\"https:\/\/www.schwabach.de\/de\/kultureinrichtung-stadtbibliothek\/stadtbibliothek.html\" target=\"_blank\" rel=\"noopener\">Zur Homepage der Stadtbibliothek Schwabach geht&#8217;s hier &#8230;<\/a><\/span><\/p>\t\t\t\t\t\t<\/div>\n\t\t\t\t<\/div>\n\t\t\t\t<div class=\"elementor-element elementor-element-f89792c elementor-widget elementor-widget-shortcode\" data-id=\"f89792c\" data-element_type=\"widget\" data-widget_type=\"shortcode.default\">\n\t\t\t\t<div class=\"elementor-widget-container\">\n\t\t\t\t\t<div class=\"elementor-shortcode\"><center><a href=\"https:\/\/a.partner-versicherung.de\/click.php?partner_id=19992&ad_id=441&deep=kfz-versicherung\"  target=\"_blank\"><img decoding=\"async\" src=\"https:\/\/a.partner-versicherung.de\/view.php?partner_id=19992&ad_id=441\" ><\/a><\/center><\/div>\n\t\t\t\t<\/div>\n\t\t\t\t<\/div>\n\t\t\t\t<div class=\"elementor-element elementor-element-0c834d7 elementor-widget-divider--view-line elementor-widget elementor-widget-divider\" data-id=\"0c834d7\" data-element_type=\"widget\" data-widget_type=\"divider.default\">\n\t\t\t\t<div class=\"elementor-widget-container\">\n\t\t\t\t\t<div class=\"elementor-divider\">\n\t\t\t<span class=\"elementor-divider-separator\">\n\t\t\t\t\t\t<\/span>\n\t\t<\/div>\n\t\t\t\t<\/div>\n\t\t\t\t<\/div>\n\t\t\t\t<div class=\"elementor-element elementor-element-325f51f elementor-widget elementor-widget-google_maps\" data-id=\"325f51f\" data-element_type=\"widget\" data-widget_type=\"google_maps.default\">\n\t\t\t\t<div class=\"elementor-widget-container\">\n\t\t\t\t\t<div class=\"elementor-custom-embed\">\n\t\t\t<iframe loading=\"lazy\"\n\t\t\t\t\tsrc=\"https:\/\/maps.google.com\/maps?q=K%C3%B6nigsplatz%2029a%2C%20Schwabach%2C%20Deutschland&#038;t=m&#038;z=17&#038;output=embed&#038;iwloc=near\"\n\t\t\t\t\ttitle=\"K\u00f6nigsplatz 29a, Schwabach, Deutschland\"\n\t\t\t\t\taria-label=\"K\u00f6nigsplatz 29a, Schwabach, Deutschland\"\n\t\t\t><\/iframe>\n\t\t<\/div>\n\t\t\t\t<\/div>\n\t\t\t\t<\/div>\n\t\t\t\t\t<\/div>\n\t\t<\/div>\n\t\t\t\t<div class=\"elementor-column elementor-col-33 elementor-top-column elementor-element elementor-element-f645137\" data-id=\"f645137\" data-element_type=\"column\">\n\t\t\t<div class=\"elementor-widget-wrap elementor-element-populated\">\n\t\t\t\t\t\t<div class=\"elementor-element elementor-element-6c80740 elementor-widget elementor-widget-heading\" data-id=\"6c80740\" data-element_type=\"widget\" data-widget_type=\"heading.default\">\n\t\t\t\t<div class=\"elementor-widget-container\">\n\t\t\t<h3 class=\"elementor-heading-title elementor-size-default\">Schnell vergleichen und sparen!<\/h3>\t\t<\/div>\n\t\t\t\t<\/div>\n\t\t\t\t<div class=\"elementor-element elementor-element-de218af elementor-widget elementor-widget-wp-widget-advads_ad_widget\" data-id=\"de218af\" data-element_type=\"widget\" data-widget_type=\"wp-widget-advads_ad_widget.default\">\n\t\t\t\t<div class=\"elementor-widget-container\">\n\t\t\t<div id=\"regio-73987005\"><div class=\"regio-adlabel\">Werbung<\/div><!-- Beginn https:\/\/www.financeads.net\/-Code --><a href=\"https:\/\/www.financeads.net\/tc.php?t=36648C236142529B\" target=\"_blank\"><img fetchpriority=\"high\" decoding=\"async\" src=\"https:\/\/www.financeads.net\/tb.php?t=36648V236142529B&https=1\" alt=\"\" border=\"0\" width=\"300\" height=\"250\"><\/a><!-- Ende https:\/\/www.financeads.net\/-Code --><\/div>\t\t<\/div>\n\t\t\t\t<\/div>\n\t\t\t\t<div class=\"elementor-element elementor-element-99fafff elementor-widget elementor-widget-wp-widget-advads_ad_widget\" data-id=\"99fafff\" data-element_type=\"widget\" data-widget_type=\"wp-widget-advads_ad_widget.default\">\n\t\t\t\t<div class=\"elementor-widget-container\">\n\t\t\t<div id=\"regio-3182051852\"><div class=\"regio-adlabel\">Werbung<\/div><!-- Beginn https:\/\/www.financeads.net\/-Code --><a href=\"https:\/\/www.financeads.net\/tc.php?t=36648C42614510B\" target=\"_blank\"><img decoding=\"async\" src=\"https:\/\/www.financeads.net\/tb.php?t=36648V42614510B&https=1\" alt=\"\" border=\"0\" width=\"200\" height=\"300\"><\/a><!-- Ende https:\/\/www.financeads.net\/-Code --><\/div>\t\t<\/div>\n\t\t\t\t<\/div>\n\t\t\t\t<div class=\"elementor-element elementor-element-a1d85ad elementor-widget elementor-widget-wp-widget-advads_ad_widget\" data-id=\"a1d85ad\" data-element_type=\"widget\" data-widget_type=\"wp-widget-advads_ad_widget.default\">\n\t\t\t\t<div class=\"elementor-widget-container\">\n\t\t\t<div id=\"regio-1025627783\"><div class=\"regio-adlabel\">Werbung<\/div><!-- Beginn https:\/\/www.financeads.net\/-Code --><a href=\"https:\/\/www.financeads.net\/tc.php?t=36648C205040072B\" target=\"_blank\"><img decoding=\"async\" src=\"https:\/\/www.financeads.net\/tb.php?t=36648V205040072B&https=1\" alt=\"\" border=\"0\" width=\"300\" height=\"250\"><\/a><!-- Ende https:\/\/www.financeads.net\/-Code --><\/div>\t\t<\/div>\n\t\t\t\t<\/div>\n\t\t\t\t<div class=\"elementor-element elementor-element-eefe474 elementor-widget elementor-widget-wp-widget-advads_ad_widget\" data-id=\"eefe474\" data-element_type=\"widget\" data-widget_type=\"wp-widget-advads_ad_widget.default\">\n\t\t\t\t<div class=\"elementor-widget-container\">\n\t\t\t<div id=\"regio-708659366\"><div class=\"regio-adlabel\">Werbung<\/div><!-- Beginn https:\/\/www.financeads.net\/-Code --><a href=\"https:\/\/www.financeads.net\/tc.php?t=36648C271460142B\" target=\"_blank\"><img loading=\"lazy\" decoding=\"async\" src=\"https:\/\/www.financeads.net\/tb.php?t=36648V271460142B&https=1\" alt=\"PETPROTECT_Hund&Katze_Banner\" border=\"0\" width=\"250\" height=\"250\"><\/a><!-- Ende https:\/\/www.financeads.net\/-Code --><\/div>\t\t<\/div>\n\t\t\t\t<\/div>\n\t\t\t\t\t<\/div>\n\t\t<\/div>\n\t\t\t\t\t<\/div>\n\t\t<\/section>\n\t\t\t\t<\/div>\n\t\t","protected":false},"excerpt":{"rendered":"<div class=\"mh-excerpt\"><p>Faschingsdienstag, den 1. M\u00e4rz 2022, ab 11 UhrFaschings-Aktion in der Kinderbibliothek Schwabach &#8211; Am Faschingsdienstag, 1. M\u00e4rz, bietet die Stadtbibliothek Schwabach ab 11.00 Uhr in der fr\u00f6hlich geschm\u00fcckten Kinderbibliothek im 2. Stock eine Aktion f\u00fcr <a class=\"mh-excerpt-more\" href=\"https:\/\/www.region-schwabach.de\/wordpress\/karneval-fur-kinder-ab-5-jahren-in-der-kinderbibliothek-am-dienstag-den-1-marz-2022\/\" title=\"Karneval f\u00fcr Kinder ab 5 Jahren in der Kinderbibliothek am Dienstag, den 1. M\u00e4rz 2022\">[&#8230;]<\/a><\/p>\n<\/div>","protected":false},"author":1,"featured_media":163675,"comment_status":"open","ping_status":"open","sticky":false,"template":"","format":"standard","meta":{"_cbd_carousel_blocks":"[]","footnotes":""},"categories":[16,287,61,7503,231],"tags":[18444,18188,18189,18447,18443,18442,4273,522,1480,19,18445,3151,2555],"class_list":{"0":"post-163674","1":"post","2":"type-post","3":"status-publish","4":"format-standard","5":"has-post-thumbnail","7":"category-aktuell","8":"category-jugend-und-familie","9":"category-rathaus","10":"category-stadtbibliothek-nachrichten","11":"category-veranstaltungsnews","12":"tag-karneval-im-zoo","13":"tag-01-03-2022","14":"tag-1-maerz-2022","15":"tag-bilderbuch","16":"tag-faschings-aktion","17":"tag-karneval-fuer-kinder","18":"tag-kinderbibliothek","19":"tag-koenigsplatz","20":"tag-rathaus","21":"tag-schwabach","22":"tag-sophie-schoenwald","23":"tag-stadt-schwabach","24":"tag-stadtbibliothek"},"_links":{"self":[{"href":"https:\/\/www.region-schwabach.de\/wordpress\/wp-json\/wp\/v2\/posts\/163674","targetHints":{"allow":["GET"]}}],"collection":[{"href":"https:\/\/www.region-schwabach.de\/wordpress\/wp-json\/wp\/v2\/posts"}],"about":[{"href":"https:\/\/www.region-schwabach.de\/wordpress\/wp-json\/wp\/v2\/types\/post"}],"author":[{"embeddable":true,"href":"https:\/\/www.region-schwabach.de\/wordpress\/wp-json\/wp\/v2\/users\/1"}],"replies":[{"embeddable":true,"href":"https:\/\/www.region-schwabach.de\/wordpress\/wp-json\/wp\/v2\/comments?post=163674"}],"version-history":[{"count":0,"href":"https:\/\/www.region-schwabach.de\/wordpress\/wp-json\/wp\/v2\/posts\/163674\/revisions"}],"wp:featuredmedia":[{"embeddable":true,"href":"https:\/\/www.region-schwabach.de\/wordpress\/wp-json\/wp\/v2\/media\/163675"}],"wp:attachment":[{"href":"https:\/\/www.region-schwabach.de\/wordpress\/wp-json\/wp\/v2\/media?parent=163674"}],"wp:term":[{"taxonomy":"category","embeddable":true,"href":"https:\/\/www.region-schwabach.de\/wordpress\/wp-json\/wp\/v2\/categories?post=163674"},{"taxonomy":"post_tag","embeddable":true,"href":"https:\/\/www.region-schwabach.de\/wordpress\/wp-json\/wp\/v2\/tags?post=163674"}],"curies":[{"name":"wp","href":"https:\/\/api.w.org\/{rel}","templated":true}]}}