{"id":163860,"date":"2022-03-06T01:15:00","date_gmt":"2022-03-06T00:15:00","guid":{"rendered":"https:\/\/www.region-schwabach.de\/wordpress\/?p=163860"},"modified":"2022-03-05T21:33:17","modified_gmt":"2022-03-05T20:33:17","slug":"schwabachs-besondere-frauen-stadtrundgang-am-sonntag-den-6-marz-2022","status":"publish","type":"post","link":"https:\/\/www.region-schwabach.de\/wordpress\/schwabachs-besondere-frauen-stadtrundgang-am-sonntag-den-6-marz-2022\/","title":{"rendered":"\u201eSchwabachs besondere Frauen\u201c: Stadtrundgang am Sonntag, den 6. M\u00e4rz 2022"},"content":{"rendered":"\t\t<div data-elementor-type=\"wp-post\" data-elementor-id=\"163860\" class=\"elementor elementor-163860\">\n\t\t\t\t\t\t<section class=\"elementor-section elementor-top-section elementor-element elementor-element-678181b elementor-section-boxed elementor-section-height-default elementor-section-height-default\" data-id=\"678181b\" data-element_type=\"section\">\n\t\t\t\t\t\t<div class=\"elementor-container elementor-column-gap-default\">\n\t\t\t\t\t<div class=\"elementor-column elementor-col-50 elementor-top-column elementor-element elementor-element-6b34026\" data-id=\"6b34026\" data-element_type=\"column\">\n\t\t\t<div class=\"elementor-widget-wrap elementor-element-populated\">\n\t\t\t\t\t\t<div class=\"elementor-element elementor-element-abf422e elementor-widget elementor-widget-wp-widget-advads_ad_widget\" data-id=\"abf422e\" data-element_type=\"widget\" data-widget_type=\"wp-widget-advads_ad_widget.default\">\n\t\t\t\t<div class=\"elementor-widget-container\">\n\t\t\t<div id=\"regio-4032598202\"><div class=\"regio-adlabel\">Werbung<\/div><center><a href=\"https:\/\/a.partner-versicherung.de\/click.php?partner_id=19992&ad_id=1578&deep=kreditkarten\"  target=\"_blank\"><img decoding=\"async\" src=\"https:\/\/a.partner-versicherung.de\/view.php?partner_id=19992&ad_id=1578\" ><\/a><\/center><\/div>\t\t<\/div>\n\t\t\t\t<\/div>\n\t\t\t\t<div class=\"elementor-element elementor-element-443ab98 elementor-widget elementor-widget-text-editor\" data-id=\"443ab98\" data-element_type=\"widget\" data-widget_type=\"text-editor.default\">\n\t\t\t\t<div class=\"elementor-widget-container\">\n\t\t\t\t\t\t\t<h3><span id=\"page33R_mcid9\" class=\"markedContent\"><span dir=\"ltr\" role=\"presentation\">Sonntag, den 6. M\u00e4rz 2022, um 14.00 Uhr <\/span><\/span><span id=\"page33R_mcid10\" class=\"markedContent\"><br role=\"presentation\" \/><\/span><span id=\"page33R_mcid11\" class=\"markedContent\"><span dir=\"ltr\" role=\"presentation\">Stadtrundgang \u201eSchwabachs besondere Frauen\u201c <\/span><\/span><\/h3><p><span style=\"font-size: 12pt;\">Schwabach &#8211; <span id=\"page33R_mcid13\" class=\"markedContent\"><span dir=\"ltr\" role=\"presentation\">In Schwabach gibt es viele historisch interessante Geschichten zu erz\u00e4hlen, <\/span><span dir=\"ltr\" role=\"presentation\">doch meistens spielen M\u00e4nner dabei die Hauptrolle. Selten r\u00fccken Frauen in <\/span><span dir=\"ltr\" role=\"presentation\">das historische Rampenlicht. Dass Schwabach hier mit durchaus <\/span><span dir=\"ltr\" role=\"presentation\">lohnenswerten Gegenbeispielen aufwarten kann, beweist Stadtheimatpflegerin <\/span><span dir=\"ltr\" role=\"presentation\">Ursula Kaiser-Biburger. <\/span><\/span><\/span><\/p><p><span style=\"font-size: 12pt;\"><span id=\"page33R_mcid13\" class=\"markedContent\"><span dir=\"ltr\" role=\"presentation\">Ihrer Zuh\u00f6rerschaft stellt sie in einem Rundgang <\/span><span dir=\"ltr\" role=\"presentation\">Frauen aus den unterschiedlichsten Zeiten vor, die mit Mut, Raffinesse, <\/span><span dir=\"ltr\" role=\"presentation\">Bescheidenheit, Engagement und Kreativit\u00e4t \u00fcberrascht haben. Hier geh\u00f6ren <\/span><span dir=\"ltr\" role=\"presentation\">zweifelsohne nicht nur Schwabachs Heldin Anna Wolf, Markgr\u00e4fin Christiane <\/span><span dir=\"ltr\" role=\"presentation\">Charlotte oder Sybilla von Lentersheim dazu. Vielmehr wei\u00df selbst die j\u00fcngste <\/span><span dir=\"ltr\" role=\"presentation\">Vergangenheit von b\u00fcrgerlichen Frauenpers\u00f6nlichkeiten zu berichten, die trotz <\/span><span dir=\"ltr\" role=\"presentation\">mancher Widrigkeiten f\u00fcr Aufmerksamkeit gesorgt haben. <\/span><\/span><\/span><\/p><p><span style=\"font-size: 12pt;\"><span id=\"page33R_mcid13\" class=\"markedContent\"><span dir=\"ltr\" role=\"presentation\">Nicht vergessen <\/span><span dir=\"ltr\" role=\"presentation\">werden sollten diejenigen, die ihre F\u00e4higkeiten f\u00fcr die Kunst oder f\u00fcr das <\/span><span dir=\"ltr\" role=\"presentation\">praktische Leben im Schulunterricht eingesetzt haben. Man darf sich also bei <\/span><span dir=\"ltr\" role=\"presentation\">der F\u00fchrung im Frauenmonat M\u00e4rz auf Geschichten \u00fcber \u201eSchwabachs <\/span><span dir=\"ltr\" role=\"presentation\">besondere Frauen\u201c freuen. <\/span><\/span><\/span><\/p><h3>Infos:<\/h3><ul style=\"list-style-type: disc;\"><li><span style=\"font-size: 12pt;\"><span id=\"page33R_mcid14\" class=\"markedContent\"> <\/span><span id=\"page33R_mcid15\" class=\"markedContent\"><span dir=\"ltr\" role=\"presentation\"><strong>Wann:<\/strong> Sonntag, 6. M\u00e4rz, 14 Uhr, <\/span><\/span><\/span><\/li><li><span style=\"font-size: 12pt;\"><span id=\"page33R_mcid15\" class=\"markedContent\"><span dir=\"ltr\" role=\"presentation\"><strong>Anmeldung:<\/strong> eine telefonische Anmeldung ist bis Freitag, den <\/span><span dir=\"ltr\" role=\"presentation\">4. M\u00e4rz 2022, 12.00 Uhr beim Tourismus-B\u00fcro unter Telefon 09122-860-241 erforderlich. <\/span><\/span><\/span><\/li><li><strong><span style=\"font-size: 12pt;\"><span id=\"page33R_mcid15\" class=\"markedContent\"><span dir=\"ltr\" role=\"presentation\">Es <\/span><span dir=\"ltr\" role=\"presentation\">gilt die 2G Regelung. <\/span><\/span><\/span><\/strong><\/li><\/ul><p><span style=\"font-size: 12pt;\"><span id=\"page33R_mcid16\" class=\"markedContent\"> <\/span><span id=\"page33R_mcid17\" class=\"markedContent\"><span dir=\"ltr\" role=\"presentation\"><strong>Foto von Ursula Kaiser-Biburger: Markgr\u00e4fin Christiane Charlotte<\/strong> <\/span><\/span><\/span><\/p><h3>Weiterf\u00fchrende Links:<\/h3><p><a href=\"https:\/\/www.schwabach.de\/de\/schwabach-erleben\/tourismus\/en\/5726-angebote-fuer-einzelreisende-2.html\" target=\"_blank\" rel=\"noopener\"><span style=\"font-size: 12pt;\">Zu den F\u00fchrungen f\u00fcr Einzelpersonen geht es hier &#8230;<\/span><\/a><\/p><p><span style=\"font-size: 12pt;\"><a href=\"https:\/\/www.schwabach.de\/de\/schwabach-erleben\/tourismus\/en\/6077-angebote-fuer-gruppen-2.html\" target=\"_blank\" rel=\"noopener\">Infos zu F\u00fchrungen f\u00fcr Gruppen gibt&#8217;s hier &#8230;<\/a><\/span><\/p>\t\t\t\t\t\t<\/div>\n\t\t\t\t<\/div>\n\t\t\t\t<div class=\"elementor-element elementor-element-6fecc8e elementor-widget elementor-widget-shortcode\" data-id=\"6fecc8e\" data-element_type=\"widget\" data-widget_type=\"shortcode.default\">\n\t\t\t\t<div class=\"elementor-widget-container\">\n\t\t\t\t\t<div class=\"elementor-shortcode\"><!-- Beginn https:\/\/www.financeads.net\/-Code --><a href=\"https:\/\/www.financeads.net\/tc.php?t=36648C38513858B\" target=\"_blank\"><center><img decoding=\"async\" src=\"https:\/\/www.financeads.net\/tb.php?t=36648V38513858B&https=1\" alt=\"\" border=\"0\" width=\"468\" height=\"60\"><\/a><!-- Ende https:\/\/www.financeads.net\/-Code --><\/div>\n\t\t\t\t<\/div>\n\t\t\t\t<\/div>\n\t\t\t\t<div class=\"elementor-element elementor-element-e326da3 elementor-widget elementor-widget-image\" data-id=\"e326da3\" data-element_type=\"widget\" data-widget_type=\"image.default\">\n\t\t\t\t<div class=\"elementor-widget-container\">\n\t\t\t\t\t\t\t\t\t\t\t\t\t<img fetchpriority=\"high\" decoding=\"async\" width=\"672\" height=\"1024\" src=\"https:\/\/www.region-schwabach.de\/wordpress\/wp-content\/uploads\/2022\/02\/PM21_Markgraefin_Christiane_Charlotte-672x1024.jpg\" class=\"attachment-large size-large wp-image-163861\" alt=\"\" srcset=\"https:\/\/www.region-schwabach.de\/wordpress\/wp-content\/uploads\/2022\/02\/PM21_Markgraefin_Christiane_Charlotte-672x1024.jpg 672w, https:\/\/www.region-schwabach.de\/wordpress\/wp-content\/uploads\/2022\/02\/PM21_Markgraefin_Christiane_Charlotte-197x300.jpg 197w, https:\/\/www.region-schwabach.de\/wordpress\/wp-content\/uploads\/2022\/02\/PM21_Markgraefin_Christiane_Charlotte-768x1170.jpg 768w, https:\/\/www.region-schwabach.de\/wordpress\/wp-content\/uploads\/2022\/02\/PM21_Markgraefin_Christiane_Charlotte-1008x1536.jpg 1008w, https:\/\/www.region-schwabach.de\/wordpress\/wp-content\/uploads\/2022\/02\/PM21_Markgraefin_Christiane_Charlotte-e1645696404393.jpg 960w\" sizes=\"(max-width: 672px) 100vw, 672px\" \/>\t\t\t\t\t\t\t\t\t\t\t\t\t<\/div>\n\t\t\t\t<\/div>\n\t\t\t\t<div class=\"elementor-element elementor-element-b95230e elementor-widget-divider--view-line elementor-widget elementor-widget-divider\" data-id=\"b95230e\" data-element_type=\"widget\" data-widget_type=\"divider.default\">\n\t\t\t\t<div class=\"elementor-widget-container\">\n\t\t\t\t\t<div class=\"elementor-divider\">\n\t\t\t<span class=\"elementor-divider-separator\">\n\t\t\t\t\t\t<\/span>\n\t\t<\/div>\n\t\t\t\t<\/div>\n\t\t\t\t<\/div>\n\t\t\t\t<div class=\"elementor-element elementor-element-804b00f elementor-widget elementor-widget-google_maps\" data-id=\"804b00f\" data-element_type=\"widget\" data-widget_type=\"google_maps.default\">\n\t\t\t\t<div class=\"elementor-widget-container\">\n\t\t\t\t\t<div class=\"elementor-custom-embed\">\n\t\t\t<iframe loading=\"lazy\"\n\t\t\t\t\tsrc=\"https:\/\/maps.google.com\/maps?q=K%C3%B6nigsplatz%201%2C%20Schwabach%2C%20Deutschland&#038;t=m&#038;z=17&#038;output=embed&#038;iwloc=near\"\n\t\t\t\t\ttitle=\"K\u00f6nigsplatz 1, Schwabach, Deutschland\"\n\t\t\t\t\taria-label=\"K\u00f6nigsplatz 1, Schwabach, Deutschland\"\n\t\t\t><\/iframe>\n\t\t<\/div>\n\t\t\t\t<\/div>\n\t\t\t\t<\/div>\n\t\t\t\t\t<\/div>\n\t\t<\/div>\n\t\t\t\t<div class=\"elementor-column elementor-col-50 elementor-top-column elementor-element elementor-element-11095d3\" data-id=\"11095d3\" data-element_type=\"column\">\n\t\t\t<div class=\"elementor-widget-wrap elementor-element-populated\">\n\t\t\t\t\t\t<div class=\"elementor-element elementor-element-275dec7 elementor-widget elementor-widget-heading\" data-id=\"275dec7\" data-element_type=\"widget\" data-widget_type=\"heading.default\">\n\t\t\t\t<div class=\"elementor-widget-container\">\n\t\t\t<h3 class=\"elementor-heading-title elementor-size-default\">Schnell vergleichen und sparen!<\/h3>\t\t<\/div>\n\t\t\t\t<\/div>\n\t\t\t\t<div class=\"elementor-element elementor-element-c2c795e elementor-widget elementor-widget-wp-widget-advads_ad_widget\" data-id=\"c2c795e\" data-element_type=\"widget\" data-widget_type=\"wp-widget-advads_ad_widget.default\">\n\t\t\t\t<div class=\"elementor-widget-container\">\n\t\t\t<div id=\"regio-2653570597\"><div class=\"regio-adlabel\">Werbung<\/div><!-- Beginn https:\/\/www.financeads.net\/-Code --><a href=\"https:\/\/www.financeads.net\/tc.php?t=36648C236142529B\" target=\"_blank\"><img decoding=\"async\" src=\"https:\/\/www.financeads.net\/tb.php?t=36648V236142529B&https=1\" alt=\"\" border=\"0\" width=\"300\" height=\"250\"><\/a><!-- Ende https:\/\/www.financeads.net\/-Code --><\/div>\t\t<\/div>\n\t\t\t\t<\/div>\n\t\t\t\t<div class=\"elementor-element elementor-element-7b5f093 elementor-widget elementor-widget-wp-widget-advads_ad_widget\" data-id=\"7b5f093\" data-element_type=\"widget\" data-widget_type=\"wp-widget-advads_ad_widget.default\">\n\t\t\t\t<div class=\"elementor-widget-container\">\n\t\t\t<div id=\"regio-2318172250\"><div class=\"regio-adlabel\">Werbung<\/div><!-- Beginn https:\/\/www.financeads.net\/-Code --><a href=\"https:\/\/www.financeads.net\/tc.php?t=36648C42614510B\" target=\"_blank\"><img loading=\"lazy\" decoding=\"async\" src=\"https:\/\/www.financeads.net\/tb.php?t=36648V42614510B&https=1\" alt=\"\" border=\"0\" width=\"200\" height=\"300\"><\/a><!-- Ende https:\/\/www.financeads.net\/-Code --><\/div>\t\t<\/div>\n\t\t\t\t<\/div>\n\t\t\t\t<div class=\"elementor-element elementor-element-b2dedd3 elementor-widget elementor-widget-wp-widget-advads_ad_widget\" data-id=\"b2dedd3\" data-element_type=\"widget\" data-widget_type=\"wp-widget-advads_ad_widget.default\">\n\t\t\t\t<div class=\"elementor-widget-container\">\n\t\t\t<div id=\"regio-226894765\"><div class=\"regio-adlabel\">Werbung<\/div><!-- Beginn https:\/\/www.financeads.net\/-Code --><a href=\"https:\/\/www.financeads.net\/tc.php?t=36648C205040072B\" target=\"_blank\"><img loading=\"lazy\" decoding=\"async\" src=\"https:\/\/www.financeads.net\/tb.php?t=36648V205040072B&https=1\" alt=\"\" border=\"0\" width=\"300\" height=\"250\"><\/a><!-- Ende https:\/\/www.financeads.net\/-Code --><\/div>\t\t<\/div>\n\t\t\t\t<\/div>\n\t\t\t\t<div class=\"elementor-element elementor-element-6bba45e elementor-widget elementor-widget-wp-widget-advads_ad_widget\" data-id=\"6bba45e\" data-element_type=\"widget\" data-widget_type=\"wp-widget-advads_ad_widget.default\">\n\t\t\t\t<div class=\"elementor-widget-container\">\n\t\t\t<div id=\"regio-3245697850\"><div class=\"regio-adlabel\">Werbung<\/div><!-- Beginn https:\/\/www.financeads.net\/-Code --><a href=\"https:\/\/www.financeads.net\/tc.php?t=36648C271460142B\" target=\"_blank\"><img loading=\"lazy\" decoding=\"async\" src=\"https:\/\/www.financeads.net\/tb.php?t=36648V271460142B&https=1\" alt=\"PETPROTECT_Hund&Katze_Banner\" border=\"0\" width=\"250\" height=\"250\"><\/a><!-- Ende https:\/\/www.financeads.net\/-Code --><\/div>\t\t<\/div>\n\t\t\t\t<\/div>\n\t\t\t\t\t<\/div>\n\t\t<\/div>\n\t\t\t\t\t<\/div>\n\t\t<\/section>\n\t\t\t\t<\/div>\n\t\t","protected":false},"excerpt":{"rendered":"<div class=\"mh-excerpt\"><p>Sonntag, den 6. M\u00e4rz 2022, um 14.00 Uhr Stadtrundgang \u201eSchwabachs besondere Frauen\u201c Schwabach &#8211; In Schwabach gibt es viele historisch interessante Geschichten zu erz\u00e4hlen, doch meistens spielen M\u00e4nner dabei die Hauptrolle. Selten r\u00fccken Frauen in <a class=\"mh-excerpt-more\" href=\"https:\/\/www.region-schwabach.de\/wordpress\/schwabachs-besondere-frauen-stadtrundgang-am-sonntag-den-6-marz-2022\/\" title=\"\u201eSchwabachs besondere Frauen\u201c: Stadtrundgang am Sonntag, den 6. M\u00e4rz 2022\">[&#8230;]<\/a><\/p>\n<\/div>","protected":false},"author":1,"featured_media":163861,"comment_status":"open","ping_status":"open","sticky":false,"template":"","format":"standard","meta":{"_cbd_carousel_blocks":"[]","footnotes":""},"categories":[16,1,287,61,231],"tags":[18472,18460,18461,53,18473,522,1480,3645,19,3151,6185,6021,4324,6022,6020],"class_list":{"0":"post-163860","1":"post","2":"type-post","3":"status-publish","4":"format-standard","5":"has-post-thumbnail","7":"category-aktuell","8":"category-allgemein","9":"category-jugend-und-familie","10":"category-rathaus","11":"category-veranstaltungsnews","12":"tag-schwabachs-besondere-frauen","13":"tag-06-03-2022","14":"tag-6-maerz-2022","15":"tag-fuehrung","16":"tag-heldin-anna-wolf","17":"tag-koenigsplatz","18":"tag-rathaus","19":"tag-rundgang","20":"tag-schwabach","21":"tag-stadt-schwabach","22":"tag-stadtfuehrung","23":"tag-stadtheimatpflegerin","24":"tag-stadtrundgang","25":"tag-ursula-kaiser-biburger","26":"tag-vor-dem-rathaus"},"_links":{"self":[{"href":"https:\/\/www.region-schwabach.de\/wordpress\/wp-json\/wp\/v2\/posts\/163860","targetHints":{"allow":["GET"]}}],"collection":[{"href":"https:\/\/www.region-schwabach.de\/wordpress\/wp-json\/wp\/v2\/posts"}],"about":[{"href":"https:\/\/www.region-schwabach.de\/wordpress\/wp-json\/wp\/v2\/types\/post"}],"author":[{"embeddable":true,"href":"https:\/\/www.region-schwabach.de\/wordpress\/wp-json\/wp\/v2\/users\/1"}],"replies":[{"embeddable":true,"href":"https:\/\/www.region-schwabach.de\/wordpress\/wp-json\/wp\/v2\/comments?post=163860"}],"version-history":[{"count":0,"href":"https:\/\/www.region-schwabach.de\/wordpress\/wp-json\/wp\/v2\/posts\/163860\/revisions"}],"wp:featuredmedia":[{"embeddable":true,"href":"https:\/\/www.region-schwabach.de\/wordpress\/wp-json\/wp\/v2\/media\/163861"}],"wp:attachment":[{"href":"https:\/\/www.region-schwabach.de\/wordpress\/wp-json\/wp\/v2\/media?parent=163860"}],"wp:term":[{"taxonomy":"category","embeddable":true,"href":"https:\/\/www.region-schwabach.de\/wordpress\/wp-json\/wp\/v2\/categories?post=163860"},{"taxonomy":"post_tag","embeddable":true,"href":"https:\/\/www.region-schwabach.de\/wordpress\/wp-json\/wp\/v2\/tags?post=163860"}],"curies":[{"name":"wp","href":"https:\/\/api.w.org\/{rel}","templated":true}]}}