{"id":163886,"date":"2022-02-25T00:17:00","date_gmt":"2022-02-24T23:17:00","guid":{"rendered":"https:\/\/www.region-schwabach.de\/wordpress\/?p=163886"},"modified":"2022-02-24T15:59:33","modified_gmt":"2022-02-24T14:59:33","slug":"kriminalpolizei-schwabach-klart-serie-von-kupferdiebstahlen-zwei-personen-in-haft","status":"publish","type":"post","link":"https:\/\/www.region-schwabach.de\/wordpress\/kriminalpolizei-schwabach-klart-serie-von-kupferdiebstahlen-zwei-personen-in-haft\/","title":{"rendered":"Kriminalpolizei Schwabach kl\u00e4rt Serie von Kupferdiebst\u00e4hlen &#8211; zwei Personen in Haft"},"content":{"rendered":"\t\t<div data-elementor-type=\"wp-post\" data-elementor-id=\"163886\" class=\"elementor elementor-163886\">\n\t\t\t\t\t\t<section class=\"elementor-section elementor-top-section elementor-element elementor-element-1cuv9jr elementor-section-boxed elementor-section-height-default elementor-section-height-default\" data-id=\"1cuv9jr\" data-element_type=\"section\">\n\t\t\t\t\t\t<div class=\"elementor-container elementor-column-gap-default\">\n\t\t\t\t\t<div class=\"elementor-column elementor-col-50 elementor-top-column elementor-element elementor-element-q5zak7b\" data-id=\"q5zak7b\" data-element_type=\"column\">\n\t\t\t<div class=\"elementor-widget-wrap elementor-element-populated\">\n\t\t\t\t\t\t<div class=\"elementor-element elementor-element-dcef279 elementor-widget elementor-widget-wp-widget-advads_ad_widget\" data-id=\"dcef279\" data-element_type=\"widget\" data-widget_type=\"wp-widget-advads_ad_widget.default\">\n\t\t\t\t<div class=\"elementor-widget-container\">\n\t\t\t<div id=\"regio-307388618\"><div class=\"regio-adlabel\">Werbung<\/div><center><a href=\"https:\/\/a.partner-versicherung.de\/click.php?partner_id=19992&ad_id=1578&deep=kreditkarten\"  target=\"_blank\"><img decoding=\"async\" src=\"https:\/\/a.partner-versicherung.de\/view.php?partner_id=19992&ad_id=1578\" ><\/a><\/center><\/div>\t\t<\/div>\n\t\t\t\t<\/div>\n\t\t\t\t<div class=\"elementor-element elementor-element-a4daeae elementor-widget elementor-widget-text-editor\" data-id=\"a4daeae\" data-element_type=\"widget\" data-widget_type=\"text-editor.default\">\n\t\t\t\t<div class=\"elementor-widget-container\">\n\t\t\t\t\t\t\t<h3>Polizei verhaftet Kupferdiebe<\/h3><p><span style=\"font-size: 12pt;\">R\u00f6ttenbach \/ Heideck (ots) &#8211; Anfang November 2021 nahm die Polizei in R\u00f6ttenbach (Lkrs. Roth) zwei M\u00e4nner fest, nachdem diese unmittelbar zuvor von einem Vereinsheim in Heideck (ebenfalls Lkrs. Roth) die Kupferdachrinnen entwendet hatten. In der Folge konnte die Schwabacher Kriminalpolizei den beiden Tatverd\u00e4chtigen eine ganze Serie \u00e4hnlich gelagerter Straftaten mit einer Beute von insgesamt 775 Kilogramm Kupfer zuordnen.<\/span><br \/><br \/><span style=\"font-size: 12pt;\">Bereits in der Nacht zum 06.11.2021 fiel Kr\u00e4ften der Zivilen Einsatzgruppe der Polizei Schwabach in Heideck ein verd\u00e4chtiges Fahrzeug in der N\u00e4he eines Vereinsheims auf. Nachdem sich der Sprinter zun\u00e4chst unerkannt entfernte, konnten ihn die Zivilkr\u00e4fte knapp eineinhalb Stunden sp\u00e4ter im etwa zehn Kilometer entfernten Industriegebiet von R\u00f6ttenbach erneut antreffen und kontrollieren. Zeitgleich hatte die Polizei festgestellt, dass in das Vereinsheim in Heideck eingebrochen worden war und die unbekannten T\u00e4ter am Geb\u00e4ude die Kupferdachrinnen abmontiert hatten.<\/span><br \/><br \/><span style=\"font-size: 12pt;\">In dem Fahrzeug, das mit zwei M\u00e4nnern im Alter von 18 und 26 Jahren besetzt war, konnten die Polizisten zwar kein Diebesgut, daf\u00fcr aber das vermeintliche Tatwerkzeug f\u00fcr den Einbruch in Heideck auffinden. Da der Verdacht nahe lag, dass die beiden Diebe ihre Beute kurz zuvor im R\u00f6ttenbacher Industriegebiet versteckt hatten, durchsuchten die Einsatzkr\u00e4fte auf richterliche Anordnung noch in der Nacht das Areal. In einem Container auf dem Gel\u00e4nde konnten die Polizisten schlie\u00dflich eine gro\u00dfe Menge an mutma\u00dflichem Diebesgut auffinden. Unter anderem lagerten die Tatverd\u00e4chtigen hier gestohlene Fahrr\u00e4der, Rasenm\u00e4her und diverse Werkzeuge.<\/span><br \/><br \/><span style=\"font-size: 12pt;\">Die beiden M\u00e4nner, die keinen festen Wohnsitz in Deutschland haben, wurden daraufhin festgenommen und dem Ermittlungsrichter vorgef\u00fchrt. Dieser erlie\u00df gegen beide einen Haftbefehl.<\/span><br \/><br \/><span style=\"font-size: 12pt;\">Zur Bew\u00e4ltigung der umfangreichen Ermittlungsarbeit rund um die T\u00e4ter und das aufgefundene Diebesgut richtete die Kriminalpolizei Schwabach noch im November 2021 eine Arbeitsgruppe ein. Diese befasste sich in den letzten Monaten unter anderem intensiv mit Spurensicherungen am Tatort, Eigent\u00fcmerermittlungen zum aufgefundenen Diebesgut, Zeugenvernehmungen und der Auswertung von Speichermedien und Mobiltelefonen.<\/span><br \/><br \/><span style=\"font-size: 12pt;\">Letztlich konnte die Kriminalpolizei Schwabach insgesamt mehr als 20 Eigentumsdelikte im Zusammenhang mit dem verhafteten Duo kl\u00e4ren und ihre Ermittlungen vor wenigen Tagen abschlie\u00dfen. Die M\u00e4nner stehen im Verdacht, in einem Tatzeitraum von sechs Monaten mehrfach besonders schwere Diebst\u00e4hle von insgesamt 775 Kilogramm Kupfer und anderen Gegenst\u00e4nden im Gesamtwert von knapp 30.000 Euro begangen zu haben.<\/span><br \/><br \/><strong><span style=\"font-size: 12pt;\">Erstellt durch: Lisa Hierl \/ bl<\/span><\/strong><br \/><br \/><span style=\"font-size: 12pt;\">Original-Content von: Polizeipr\u00e4sidium Mittelfranken\u00a0<\/span><\/p>\t\t\t\t\t\t<\/div>\n\t\t\t\t<\/div>\n\t\t\t\t<div class=\"elementor-element elementor-element-6c3f9de elementor-widget elementor-widget-shortcode\" data-id=\"6c3f9de\" data-element_type=\"widget\" data-widget_type=\"shortcode.default\">\n\t\t\t\t<div class=\"elementor-widget-container\">\n\t\t\t\t\t<div class=\"elementor-shortcode\"><center><a href=\"https:\/\/a.partner-versicherung.de\/click.php?partner_id=19992&ad_id=441&deep=kfz-versicherung\"  target=\"_blank\"><img decoding=\"async\" src=\"https:\/\/a.partner-versicherung.de\/view.php?partner_id=19992&ad_id=441\" ><\/a><\/center><\/div>\n\t\t\t\t<\/div>\n\t\t\t\t<\/div>\n\t\t\t\t<div class=\"elementor-element elementor-element-ace1283 elementor-widget-divider--view-line elementor-widget elementor-widget-divider\" data-id=\"ace1283\" data-element_type=\"widget\" data-widget_type=\"divider.default\">\n\t\t\t\t<div class=\"elementor-widget-container\">\n\t\t\t\t\t<div class=\"elementor-divider\">\n\t\t\t<span class=\"elementor-divider-separator\">\n\t\t\t\t\t\t<\/span>\n\t\t<\/div>\n\t\t\t\t<\/div>\n\t\t\t\t<\/div>\n\t\t\t\t<div class=\"elementor-element elementor-element-ac34ac3 elementor-widget elementor-widget-google_maps\" data-id=\"ac34ac3\" data-element_type=\"widget\" data-widget_type=\"google_maps.default\">\n\t\t\t\t<div class=\"elementor-widget-container\">\n\t\t\t\t\t<div class=\"elementor-custom-embed\">\n\t\t\t<iframe loading=\"lazy\"\n\t\t\t\t\tsrc=\"https:\/\/maps.google.com\/maps?q=Schwabach%2C%20Deutschland&#038;t=m&#038;z=10&#038;output=embed&#038;iwloc=near\"\n\t\t\t\t\ttitle=\"Schwabach, Deutschland\"\n\t\t\t\t\taria-label=\"Schwabach, Deutschland\"\n\t\t\t><\/iframe>\n\t\t<\/div>\n\t\t\t\t<\/div>\n\t\t\t\t<\/div>\n\t\t\t\t\t<\/div>\n\t\t<\/div>\n\t\t\t\t<div class=\"elementor-column elementor-col-50 elementor-top-column elementor-element elementor-element-4ce46fb\" data-id=\"4ce46fb\" data-element_type=\"column\">\n\t\t\t<div class=\"elementor-widget-wrap elementor-element-populated\">\n\t\t\t\t\t\t<div class=\"elementor-element elementor-element-38f4e35 elementor-widget elementor-widget-heading\" data-id=\"38f4e35\" data-element_type=\"widget\" data-widget_type=\"heading.default\">\n\t\t\t\t<div class=\"elementor-widget-container\">\n\t\t\t<h3 class=\"elementor-heading-title elementor-size-default\">Schnell vergleichen und sparen!<\/h3>\t\t<\/div>\n\t\t\t\t<\/div>\n\t\t\t\t<div class=\"elementor-element elementor-element-92c49bc elementor-widget elementor-widget-wp-widget-advads_ad_widget\" data-id=\"92c49bc\" data-element_type=\"widget\" data-widget_type=\"wp-widget-advads_ad_widget.default\">\n\t\t\t\t<div class=\"elementor-widget-container\">\n\t\t\t<div id=\"regio-3343903699\"><div class=\"regio-adlabel\">Werbung<\/div><!-- Beginn https:\/\/www.financeads.net\/-Code --><a href=\"https:\/\/www.financeads.net\/tc.php?t=36648C236142529B\" target=\"_blank\"><img fetchpriority=\"high\" decoding=\"async\" src=\"https:\/\/www.financeads.net\/tb.php?t=36648V236142529B&https=1\" alt=\"\" border=\"0\" width=\"300\" height=\"250\"><\/a><!-- Ende https:\/\/www.financeads.net\/-Code --><\/div>\t\t<\/div>\n\t\t\t\t<\/div>\n\t\t\t\t<div class=\"elementor-element elementor-element-cb0c78c elementor-widget elementor-widget-wp-widget-advads_ad_widget\" data-id=\"cb0c78c\" data-element_type=\"widget\" data-widget_type=\"wp-widget-advads_ad_widget.default\">\n\t\t\t\t<div class=\"elementor-widget-container\">\n\t\t\t<div id=\"regio-3686525758\"><div class=\"regio-adlabel\">Werbung<\/div><!-- Beginn https:\/\/www.financeads.net\/-Code --><a href=\"https:\/\/www.financeads.net\/tc.php?t=36648C42614510B\" target=\"_blank\"><img decoding=\"async\" src=\"https:\/\/www.financeads.net\/tb.php?t=36648V42614510B&https=1\" alt=\"\" border=\"0\" width=\"200\" height=\"300\"><\/a><!-- Ende https:\/\/www.financeads.net\/-Code --><\/div>\t\t<\/div>\n\t\t\t\t<\/div>\n\t\t\t\t<div class=\"elementor-element elementor-element-31c9ced elementor-widget elementor-widget-wp-widget-advads_ad_widget\" data-id=\"31c9ced\" data-element_type=\"widget\" data-widget_type=\"wp-widget-advads_ad_widget.default\">\n\t\t\t\t<div class=\"elementor-widget-container\">\n\t\t\t<div id=\"regio-224871234\"><div class=\"regio-adlabel\">Werbung<\/div><!-- Beginn https:\/\/www.financeads.net\/-Code --><a href=\"https:\/\/www.financeads.net\/tc.php?t=36648C205040072B\" target=\"_blank\"><img decoding=\"async\" src=\"https:\/\/www.financeads.net\/tb.php?t=36648V205040072B&https=1\" alt=\"\" border=\"0\" width=\"300\" height=\"250\"><\/a><!-- Ende https:\/\/www.financeads.net\/-Code --><\/div>\t\t<\/div>\n\t\t\t\t<\/div>\n\t\t\t\t<div class=\"elementor-element elementor-element-0344b9f elementor-widget elementor-widget-wp-widget-advads_ad_widget\" data-id=\"0344b9f\" data-element_type=\"widget\" data-widget_type=\"wp-widget-advads_ad_widget.default\">\n\t\t\t\t<div class=\"elementor-widget-container\">\n\t\t\t<div id=\"regio-3894111882\"><div class=\"regio-adlabel\">Werbung<\/div><!-- Beginn https:\/\/www.financeads.net\/-Code --><a href=\"https:\/\/www.financeads.net\/tc.php?t=36648C271460142B\" target=\"_blank\"><img loading=\"lazy\" decoding=\"async\" src=\"https:\/\/www.financeads.net\/tb.php?t=36648V271460142B&https=1\" alt=\"PETPROTECT_Hund&Katze_Banner\" border=\"0\" width=\"250\" height=\"250\"><\/a><!-- Ende https:\/\/www.financeads.net\/-Code --><\/div>\t\t<\/div>\n\t\t\t\t<\/div>\n\t\t\t\t<div class=\"elementor-element elementor-element-925a101 elementor-widget elementor-widget-wp-widget-advads_ad_widget\" data-id=\"925a101\" data-element_type=\"widget\" data-widget_type=\"wp-widget-advads_ad_widget.default\">\n\t\t\t\t<div class=\"elementor-widget-container\">\n\t\t\t<div id=\"regio-3356600292\"><div class=\"regio-adlabel\">Werbung<\/div><!-- Beginn https:\/\/www.financeads.net\/-Code --><a href=\"https:\/\/www.financeads.net\/tc.php?t=36648C205040072B\" target=\"_blank\"><img decoding=\"async\" src=\"https:\/\/www.financeads.net\/tb.php?t=36648V205040072B&https=1\" alt=\"\" border=\"0\" width=\"300\" height=\"250\"><\/a><!-- Ende https:\/\/www.financeads.net\/-Code --><\/div>\t\t<\/div>\n\t\t\t\t<\/div>\n\t\t\t\t\t<\/div>\n\t\t<\/div>\n\t\t\t\t\t<\/div>\n\t\t<\/section>\n\t\t\t\t<\/div>\n\t\t","protected":false},"excerpt":{"rendered":"<div class=\"mh-excerpt\"><p>Polizei verhaftet Kupferdiebe R\u00f6ttenbach \/ Heideck (ots) &#8211; Anfang November 2021 nahm die Polizei in R\u00f6ttenbach (Lkrs. Roth) zwei M\u00e4nner fest, nachdem diese unmittelbar zuvor von einem Vereinsheim in Heideck (ebenfalls Lkrs. Roth) die Kupferdachrinnen <a class=\"mh-excerpt-more\" href=\"https:\/\/www.region-schwabach.de\/wordpress\/kriminalpolizei-schwabach-klart-serie-von-kupferdiebstahlen-zwei-personen-in-haft\/\" title=\"Kriminalpolizei Schwabach kl\u00e4rt Serie von Kupferdiebst\u00e4hlen &#8211; zwei Personen in Haft\">[&#8230;]<\/a><\/p>\n<\/div>","protected":false},"author":1,"featured_media":163887,"comment_status":"open","ping_status":"open","sticky":false,"template":"","format":"standard","meta":{"_cbd_carousel_blocks":"[]","footnotes":""},"categories":[15],"tags":[17376,2315,3611,2169,30,217,15150,10458,2398,43,3074,469,596,633,549,4194,18477,16968,17079,981,3470,32,815,19,1577,10162,812,1611],"class_list":{"0":"post-163886","1":"post","2":"type-post","3":"status-publish","4":"format-standard","5":"has-post-thumbnail","7":"category-polizeimeldungen","8":"tag-06-11-2021","9":"tag-container","10":"tag-demontage","11":"tag-diebesgut","12":"tag-diebstahl","13":"tag-einbruch","14":"tag-einbruchsdiebstahl","15":"tag-ermittlungsrichter","16":"tag-fahrraeder","17":"tag-festnahme","18":"tag-gebaeude","19":"tag-haftbefehl","20":"tag-heideck","21":"tag-industriegebiet","22":"tag-kleintransporter","23":"tag-kriminalpolizei","24":"tag-kupferdachrinnen","25":"tag-kupferdiebstahl","26":"tag-november-2021","27":"tag-polizei","28":"tag-rasenmaeher","29":"tag-roth","30":"tag-roettenbach","31":"tag-schwabach","32":"tag-sprinter","33":"tag-tatwerkzeug","34":"tag-vereinsheim","35":"tag-werkzeug"},"_links":{"self":[{"href":"https:\/\/www.region-schwabach.de\/wordpress\/wp-json\/wp\/v2\/posts\/163886","targetHints":{"allow":["GET"]}}],"collection":[{"href":"https:\/\/www.region-schwabach.de\/wordpress\/wp-json\/wp\/v2\/posts"}],"about":[{"href":"https:\/\/www.region-schwabach.de\/wordpress\/wp-json\/wp\/v2\/types\/post"}],"author":[{"embeddable":true,"href":"https:\/\/www.region-schwabach.de\/wordpress\/wp-json\/wp\/v2\/users\/1"}],"replies":[{"embeddable":true,"href":"https:\/\/www.region-schwabach.de\/wordpress\/wp-json\/wp\/v2\/comments?post=163886"}],"version-history":[{"count":0,"href":"https:\/\/www.region-schwabach.de\/wordpress\/wp-json\/wp\/v2\/posts\/163886\/revisions"}],"wp:featuredmedia":[{"embeddable":true,"href":"https:\/\/www.region-schwabach.de\/wordpress\/wp-json\/wp\/v2\/media\/163887"}],"wp:attachment":[{"href":"https:\/\/www.region-schwabach.de\/wordpress\/wp-json\/wp\/v2\/media?parent=163886"}],"wp:term":[{"taxonomy":"category","embeddable":true,"href":"https:\/\/www.region-schwabach.de\/wordpress\/wp-json\/wp\/v2\/categories?post=163886"},{"taxonomy":"post_tag","embeddable":true,"href":"https:\/\/www.region-schwabach.de\/wordpress\/wp-json\/wp\/v2\/tags?post=163886"}],"curies":[{"name":"wp","href":"https:\/\/api.w.org\/{rel}","templated":true}]}}