{"id":164592,"date":"2022-03-08T01:00:00","date_gmt":"2022-03-08T00:00:00","guid":{"rendered":"https:\/\/www.region-schwabach.de\/wordpress\/?p=164592"},"modified":"2022-03-07T19:40:22","modified_gmt":"2022-03-07T18:40:22","slug":"warnstreiks-in-schwabacher-kitas-am-dienstag-den-8-marz-2022-stadtverwaltung-richtet-notbetreuung-ein","status":"publish","type":"post","link":"https:\/\/www.region-schwabach.de\/wordpress\/warnstreiks-in-schwabacher-kitas-am-dienstag-den-8-marz-2022-stadtverwaltung-richtet-notbetreuung-ein\/","title":{"rendered":"Warnstreiks in Schwabacher Kitas am Dienstag, den 8. M\u00e4rz 2022 &#8211; Stadtverwaltung richtet Notbetreuung ein"},"content":{"rendered":"\t\t<div data-elementor-type=\"wp-post\" data-elementor-id=\"164592\" class=\"elementor elementor-164592\">\n\t\t\t\t\t\t<section class=\"elementor-section elementor-top-section elementor-element elementor-element-1cuv9jr elementor-section-boxed elementor-section-height-default elementor-section-height-default\" data-id=\"1cuv9jr\" data-element_type=\"section\">\n\t\t\t\t\t\t<div class=\"elementor-container elementor-column-gap-default\">\n\t\t\t\t\t<div class=\"elementor-column elementor-col-66 elementor-top-column elementor-element elementor-element-q5zak7b\" data-id=\"q5zak7b\" data-element_type=\"column\">\n\t\t\t<div class=\"elementor-widget-wrap elementor-element-populated\">\n\t\t\t\t\t\t<div class=\"elementor-element elementor-element-119837c elementor-widget elementor-widget-wp-widget-advads_ad_widget\" data-id=\"119837c\" data-element_type=\"widget\" data-widget_type=\"wp-widget-advads_ad_widget.default\">\n\t\t\t\t<div class=\"elementor-widget-container\">\n\t\t\t<div id=\"regio-3469400058\"><div class=\"regio-adlabel\">Werbung<\/div><center><a href=\"https:\/\/a.partner-versicherung.de\/click.php?partner_id=19992&ad_id=1578&deep=kreditkarten\"  target=\"_blank\"><img decoding=\"async\" src=\"https:\/\/a.partner-versicherung.de\/view.php?partner_id=19992&ad_id=1578\" ><\/a><\/center><\/div>\t\t<\/div>\n\t\t\t\t<\/div>\n\t\t\t\t<div class=\"elementor-element elementor-element-86qws23 elementor-widget elementor-widget-text-editor\" data-id=\"86qws23\" data-element_type=\"widget\" data-widget_type=\"text-editor.default\">\n\t\t\t\t<div class=\"elementor-widget-container\">\n\t\t\t\t\t\t\t<h3>F\u00fcr Dienstag, den 8. M\u00e4rz 2022, sind Warnstreiks der Besch\u00e4ftigten der Kitas und sozialen Dienste angek\u00fcndigt<\/h3><p><span style=\"font-size: 12pt;\">Schwabach &#8211; Am Dienstag, den 8. M\u00e4rz 2022, sind auch in Schwabach die Besch\u00e4ftigten der Kitas und sozialen Dienste zum Warnstreik aufgerufen.\u00a0<\/span><\/p><h3>Notbetreuung wird eingerichtet\u00a0<\/h3><p><span style=\"font-size: 12pt;\">In Schwabach wurde auch in den vier st\u00e4dtischen Kindertageseinrichtungen (Anne-Frank-Kindergarten, Kindergarten Forsthof, Altstadt Haus der Kinder und Waldemar-Bergner-Kindergarten) zum Warnstreik aufgerufen. Welche Einrichtungen tats\u00e4chlich bestreikt werden, entscheidet sich erst kurzfristig. Eltern werden daher gebeten, sich am Montag, 7. M\u00e4rz, bei den Leitungen der Kitas zu informieren. Die Stadtverwaltung richtet f\u00fcr den 8. M\u00e4rz eine Notbetreuung ein.<\/span><\/p><h3>Nur begrenzte Kapazit\u00e4t f\u00fcr Notbetreuung verf\u00fcgbar\u00a0<\/h3><p><span style=\"font-size: 12pt;\">Die Eltern werden gebeten, soweit es ihnen m\u00f6glich ist, eine alternative Betreuungsm\u00f6glichkeit des Kindes oder der Kinder zum Beispiel innerhalb der Familie oder gemeinsame Kinderbetreuung durch Nachbarn und Freunde zu suchen. Die Notdienstbetreuung sollte aufgrund der begrenzten Kapazit\u00e4t nur von den Kindern in Anspruch genommen werden, deren Familien keine andere L\u00f6sung finden k\u00f6nnen.<\/span><\/p><h3><span style=\"font-size: 14pt;\">Testnachweispflicht f\u00fcr den Besuch einer Notdiensteinrichtung erforderlich\u00a0<\/span><\/h3><p><span style=\"font-size: 12pt;\">F\u00fcr den Besuch einer Notdiensteinrichtung gilt die aktuelle Testnachweispflicht: Kinder ab vollendetem ersten Lebensjahr bis zur Einschulung m\u00fcssen ein aktuelles negatives Testergebnis mitbringen. Auch in den Notdiensteinrichtungen gelten die aktuellen Hygiene- und Schutzkonzepte.<\/span><\/p><h3>Ab Mittwoch wird wieder mit Normalbetrieb gerechnet\u00a0<\/h3><p><span style=\"font-size: 12pt;\">Ab Mittwoch, den 9. M\u00e4rz 2022, sind die st\u00e4dtischen Kindertageseinrichtungen voraussichtlich wieder wie gewohnt ge\u00f6ffnet. Das Jugendamt informiert, falls erneut gestreikt wird.\u00a0<\/span><\/p>\t\t\t\t\t\t<\/div>\n\t\t\t\t<\/div>\n\t\t\t\t<div class=\"elementor-element elementor-element-6587193 elementor-widget elementor-widget-shortcode\" data-id=\"6587193\" data-element_type=\"widget\" data-widget_type=\"shortcode.default\">\n\t\t\t\t<div class=\"elementor-widget-container\">\n\t\t\t\t\t<div class=\"elementor-shortcode\"><center><a href=\"https:\/\/a.partner-versicherung.de\/click.php?partner_id=19992&ad_id=441&deep=kfz-versicherung\"  target=\"_blank\"><img decoding=\"async\" src=\"https:\/\/a.partner-versicherung.de\/view.php?partner_id=19992&ad_id=441\" ><\/a><\/center><\/div>\n\t\t\t\t<\/div>\n\t\t\t\t<\/div>\n\t\t\t\t<div class=\"elementor-element elementor-element-1l7zbzo elementor-widget elementor-widget-google_maps\" data-id=\"1l7zbzo\" data-element_type=\"widget\" data-widget_type=\"google_maps.default\">\n\t\t\t\t<div class=\"elementor-widget-container\">\n\t\t\t\t\t<div class=\"elementor-custom-embed\">\n\t\t\t<iframe loading=\"lazy\"\n\t\t\t\t\tsrc=\"https:\/\/maps.google.com\/maps?q=Schwabach%2C%20Deutschland&#038;t=m&#038;z=15&#038;output=embed&#038;iwloc=near\"\n\t\t\t\t\ttitle=\"Schwabach, Deutschland\"\n\t\t\t\t\taria-label=\"Schwabach, Deutschland\"\n\t\t\t><\/iframe>\n\t\t<\/div>\n\t\t\t\t<\/div>\n\t\t\t\t<\/div>\n\t\t\t\t\t<\/div>\n\t\t<\/div>\n\t\t\t\t<div class=\"elementor-column elementor-col-33 elementor-top-column elementor-element elementor-element-0w0urt1\" data-id=\"0w0urt1\" data-element_type=\"column\">\n\t\t\t<div class=\"elementor-widget-wrap elementor-element-populated\">\n\t\t\t\t\t\t<div class=\"elementor-element elementor-element-ae00abe elementor-widget elementor-widget-heading\" data-id=\"ae00abe\" data-element_type=\"widget\" data-widget_type=\"heading.default\">\n\t\t\t\t<div class=\"elementor-widget-container\">\n\t\t\t<h3 class=\"elementor-heading-title elementor-size-default\">Schnell vergleichen und sparen!<\/h3>\t\t<\/div>\n\t\t\t\t<\/div>\n\t\t\t\t<div class=\"elementor-element elementor-element-ad159b7 elementor-widget elementor-widget-wp-widget-advads_ad_widget\" data-id=\"ad159b7\" data-element_type=\"widget\" data-widget_type=\"wp-widget-advads_ad_widget.default\">\n\t\t\t\t<div class=\"elementor-widget-container\">\n\t\t\t<div id=\"regio-3018613571\"><div class=\"regio-adlabel\">Werbung<\/div><!-- Beginn https:\/\/www.financeads.net\/-Code --><a href=\"https:\/\/www.financeads.net\/tc.php?t=36648C236142529B\" target=\"_blank\"><img fetchpriority=\"high\" decoding=\"async\" src=\"https:\/\/www.financeads.net\/tb.php?t=36648V236142529B&https=1\" alt=\"\" border=\"0\" width=\"300\" height=\"250\"><\/a><!-- Ende https:\/\/www.financeads.net\/-Code --><\/div>\t\t<\/div>\n\t\t\t\t<\/div>\n\t\t\t\t<div class=\"elementor-element elementor-element-528dcf7 elementor-widget elementor-widget-wp-widget-advads_ad_widget\" data-id=\"528dcf7\" data-element_type=\"widget\" data-widget_type=\"wp-widget-advads_ad_widget.default\">\n\t\t\t\t<div class=\"elementor-widget-container\">\n\t\t\t<div id=\"regio-1778085793\"><div class=\"regio-adlabel\">Werbung<\/div><!-- Beginn https:\/\/www.financeads.net\/-Code --><a href=\"https:\/\/www.financeads.net\/tc.php?t=36648C42614510B\" target=\"_blank\"><img decoding=\"async\" src=\"https:\/\/www.financeads.net\/tb.php?t=36648V42614510B&https=1\" alt=\"\" border=\"0\" width=\"200\" height=\"300\"><\/a><!-- Ende https:\/\/www.financeads.net\/-Code --><\/div>\t\t<\/div>\n\t\t\t\t<\/div>\n\t\t\t\t<div class=\"elementor-element elementor-element-3bc4796 elementor-widget elementor-widget-wp-widget-advads_ad_widget\" data-id=\"3bc4796\" data-element_type=\"widget\" data-widget_type=\"wp-widget-advads_ad_widget.default\">\n\t\t\t\t<div class=\"elementor-widget-container\">\n\t\t\t<div id=\"regio-721046998\"><div class=\"regio-adlabel\">Werbung<\/div><!-- Beginn https:\/\/www.financeads.net\/-Code --><a href=\"https:\/\/www.financeads.net\/tc.php?t=36648C271460142B\" target=\"_blank\"><img decoding=\"async\" src=\"https:\/\/www.financeads.net\/tb.php?t=36648V271460142B&https=1\" alt=\"PETPROTECT_Hund&Katze_Banner\" border=\"0\" width=\"250\" height=\"250\"><\/a><!-- Ende https:\/\/www.financeads.net\/-Code --><\/div>\t\t<\/div>\n\t\t\t\t<\/div>\n\t\t\t\t<div class=\"elementor-element elementor-element-7a85043 elementor-widget elementor-widget-wp-widget-advads_ad_widget\" data-id=\"7a85043\" data-element_type=\"widget\" data-widget_type=\"wp-widget-advads_ad_widget.default\">\n\t\t\t\t<div class=\"elementor-widget-container\">\n\t\t\t<div id=\"regio-3833615413\"><div class=\"regio-adlabel\">Werbung<\/div><!-- Beginn https:\/\/www.financeads.net\/-Code --><a href=\"https:\/\/www.financeads.net\/tc.php?t=36648C205040072B\" target=\"_blank\"><img loading=\"lazy\" decoding=\"async\" src=\"https:\/\/www.financeads.net\/tb.php?t=36648V205040072B&https=1\" alt=\"\" border=\"0\" width=\"300\" height=\"250\"><\/a><!-- Ende https:\/\/www.financeads.net\/-Code --><\/div>\t\t<\/div>\n\t\t\t\t<\/div>\n\t\t\t\t\t<\/div>\n\t\t<\/div>\n\t\t\t\t\t<\/div>\n\t\t<\/section>\n\t\t\t\t<\/div>\n\t\t","protected":false},"excerpt":{"rendered":"<div class=\"mh-excerpt\"><p>F\u00fcr Dienstag, den 8. M\u00e4rz 2022, sind Warnstreiks der Besch\u00e4ftigten der Kitas und sozialen Dienste angek\u00fcndigt Schwabach &#8211; Am Dienstag, den 8. M\u00e4rz 2022, sind auch in Schwabach die Besch\u00e4ftigten der Kitas und sozialen Dienste <a class=\"mh-excerpt-more\" href=\"https:\/\/www.region-schwabach.de\/wordpress\/warnstreiks-in-schwabacher-kitas-am-dienstag-den-8-marz-2022-stadtverwaltung-richtet-notbetreuung-ein\/\" title=\"Warnstreiks in Schwabacher Kitas am Dienstag, den 8. M\u00e4rz 2022 &#8211; Stadtverwaltung richtet Notbetreuung ein\">[&#8230;]<\/a><\/p>\n<\/div>","protected":false},"author":1,"featured_media":164593,"comment_status":"open","ping_status":"open","sticky":false,"template":"","format":"standard","meta":{"_cbd_carousel_blocks":"[]","footnotes":""},"categories":[16,1,287,13,79,61,46],"tags":[18538,18537,18539,7115,7118,3494,522,15141,1480,19,18536,72,2176,2180,12649,3493],"class_list":{"0":"post-164592","1":"post","2":"type-post","3":"status-publish","4":"format-standard","5":"has-post-thumbnail","7":"category-aktuell","8":"category-allgemein","9":"category-jugend-und-familie","10":"category-nachrichten","11":"category-politik","12":"category-rathaus","13":"category-verbaende","14":"tag-08-03-2022","15":"tag-8-maerz-2022","16":"tag-altstadt-haus-der-kinder","17":"tag-anne-frank-kindergarten","18":"tag-kindergarten-forsthof","19":"tag-kindertagesstaetten","20":"tag-koenigsplatz","21":"tag-notbetreuung","22":"tag-rathaus","23":"tag-schwabach","24":"tag-soziale-dienste","25":"tag-stadtverwaltung","26":"tag-streik","27":"tag-tarifverhandlungen","28":"tag-waldemar-bergner-kindergarten","29":"tag-warnstreik"},"_links":{"self":[{"href":"https:\/\/www.region-schwabach.de\/wordpress\/wp-json\/wp\/v2\/posts\/164592","targetHints":{"allow":["GET"]}}],"collection":[{"href":"https:\/\/www.region-schwabach.de\/wordpress\/wp-json\/wp\/v2\/posts"}],"about":[{"href":"https:\/\/www.region-schwabach.de\/wordpress\/wp-json\/wp\/v2\/types\/post"}],"author":[{"embeddable":true,"href":"https:\/\/www.region-schwabach.de\/wordpress\/wp-json\/wp\/v2\/users\/1"}],"replies":[{"embeddable":true,"href":"https:\/\/www.region-schwabach.de\/wordpress\/wp-json\/wp\/v2\/comments?post=164592"}],"version-history":[{"count":0,"href":"https:\/\/www.region-schwabach.de\/wordpress\/wp-json\/wp\/v2\/posts\/164592\/revisions"}],"wp:featuredmedia":[{"embeddable":true,"href":"https:\/\/www.region-schwabach.de\/wordpress\/wp-json\/wp\/v2\/media\/164593"}],"wp:attachment":[{"href":"https:\/\/www.region-schwabach.de\/wordpress\/wp-json\/wp\/v2\/media?parent=164592"}],"wp:term":[{"taxonomy":"category","embeddable":true,"href":"https:\/\/www.region-schwabach.de\/wordpress\/wp-json\/wp\/v2\/categories?post=164592"},{"taxonomy":"post_tag","embeddable":true,"href":"https:\/\/www.region-schwabach.de\/wordpress\/wp-json\/wp\/v2\/tags?post=164592"}],"curies":[{"name":"wp","href":"https:\/\/api.w.org\/{rel}","templated":true}]}}