{"id":165721,"date":"2022-03-17T01:00:00","date_gmt":"2022-03-17T00:00:00","guid":{"rendered":"https:\/\/www.region-schwabach.de\/wordpress\/?p=165721"},"modified":"2022-03-17T12:03:20","modified_gmt":"2022-03-17T11:03:20","slug":"waldemar-bergner-kindergarten-freut-sich-uber-grosszugige-spende-der-firma-rebe-der-raiffeisenbank-und-der-sparkasse","status":"publish","type":"post","link":"https:\/\/www.region-schwabach.de\/wordpress\/waldemar-bergner-kindergarten-freut-sich-uber-grosszugige-spende-der-firma-rebe-der-raiffeisenbank-und-der-sparkasse\/","title":{"rendered":"Waldemar-Bergner-Kindergarten freut sich \u00fcber gro\u00dfz\u00fcgige Spende der Firma REBE, der Raiffeisenbank und der Sparkasse"},"content":{"rendered":"\t\t<div data-elementor-type=\"wp-post\" data-elementor-id=\"165721\" class=\"elementor elementor-165721\">\n\t\t\t\t\t\t<section class=\"elementor-section elementor-top-section elementor-element elementor-element-678181b elementor-section-boxed elementor-section-height-default elementor-section-height-default\" data-id=\"678181b\" data-element_type=\"section\">\n\t\t\t\t\t\t<div class=\"elementor-container elementor-column-gap-default\">\n\t\t\t\t\t<div class=\"elementor-column elementor-col-50 elementor-top-column elementor-element elementor-element-6b34026\" data-id=\"6b34026\" data-element_type=\"column\">\n\t\t\t<div class=\"elementor-widget-wrap elementor-element-populated\">\n\t\t\t\t\t\t<div class=\"elementor-element elementor-element-a974366 elementor-widget elementor-widget-wp-widget-advads_ad_widget\" data-id=\"a974366\" data-element_type=\"widget\" data-widget_type=\"wp-widget-advads_ad_widget.default\">\n\t\t\t\t<div class=\"elementor-widget-container\">\n\t\t\t<div id=\"regio-713133863\"><div class=\"regio-adlabel\">Werbung<\/div><center><a href=\"https:\/\/a.partner-versicherung.de\/click.php?partner_id=19992&ad_id=1578&deep=kreditkarten\"  target=\"_blank\"><img decoding=\"async\" src=\"https:\/\/a.partner-versicherung.de\/view.php?partner_id=19992&ad_id=1578\" ><\/a><\/center><\/div>\t\t<\/div>\n\t\t\t\t<\/div>\n\t\t\t\t<div class=\"elementor-element elementor-element-443ab98 elementor-widget elementor-widget-text-editor\" data-id=\"443ab98\" data-element_type=\"widget\" data-widget_type=\"text-editor.default\">\n\t\t\t\t<div class=\"elementor-widget-container\">\n\t\t\t\t\t\t\t<h3><span id=\"page32R_mcid10\" class=\"markedContent\"><span dir=\"ltr\" role=\"presentation\">\u00dcber 7.000 Euro f\u00fcr Kletterger\u00fcst<\/span><\/span><span id=\"page32R_mcid11\" class=\"markedContent\"><br role=\"presentation\" \/><span dir=\"ltr\" role=\"presentation\">Gro\u00dfz\u00fcgige Spende f\u00fcr die Kleinsten\u00a0<\/span><\/span><\/h3><p><span style=\"font-size: 12pt;\">Schwabach &#8211; <span id=\"page32R_mcid12\" class=\"markedContent\"><span dir=\"ltr\" role=\"presentation\">Die Kleinsten in der Waldemar-Bergner-Kindertagesst\u00e4tte (Kita), die <\/span><span dir=\"ltr\" role=\"presentation\">Krippenkinder, k\u00f6nnen sein Kurzem ihren Bewegungsdrang auf einem neuen <\/span><span dir=\"ltr\" role=\"presentation\">Kletterger\u00fcst ausleben. M\u00f6glich gemacht hat dies eine gro\u00dfz\u00fcgige Spende der <\/span><span dir=\"ltr\" role=\"presentation\">Firma RIBE, der Raiffeisenbank Roth-Schwabach und der Sparkasse <\/span><span dir=\"ltr\" role=\"presentation\">Mittelfranken-S\u00fcd. Der Elternbeirat der Einrichtung hatte um Unterst\u00fctzung <\/span><span dir=\"ltr\" role=\"presentation\">gebeten und so konnte das Kletterger\u00fcst f\u00fcr Kleinkinder f\u00fcr \u00fcber 7.000 Euro <\/span><span dir=\"ltr\" role=\"presentation\">beschafft werden. Das Amt f\u00fcr Geb\u00e4udemanagement und das Baubetriebsamt <\/span><span dir=\"ltr\" role=\"presentation\">haben sich um den Aufbau, den Untergrund mit Fallschutz und die Umrandung <\/span><span dir=\"ltr\" role=\"presentation\">gek\u00fcmmert. Zudem musste noch eine Netzschaukel versetzt werden.<\/span><\/span><span id=\"page32R_mcid13\" class=\"markedContent\"><\/span><span id=\"page32R_mcid14\" class=\"markedContent\"><br role=\"presentation\" \/><\/span><\/span><\/p><p><span style=\"font-size: 12pt;\"><span id=\"page32R_mcid14\" class=\"markedContent\"><span dir=\"ltr\" role=\"presentation\">\u201eF\u00fcr Kinder ist es wichtig, dass sie beim Klettern auch Schr\u00e4gen erklimmen <\/span><span dir=\"ltr\" role=\"presentation\">oder Stufen steigen\u201c, betont die Leiterin der Kita, Elke Schwarz. Das Ger\u00fcst hat <\/span><span dir=\"ltr\" role=\"presentation\">au\u00dferdem ein Kletternetz, einen Tunnel zum Durchkriechen und eine kleine <\/span><span dir=\"ltr\" role=\"presentation\">Rutsche \u2013 alles kleinkindgerecht. Bei einem Ortstermin konnten sich die <\/span><span dir=\"ltr\" role=\"presentation\">Vertreter der Sponsoren, Thomas Dann, Gesch\u00e4ftsf\u00fchrer der Firma RIBE, <\/span><span dir=\"ltr\" role=\"presentation\">Kundenberater Max Hinterleitner von der Raiffeisenbank Roth-Schwabach, <\/span><span dir=\"ltr\" role=\"presentation\">Frank Sch\u00f6ttler, Filialdirektor bei der Sparkasse Mittelfranken-S\u00fcd und der <\/span><span dir=\"ltr\" role=\"presentation\">Vorsitzende des Elternbeirats Jasper H\u00f6lzer davon \u00fcberzeugen, dass das neue <\/span><span dir=\"ltr\" role=\"presentation\">Spielger\u00e4t den Kindern sichtlich Freude macht. \u201eUnd die Bewegung an der <\/span><span dir=\"ltr\" role=\"presentation\">frischen Luft st\u00e4rkt zus\u00e4tzlich die Abwehrkr\u00e4fte, so Elke Schwarz.<\/span><\/span><span id=\"page32R_mcid15\" class=\"markedContent\"><\/span><span id=\"page32R_mcid16\" class=\"markedContent\"><br role=\"presentation\" \/><\/span><\/span><\/p><p><strong><span style=\"font-size: 12pt;\"><span id=\"page32R_mcid16\" class=\"markedContent\"><span dir=\"ltr\" role=\"presentation\">Foto (von links): Jasper H\u00f6lzer, Max Hinterleitner, Elke Schwarz, Thomas Dann <\/span><span dir=\"ltr\" role=\"presentation\">und Frank Sch\u00f6ttler freuen sich mit den Kindern \u00fcber die neue <\/span><span dir=\"ltr\" role=\"presentation\">Spielm\u00f6glichkeit.\u00a0<\/span><\/span><\/span><\/strong><\/p><h3>Weiterf\u00fchrende Links:<\/h3><p><a href=\"https:\/\/kita-waldemar-bergner.de\/website\/\" target=\"_blank\" rel=\"noopener\"><span style=\"font-size: 12pt;\">Zur Homepage der Waldemar-Bergner-Kindertagesst\u00e4tte geht es hier &#8230;<\/span><\/a><\/p>\t\t\t\t\t\t<\/div>\n\t\t\t\t<\/div>\n\t\t\t\t<div class=\"elementor-element elementor-element-5bef559 elementor-widget elementor-widget-shortcode\" data-id=\"5bef559\" data-element_type=\"widget\" data-widget_type=\"shortcode.default\">\n\t\t\t\t<div class=\"elementor-widget-container\">\n\t\t\t\t\t<div class=\"elementor-shortcode\"><!-- Beginn https:\/\/www.financeads.net\/-Code --><a href=\"https:\/\/www.financeads.net\/tc.php?t=36648C38513858B\" target=\"_blank\"><center><img decoding=\"async\" src=\"https:\/\/www.financeads.net\/tb.php?t=36648V38513858B&https=1\" alt=\"\" border=\"0\" width=\"468\" height=\"60\"><\/a><!-- Ende https:\/\/www.financeads.net\/-Code --><\/div>\n\t\t\t\t<\/div>\n\t\t\t\t<\/div>\n\t\t\t\t<div class=\"elementor-element elementor-element-0c834d7 elementor-widget-divider--view-line elementor-widget elementor-widget-divider\" data-id=\"0c834d7\" data-element_type=\"widget\" data-widget_type=\"divider.default\">\n\t\t\t\t<div class=\"elementor-widget-container\">\n\t\t\t\t\t<div class=\"elementor-divider\">\n\t\t\t<span class=\"elementor-divider-separator\">\n\t\t\t\t\t\t<\/span>\n\t\t<\/div>\n\t\t\t\t<\/div>\n\t\t\t\t<\/div>\n\t\t\t\t<div class=\"elementor-element elementor-element-d08c758 elementor-widget elementor-widget-google_maps\" data-id=\"d08c758\" data-element_type=\"widget\" data-widget_type=\"google_maps.default\">\n\t\t\t\t<div class=\"elementor-widget-container\">\n\t\t\t\t\t<div class=\"elementor-custom-embed\">\n\t\t\t<iframe loading=\"lazy\"\n\t\t\t\t\tsrc=\"https:\/\/maps.google.com\/maps?q=K%C3%B6nigsplatz1%2C%20Schwabach%2C%20Deutschland&#038;t=m&#038;z=17&#038;output=embed&#038;iwloc=near\"\n\t\t\t\t\ttitle=\"K\u00f6nigsplatz1, Schwabach, Deutschland\"\n\t\t\t\t\taria-label=\"K\u00f6nigsplatz1, Schwabach, Deutschland\"\n\t\t\t><\/iframe>\n\t\t<\/div>\n\t\t\t\t<\/div>\n\t\t\t\t<\/div>\n\t\t\t\t\t<\/div>\n\t\t<\/div>\n\t\t\t\t<div class=\"elementor-column elementor-col-50 elementor-top-column elementor-element elementor-element-a10fa29\" data-id=\"a10fa29\" data-element_type=\"column\">\n\t\t\t<div class=\"elementor-widget-wrap elementor-element-populated\">\n\t\t\t\t\t\t<div class=\"elementor-element elementor-element-e9e73a2 elementor-widget elementor-widget-heading\" data-id=\"e9e73a2\" data-element_type=\"widget\" data-widget_type=\"heading.default\">\n\t\t\t\t<div class=\"elementor-widget-container\">\n\t\t\t<h3 class=\"elementor-heading-title elementor-size-default\">Schnell vergleichen und sparen!<\/h3>\t\t<\/div>\n\t\t\t\t<\/div>\n\t\t\t\t<div class=\"elementor-element elementor-element-803dfb9 elementor-widget elementor-widget-wp-widget-advads_ad_widget\" data-id=\"803dfb9\" data-element_type=\"widget\" data-widget_type=\"wp-widget-advads_ad_widget.default\">\n\t\t\t\t<div class=\"elementor-widget-container\">\n\t\t\t<div id=\"regio-2004513621\"><div class=\"regio-adlabel\">Werbung<\/div><!-- Beginn https:\/\/www.financeads.net\/-Code --><a href=\"https:\/\/www.financeads.net\/tc.php?t=36648C236142529B\" target=\"_blank\"><img fetchpriority=\"high\" decoding=\"async\" src=\"https:\/\/www.financeads.net\/tb.php?t=36648V236142529B&https=1\" alt=\"\" border=\"0\" width=\"300\" height=\"250\"><\/a><!-- Ende https:\/\/www.financeads.net\/-Code --><\/div>\t\t<\/div>\n\t\t\t\t<\/div>\n\t\t\t\t<div class=\"elementor-element elementor-element-cd7f834 elementor-widget elementor-widget-wp-widget-advads_ad_widget\" data-id=\"cd7f834\" data-element_type=\"widget\" data-widget_type=\"wp-widget-advads_ad_widget.default\">\n\t\t\t\t<div class=\"elementor-widget-container\">\n\t\t\t<div id=\"regio-357758365\"><div class=\"regio-adlabel\">Werbung<\/div><!-- Beginn https:\/\/www.financeads.net\/-Code --><a href=\"https:\/\/www.financeads.net\/tc.php?t=36648C42614510B\" target=\"_blank\"><img decoding=\"async\" src=\"https:\/\/www.financeads.net\/tb.php?t=36648V42614510B&https=1\" alt=\"\" border=\"0\" width=\"200\" height=\"300\"><\/a><!-- Ende https:\/\/www.financeads.net\/-Code --><\/div>\t\t<\/div>\n\t\t\t\t<\/div>\n\t\t\t\t<div class=\"elementor-element elementor-element-a48f0dd elementor-widget elementor-widget-wp-widget-advads_ad_widget\" data-id=\"a48f0dd\" data-element_type=\"widget\" data-widget_type=\"wp-widget-advads_ad_widget.default\">\n\t\t\t\t<div class=\"elementor-widget-container\">\n\t\t\t<div id=\"regio-3826074750\"><div class=\"regio-adlabel\">Werbung<\/div><!-- Beginn https:\/\/www.financeads.net\/-Code --><a href=\"https:\/\/www.financeads.net\/tc.php?t=36648C205040072B\" target=\"_blank\"><img loading=\"lazy\" decoding=\"async\" src=\"https:\/\/www.financeads.net\/tb.php?t=36648V205040072B&https=1\" alt=\"\" border=\"0\" width=\"300\" height=\"250\"><\/a><!-- Ende https:\/\/www.financeads.net\/-Code --><\/div>\t\t<\/div>\n\t\t\t\t<\/div>\n\t\t\t\t<div class=\"elementor-element elementor-element-33e46cb elementor-widget elementor-widget-wp-widget-advads_ad_widget\" data-id=\"33e46cb\" data-element_type=\"widget\" data-widget_type=\"wp-widget-advads_ad_widget.default\">\n\t\t\t\t<div class=\"elementor-widget-container\">\n\t\t\t<div id=\"regio-896786081\"><div class=\"regio-adlabel\">Werbung<\/div><!-- Beginn https:\/\/www.financeads.net\/-Code --><a href=\"https:\/\/www.financeads.net\/tc.php?t=36648C271460142B\" target=\"_blank\"><img loading=\"lazy\" decoding=\"async\" src=\"https:\/\/www.financeads.net\/tb.php?t=36648V271460142B&https=1\" alt=\"PETPROTECT_Hund&Katze_Banner\" border=\"0\" width=\"250\" height=\"250\"><\/a><!-- Ende https:\/\/www.financeads.net\/-Code --><\/div>\t\t<\/div>\n\t\t\t\t<\/div>\n\t\t\t\t\t<\/div>\n\t\t<\/div>\n\t\t\t\t\t<\/div>\n\t\t<\/section>\n\t\t\t\t<\/div>\n\t\t","protected":false},"excerpt":{"rendered":"<div class=\"mh-excerpt\"><p>\u00dcber 7.000 Euro f\u00fcr Kletterger\u00fcstGro\u00dfz\u00fcgige Spende f\u00fcr die Kleinsten\u00a0 Schwabach &#8211; Die Kleinsten in der Waldemar-Bergner-Kindertagesst\u00e4tte (Kita), die Krippenkinder, k\u00f6nnen sein Kurzem ihren Bewegungsdrang auf einem neuen Kletterger\u00fcst ausleben. M\u00f6glich gemacht hat dies eine gro\u00dfz\u00fcgige <a class=\"mh-excerpt-more\" href=\"https:\/\/www.region-schwabach.de\/wordpress\/waldemar-bergner-kindergarten-freut-sich-uber-grosszugige-spende-der-firma-rebe-der-raiffeisenbank-und-der-sparkasse\/\" title=\"Waldemar-Bergner-Kindergarten freut sich \u00fcber gro\u00dfz\u00fcgige Spende der Firma REBE, der Raiffeisenbank und der Sparkasse\">[&#8230;]<\/a><\/p>\n<\/div>","protected":false},"author":1,"featured_media":165722,"comment_status":"open","ping_status":"open","sticky":false,"template":"","format":"standard","meta":{"_cbd_carousel_blocks":"[]","footnotes":""},"categories":[16,79,61,286,46,140],"tags":[18611,18612,18609,6391,18610,6125,1480,18613,19,990,4207,3151,7301,12649],"class_list":{"0":"post-165721","1":"post","2":"type-post","3":"status-publish","4":"format-standard","5":"has-post-thumbnail","7":"category-aktuell","8":"category-politik","9":"category-rathaus","10":"category-staedtepartnerschaft","11":"category-verbaende","12":"category-vereine","13":"tag-elke-schwarz","14":"tag-frank-schoettler","15":"tag-jasper-hoelzer","16":"tag-klettergeruest","17":"tag-max-hinterleitner","18":"tag-raiffeisenbank","19":"tag-rathaus","20":"tag-rebe","21":"tag-schwabach","22":"tag-sparkasse","23":"tag-spenden","24":"tag-stadt-schwabach","25":"tag-thomas-dann","26":"tag-waldemar-bergner-kindergarten"},"_links":{"self":[{"href":"https:\/\/www.region-schwabach.de\/wordpress\/wp-json\/wp\/v2\/posts\/165721","targetHints":{"allow":["GET"]}}],"collection":[{"href":"https:\/\/www.region-schwabach.de\/wordpress\/wp-json\/wp\/v2\/posts"}],"about":[{"href":"https:\/\/www.region-schwabach.de\/wordpress\/wp-json\/wp\/v2\/types\/post"}],"author":[{"embeddable":true,"href":"https:\/\/www.region-schwabach.de\/wordpress\/wp-json\/wp\/v2\/users\/1"}],"replies":[{"embeddable":true,"href":"https:\/\/www.region-schwabach.de\/wordpress\/wp-json\/wp\/v2\/comments?post=165721"}],"version-history":[{"count":0,"href":"https:\/\/www.region-schwabach.de\/wordpress\/wp-json\/wp\/v2\/posts\/165721\/revisions"}],"wp:featuredmedia":[{"embeddable":true,"href":"https:\/\/www.region-schwabach.de\/wordpress\/wp-json\/wp\/v2\/media\/165722"}],"wp:attachment":[{"href":"https:\/\/www.region-schwabach.de\/wordpress\/wp-json\/wp\/v2\/media?parent=165721"}],"wp:term":[{"taxonomy":"category","embeddable":true,"href":"https:\/\/www.region-schwabach.de\/wordpress\/wp-json\/wp\/v2\/categories?post=165721"},{"taxonomy":"post_tag","embeddable":true,"href":"https:\/\/www.region-schwabach.de\/wordpress\/wp-json\/wp\/v2\/tags?post=165721"}],"curies":[{"name":"wp","href":"https:\/\/api.w.org\/{rel}","templated":true}]}}