{"id":165821,"date":"2022-03-19T01:00:00","date_gmt":"2022-03-19T00:00:00","guid":{"rendered":"https:\/\/www.region-schwabach.de\/wordpress\/?p=165821"},"modified":"2022-03-18T22:41:03","modified_gmt":"2022-03-18T21:41:03","slug":"weiterer-sonderimpftermin-in-schwabach-am-samstag-den-19-marz-2022-mit-und-ohne-terminvereinbarung","status":"publish","type":"post","link":"https:\/\/www.region-schwabach.de\/wordpress\/weiterer-sonderimpftermin-in-schwabach-am-samstag-den-19-marz-2022-mit-und-ohne-terminvereinbarung\/","title":{"rendered":"Weiterer Sonderimpftermin in Schwabach am Samstag, den 19. M\u00e4rz 2022 (mit und ohne Terminvereinbarung)"},"content":{"rendered":"\t\t<div data-elementor-type=\"wp-post\" data-elementor-id=\"165821\" class=\"elementor elementor-165821\">\n\t\t\t\t\t\t<section class=\"elementor-section elementor-top-section elementor-element elementor-element-678181b elementor-section-boxed elementor-section-height-default elementor-section-height-default\" data-id=\"678181b\" data-element_type=\"section\">\n\t\t\t\t\t\t<div class=\"elementor-container elementor-column-gap-default\">\n\t\t\t\t\t<div class=\"elementor-column elementor-col-50 elementor-top-column elementor-element elementor-element-6b34026\" data-id=\"6b34026\" data-element_type=\"column\">\n\t\t\t<div class=\"elementor-widget-wrap elementor-element-populated\">\n\t\t\t\t\t\t<div class=\"elementor-element elementor-element-5fea1cd elementor-widget elementor-widget-wp-widget-advads_ad_widget\" data-id=\"5fea1cd\" data-element_type=\"widget\" data-widget_type=\"wp-widget-advads_ad_widget.default\">\n\t\t\t\t<div class=\"elementor-widget-container\">\n\t\t\t<div id=\"regio-3371669318\"><div class=\"regio-adlabel\">Werbung<\/div><center><a href=\"https:\/\/a.partner-versicherung.de\/click.php?partner_id=19992&ad_id=1578&deep=kreditkarten\"  target=\"_blank\"><img decoding=\"async\" src=\"https:\/\/a.partner-versicherung.de\/view.php?partner_id=19992&ad_id=1578\" ><\/a><\/center><\/div>\t\t<\/div>\n\t\t\t\t<\/div>\n\t\t\t\t<div class=\"elementor-element elementor-element-443ab98 elementor-widget elementor-widget-text-editor\" data-id=\"443ab98\" data-element_type=\"widget\" data-widget_type=\"text-editor.default\">\n\t\t\t\t<div class=\"elementor-widget-container\">\n\t\t\t\t\t\t\t<h3>Weiterer Sonderimpftermin in Schwabach am Samstag, den 12. M\u00e4rz 2022<\/h3><p><span style=\"font-size: 12pt;\">Schwabach &#8211; Am Samstag, den 19. M\u00e4rz 2022, findet in Schwabach ein weiterer Sonderimpftermin mit und ohne Terminvereinbarung statt.\u00a0<\/span><\/p><p><span style=\"font-size: 12pt;\">Eine Terminvereinbarung ist dabei ausschlie\u00dflich \u00fcber das Impfzentrum, unter\u00a0<a href=\"http:\/\/impfzentren.bayern\/\" target=\"_blank\" rel=\"noopener\">http:\/\/impfzentren.bayern<\/a>\u00a0oder unter Telefon 09122 875410, m\u00f6glich. Rufen Sie keinesfalls direkt bei den Impforten an!\u00a0<\/span><\/p><p><span style=\"font-size: 12pt;\"><strong>Das Impfzentrum hat in den n\u00e4chsten Wochen immer samstags von 9 bis 13 Uhr ge\u00f6ffnet.<\/strong><\/span><\/p><p><span style=\"font-size: 12pt;\">Der Sondertermin:<\/span><\/p><ul style=\"list-style-type: disc;\"><li><span style=\"font-size: 12pt;\"><span style=\"font-size: 12pt;\">ORO-Einkaufszentrum, Am Falbenholzweg 15, am Samstag, den 19. M\u00e4rz 2022, von 14.00 bis 18.00 Uhr \u2013 <strong>Erwachsene \u00dc11 (ohne Termin) und Kinder (nur mit Termin), Impfstoffe: Biontech, Biontech Kinder, Novavax)\u00a0<\/strong><\/span><\/span><p>Und zus\u00e4tzlich wie jeden Samstag:<\/p><p>\u00a0<\/p><\/li><li><span style=\"font-size: 12pt;\">Schwabacher Impfzentrum, Huttersb\u00fchlstra\u00dfe 23, am Samstag, den 12. M\u00e4rz 2022, von 09.00 bis 13.00 Uhr \u2013 <strong>mit Terminvereinbarung, Erwachsene und Kinder (Impfstoffe: Biontech, Biontech Kinder, Novavax)<\/strong><\/span><\/li><\/ul><p><span style=\"font-size: 12pt;\"><strong>Hinweis: Der Impfstoff Novavax ist nicht f\u00fcr Auffrischimpfungen zugelassen.<\/strong><\/span><\/p><p><span style=\"font-size: 12pt;\">Weiterf\u00fchrende Informationen:\u00a0<\/span><\/p><p><span style=\"font-size: 12pt;\"><a href=\"https:\/\/www.schwabach.de\/de\/stadtverwaltung\/referat-1-interne-dienste-und-schulen\/765-buergermeister-und-presseamt\/766-neues-aus-dem-buergermeister-und-presseamt\/10480-fragen-und-antworten-zum-corona-impfzentrum.html\" target=\"_blank\" rel=\"noopener\">Weitere Informationen zum Thema \u201eImpfen in Schwabach\u201c finden Sie hier \u2026\u00a0<\/a><\/span><\/p>\t\t\t\t\t\t<\/div>\n\t\t\t\t<\/div>\n\t\t\t\t<div class=\"elementor-element elementor-element-7cc9469 elementor-widget elementor-widget-shortcode\" data-id=\"7cc9469\" data-element_type=\"widget\" data-widget_type=\"shortcode.default\">\n\t\t\t\t<div class=\"elementor-widget-container\">\n\t\t\t\t\t<div class=\"elementor-shortcode\"><center><a href=\"https:\/\/a.partner-versicherung.de\/click.php?partner_id=19992&ad_id=441&deep=kfz-versicherung\"  target=\"_blank\"><img decoding=\"async\" src=\"https:\/\/a.partner-versicherung.de\/view.php?partner_id=19992&ad_id=441\" ><\/a><\/center><\/div>\n\t\t\t\t<\/div>\n\t\t\t\t<\/div>\n\t\t\t\t<div class=\"elementor-element elementor-element-0c834d7 elementor-widget-divider--view-line elementor-widget elementor-widget-divider\" data-id=\"0c834d7\" data-element_type=\"widget\" data-widget_type=\"divider.default\">\n\t\t\t\t<div class=\"elementor-widget-container\">\n\t\t\t\t\t<div class=\"elementor-divider\">\n\t\t\t<span class=\"elementor-divider-separator\">\n\t\t\t\t\t\t<\/span>\n\t\t<\/div>\n\t\t\t\t<\/div>\n\t\t\t\t<\/div>\n\t\t\t\t<div class=\"elementor-element elementor-element-325f51f elementor-widget elementor-widget-google_maps\" data-id=\"325f51f\" data-element_type=\"widget\" data-widget_type=\"google_maps.default\">\n\t\t\t\t<div class=\"elementor-widget-container\">\n\t\t\t\t\t<div class=\"elementor-custom-embed\">\n\t\t\t<iframe loading=\"lazy\"\n\t\t\t\t\tsrc=\"https:\/\/maps.google.com\/maps?q=Am%20Falbenholzweg%2015%2C%20Schwabach%2C%20Deutschland&#038;t=m&#038;z=16&#038;output=embed&#038;iwloc=near\"\n\t\t\t\t\ttitle=\"Am Falbenholzweg 15, Schwabach, Deutschland\"\n\t\t\t\t\taria-label=\"Am Falbenholzweg 15, Schwabach, Deutschland\"\n\t\t\t><\/iframe>\n\t\t<\/div>\n\t\t\t\t<\/div>\n\t\t\t\t<\/div>\n\t\t\t\t\t<\/div>\n\t\t<\/div>\n\t\t\t\t<div class=\"elementor-column elementor-col-50 elementor-top-column elementor-element elementor-element-f141625\" data-id=\"f141625\" data-element_type=\"column\">\n\t\t\t<div class=\"elementor-widget-wrap elementor-element-populated\">\n\t\t\t\t\t\t<div class=\"elementor-element elementor-element-aa635e8 elementor-widget elementor-widget-heading\" data-id=\"aa635e8\" data-element_type=\"widget\" data-widget_type=\"heading.default\">\n\t\t\t\t<div class=\"elementor-widget-container\">\n\t\t\t<h3 class=\"elementor-heading-title elementor-size-default\">Schnell vergleichen und sparen!<\/h3>\t\t<\/div>\n\t\t\t\t<\/div>\n\t\t\t\t<div class=\"elementor-element elementor-element-380778c elementor-widget elementor-widget-wp-widget-advads_ad_widget\" data-id=\"380778c\" data-element_type=\"widget\" data-widget_type=\"wp-widget-advads_ad_widget.default\">\n\t\t\t\t<div class=\"elementor-widget-container\">\n\t\t\t<div id=\"regio-1173814508\"><div class=\"regio-adlabel\">Werbung<\/div><!-- Beginn https:\/\/www.financeads.net\/-Code --><a href=\"https:\/\/www.financeads.net\/tc.php?t=36648C236142529B\" target=\"_blank\"><img fetchpriority=\"high\" decoding=\"async\" src=\"https:\/\/www.financeads.net\/tb.php?t=36648V236142529B&https=1\" alt=\"\" border=\"0\" width=\"300\" height=\"250\"><\/a><!-- Ende https:\/\/www.financeads.net\/-Code --><\/div>\t\t<\/div>\n\t\t\t\t<\/div>\n\t\t\t\t<div class=\"elementor-element elementor-element-bd26aa5 elementor-widget elementor-widget-wp-widget-advads_ad_widget\" data-id=\"bd26aa5\" data-element_type=\"widget\" data-widget_type=\"wp-widget-advads_ad_widget.default\">\n\t\t\t\t<div class=\"elementor-widget-container\">\n\t\t\t<div id=\"regio-714382411\"><div class=\"regio-adlabel\">Werbung<\/div><!-- Beginn https:\/\/www.financeads.net\/-Code --><a href=\"https:\/\/www.financeads.net\/tc.php?t=36648C42614510B\" target=\"_blank\"><img decoding=\"async\" src=\"https:\/\/www.financeads.net\/tb.php?t=36648V42614510B&https=1\" alt=\"\" border=\"0\" width=\"200\" height=\"300\"><\/a><!-- Ende https:\/\/www.financeads.net\/-Code --><\/div>\t\t<\/div>\n\t\t\t\t<\/div>\n\t\t\t\t<div class=\"elementor-element elementor-element-abfc6b5 elementor-widget elementor-widget-wp-widget-advads_ad_widget\" data-id=\"abfc6b5\" data-element_type=\"widget\" data-widget_type=\"wp-widget-advads_ad_widget.default\">\n\t\t\t\t<div class=\"elementor-widget-container\">\n\t\t\t<div id=\"regio-2900029039\"><div class=\"regio-adlabel\">Werbung<\/div><!-- Beginn https:\/\/www.financeads.net\/-Code --><a href=\"https:\/\/www.financeads.net\/tc.php?t=36648C205040072B\" target=\"_blank\"><img decoding=\"async\" src=\"https:\/\/www.financeads.net\/tb.php?t=36648V205040072B&https=1\" alt=\"\" border=\"0\" width=\"300\" height=\"250\"><\/a><!-- Ende https:\/\/www.financeads.net\/-Code --><\/div>\t\t<\/div>\n\t\t\t\t<\/div>\n\t\t\t\t<div class=\"elementor-element elementor-element-9b68655 elementor-widget elementor-widget-wp-widget-advads_ad_widget\" data-id=\"9b68655\" data-element_type=\"widget\" data-widget_type=\"wp-widget-advads_ad_widget.default\">\n\t\t\t\t<div class=\"elementor-widget-container\">\n\t\t\t<div id=\"regio-1007835579\"><div class=\"regio-adlabel\">Werbung<\/div><!-- Beginn https:\/\/www.financeads.net\/-Code --><a href=\"https:\/\/www.financeads.net\/tc.php?t=36648C271460142B\" target=\"_blank\"><img loading=\"lazy\" decoding=\"async\" src=\"https:\/\/www.financeads.net\/tb.php?t=36648V271460142B&https=1\" alt=\"PETPROTECT_Hund&Katze_Banner\" border=\"0\" width=\"250\" height=\"250\"><\/a><!-- Ende https:\/\/www.financeads.net\/-Code --><\/div>\t\t<\/div>\n\t\t\t\t<\/div>\n\t\t\t\t\t<\/div>\n\t\t<\/div>\n\t\t\t\t\t<\/div>\n\t\t<\/section>\n\t\t\t\t<\/div>\n\t\t","protected":false},"excerpt":{"rendered":"<div class=\"mh-excerpt\"><p>Weiterer Sonderimpftermin in Schwabach am Samstag, den 12. M\u00e4rz 2022 Schwabach &#8211; Am Samstag, den 19. M\u00e4rz 2022, findet in Schwabach ein weiterer Sonderimpftermin mit und ohne Terminvereinbarung statt.\u00a0 Eine Terminvereinbarung ist dabei ausschlie\u00dflich \u00fcber <a class=\"mh-excerpt-more\" href=\"https:\/\/www.region-schwabach.de\/wordpress\/weiterer-sonderimpftermin-in-schwabach-am-samstag-den-19-marz-2022-mit-und-ohne-terminvereinbarung\/\" title=\"Weiterer Sonderimpftermin in Schwabach am Samstag, den 19. M\u00e4rz 2022 (mit und ohne Terminvereinbarung)\">[&#8230;]<\/a><\/p>\n<\/div>","protected":false},"author":1,"featured_media":165822,"comment_status":"open","ping_status":"open","sticky":false,"template":"","format":"standard","meta":{"_cbd_carousel_blocks":"[]","footnotes":""},"categories":[16,287,61],"tags":[18591,18589,60,17071,13293,4422,16726,14468,14472,17070,522,17713,18525,10334,1480,19,3012,3151],"class_list":{"0":"post-165821","1":"post","2":"type-post","3":"status-publish","4":"format-standard","5":"has-post-thumbnail","7":"category-aktuell","8":"category-jugend-und-familie","9":"category-rathaus","10":"tag-19-maerz-2022","11":"tag-19-03-2022","12":"tag-am-falbenholzweg","13":"tag-biontec","14":"tag-corona-faelle","15":"tag-huttersbuehlstrasse","16":"tag-impfen-to-go","17":"tag-impfung","18":"tag-impfzentrum","19":"tag-johnson-johnson","20":"tag-koenigsplatz","21":"tag-moderna","22":"tag-novavax","23":"tag-oro-einkaufszentrum","24":"tag-rathaus","25":"tag-schwabach","26":"tag-stadt","27":"tag-stadt-schwabach"},"_links":{"self":[{"href":"https:\/\/www.region-schwabach.de\/wordpress\/wp-json\/wp\/v2\/posts\/165821","targetHints":{"allow":["GET"]}}],"collection":[{"href":"https:\/\/www.region-schwabach.de\/wordpress\/wp-json\/wp\/v2\/posts"}],"about":[{"href":"https:\/\/www.region-schwabach.de\/wordpress\/wp-json\/wp\/v2\/types\/post"}],"author":[{"embeddable":true,"href":"https:\/\/www.region-schwabach.de\/wordpress\/wp-json\/wp\/v2\/users\/1"}],"replies":[{"embeddable":true,"href":"https:\/\/www.region-schwabach.de\/wordpress\/wp-json\/wp\/v2\/comments?post=165821"}],"version-history":[{"count":0,"href":"https:\/\/www.region-schwabach.de\/wordpress\/wp-json\/wp\/v2\/posts\/165821\/revisions"}],"wp:featuredmedia":[{"embeddable":true,"href":"https:\/\/www.region-schwabach.de\/wordpress\/wp-json\/wp\/v2\/media\/165822"}],"wp:attachment":[{"href":"https:\/\/www.region-schwabach.de\/wordpress\/wp-json\/wp\/v2\/media?parent=165821"}],"wp:term":[{"taxonomy":"category","embeddable":true,"href":"https:\/\/www.region-schwabach.de\/wordpress\/wp-json\/wp\/v2\/categories?post=165821"},{"taxonomy":"post_tag","embeddable":true,"href":"https:\/\/www.region-schwabach.de\/wordpress\/wp-json\/wp\/v2\/tags?post=165821"}],"curies":[{"name":"wp","href":"https:\/\/api.w.org\/{rel}","templated":true}]}}