{"id":165939,"date":"2022-03-24T01:00:00","date_gmt":"2022-03-24T00:00:00","guid":{"rendered":"https:\/\/www.region-schwabach.de\/wordpress\/?p=165939"},"modified":"2022-03-23T21:50:13","modified_gmt":"2022-03-23T20:50:13","slug":"vhs-vortrag-krieg-in-europa-streitfall-ukraine-am-donnerstag-den-24-marz-2022","status":"publish","type":"post","link":"https:\/\/www.region-schwabach.de\/wordpress\/vhs-vortrag-krieg-in-europa-streitfall-ukraine-am-donnerstag-den-24-marz-2022\/","title":{"rendered":"vhs-Vortrag &#8222;Krieg in Europa &#8211; Streitfall Ukraine&#8220; am Donnerstag, den 24. M\u00e4rz 2022"},"content":{"rendered":"\t\t<div data-elementor-type=\"wp-post\" data-elementor-id=\"165939\" class=\"elementor elementor-165939\">\n\t\t\t\t\t\t<section class=\"elementor-section elementor-top-section elementor-element elementor-element-678181b elementor-section-boxed elementor-section-height-default elementor-section-height-default\" data-id=\"678181b\" data-element_type=\"section\">\n\t\t\t\t\t\t<div class=\"elementor-container elementor-column-gap-default\">\n\t\t\t\t\t<div class=\"elementor-column elementor-col-50 elementor-top-column elementor-element elementor-element-6b34026\" data-id=\"6b34026\" data-element_type=\"column\">\n\t\t\t<div class=\"elementor-widget-wrap elementor-element-populated\">\n\t\t\t\t\t\t<div class=\"elementor-element elementor-element-5fea1cd elementor-widget elementor-widget-wp-widget-advads_ad_widget\" data-id=\"5fea1cd\" data-element_type=\"widget\" data-widget_type=\"wp-widget-advads_ad_widget.default\">\n\t\t\t\t<div class=\"elementor-widget-container\">\n\t\t\t<div id=\"regio-3441447678\"><div class=\"regio-adlabel\">Werbung<\/div><center><a href=\"https:\/\/a.partner-versicherung.de\/click.php?partner_id=19992&ad_id=1578&deep=kreditkarten\"  target=\"_blank\"><img decoding=\"async\" src=\"https:\/\/a.partner-versicherung.de\/view.php?partner_id=19992&ad_id=1578\" ><\/a><\/center><\/div>\t\t<\/div>\n\t\t\t\t<\/div>\n\t\t\t\t<div class=\"elementor-element elementor-element-443ab98 elementor-widget elementor-widget-text-editor\" data-id=\"443ab98\" data-element_type=\"widget\" data-widget_type=\"text-editor.default\">\n\t\t\t\t<div class=\"elementor-widget-container\">\n\t\t\t\t\t\t\t<h3 class=\"entry-title\"><span id=\"page40R_mcid9\" class=\"markedContent\"><span dir=\"ltr\" role=\"presentation\">Vortrag am Donnerstag, den 24. M\u00e4rz 2022<\/span><\/span><span id=\"page40R_mcid10\" class=\"markedContent\"><\/span><span id=\"page40R_mcid11\" class=\"markedContent\"><br role=\"presentation\" \/><span dir=\"ltr\" role=\"presentation\">Krieg in Europa &#8211; Streitfall Ukraine<\/span><\/span><\/h3><p><span style=\"font-size: 12pt;\">Schwabach &#8211; <span id=\"page40R_mcid13\" class=\"markedContent\"><span dir=\"ltr\" role=\"presentation\">Das Undenkbare ist passiert: Der russische Pr\u00e4sident Wladimir Putin hat seine <\/span><span dir=\"ltr\" role=\"presentation\">Streitkr\u00e4fte in der Ukraine einmarschieren lassen. Seit Jahren war der Konflikt <\/span><span dir=\"ltr\" role=\"presentation\">in der Ostukraine immer wieder aufgelodert &#8211; trotz unz\u00e4hliger Waffenstillstands-<\/span><span dir=\"ltr\" role=\"presentation\">Vereinbarungen. Putins Warnung war immer klar: Eine Ausdehnung der NATO <\/span><span dir=\"ltr\" role=\"presentation\">auf die Ukraine werde Moskau unter keinen Umst\u00e4nden zulassen. Wer jetzt der <\/span><span dir=\"ltr\" role=\"presentation\">Aggressor ist, ist offenkundig. Doch ist es nur Moskau, oder hat auch der <\/span><span dir=\"ltr\" role=\"presentation\">Westen den Konflikt gesch\u00fcrt? Und wie lie\u00dfe er sich \u00fcberwinden?<\/span><\/span><span id=\"page40R_mcid14\" class=\"markedContent\"><\/span><span id=\"page40R_mcid15\" class=\"markedContent\"><br role=\"presentation\" \/><\/span><\/span><\/p><p><span style=\"font-size: 12pt;\"><span id=\"page40R_mcid15\" class=\"markedContent\"><span dir=\"ltr\" role=\"presentation\">Diesen Fragen geht am Donnerstag, 24. M\u00e4rz 2022, in einem Vortrag der <\/span><span dir=\"ltr\" role=\"presentation\">Volkshochschule Schwabach Georg Escher, ehemaliger Au\u00dfenpolitik-<\/span><span dir=\"ltr\" role=\"presentation\">Redakteur bei den N\u00fcrnberger Nachrichten, nach. Die Veranstaltung wird <\/span><span dir=\"ltr\" role=\"presentation\">gef\u00f6rdert durch das Bayerische Staatsministerium f\u00fcr Unterricht und Kultus.<\/span><\/span><\/span><\/p><p><span style=\"font-size: 12pt;\"><span id=\"page40R_mcid17\" class=\"markedContent\"><span dir=\"ltr\" role=\"presentation\">Der Vortrag beginnt um 19:30 Uhr im vhs-Medienraum, K\u00f6nigsplatz 29a. Der <\/span><span dir=\"ltr\" role=\"presentation\">Eintritt ist frei, eine Anmeldung unter<\/span><\/span><a href=\"mailto:vhs@schwabach.de\" target=\"_blank\" rel=\"noopener\"><span id=\"page40R_mcid18\" class=\"markedContent\"> <span dir=\"ltr\" role=\"presentation\">vhs@schwabach.de<\/span><\/span><\/a><span id=\"page40R_mcid19\" class=\"markedContent\"> <span dir=\"ltr\" role=\"presentation\">oder telefonisch <\/span><span dir=\"ltr\" role=\"presentation\">unter 09122-860-204 ist erforderlich.<\/span><\/span><\/span><\/p><p><a href=\"https:\/\/www.vhs.schwabach.de\/programm\/gesellschaft\/kurs\/Krieg-in-Europa-Streitfall-Ukraine\/221-10254#inhalt\" target=\"_blank\" rel=\"noopener\"><span style=\"font-size: 12pt;\">Weitere Infos zu diesem Vortrag gibt es hier &#8230;<\/span><\/a><\/p>\t\t\t\t\t\t<\/div>\n\t\t\t\t<\/div>\n\t\t\t\t<div class=\"elementor-element elementor-element-7cc9469 elementor-widget elementor-widget-shortcode\" data-id=\"7cc9469\" data-element_type=\"widget\" data-widget_type=\"shortcode.default\">\n\t\t\t\t<div class=\"elementor-widget-container\">\n\t\t\t\t\t<div class=\"elementor-shortcode\"><center><a href=\"https:\/\/a.partner-versicherung.de\/click.php?partner_id=19992&ad_id=441&deep=kfz-versicherung\"  target=\"_blank\"><img decoding=\"async\" src=\"https:\/\/a.partner-versicherung.de\/view.php?partner_id=19992&ad_id=441\" ><\/a><\/center><\/div>\n\t\t\t\t<\/div>\n\t\t\t\t<\/div>\n\t\t\t\t<div class=\"elementor-element elementor-element-0c834d7 elementor-widget-divider--view-line elementor-widget elementor-widget-divider\" data-id=\"0c834d7\" data-element_type=\"widget\" data-widget_type=\"divider.default\">\n\t\t\t\t<div class=\"elementor-widget-container\">\n\t\t\t\t\t<div class=\"elementor-divider\">\n\t\t\t<span class=\"elementor-divider-separator\">\n\t\t\t\t\t\t<\/span>\n\t\t<\/div>\n\t\t\t\t<\/div>\n\t\t\t\t<\/div>\n\t\t\t\t<div class=\"elementor-element elementor-element-325f51f elementor-widget elementor-widget-google_maps\" data-id=\"325f51f\" data-element_type=\"widget\" data-widget_type=\"google_maps.default\">\n\t\t\t\t<div class=\"elementor-widget-container\">\n\t\t\t\t\t<div class=\"elementor-custom-embed\">\n\t\t\t<iframe loading=\"lazy\"\n\t\t\t\t\tsrc=\"https:\/\/maps.google.com\/maps?q=K%C3%B6nigsplatz%2029a%2C%20Schwabach%2C%20Deutschland&#038;t=m&#038;z=17&#038;output=embed&#038;iwloc=near\"\n\t\t\t\t\ttitle=\"K\u00f6nigsplatz 29a, Schwabach, Deutschland\"\n\t\t\t\t\taria-label=\"K\u00f6nigsplatz 29a, Schwabach, Deutschland\"\n\t\t\t><\/iframe>\n\t\t<\/div>\n\t\t\t\t<\/div>\n\t\t\t\t<\/div>\n\t\t\t\t\t<\/div>\n\t\t<\/div>\n\t\t\t\t<div class=\"elementor-column elementor-col-50 elementor-top-column elementor-element elementor-element-f141625\" data-id=\"f141625\" data-element_type=\"column\">\n\t\t\t<div class=\"elementor-widget-wrap elementor-element-populated\">\n\t\t\t\t\t\t<div class=\"elementor-element elementor-element-aa635e8 elementor-widget elementor-widget-heading\" data-id=\"aa635e8\" data-element_type=\"widget\" data-widget_type=\"heading.default\">\n\t\t\t\t<div class=\"elementor-widget-container\">\n\t\t\t<h3 class=\"elementor-heading-title elementor-size-default\">Schnell vergleichen und sparen!<\/h3>\t\t<\/div>\n\t\t\t\t<\/div>\n\t\t\t\t<div class=\"elementor-element elementor-element-380778c elementor-widget elementor-widget-wp-widget-advads_ad_widget\" data-id=\"380778c\" data-element_type=\"widget\" data-widget_type=\"wp-widget-advads_ad_widget.default\">\n\t\t\t\t<div class=\"elementor-widget-container\">\n\t\t\t<div id=\"regio-186490172\"><div class=\"regio-adlabel\">Werbung<\/div><!-- Beginn https:\/\/www.financeads.net\/-Code --><a href=\"https:\/\/www.financeads.net\/tc.php?t=36648C236142529B\" target=\"_blank\"><img fetchpriority=\"high\" decoding=\"async\" src=\"https:\/\/www.financeads.net\/tb.php?t=36648V236142529B&https=1\" alt=\"\" border=\"0\" width=\"300\" height=\"250\"><\/a><!-- Ende https:\/\/www.financeads.net\/-Code --><\/div>\t\t<\/div>\n\t\t\t\t<\/div>\n\t\t\t\t<div class=\"elementor-element elementor-element-bd26aa5 elementor-widget elementor-widget-wp-widget-advads_ad_widget\" data-id=\"bd26aa5\" data-element_type=\"widget\" data-widget_type=\"wp-widget-advads_ad_widget.default\">\n\t\t\t\t<div class=\"elementor-widget-container\">\n\t\t\t<div id=\"regio-830496202\"><div class=\"regio-adlabel\">Werbung<\/div><!-- Beginn https:\/\/www.financeads.net\/-Code --><a href=\"https:\/\/www.financeads.net\/tc.php?t=36648C42614510B\" target=\"_blank\"><img decoding=\"async\" src=\"https:\/\/www.financeads.net\/tb.php?t=36648V42614510B&https=1\" alt=\"\" border=\"0\" width=\"200\" height=\"300\"><\/a><!-- Ende https:\/\/www.financeads.net\/-Code --><\/div>\t\t<\/div>\n\t\t\t\t<\/div>\n\t\t\t\t<div class=\"elementor-element elementor-element-abfc6b5 elementor-widget elementor-widget-wp-widget-advads_ad_widget\" data-id=\"abfc6b5\" data-element_type=\"widget\" data-widget_type=\"wp-widget-advads_ad_widget.default\">\n\t\t\t\t<div class=\"elementor-widget-container\">\n\t\t\t<div id=\"regio-4038449449\"><div class=\"regio-adlabel\">Werbung<\/div><!-- Beginn https:\/\/www.financeads.net\/-Code --><a href=\"https:\/\/www.financeads.net\/tc.php?t=36648C205040072B\" target=\"_blank\"><img decoding=\"async\" src=\"https:\/\/www.financeads.net\/tb.php?t=36648V205040072B&https=1\" alt=\"\" border=\"0\" width=\"300\" height=\"250\"><\/a><!-- Ende https:\/\/www.financeads.net\/-Code --><\/div>\t\t<\/div>\n\t\t\t\t<\/div>\n\t\t\t\t<div class=\"elementor-element elementor-element-9b68655 elementor-widget elementor-widget-wp-widget-advads_ad_widget\" data-id=\"9b68655\" data-element_type=\"widget\" data-widget_type=\"wp-widget-advads_ad_widget.default\">\n\t\t\t\t<div class=\"elementor-widget-container\">\n\t\t\t<div id=\"regio-2959991951\"><div class=\"regio-adlabel\">Werbung<\/div><!-- Beginn https:\/\/www.financeads.net\/-Code --><a href=\"https:\/\/www.financeads.net\/tc.php?t=36648C271460142B\" target=\"_blank\"><img loading=\"lazy\" decoding=\"async\" src=\"https:\/\/www.financeads.net\/tb.php?t=36648V271460142B&https=1\" alt=\"PETPROTECT_Hund&Katze_Banner\" border=\"0\" width=\"250\" height=\"250\"><\/a><!-- Ende https:\/\/www.financeads.net\/-Code --><\/div>\t\t<\/div>\n\t\t\t\t<\/div>\n\t\t\t\t\t<\/div>\n\t\t<\/div>\n\t\t\t\t\t<\/div>\n\t\t<\/section>\n\t\t\t\t<\/div>\n\t\t","protected":false},"excerpt":{"rendered":"<div class=\"mh-excerpt\"><p>Vortrag am Donnerstag, den 24. M\u00e4rz 2022Krieg in Europa &#8211; Streitfall Ukraine Schwabach &#8211; Das Undenkbare ist passiert: Der russische Pr\u00e4sident Wladimir Putin hat seine Streitkr\u00e4fte in der Ukraine einmarschieren lassen. Seit Jahren war der <a class=\"mh-excerpt-more\" href=\"https:\/\/www.region-schwabach.de\/wordpress\/vhs-vortrag-krieg-in-europa-streitfall-ukraine-am-donnerstag-den-24-marz-2022\/\" title=\"vhs-Vortrag &#8222;Krieg in Europa &#8211; Streitfall Ukraine&#8220; am Donnerstag, den 24. M\u00e4rz 2022\">[&#8230;]<\/a><\/p>\n<\/div>","protected":false},"author":1,"featured_media":165940,"comment_status":"open","ping_status":"open","sticky":false,"template":"","format":"standard","meta":{"_cbd_carousel_blocks":"[]","footnotes":""},"categories":[16,78,287,4306,61,203,231],"tags":[18646,18645,18650,18652,18649,522,18648,18651,1480,19,3012,3151,1281,7420,18647,73],"class_list":{"0":"post-165939","1":"post","2":"type-post","3":"status-publish","4":"format-standard","5":"has-post-thumbnail","7":"category-aktuell","8":"category-handel-und-wirtschaft","9":"category-jugend-und-familie","10":"category-ratgeber","11":"category-rathaus","12":"category-umwelt-nachrichten","13":"category-veranstaltungsnews","14":"tag-24-maerz-2022","15":"tag-24-03-2022","16":"tag-aussenpolitik-redakteur","17":"tag-bayerische-staatsministerium-fuer-unterricht-und-kultus","18":"tag-georg-escher","19":"tag-koenigsplatz","20":"tag-krieg-in-europa-streitfall-ukraine","21":"tag-nuernberger-nachrichten","22":"tag-rathaus","23":"tag-schwabach","24":"tag-stadt","25":"tag-stadt-schwabach","26":"tag-vhs","27":"tag-vhs-schwabach","28":"tag-vhs-medienraum","29":"tag-volkshochschule"},"_links":{"self":[{"href":"https:\/\/www.region-schwabach.de\/wordpress\/wp-json\/wp\/v2\/posts\/165939","targetHints":{"allow":["GET"]}}],"collection":[{"href":"https:\/\/www.region-schwabach.de\/wordpress\/wp-json\/wp\/v2\/posts"}],"about":[{"href":"https:\/\/www.region-schwabach.de\/wordpress\/wp-json\/wp\/v2\/types\/post"}],"author":[{"embeddable":true,"href":"https:\/\/www.region-schwabach.de\/wordpress\/wp-json\/wp\/v2\/users\/1"}],"replies":[{"embeddable":true,"href":"https:\/\/www.region-schwabach.de\/wordpress\/wp-json\/wp\/v2\/comments?post=165939"}],"version-history":[{"count":0,"href":"https:\/\/www.region-schwabach.de\/wordpress\/wp-json\/wp\/v2\/posts\/165939\/revisions"}],"wp:featuredmedia":[{"embeddable":true,"href":"https:\/\/www.region-schwabach.de\/wordpress\/wp-json\/wp\/v2\/media\/165940"}],"wp:attachment":[{"href":"https:\/\/www.region-schwabach.de\/wordpress\/wp-json\/wp\/v2\/media?parent=165939"}],"wp:term":[{"taxonomy":"category","embeddable":true,"href":"https:\/\/www.region-schwabach.de\/wordpress\/wp-json\/wp\/v2\/categories?post=165939"},{"taxonomy":"post_tag","embeddable":true,"href":"https:\/\/www.region-schwabach.de\/wordpress\/wp-json\/wp\/v2\/tags?post=165939"}],"curies":[{"name":"wp","href":"https:\/\/api.w.org\/{rel}","templated":true}]}}