{"id":166291,"date":"2022-03-24T01:15:00","date_gmt":"2022-03-24T00:15:00","guid":{"rendered":"https:\/\/www.region-schwabach.de\/wordpress\/?p=166291"},"modified":"2022-03-24T11:09:57","modified_gmt":"2022-03-24T10:09:57","slug":"blitzmarathon-am-24-und-25-marz-2022-in-der-region-schwabach","status":"publish","type":"post","link":"https:\/\/www.region-schwabach.de\/wordpress\/blitzmarathon-am-24-und-25-marz-2022-in-der-region-schwabach\/","title":{"rendered":"Blitzmarathon am 24. und 25. M\u00e4rz 2022 in der Region Schwabach"},"content":{"rendered":"\t\t<div data-elementor-type=\"wp-post\" data-elementor-id=\"166291\" class=\"elementor elementor-166291\">\n\t\t\t\t\t\t<section class=\"elementor-section elementor-top-section elementor-element elementor-element-1cuv9jr elementor-section-boxed elementor-section-height-default elementor-section-height-default\" data-id=\"1cuv9jr\" data-element_type=\"section\">\n\t\t\t\t\t\t<div class=\"elementor-container elementor-column-gap-default\">\n\t\t\t\t\t<div class=\"elementor-column elementor-col-50 elementor-top-column elementor-element elementor-element-q5zak7b\" data-id=\"q5zak7b\" data-element_type=\"column\">\n\t\t\t<div class=\"elementor-widget-wrap elementor-element-populated\">\n\t\t\t\t\t\t<div class=\"elementor-element elementor-element-f3e1a8e elementor-widget elementor-widget-wp-widget-advads_ad_widget\" data-id=\"f3e1a8e\" data-element_type=\"widget\" data-widget_type=\"wp-widget-advads_ad_widget.default\">\n\t\t\t\t<div class=\"elementor-widget-container\">\n\t\t\t<div id=\"regio-678002535\"><div class=\"regio-adlabel\">Werbung<\/div><!-- Beginn https:\/\/www.financeads.net\/-Code --><a href=\"https:\/\/www.financeads.net\/tc.php?t=36648C19118058B\" target=\"_blank\"><img fetchpriority=\"high\" decoding=\"async\" src=\"https:\/\/www.financeads.net\/tb.php?t=36648V19118058B&https=1\" alt=\"\" border=\"0\" width=\"728\" height=\"90\"><\/a><!-- Ende https:\/\/www.financeads.net\/-Code --><\/div>\t\t<\/div>\n\t\t\t\t<\/div>\n\t\t\t\t<div class=\"elementor-element elementor-element-a4daeae elementor-widget elementor-widget-text-editor\" data-id=\"a4daeae\" data-element_type=\"widget\" data-widget_type=\"text-editor.default\">\n\t\t\t\t<div class=\"elementor-widget-container\">\n\t\t\t\t\t\t\t<h3>Aufgepasst !!!<\/h3><p><span style=\"font-size: 12pt;\">In Bayern findet am Mittwoch und Donnerstag wieder der sog. <strong>\u201eBlitzmarathon\u201c<\/strong> statt, bei dem die Bayerische Polizei bayernweit verst\u00e4rkt Geschwindigkeitskontrollen durchf\u00fchrt. Los geht\u2019s am Mittwoch, den 03.April 2019, um 06.00 Uhr, Ende ist am Donnerstag, den 04. April 2019, ebenfalls um 06.00 Uhr.<\/span><\/p><h3>Fast 2.000 Frauen und M\u00e4nner im Einsatz<\/h3><p><span style=\"font-size: 12pt;\">Insgesamt sind rund 1900 Polizistinnen und Polizisten, sowie etwa 50 Bedienstete der Gemeinden und Zweckverb\u00e4nde der kommunalen Verkehrs\u00fcberwachung an den ca. 2.000 m\u00f6glichen Messstellen in ganz Bayern im Einsatz.<\/span><\/p><h3>Auch in Schwabach mu\u00df mit verst\u00e4rkten Kontrollen gerechnet werden<\/h3><p><span style=\"font-size: 12pt;\">Und auch Schwabach und die Region wird davon nicht verschont bleiben. Deswegen hier einmal die m\u00f6glichen Messstellen im Stadtgebiet und rund um Schwabach.\u00a0<\/span><\/p><p><span style=\"font-size: 12pt;\">Am Ende der Auflistung (<a href=\"https:\/\/www.stmi.bayern.de\/assets\/stmi\/sus\/polizei\/190329_blitzmarathon_messstellen_mittelfranken.pdf\" target=\"_blank\" rel=\"noopener\">und hier &#8230;<\/a>) gibt es noch einen Link zu den Me\u00dfstellen in ganz Mittelfranken.<\/span><\/p><p><strong><span style=\"font-size: 12pt;\">(A) = Me\u00dfstellen Au\u00dferorts<\/span><\/strong><br \/><strong><span style=\"font-size: 12pt;\">(I) = Me\u00dfstellen Innerorts<\/span><\/strong><\/p><table><tbody><tr><td style=\"width: 20%; text-align: center;\"><strong><span style=\"font-size: 12pt;\">Gemeinde<\/span><\/strong><\/td><td style=\"width: 70%; text-align: center;\"><strong><span style=\"font-size: 12pt;\">Stra\u00dfe<\/span><\/strong><\/td><td style=\"width: 10%; text-align: center;\"><strong><span style=\"font-size: 12pt;\">km\/h<\/span><\/strong><\/td><\/tr><tr><td>\u00a0<\/td><td>\u00a0<\/td><td>\u00a0<\/td><\/tr><tr><td><span style=\"font-size: 12pt;\">Abenberg<\/span><\/td><td><span style=\"font-size: 12pt;\">Staatsstra\u00dfe 2220, Abschnitt 590, km 1,5 \/ zwischen Abenberg und Hergersbacher Kreuzung<\/span><\/td><td style=\"text-align: center;\"><span style=\"font-size: 12pt;\">80 (A)<\/span><\/td><\/tr><tr><td><span style=\"font-size: 12pt;\">Abenberg \/ Wassermungenau<br \/><\/span><\/td><td><span style=\"font-size: 12pt;\">Hauptstra\u00dfe \/ H\u00f6he Schule<\/span><\/td><td style=\"text-align: center;\"><span style=\"font-size: 12pt;\">50 (I)<\/span><\/td><\/tr><tr><td><span style=\"font-size: 12pt;\">Kammerstein<br \/><\/span><\/td><td><span style=\"font-size: 12pt;\">Bundesstra\u00dfe 466, Abschnitt 900, km 1,4, beide Fahrtrichtungen<\/span><\/td><td style=\"text-align: center;\"><span style=\"font-size: 12pt;\">100 (A)<\/span><\/td><\/tr><tr><td><span style=\"font-size: 12pt;\">N\u00fcrnberg<\/span><\/td><td><span style=\"font-size: 12pt;\">Gaulnhofer Stra\u00dfe<\/span><\/td><td style=\"text-align: center;\"><span style=\"font-size: 12pt;\">50 (I)<\/span><\/td><\/tr><tr><td><span style=\"font-size: 12pt;\">\u00a0<\/span><\/td><td><span style=\"font-size: 12pt;\">Katzwanger Hauptstra\u00dfe\u00a0<br \/><\/span><\/td><td style=\"text-align: center;\"><span style=\"font-size: 12pt;\">50 (I)<\/span><\/td><\/tr><tr><td>\u00a0<\/td><td><span style=\"font-size: 12pt;\">Kreisstra\u00dfe N 1, Abschnitt 100 &#8211; Kemptener Stra\u00dfe<\/span><\/td><td style=\"text-align: center;\"><span style=\"font-size: 12pt;\">60 (A)<\/span><\/td><\/tr><tr><td>\u00a0<\/td><td><span style=\"font-size: 12pt;\">M\u00fchlhofer Hauptstra\u00dfe, Bundesstra\u00dfe\u00a0<br \/><\/span><\/td><td style=\"text-align: center;\"><span style=\"font-size: 12pt;\">50 (I)<\/span><\/td><\/tr><tr><td>\u00a0<\/td><td><span style=\"font-size: 12pt;\">Neuseser Stra\u00dfe, zwischen der Hugo-Wolf-Stra\u00dfe und<br \/>Strawinskystra\u00dfe<\/span><\/td><td style=\"text-align: center;\"><span style=\"font-size: 12pt;\">50 (I)<\/span><\/td><\/tr><tr><td>\u00a0<\/td><td><span style=\"font-size: 12pt;\">Radmeisterstra\u00dfe<\/span><\/td><td style=\"text-align: center;\"><span style=\"font-size: 12pt;\">50 (I)<\/span><\/td><\/tr><tr><td>\u00a0<\/td><td><span style=\"font-size: 12pt;\">Reichelsdorfer Hauptstra\u00dfe<\/span><\/td><td style=\"text-align: center;\"><span style=\"font-size: 12pt;\">50 (I)<\/span><\/td><\/tr><tr><td>\u00a0<\/td><td><span style=\"font-size: 12pt;\">Seckendorfstra\u00dfe<\/span><\/td><td style=\"text-align: center;\"><span style=\"font-size: 12pt;\">50 (I)<\/span><\/td><\/tr><tr><td>\u00a0<\/td><td><span style=\"font-size: 12pt;\">Staatsstra\u00dfe 2407, Abschnitt 240 &#8211; Neuseser Stra\u00dfe H\u00f6he Hirschenholzstra\u00dfe <\/span><\/td><td style=\"text-align: center;\"><span style=\"font-size: 12pt;\">70 (A)<\/span><\/td><\/tr><tr><td><span style=\"font-size: 12pt;\">\u00a0<\/span><\/td><td><span style=\"font-size: 12pt;\">Vorjurastra\u00dfe, Staatsstra\u00dfe\u00a0<br \/><\/span><\/td><td style=\"text-align: center;\"><span style=\"font-size: 12pt;\">50 (I)<\/span><\/td><\/tr><tr><td><span style=\"font-size: 12pt;\">Rednitzhembach<\/span><\/td><td><span style=\"font-size: 12pt;\">K RH 1, Abschnitt 120, km 0,6<\/span><\/td><td style=\"text-align: center;\"><span style=\"font-size: 12pt;\">70 (A)<\/span><\/td><\/tr><tr><td>\u00a0<\/td><td><span style=\"font-size: 12pt;\">Zwischen den Br\u00fccken<br \/><\/span><\/td><td style=\"text-align: center;\"><span style=\"font-size: 12pt;\">30 (I)<\/span><\/td><\/tr><tr><td><span style=\"font-size: 12pt;\">Schwabach<\/span><\/td><td><span style=\"font-size: 12pt;\"> Auf der Reit<\/span><\/td><td style=\"text-align: center;\"><span style=\"font-size: 12pt;\">30 (I)<\/span><\/td><\/tr><tr><td><span style=\"font-size: 12pt;\">\u00a0<\/span><\/td><td><span style=\"font-size: 12pt;\">Ansbacher Stra\u00dfe<br \/><\/span><\/td><td style=\"text-align: center;\"><span style=\"font-size: 12pt;\">30 (I)<\/span><\/td><\/tr><tr><td><span style=\"font-size: 12pt;\">\u00a0<\/span><\/td><td><span style=\"font-size: 12pt;\"> Bundesstra\u00dfe 2, Abschnitt 2700, km 1,0, Richtung Autobahn 6<\/span><\/td><td style=\"text-align: center;\"><span style=\"font-size: 12pt;\">80 (A)<\/span><\/td><\/tr><tr><td><span style=\"font-size: 12pt;\">\u00a0<\/span><\/td><td><span style=\"font-size: 12pt;\">Bundesstra\u00dfe 466, zwischen Kreisverkehr Kammersteiner Stra\u00dfe \/ Ortseingang Schwabach<\/span><\/td><td style=\"text-align: center;\"><span style=\"font-size: 12pt;\">80 (A)<\/span><\/td><\/tr><tr><td><span style=\"font-size: 12pt;\">\u00a0<\/span><\/td><td><span style=\"font-size: 12pt;\">Kammersteiner Stra\u00dfe<\/span><\/td><td style=\"text-align: center;\"><span style=\"font-size: 12pt;\">30 (I)<\/span><\/td><\/tr><tr><td><span style=\"font-size: 12pt;\">\u00a0<\/span><\/td><td><span style=\"font-size: 12pt;\">Konrad-Adenauer-Stra\u00dfe<\/span><\/td><td style=\"text-align: center;\"><span style=\"font-size: 12pt;\">30 (I)<\/span><\/td><\/tr><tr><td><span style=\"font-size: 12pt;\">\u00a0<\/span><\/td><td><span style=\"font-size: 12pt;\">N\u00fcrnberger Stra\u00dfe; stadteinw\u00e4rtige Richtung<\/span><\/td><td style=\"text-align: center;\"><span style=\"font-size: 12pt;\">50 (I)<\/span><\/td><\/tr><tr><td><span style=\"font-size: 12pt;\">\u00a0<\/span><\/td><td><span style=\"font-size: 12pt;\">Oberreichenbacher Stra\u00dfe, stadteinw\u00e4rts Richtung Markgrafenstra\u00dfe<\/span><\/td><td style=\"text-align: center;\"><span style=\"font-size: 12pt;\">30 (I)<\/span><\/td><\/tr><tr><td><span style=\"font-size: 12pt;\">\u00a0<\/span><\/td><td><span style=\"font-size: 12pt;\">Ortsverbindung Schwabach &#8211; Katzwang<\/span><\/td><td style=\"text-align: center;\"><span style=\"font-size: 12pt;\">50 (A)<\/span><\/td><\/tr><tr><td><span style=\"font-size: 12pt;\">\u00a0<\/span><\/td><td><span style=\"font-size: 12pt;\"> Penzendorfer Stra\u00dfe<\/span><\/td><td style=\"text-align: center;\"><span style=\"font-size: 12pt;\">30 (I)<\/span><\/td><\/tr><tr><td><span style=\"font-size: 12pt;\">\u00a0<\/span><\/td><td><span style=\"font-size: 12pt;\">Staatsstra\u00dfe 2239, Reichenbacher Stra\u00dfe vor Grundschule<\/span><\/td><td style=\"text-align: center;\"><span style=\"font-size: 12pt;\">30 (I)<\/span><\/td><\/tr><tr><td><span style=\"font-size: 12pt;\">\u00a0<\/span><\/td><td><span style=\"font-size: 12pt;\">Stadtparkstra\u00dfe<br \/><\/span><\/td><td style=\"text-align: center;\"><span style=\"font-size: 12pt;\">10 (I)<\/span><\/td><\/tr><tr><td><span style=\"font-size: 12pt;\">\u00a0<\/span><\/td><td><span style=\"font-size: 12pt;\">S\u00fcdliche Ringstra\u00dfe<\/span><\/td><td style=\"text-align: center;\"><span style=\"font-size: 12pt;\">30 (I)<\/span><\/td><\/tr><tr><td><span style=\"font-size: 12pt;\">\u00a0<\/span><\/td><td><span style=\"font-size: 12pt;\">Wilhelm-D\u00fcmmler-Stra\u00dfe<\/span><\/td><td style=\"text-align: center;\"><span style=\"font-size: 12pt;\">30 (I)<\/span><\/td><\/tr><tr><td><span style=\"font-size: 12pt;\">Schwanstetten<br \/><\/span><\/td><td><span style=\"font-size: 12pt;\">Kreisstra\u00dfe RH 1, Abschnitt 140; Richtung Leerstetten, km 1,0 &#8211; 2,2<\/span><\/td><td style=\"text-align: center;\"><span style=\"font-size: 12pt;\">60 (A)<\/span><\/td><\/tr><tr><td><span style=\"font-size: 12pt;\">Schwanstetten \/ Leerstetten<\/span><\/td><td><span style=\"font-size: 12pt;\">Schwabacher Stra\u00dfe \/ H\u00f6he Schule<\/span><\/td><td style=\"text-align: center;\"><span style=\"font-size: 12pt;\">30 (I)<\/span><\/td><\/tr><tr><td><span style=\"font-size: 12pt;\">Wendelstein<\/span><\/td><td><span style=\"font-size: 12pt;\">Alte Salzstra\u00dfe<\/span><\/td><td style=\"text-align: center;\"><span style=\"font-size: 12pt;\">30 (I)<\/span><\/td><\/tr><\/tbody><\/table><h3>Weiterf\u00fchrende Links:<\/h3><p><a href=\"https:\/\/www.stmi.bayern.de\/assets\/stmi\/sus\/verkehrssicherheit\/blitzmarathon_2022-mittelfranken.pdf\" target=\"_blank\" rel=\"noopener\"><span style=\"font-size: 12pt;\">Eine \u00dcbersicht der Me\u00dfstellen in ganz Mittelfranken gibt es hier &#8230;<\/span><\/a><\/p>\t\t\t\t\t\t<\/div>\n\t\t\t\t<\/div>\n\t\t\t\t<div class=\"elementor-element elementor-element-ace1283 elementor-widget-divider--view-line elementor-widget elementor-widget-divider\" data-id=\"ace1283\" data-element_type=\"widget\" data-widget_type=\"divider.default\">\n\t\t\t\t<div class=\"elementor-widget-container\">\n\t\t\t\t\t<div class=\"elementor-divider\">\n\t\t\t<span class=\"elementor-divider-separator\">\n\t\t\t\t\t\t<\/span>\n\t\t<\/div>\n\t\t\t\t<\/div>\n\t\t\t\t<\/div>\n\t\t\t\t<div class=\"elementor-element elementor-element-1l7zbzo elementor-widget elementor-widget-google_maps\" data-id=\"1l7zbzo\" data-element_type=\"widget\" data-widget_type=\"google_maps.default\">\n\t\t\t\t<div class=\"elementor-widget-container\">\n\t\t\t\t\t<div class=\"elementor-custom-embed\">\n\t\t\t<iframe loading=\"lazy\"\n\t\t\t\t\tsrc=\"https:\/\/maps.google.com\/maps?q=Schwabach%2C%20Deutschland&#038;t=m&#038;z=11&#038;output=embed&#038;iwloc=near\"\n\t\t\t\t\ttitle=\"Schwabach, Deutschland\"\n\t\t\t\t\taria-label=\"Schwabach, Deutschland\"\n\t\t\t><\/iframe>\n\t\t<\/div>\n\t\t\t\t<\/div>\n\t\t\t\t<\/div>\n\t\t\t\t\t<\/div>\n\t\t<\/div>\n\t\t\t\t<div class=\"elementor-column elementor-col-50 elementor-top-column elementor-element elementor-element-bca16a1\" data-id=\"bca16a1\" data-element_type=\"column\">\n\t\t\t<div class=\"elementor-widget-wrap elementor-element-populated\">\n\t\t\t\t\t\t<div class=\"elementor-element elementor-element-d99c01b elementor-widget elementor-widget-heading\" data-id=\"d99c01b\" data-element_type=\"widget\" data-widget_type=\"heading.default\">\n\t\t\t\t<div class=\"elementor-widget-container\">\n\t\t\t<h3 class=\"elementor-heading-title elementor-size-default\">Schnell vergleichen und sparen!<\/h3>\t\t<\/div>\n\t\t\t\t<\/div>\n\t\t\t\t<div class=\"elementor-element elementor-element-f8fcb73 elementor-widget elementor-widget-wp-widget-advads_ad_widget\" data-id=\"f8fcb73\" data-element_type=\"widget\" data-widget_type=\"wp-widget-advads_ad_widget.default\">\n\t\t\t\t<div class=\"elementor-widget-container\">\n\t\t\t<div id=\"regio-3119453810\"><div class=\"regio-adlabel\">Werbung<\/div><!-- Beginn https:\/\/www.financeads.net\/-Code --><a href=\"https:\/\/www.financeads.net\/tc.php?t=36648C236142529B\" target=\"_blank\"><img decoding=\"async\" src=\"https:\/\/www.financeads.net\/tb.php?t=36648V236142529B&https=1\" alt=\"\" border=\"0\" width=\"300\" height=\"250\"><\/a><!-- Ende https:\/\/www.financeads.net\/-Code --><\/div>\t\t<\/div>\n\t\t\t\t<\/div>\n\t\t\t\t<div class=\"elementor-element elementor-element-76d498a elementor-widget elementor-widget-wp-widget-advads_ad_widget\" data-id=\"76d498a\" data-element_type=\"widget\" data-widget_type=\"wp-widget-advads_ad_widget.default\">\n\t\t\t\t<div class=\"elementor-widget-container\">\n\t\t\t<div id=\"regio-647134156\"><div class=\"regio-adlabel\">Werbung<\/div><!-- Beginn https:\/\/www.financeads.net\/-Code --><a href=\"https:\/\/www.financeads.net\/tc.php?t=36648C42614510B\" target=\"_blank\"><img decoding=\"async\" src=\"https:\/\/www.financeads.net\/tb.php?t=36648V42614510B&https=1\" alt=\"\" border=\"0\" width=\"200\" height=\"300\"><\/a><!-- Ende https:\/\/www.financeads.net\/-Code --><\/div>\t\t<\/div>\n\t\t\t\t<\/div>\n\t\t\t\t<div class=\"elementor-element elementor-element-22c1304 elementor-widget elementor-widget-wp-widget-advads_ad_widget\" data-id=\"22c1304\" data-element_type=\"widget\" data-widget_type=\"wp-widget-advads_ad_widget.default\">\n\t\t\t\t<div class=\"elementor-widget-container\">\n\t\t\t<div id=\"regio-2788892979\"><div class=\"regio-adlabel\">Werbung<\/div><!-- Beginn https:\/\/www.financeads.net\/-Code --><a href=\"https:\/\/www.financeads.net\/tc.php?t=36648C205040072B\" target=\"_blank\"><img loading=\"lazy\" decoding=\"async\" src=\"https:\/\/www.financeads.net\/tb.php?t=36648V205040072B&https=1\" alt=\"\" border=\"0\" width=\"300\" height=\"250\"><\/a><!-- Ende https:\/\/www.financeads.net\/-Code --><\/div>\t\t<\/div>\n\t\t\t\t<\/div>\n\t\t\t\t<div class=\"elementor-element elementor-element-a79da85 elementor-widget elementor-widget-wp-widget-advads_ad_widget\" data-id=\"a79da85\" data-element_type=\"widget\" data-widget_type=\"wp-widget-advads_ad_widget.default\">\n\t\t\t\t<div class=\"elementor-widget-container\">\n\t\t\t<div id=\"regio-2712519517\"><div class=\"regio-adlabel\">Werbung<\/div><!-- Beginn https:\/\/www.financeads.net\/-Code --><a href=\"https:\/\/www.financeads.net\/tc.php?t=36648C271460142B\" target=\"_blank\"><img loading=\"lazy\" decoding=\"async\" src=\"https:\/\/www.financeads.net\/tb.php?t=36648V271460142B&https=1\" alt=\"PETPROTECT_Hund&Katze_Banner\" border=\"0\" width=\"250\" height=\"250\"><\/a><!-- Ende https:\/\/www.financeads.net\/-Code --><\/div>\t\t<\/div>\n\t\t\t\t<\/div>\n\t\t\t\t\t<\/div>\n\t\t<\/div>\n\t\t\t\t\t<\/div>\n\t\t<\/section>\n\t\t\t\t<\/div>\n\t\t","protected":false},"excerpt":{"rendered":"<div class=\"mh-excerpt\"><p>Aufgepasst !!! In Bayern findet am Mittwoch und Donnerstag wieder der sog. \u201eBlitzmarathon\u201c statt, bei dem die Bayerische Polizei bayernweit verst\u00e4rkt Geschwindigkeitskontrollen durchf\u00fchrt. Los geht\u2019s am Mittwoch, den 03.April 2019, um 06.00 Uhr, Ende ist <a class=\"mh-excerpt-more\" href=\"https:\/\/www.region-schwabach.de\/wordpress\/blitzmarathon-am-24-und-25-marz-2022-in-der-region-schwabach\/\" title=\"Blitzmarathon am 24. und 25. M\u00e4rz 2022 in der Region Schwabach\">[&#8230;]<\/a><\/p>\n<\/div>","protected":false},"author":1,"featured_media":166292,"comment_status":"open","ping_status":"open","sticky":false,"template":"","format":"standard","meta":{"_cbd_carousel_blocks":"[]","footnotes":""},"categories":[16],"tags":[18646,18645,18665,18663,3622,981,7480,19],"class_list":{"0":"post-166291","1":"post","2":"type-post","3":"status-publish","4":"format-standard","5":"has-post-thumbnail","7":"category-aktuell","8":"tag-24-maerz-2022","9":"tag-24-03-2022","10":"tag-25-maerz-2022","11":"tag-25-03-2022","12":"tag-blitzmarathon","13":"tag-polizei","14":"tag-polizei-schwabach","15":"tag-schwabach"},"_links":{"self":[{"href":"https:\/\/www.region-schwabach.de\/wordpress\/wp-json\/wp\/v2\/posts\/166291","targetHints":{"allow":["GET"]}}],"collection":[{"href":"https:\/\/www.region-schwabach.de\/wordpress\/wp-json\/wp\/v2\/posts"}],"about":[{"href":"https:\/\/www.region-schwabach.de\/wordpress\/wp-json\/wp\/v2\/types\/post"}],"author":[{"embeddable":true,"href":"https:\/\/www.region-schwabach.de\/wordpress\/wp-json\/wp\/v2\/users\/1"}],"replies":[{"embeddable":true,"href":"https:\/\/www.region-schwabach.de\/wordpress\/wp-json\/wp\/v2\/comments?post=166291"}],"version-history":[{"count":0,"href":"https:\/\/www.region-schwabach.de\/wordpress\/wp-json\/wp\/v2\/posts\/166291\/revisions"}],"wp:featuredmedia":[{"embeddable":true,"href":"https:\/\/www.region-schwabach.de\/wordpress\/wp-json\/wp\/v2\/media\/166292"}],"wp:attachment":[{"href":"https:\/\/www.region-schwabach.de\/wordpress\/wp-json\/wp\/v2\/media?parent=166291"}],"wp:term":[{"taxonomy":"category","embeddable":true,"href":"https:\/\/www.region-schwabach.de\/wordpress\/wp-json\/wp\/v2\/categories?post=166291"},{"taxonomy":"post_tag","embeddable":true,"href":"https:\/\/www.region-schwabach.de\/wordpress\/wp-json\/wp\/v2\/tags?post=166291"}],"curies":[{"name":"wp","href":"https:\/\/api.w.org\/{rel}","templated":true}]}}