{"id":166985,"date":"2022-03-31T01:15:00","date_gmt":"2022-03-30T23:15:00","guid":{"rendered":"https:\/\/www.region-schwabach.de\/wordpress\/?p=166985"},"modified":"2022-03-31T01:36:10","modified_gmt":"2022-03-30T23:36:10","slug":"judische-friedhofe-erzahlen-die-geschichte-der-juden-in-franken-lichtbildervortrag-am-donnerstag-den-31-marz-2022","status":"publish","type":"post","link":"https:\/\/www.region-schwabach.de\/wordpress\/judische-friedhofe-erzahlen-die-geschichte-der-juden-in-franken-lichtbildervortrag-am-donnerstag-den-31-marz-2022\/","title":{"rendered":"J\u00fcdische Friedh\u00f6fe erz\u00e4hlen die Geschichte der Juden in Franken &#8211; Lichtbildervortrag am Donnerstag, den 31. M\u00e4rz 2022"},"content":{"rendered":"\t\t<div data-elementor-type=\"wp-post\" data-elementor-id=\"166985\" class=\"elementor elementor-166985\">\n\t\t\t\t\t\t<section class=\"elementor-section elementor-top-section elementor-element elementor-element-678181b elementor-section-boxed elementor-section-height-default elementor-section-height-default\" data-id=\"678181b\" data-element_type=\"section\">\n\t\t\t\t\t\t<div class=\"elementor-container elementor-column-gap-default\">\n\t\t\t\t\t<div class=\"elementor-column elementor-col-50 elementor-top-column elementor-element elementor-element-6b34026\" data-id=\"6b34026\" data-element_type=\"column\">\n\t\t\t<div class=\"elementor-widget-wrap elementor-element-populated\">\n\t\t\t\t\t\t<div class=\"elementor-element elementor-element-e3fa2ca elementor-widget elementor-widget-wp-widget-advads_ad_widget\" data-id=\"e3fa2ca\" data-element_type=\"widget\" data-widget_type=\"wp-widget-advads_ad_widget.default\">\n\t\t\t\t<div class=\"elementor-widget-container\">\n\t\t\t<div id=\"regio-1249690965\"><div class=\"regio-adlabel\">Werbung<\/div><center><a href=\"https:\/\/a.partner-versicherung.de\/click.php?partner_id=19992&ad_id=1578&deep=kreditkarten\"  target=\"_blank\"><img decoding=\"async\" src=\"https:\/\/a.partner-versicherung.de\/view.php?partner_id=19992&ad_id=1578\" ><\/a><\/center><\/div>\t\t<\/div>\n\t\t\t\t<\/div>\n\t\t\t\t<div class=\"elementor-element elementor-element-443ab98 elementor-widget elementor-widget-text-editor\" data-id=\"443ab98\" data-element_type=\"widget\" data-widget_type=\"text-editor.default\">\n\t\t\t\t<div class=\"elementor-widget-container\">\n\t\t\t\t\t\t\t<h3>Alte Synagoge in Schwabach am Donnerstag, den 31. M\u00e4rz 2022:\u00a0<br \/>Lichtbildervortrag: \u201eJ\u00fcdische Friedh\u00f6fe erz\u00e4hlen die Geschichte der Juden in Franken\u201c<\/h3><p><span style=\"font-size: 12pt;\">Schwabach &#8211;\u00a0Zu einem besonderen Multivisionsvortrag des Publizisten und Landschaftsfotografen Lothar Mayer aus Wendelstein laden die Volkshochschule Schwabach (VHS) und der Geschichts- und Heimatverein Schwabach und Umgebung in die Alte Synagoge ein unter der \u00dcberschrift \u201eJ\u00fcdische Friedh\u00f6fe erz\u00e4hlen die Geschichte der Juden in Franken\u201c.\u00a0<\/span><\/p><p><span style=\"font-size: 12pt;\">Lothar Mayer nimmt seine Zuh\u00f6rerschaft mit auf eine eindrucksvolle fotomediale Reise durch Franken, um ihr einzigartige j\u00fcdische Friedh\u00f6fe in wunderbarer Landschaft zu zeigen. Ebenso ist es ihm wichtig, von speziellen Ereignisse jener j\u00fcdischen Gemeinden zu erz\u00e4hlen und an den j\u00fcdischen Bestattungsritus zu erinnern.<\/span><\/p><p><span style=\"font-size: 12pt;\">Bedingt durch seine famili\u00e4re Geschichte und den so entstanden Verbindungen hat sich Lothar Mayer seit 20 Jahren j\u00fcdischen Friedh\u00f6fen in Franken intensiv gewidmet.\u00a0<\/span><\/p><h3>Infos:\u00a0<\/h3><table style=\"border-collapse: collapse; width: 100%;\"><tbody><tr><td style=\"width: 29.4824%;\"><strong><span style=\"font-size: 12pt;\">Anmeldung:<\/span><\/strong><\/td><td style=\"width: 70.5176%;\"><a href=\"https:\/\/www.vhs.schwabach.de\/kurssuche\/kurs\/Juedische-Friedhoefe-erzaehlen-die-Geschichte-der-Juden-in-Franken-ein-Lichtbild\/221-10100#inhalt\" target=\"_blank\" rel=\"noopener\">Hier geht&#8217;s zur Anmeldung &#8230;<\/a><\/td><\/tr><tr><td style=\"width: 29.4824%;\"><strong><span style=\"font-size: 12pt;\">Wann:<\/span><\/strong><\/td><td style=\"width: 70.5176%;\"><span style=\"font-size: 12pt;\">Donnerstag, den 31. M\u00e4rz 2022, 19.00 Uhr<\/span><\/td><\/tr><tr><td style=\"width: 29.4824%;\"><strong><span style=\"font-size: 12pt;\">Dauer:<\/span><\/strong><\/td><td style=\"width: 70.5176%;\"><span style=\"font-size: 12pt;\">120 Minuten<\/span><\/td><\/tr><tr><td style=\"width: 29.4824%;\"><strong><span style=\"font-size: 12pt;\">Wo:<\/span><\/strong><\/td><td style=\"width: 70.5176%;\"><span style=\"font-size: 12pt;\">Alte Synagoge, Synagogengasse 6, 91126 Schwabach,\u00a0<\/span><\/td><\/tr><tr><td style=\"width: 29.4824%;\"><strong><span style=\"font-size: 12pt;\">F\u00fchrungsgeb\u00fchr:<\/span><\/strong><\/td><td style=\"width: 70.5176%;\"><span style=\"font-size: 12pt;\">0 \u20ac\u00a0<\/span><\/td><\/tr><tr><td style=\"width: 29.4824%;\"><strong><span style=\"font-size: 12pt;\">Pandemie:<\/span><\/strong><\/td><td style=\"width: 70.5176%;\"><span style=\"font-size: 12pt;\">Es gelten Maskenpflicht und Abstandsregeln.\u00a0<\/span><\/td><\/tr><\/tbody><\/table><p><a href=\"http:\/\/www.juedisches-museum.org\/judisches-museum-franken-in-schwabach\/\" target=\"_blank\" rel=\"noopener\"><span style=\"font-size: 12pt;\">Hier geht&#8217;s zur Homepage vom JMF Schwabach &#8230;<\/span><\/a><\/p>\t\t\t\t\t\t<\/div>\n\t\t\t\t<\/div>\n\t\t\t\t<div class=\"elementor-element elementor-element-c8dd997 elementor-widget elementor-widget-shortcode\" data-id=\"c8dd997\" data-element_type=\"widget\" data-widget_type=\"shortcode.default\">\n\t\t\t\t<div class=\"elementor-widget-container\">\n\t\t\t\t\t<div class=\"elementor-shortcode\"><!-- Beginn https:\/\/www.financeads.net\/-Code --><a href=\"https:\/\/www.financeads.net\/tc.php?t=36648C38513858B\" target=\"_blank\"><center><img decoding=\"async\" src=\"https:\/\/www.financeads.net\/tb.php?t=36648V38513858B&https=1\" alt=\"\" border=\"0\" width=\"468\" height=\"60\"><\/a><!-- Ende https:\/\/www.financeads.net\/-Code --><\/div>\n\t\t\t\t<\/div>\n\t\t\t\t<\/div>\n\t\t\t\t<div class=\"elementor-element elementor-element-0c834d7 elementor-widget-divider--view-line elementor-widget elementor-widget-divider\" data-id=\"0c834d7\" data-element_type=\"widget\" data-widget_type=\"divider.default\">\n\t\t\t\t<div class=\"elementor-widget-container\">\n\t\t\t\t\t<div class=\"elementor-divider\">\n\t\t\t<span class=\"elementor-divider-separator\">\n\t\t\t\t\t\t<\/span>\n\t\t<\/div>\n\t\t\t\t<\/div>\n\t\t\t\t<\/div>\n\t\t\t\t<div class=\"elementor-element elementor-element-325f51f elementor-widget elementor-widget-google_maps\" data-id=\"325f51f\" data-element_type=\"widget\" data-widget_type=\"google_maps.default\">\n\t\t\t\t<div class=\"elementor-widget-container\">\n\t\t\t\t\t<div class=\"elementor-custom-embed\">\n\t\t\t<iframe loading=\"lazy\"\n\t\t\t\t\tsrc=\"https:\/\/maps.google.com\/maps?q=Syagogengasse%206%2C%20Schwabach%2C%20Deutschland&#038;t=m&#038;z=17&#038;output=embed&#038;iwloc=near\"\n\t\t\t\t\ttitle=\"Syagogengasse 6, Schwabach, Deutschland\"\n\t\t\t\t\taria-label=\"Syagogengasse 6, Schwabach, Deutschland\"\n\t\t\t><\/iframe>\n\t\t<\/div>\n\t\t\t\t<\/div>\n\t\t\t\t<\/div>\n\t\t\t\t\t<\/div>\n\t\t<\/div>\n\t\t\t\t<div class=\"elementor-column elementor-col-50 elementor-top-column elementor-element elementor-element-f3d2d15\" data-id=\"f3d2d15\" data-element_type=\"column\">\n\t\t\t<div class=\"elementor-widget-wrap elementor-element-populated\">\n\t\t\t\t\t\t<div class=\"elementor-element elementor-element-6165363 elementor-widget elementor-widget-heading\" data-id=\"6165363\" data-element_type=\"widget\" data-widget_type=\"heading.default\">\n\t\t\t\t<div class=\"elementor-widget-container\">\n\t\t\t<h3 class=\"elementor-heading-title elementor-size-default\">Schnell vergleichen und sparen!<\/h3>\t\t<\/div>\n\t\t\t\t<\/div>\n\t\t\t\t<div class=\"elementor-element elementor-element-3842e95 elementor-widget elementor-widget-wp-widget-advads_ad_widget\" data-id=\"3842e95\" data-element_type=\"widget\" data-widget_type=\"wp-widget-advads_ad_widget.default\">\n\t\t\t\t<div class=\"elementor-widget-container\">\n\t\t\t<div id=\"regio-1430378214\"><div class=\"regio-adlabel\">Werbung<\/div><!-- Beginn https:\/\/www.financeads.net\/-Code --><a href=\"https:\/\/www.financeads.net\/tc.php?t=36648C236142529B\" target=\"_blank\"><img fetchpriority=\"high\" decoding=\"async\" src=\"https:\/\/www.financeads.net\/tb.php?t=36648V236142529B&https=1\" alt=\"\" border=\"0\" width=\"300\" height=\"250\"><\/a><!-- Ende https:\/\/www.financeads.net\/-Code --><\/div>\t\t<\/div>\n\t\t\t\t<\/div>\n\t\t\t\t<div class=\"elementor-element elementor-element-afdf71e elementor-widget elementor-widget-wp-widget-advads_ad_widget\" data-id=\"afdf71e\" data-element_type=\"widget\" data-widget_type=\"wp-widget-advads_ad_widget.default\">\n\t\t\t\t<div class=\"elementor-widget-container\">\n\t\t\t<div id=\"regio-920050391\"><div class=\"regio-adlabel\">Werbung<\/div><!-- Beginn https:\/\/www.financeads.net\/-Code --><a href=\"https:\/\/www.financeads.net\/tc.php?t=36648C42614510B\" target=\"_blank\"><img decoding=\"async\" src=\"https:\/\/www.financeads.net\/tb.php?t=36648V42614510B&https=1\" alt=\"\" border=\"0\" width=\"200\" height=\"300\"><\/a><!-- Ende https:\/\/www.financeads.net\/-Code --><\/div>\t\t<\/div>\n\t\t\t\t<\/div>\n\t\t\t\t<div class=\"elementor-element elementor-element-faa70d1 elementor-widget elementor-widget-wp-widget-advads_ad_widget\" data-id=\"faa70d1\" data-element_type=\"widget\" data-widget_type=\"wp-widget-advads_ad_widget.default\">\n\t\t\t\t<div class=\"elementor-widget-container\">\n\t\t\t<div id=\"regio-1299302994\"><div class=\"regio-adlabel\">Werbung<\/div><!-- Beginn https:\/\/www.financeads.net\/-Code --><a href=\"https:\/\/www.financeads.net\/tc.php?t=36648C205040072B\" target=\"_blank\"><img loading=\"lazy\" decoding=\"async\" src=\"https:\/\/www.financeads.net\/tb.php?t=36648V205040072B&https=1\" alt=\"\" border=\"0\" width=\"300\" height=\"250\"><\/a><!-- Ende https:\/\/www.financeads.net\/-Code --><\/div>\t\t<\/div>\n\t\t\t\t<\/div>\n\t\t\t\t<div class=\"elementor-element elementor-element-3478f11 elementor-widget elementor-widget-wp-widget-advads_ad_widget\" data-id=\"3478f11\" data-element_type=\"widget\" data-widget_type=\"wp-widget-advads_ad_widget.default\">\n\t\t\t\t<div class=\"elementor-widget-container\">\n\t\t\t<div id=\"regio-2267999644\"><div class=\"regio-adlabel\">Werbung<\/div><!-- Beginn https:\/\/www.financeads.net\/-Code --><a href=\"https:\/\/www.financeads.net\/tc.php?t=36648C271460142B\" target=\"_blank\"><img loading=\"lazy\" decoding=\"async\" src=\"https:\/\/www.financeads.net\/tb.php?t=36648V271460142B&https=1\" alt=\"PETPROTECT_Hund&Katze_Banner\" border=\"0\" width=\"250\" height=\"250\"><\/a><!-- Ende https:\/\/www.financeads.net\/-Code --><\/div>\t\t<\/div>\n\t\t\t\t<\/div>\n\t\t\t\t\t<\/div>\n\t\t<\/div>\n\t\t\t\t\t<\/div>\n\t\t<\/section>\n\t\t\t\t<\/div>\n\t\t","protected":false},"excerpt":{"rendered":"<div class=\"mh-excerpt\"><p>Alte Synagoge in Schwabach am Donnerstag, den 31. M\u00e4rz 2022:\u00a0Lichtbildervortrag: \u201eJ\u00fcdische Friedh\u00f6fe erz\u00e4hlen die Geschichte der Juden in Franken\u201c Schwabach &#8211;\u00a0Zu einem besonderen Multivisionsvortrag des Publizisten und Landschaftsfotografen Lothar Mayer aus Wendelstein laden die Volkshochschule <a class=\"mh-excerpt-more\" href=\"https:\/\/www.region-schwabach.de\/wordpress\/judische-friedhofe-erzahlen-die-geschichte-der-juden-in-franken-lichtbildervortrag-am-donnerstag-den-31-marz-2022\/\" title=\"J\u00fcdische Friedh\u00f6fe erz\u00e4hlen die Geschichte der Juden in Franken &#8211; Lichtbildervortrag am Donnerstag, den 31. M\u00e4rz 2022\">[&#8230;]<\/a><\/p>\n<\/div>","protected":false},"author":1,"featured_media":166986,"comment_status":"open","ping_status":"open","sticky":false,"template":"","format":"standard","meta":{"_cbd_carousel_blocks":"[]","footnotes":""},"categories":[16,287,231,140],"tags":[18752,18741,6096,4691,18753,4689,16763,18754,18751,18755,19,4692,73],"class_list":{"0":"post-166985","1":"post","2":"type-post","3":"status-publish","4":"format-standard","5":"has-post-thumbnail","7":"category-aktuell","8":"category-jugend-und-familie","9":"category-veranstaltungsnews","10":"category-vereine","11":"tag-31-maerz-2022-2","12":"tag-31-03-2022","13":"tag-alte-synagoge","14":"tag-fraenkisch-juedische-geschichte","15":"tag-juedische-friedhoefe-erzaehlen-die-geschichte-der-juden-in-franken","16":"tag-juedischen-museum-franken","17":"tag-juedisches-leben","18":"tag-landschaftsfotograf","19":"tag-lichtbildervortrag","20":"tag-lothar-mayer","21":"tag-schwabach","22":"tag-synagogengasse","23":"tag-volkshochschule"},"_links":{"self":[{"href":"https:\/\/www.region-schwabach.de\/wordpress\/wp-json\/wp\/v2\/posts\/166985","targetHints":{"allow":["GET"]}}],"collection":[{"href":"https:\/\/www.region-schwabach.de\/wordpress\/wp-json\/wp\/v2\/posts"}],"about":[{"href":"https:\/\/www.region-schwabach.de\/wordpress\/wp-json\/wp\/v2\/types\/post"}],"author":[{"embeddable":true,"href":"https:\/\/www.region-schwabach.de\/wordpress\/wp-json\/wp\/v2\/users\/1"}],"replies":[{"embeddable":true,"href":"https:\/\/www.region-schwabach.de\/wordpress\/wp-json\/wp\/v2\/comments?post=166985"}],"version-history":[{"count":0,"href":"https:\/\/www.region-schwabach.de\/wordpress\/wp-json\/wp\/v2\/posts\/166985\/revisions"}],"wp:featuredmedia":[{"embeddable":true,"href":"https:\/\/www.region-schwabach.de\/wordpress\/wp-json\/wp\/v2\/media\/166986"}],"wp:attachment":[{"href":"https:\/\/www.region-schwabach.de\/wordpress\/wp-json\/wp\/v2\/media?parent=166985"}],"wp:term":[{"taxonomy":"category","embeddable":true,"href":"https:\/\/www.region-schwabach.de\/wordpress\/wp-json\/wp\/v2\/categories?post=166985"},{"taxonomy":"post_tag","embeddable":true,"href":"https:\/\/www.region-schwabach.de\/wordpress\/wp-json\/wp\/v2\/tags?post=166985"}],"curies":[{"name":"wp","href":"https:\/\/api.w.org\/{rel}","templated":true}]}}