{"id":169149,"date":"2022-04-30T01:15:00","date_gmt":"2022-04-29T23:15:00","guid":{"rendered":"https:\/\/www.region-schwabach.de\/wordpress\/?p=169149"},"modified":"2022-04-30T08:19:23","modified_gmt":"2022-04-30T06:19:23","slug":"infoborse-zur-fachkraftegewinnung-am-samstag-den-30-april-2022-auf-dem-schwabacher-marktplatz","status":"publish","type":"post","link":"https:\/\/www.region-schwabach.de\/wordpress\/infoborse-zur-fachkraftegewinnung-am-samstag-den-30-april-2022-auf-dem-schwabacher-marktplatz\/","title":{"rendered":"Infob\u00f6rse zur Fachkr\u00e4ftegewinnung am Samstag, den 30. April 2022, auf dem Schwabacher Marktplatz"},"content":{"rendered":"\t\t<div data-elementor-type=\"wp-post\" data-elementor-id=\"169149\" class=\"elementor elementor-169149\">\n\t\t\t\t\t\t<section class=\"elementor-section elementor-top-section elementor-element elementor-element-678181b elementor-section-boxed elementor-section-height-default elementor-section-height-default\" data-id=\"678181b\" data-element_type=\"section\">\n\t\t\t\t\t\t<div class=\"elementor-container elementor-column-gap-default\">\n\t\t\t\t\t<div class=\"elementor-column elementor-col-50 elementor-top-column elementor-element elementor-element-6b34026\" data-id=\"6b34026\" data-element_type=\"column\">\n\t\t\t<div class=\"elementor-widget-wrap elementor-element-populated\">\n\t\t\t\t\t\t<div class=\"elementor-element elementor-element-6bbd2bb elementor-widget elementor-widget-wp-widget-advads_ad_widget\" data-id=\"6bbd2bb\" data-element_type=\"widget\" data-widget_type=\"wp-widget-advads_ad_widget.default\">\n\t\t\t\t<div class=\"elementor-widget-container\">\n\t\t\t<div id=\"regio-214299153\"><div class=\"regio-adlabel\">Werbung<\/div><center><a href=\"https:\/\/a.partner-versicherung.de\/click.php?partner_id=19992&ad_id=1578&deep=kreditkarten\"  target=\"_blank\"><img decoding=\"async\" src=\"https:\/\/a.partner-versicherung.de\/view.php?partner_id=19992&ad_id=1578\" ><\/a><\/center><\/div>\t\t<\/div>\n\t\t\t\t<\/div>\n\t\t\t\t<div class=\"elementor-element elementor-element-443ab98 elementor-widget elementor-widget-text-editor\" data-id=\"443ab98\" data-element_type=\"widget\" data-widget_type=\"text-editor.default\">\n\t\t\t\t<div class=\"elementor-widget-container\">\n\t\t\t\t\t\t\t<h3 id=\"et_detail_title\"><span id=\"page45R_mcid20\" class=\"markedContent\"><span dir=\"ltr\" role=\"presentation\">Alle Schwabacher Kita-Tr\u00e4ger am Samstag, 30. April 2022, von 11.00 Uhr bis 14.00 Uhr auf dem Marktplatz<\/span><\/span><span id=\"undefined\" class=\"markedContent\"><\/span><span id=\"page45R_mcid12\" class=\"markedContent\"><\/span><span id=\"page45R_mcid13\" class=\"markedContent\"><br role=\"presentation\" \/><span dir=\"ltr\" role=\"presentation\">Info-B\u00f6rse wirbt um Fachkr\u00e4fte<\/span><\/span><\/h3><p><span style=\"font-size: 12pt;\">Schwabach &#8211; <span id=\"page45R_mcid15\" class=\"markedContent\"><span dir=\"ltr\" role=\"presentation\">Erzieherinnen und Erzieher, Kinderpflegerinnen und Kinderpfleger und weitere <\/span><span dir=\"ltr\" role=\"presentation\">p\u00e4dagogische Fachkr\u00e4fte werden dringend gebraucht \u2013 und seit Jahren <\/span><span dir=\"ltr\" role=\"presentation\">h\u00e4nderingend gesucht. Nicht nur f\u00fcr die vier st\u00e4dtischen Kindertages<\/span><span dir=\"ltr\" role=\"presentation\">einrichtungen; alle Tr\u00e4ger &#8211; neben der Stadt sind dies freie und kirchliche, <\/span><span dir=\"ltr\" role=\"presentation\">insgesamt 27 \u2013 werben um die gut ausgebildeten Kr\u00e4fte.<\/span><\/span><span id=\"page45R_mcid16\" class=\"markedContent\"><\/span><span id=\"page45R_mcid17\" class=\"markedContent\"><br role=\"presentation\" \/><\/span><\/span><\/p><p><span style=\"font-size: 12pt;\"><span id=\"page45R_mcid17\" class=\"markedContent\"><span dir=\"ltr\" role=\"presentation\">F\u00fcr das Schwabacher Jugendamt ist es da nur logisch, dass alle an einem <\/span><span dir=\"ltr\" role=\"presentation\">Strang ziehen m\u00fcssen, auch wenn man eigentlich in Konkurrenz zu einander <\/span><span dir=\"ltr\" role=\"presentation\">steht. So ist die Idee einer gemeinsamen Info-B\u00f6rse entstanden: Auf dem <\/span><span dir=\"ltr\" role=\"presentation\">Schwabacher Marktplatz werden alle Schwabacher Tr\u00e4ger am Samstag, den 30. <\/span><span dir=\"ltr\" role=\"presentation\">April 2022, von 11.00 Uhr bis 14.00 Uhr einen Infostand aufbauen und ihre Einrichtungen, ihre <\/span><span dir=\"ltr\" role=\"presentation\">Schwerpunkte und ihre Besch\u00e4ftigungsm\u00f6glichkeiten vorstellen und Fragen <\/span><span dir=\"ltr\" role=\"presentation\">beantworten. <\/span><\/span><\/span><\/p><p><span style=\"font-size: 12pt;\"><span id=\"page45R_mcid17\" class=\"markedContent\"><span dir=\"ltr\" role=\"presentation\">Mit diesem Angebot wollen sie m\u00f6glichst viele Menschen <\/span><span dir=\"ltr\" role=\"presentation\">ansprechen: fertig ausgebildete Fachkr\u00e4fte genauso wie zuk\u00fcnftige, die sich <\/span><span dir=\"ltr\" role=\"presentation\">noch in der Ausbildung befinden, oder auch Sch\u00fclerinnen und Sch\u00fcler, die <\/span><span dir=\"ltr\" role=\"presentation\">Interesse an einer entsprechenden Ausbildung zeigen. Aber auch Frauen und <\/span><span dir=\"ltr\" role=\"presentation\">M\u00e4nner, die bereits eine andere Berufsausbildung haben und sich <\/span><span dir=\"ltr\" role=\"presentation\">umorientieren m\u00f6chten, sollen angesprochen werden. Ebenso diejenigen, die <\/span><span dir=\"ltr\" role=\"presentation\">bereits eine Zeitlang aus dem Beruf ausgestiegen sind und zur\u00fcckkehren <\/span><span dir=\"ltr\" role=\"presentation\">m\u00f6chten.<\/span><\/span><span id=\"page45R_mcid18\" class=\"markedContent\"><\/span><span id=\"page45R_mcid19\" class=\"markedContent\"><br role=\"presentation\" \/><\/span><\/span><\/p><p><span style=\"font-size: 12pt;\"><span id=\"page45R_mcid19\" class=\"markedContent\"><span dir=\"ltr\" role=\"presentation\">Auf dem Marktplatz werden neben zahlreichen Informationen zu Berufsbildern <\/span><span dir=\"ltr\" role=\"presentation\">auch unterhaltende Aktionen angeboten, die den Besuch zum einen kurzweilig <\/span><\/span><\/span><span style=\"font-size: 12pt;\"><span id=\"page1R_mcid0\" class=\"markedContent\"><span dir=\"ltr\" role=\"presentation\">machen und gleichzeitig die Kontaktaufnahme erleichtern. Das Schwabacher <\/span><span dir=\"ltr\" role=\"presentation\">Goldmobil wird als Podium dienen, auf dem Fachkr\u00e4fte zu Wort kommen oder <\/span><span dir=\"ltr\" role=\"presentation\">Fragen diskutiert werden k\u00f6nnen. So wird sich etwa auch die Agentur f\u00fcr Arbeit <\/span><span dir=\"ltr\" role=\"presentation\">Schwabach an der Veranstaltung beteiligen. Zwei Berufsberaterinnen, die auch <\/span><span dir=\"ltr\" role=\"presentation\">f\u00fcr die Schwabacher Schulen zust\u00e4ndig sind, stehen f\u00fcr Einzelgespr\u00e4che am <\/span><span dir=\"ltr\" role=\"presentation\">Stand und f\u00fcr ein Gespr\u00e4ch am Goldmobil zur Verf\u00fcgung. Die Gespr\u00e4chspart<\/span><span dir=\"ltr\" role=\"presentation\">nerinnen sind bei der Agentur f\u00fcr Arbeit Schwabach mit dem Aufgabengebiet <\/span><span dir=\"ltr\" role=\"presentation\">Berufsberatung vor dem Erwerbsleben sowie auch f\u00fcr \u201eQuereinsteiger\u201c <\/span><span dir=\"ltr\" role=\"presentation\">zust\u00e4ndig.<\/span><\/span><span id=\"page1R_mcid1\" class=\"markedContent\"><\/span><span id=\"page1R_mcid2\" class=\"markedContent\"><br role=\"presentation\" \/><\/span><\/span><\/p><p><span style=\"font-size: 12pt;\"><span id=\"page1R_mcid2\" class=\"markedContent\"><span dir=\"ltr\" role=\"presentation\">\u201eWir erhoffen uns nat\u00fcrlich f\u00fcr diesen Info-Tag gro\u00dfes Interesse von ganz <\/span><span dir=\"ltr\" role=\"presentation\">vielen Menschen\u201c, so Bruni Adam, Leiterin des Schwabacher Jugendamtes. <\/span><span dir=\"ltr\" role=\"presentation\">\u201eEs soll damit aber auch den Fachkr\u00e4ften symbolisch der Platz in unserer <\/span><span dir=\"ltr\" role=\"presentation\">Gesellschaft einger\u00e4umt werden, der ihnen geb\u00fchrt: im Zentrum.\u201c<\/span><\/span><span id=\"page1R_mcid3\" class=\"markedContent\"><\/span><span id=\"page1R_mcid4\" class=\"markedContent\"><br role=\"presentation\" \/><\/span><\/span><\/p><p><strong><span style=\"font-size: 12pt;\"><span id=\"page1R_mcid4\" class=\"markedContent\"><span dir=\"ltr\" role=\"presentation\">Foto: Mit diesem Motiv wirbt die Stadt bei der Infob\u00f6rse um Fachkr\u00e4fte.\u00a0<\/span><\/span><\/span><\/strong><\/p><p><a href=\"https:\/\/www.region-schwabach.de\/wordpress\/wp-content\/uploads\/2022\/04\/PM49_Infoboerse_Fachkraeftegewinnung-scaled.jpg\"><img fetchpriority=\"high\" decoding=\"async\" class=\"aligncenter size-full wp-image-169155\" src=\"https:\/\/www.region-schwabach.de\/wordpress\/wp-content\/uploads\/2022\/04\/PM49_Infoboerse_Fachkraeftegewinnung-scaled-e1651009423563.jpg\" alt=\"\" width=\"960\" height=\"533\" \/><\/a><\/p>\t\t\t\t\t\t<\/div>\n\t\t\t\t<\/div>\n\t\t\t\t<div class=\"elementor-element elementor-element-0c834d7 elementor-widget-divider--view-line elementor-widget elementor-widget-divider\" data-id=\"0c834d7\" data-element_type=\"widget\" data-widget_type=\"divider.default\">\n\t\t\t\t<div class=\"elementor-widget-container\">\n\t\t\t\t\t<div class=\"elementor-divider\">\n\t\t\t<span class=\"elementor-divider-separator\">\n\t\t\t\t\t\t<\/span>\n\t\t<\/div>\n\t\t\t\t<\/div>\n\t\t\t\t<\/div>\n\t\t\t\t<div class=\"elementor-element elementor-element-325f51f elementor-widget elementor-widget-google_maps\" data-id=\"325f51f\" data-element_type=\"widget\" data-widget_type=\"google_maps.default\">\n\t\t\t\t<div class=\"elementor-widget-container\">\n\t\t\t\t\t<div class=\"elementor-custom-embed\">\n\t\t\t<iframe loading=\"lazy\"\n\t\t\t\t\tsrc=\"https:\/\/maps.google.com\/maps?q=K%C3%B6nigsplatz%2033a%2C%20Schwabach%2C%20Deutschland&#038;t=m&#038;z=16&#038;output=embed&#038;iwloc=near\"\n\t\t\t\t\ttitle=\"K\u00f6nigsplatz 33a, Schwabach, Deutschland\"\n\t\t\t\t\taria-label=\"K\u00f6nigsplatz 33a, Schwabach, Deutschland\"\n\t\t\t><\/iframe>\n\t\t<\/div>\n\t\t\t\t<\/div>\n\t\t\t\t<\/div>\n\t\t\t\t\t<\/div>\n\t\t<\/div>\n\t\t\t\t<div class=\"elementor-column elementor-col-50 elementor-top-column elementor-element elementor-element-8a5c163\" data-id=\"8a5c163\" data-element_type=\"column\">\n\t\t\t<div class=\"elementor-widget-wrap elementor-element-populated\">\n\t\t\t\t\t\t<div class=\"elementor-element elementor-element-2fd9474 elementor-widget elementor-widget-heading\" data-id=\"2fd9474\" data-element_type=\"widget\" data-widget_type=\"heading.default\">\n\t\t\t\t<div class=\"elementor-widget-container\">\n\t\t\t<h3 class=\"elementor-heading-title elementor-size-default\">Schnell vergleichen und sparen!<\/h3>\t\t<\/div>\n\t\t\t\t<\/div>\n\t\t\t\t<div class=\"elementor-element elementor-element-f6c6f4a elementor-widget elementor-widget-wp-widget-advads_ad_widget\" data-id=\"f6c6f4a\" data-element_type=\"widget\" data-widget_type=\"wp-widget-advads_ad_widget.default\">\n\t\t\t\t<div class=\"elementor-widget-container\">\n\t\t\t<div id=\"regio-1422309243\"><div class=\"regio-adlabel\">Werbung<\/div><!-- Beginn https:\/\/www.financeads.net\/-Code --><a href=\"https:\/\/www.financeads.net\/tc.php?t=36648C236142529B\" target=\"_blank\"><img decoding=\"async\" src=\"https:\/\/www.financeads.net\/tb.php?t=36648V236142529B&https=1\" alt=\"\" border=\"0\" width=\"300\" height=\"250\"><\/a><!-- Ende https:\/\/www.financeads.net\/-Code --><\/div>\t\t<\/div>\n\t\t\t\t<\/div>\n\t\t\t\t<div class=\"elementor-element elementor-element-2e55a7e elementor-widget elementor-widget-wp-widget-advads_ad_widget\" data-id=\"2e55a7e\" data-element_type=\"widget\" data-widget_type=\"wp-widget-advads_ad_widget.default\">\n\t\t\t\t<div class=\"elementor-widget-container\">\n\t\t\t<div id=\"regio-1855224366\"><div class=\"regio-adlabel\">Werbung<\/div><!-- Beginn https:\/\/www.financeads.net\/-Code --><a href=\"https:\/\/www.financeads.net\/tc.php?t=36648C42614510B\" target=\"_blank\"><img decoding=\"async\" src=\"https:\/\/www.financeads.net\/tb.php?t=36648V42614510B&https=1\" alt=\"\" border=\"0\" width=\"200\" height=\"300\"><\/a><!-- Ende https:\/\/www.financeads.net\/-Code --><\/div>\t\t<\/div>\n\t\t\t\t<\/div>\n\t\t\t\t<div class=\"elementor-element elementor-element-3288943 elementor-widget elementor-widget-wp-widget-advads_ad_widget\" data-id=\"3288943\" data-element_type=\"widget\" data-widget_type=\"wp-widget-advads_ad_widget.default\">\n\t\t\t\t<div class=\"elementor-widget-container\">\n\t\t\t<div id=\"regio-2730836637\"><div class=\"regio-adlabel\">Werbung<\/div><!-- Beginn https:\/\/www.financeads.net\/-Code --><a href=\"https:\/\/www.financeads.net\/tc.php?t=36648C205040072B\" target=\"_blank\"><img loading=\"lazy\" decoding=\"async\" src=\"https:\/\/www.financeads.net\/tb.php?t=36648V205040072B&https=1\" alt=\"\" border=\"0\" width=\"300\" height=\"250\"><\/a><!-- Ende https:\/\/www.financeads.net\/-Code --><\/div>\t\t<\/div>\n\t\t\t\t<\/div>\n\t\t\t\t<div class=\"elementor-element elementor-element-9879aa6 elementor-widget elementor-widget-wp-widget-advads_ad_widget\" data-id=\"9879aa6\" data-element_type=\"widget\" data-widget_type=\"wp-widget-advads_ad_widget.default\">\n\t\t\t\t<div class=\"elementor-widget-container\">\n\t\t\t<div id=\"regio-2827080894\"><div class=\"regio-adlabel\">Werbung<\/div><!-- Beginn https:\/\/www.financeads.net\/-Code --><a href=\"https:\/\/www.financeads.net\/tc.php?t=36648C271460142B\" target=\"_blank\"><img loading=\"lazy\" decoding=\"async\" src=\"https:\/\/www.financeads.net\/tb.php?t=36648V271460142B&https=1\" alt=\"PETPROTECT_Hund&Katze_Banner\" border=\"0\" width=\"250\" height=\"250\"><\/a><!-- Ende https:\/\/www.financeads.net\/-Code --><\/div>\t\t<\/div>\n\t\t\t\t<\/div>\n\t\t\t\t\t<\/div>\n\t\t<\/div>\n\t\t\t\t\t<\/div>\n\t\t<\/section>\n\t\t\t\t<\/div>\n\t\t","protected":false},"excerpt":{"rendered":"<div class=\"mh-excerpt\"><p>Alle Schwabacher Kita-Tr\u00e4ger am Samstag, 30. April 2022, von 11.00 Uhr bis 14.00 Uhr auf dem MarktplatzInfo-B\u00f6rse wirbt um Fachkr\u00e4fte Schwabach &#8211; Erzieherinnen und Erzieher, Kinderpflegerinnen und Kinderpfleger und weitere p\u00e4dagogische Fachkr\u00e4fte werden dringend gebraucht <a class=\"mh-excerpt-more\" href=\"https:\/\/www.region-schwabach.de\/wordpress\/infoborse-zur-fachkraftegewinnung-am-samstag-den-30-april-2022-auf-dem-schwabacher-marktplatz\/\" title=\"Infob\u00f6rse zur Fachkr\u00e4ftegewinnung am Samstag, den 30. April 2022, auf dem Schwabacher Marktplatz\">[&#8230;]<\/a><\/p>\n<\/div>","protected":false},"author":1,"featured_media":169155,"comment_status":"open","ping_status":"open","sticky":false,"template":"","format":"standard","meta":{"_cbd_carousel_blocks":"[]","footnotes":""},"categories":[16,287,79,4306,61,46],"tags":[18968,18967,11246,18972,18970,8585,18971,18974,18973,522,114,18975,1480,19,3151,7657],"class_list":{"0":"post-169149","1":"post","2":"type-post","3":"status-publish","4":"format-standard","5":"has-post-thumbnail","7":"category-aktuell","8":"category-jugend-und-familie","9":"category-politik","10":"category-ratgeber","11":"category-rathaus","12":"category-verbaende","13":"tag-30-april-2022","14":"tag-30-04-2022","15":"tag-erzieher","16":"tag-erzieherinnen","17":"tag-fachkraeftegewinnung","18":"tag-info-veranstaltung","19":"tag-infoboerse","20":"tag-kinderpfleger","21":"tag-kinderpflegerinnen","22":"tag-koenigsplatz","23":"tag-marktplatz","24":"tag-paedagogische-fachkraefte","25":"tag-rathaus","26":"tag-schwabach","27":"tag-stadt-schwabach","28":"tag-vortraege"},"_links":{"self":[{"href":"https:\/\/www.region-schwabach.de\/wordpress\/wp-json\/wp\/v2\/posts\/169149","targetHints":{"allow":["GET"]}}],"collection":[{"href":"https:\/\/www.region-schwabach.de\/wordpress\/wp-json\/wp\/v2\/posts"}],"about":[{"href":"https:\/\/www.region-schwabach.de\/wordpress\/wp-json\/wp\/v2\/types\/post"}],"author":[{"embeddable":true,"href":"https:\/\/www.region-schwabach.de\/wordpress\/wp-json\/wp\/v2\/users\/1"}],"replies":[{"embeddable":true,"href":"https:\/\/www.region-schwabach.de\/wordpress\/wp-json\/wp\/v2\/comments?post=169149"}],"version-history":[{"count":0,"href":"https:\/\/www.region-schwabach.de\/wordpress\/wp-json\/wp\/v2\/posts\/169149\/revisions"}],"wp:featuredmedia":[{"embeddable":true,"href":"https:\/\/www.region-schwabach.de\/wordpress\/wp-json\/wp\/v2\/media\/169155"}],"wp:attachment":[{"href":"https:\/\/www.region-schwabach.de\/wordpress\/wp-json\/wp\/v2\/media?parent=169149"}],"wp:term":[{"taxonomy":"category","embeddable":true,"href":"https:\/\/www.region-schwabach.de\/wordpress\/wp-json\/wp\/v2\/categories?post=169149"},{"taxonomy":"post_tag","embeddable":true,"href":"https:\/\/www.region-schwabach.de\/wordpress\/wp-json\/wp\/v2\/tags?post=169149"}],"curies":[{"name":"wp","href":"https:\/\/api.w.org\/{rel}","templated":true}]}}