{"id":169208,"date":"2022-04-28T01:00:00","date_gmt":"2022-04-27T23:00:00","guid":{"rendered":"https:\/\/www.region-schwabach.de\/wordpress\/?p=169208"},"modified":"2022-04-28T00:11:55","modified_gmt":"2022-04-27T22:11:55","slug":"meditativer-abend-des-ebw-im-stadtteilzentrum-st-matthaus-am-donnerstag-den-28-april-2022","status":"publish","type":"post","link":"https:\/\/www.region-schwabach.de\/wordpress\/meditativer-abend-des-ebw-im-stadtteilzentrum-st-matthaus-am-donnerstag-den-28-april-2022\/","title":{"rendered":"Meditativer Abend des ebw im Stadtteilzentrum St. Matth\u00e4us &#8211; am Donnerstag, den 28. April 2022"},"content":{"rendered":"\t\t<div data-elementor-type=\"wp-post\" data-elementor-id=\"169208\" class=\"elementor elementor-169208\">\n\t\t\t\t\t\t<section class=\"elementor-section elementor-top-section elementor-element elementor-element-tlus4ia elementor-section-boxed elementor-section-height-default elementor-section-height-default\" data-id=\"tlus4ia\" data-element_type=\"section\">\n\t\t\t\t\t\t<div class=\"elementor-container elementor-column-gap-default\">\n\t\t\t\t\t<div class=\"elementor-column elementor-col-66 elementor-top-column elementor-element elementor-element-sphcucl\" data-id=\"sphcucl\" data-element_type=\"column\">\n\t\t\t<div class=\"elementor-widget-wrap elementor-element-populated\">\n\t\t\t\t\t\t<div class=\"elementor-element elementor-element-bf6f847 elementor-widget elementor-widget-wp-widget-advads_ad_widget\" data-id=\"bf6f847\" data-element_type=\"widget\" data-widget_type=\"wp-widget-advads_ad_widget.default\">\n\t\t\t\t<div class=\"elementor-widget-container\">\n\t\t\t<div id=\"regio-2035251729\"><div class=\"regio-adlabel\">Werbung<\/div><center><a href=\"https:\/\/a.partner-versicherung.de\/click.php?partner_id=19992&ad_id=1578&deep=kreditkarten\"  target=\"_blank\"><img decoding=\"async\" src=\"https:\/\/a.partner-versicherung.de\/view.php?partner_id=19992&ad_id=1578\" ><\/a><\/center><\/div>\t\t<\/div>\n\t\t\t\t<\/div>\n\t\t\t\t<div class=\"elementor-element elementor-element-4f2h2af elementor-widget elementor-widget-text-editor\" data-id=\"4f2h2af\" data-element_type=\"widget\" data-widget_type=\"text-editor.default\">\n\t\t\t\t<div class=\"elementor-widget-container\">\n\t\t\t\t\t\t\t<h3>Donnerstag, 28. April 2022, 18.30 Uhr bis 20.00 Uhr im Stadtteilzentrum St. Matth\u00e4us in der Wilhelm-D\u00fcmmler-Stra\u00dfe<br \/>Meditativer Abend &#8211; Ein\u00fcbung in christliche Meditation<\/h3><p><span style=\"font-size: 12pt;\">Schwabach &#8211; In unserer unruhigen Zeit sehnen wir uns nach Stille. Aber nicht nur \u00e4u\u00dferlich zur Ruhe zu kommen, ist uns ein Bed\u00fcrfnis, sondern auch innerlich still zu werden. Dies \u00fcben wir ein. Dabei helfen uns \u00dcbungen zur Wahrnehmung und Achtsamkeit f\u00fcr unseren K\u00f6rper. Und wir lassen uns ein, auf das SEIN in Gottes Gegenwart.<br \/><\/span><\/p><p><span style=\"font-size: 12pt;\">Es gilt das Hygienekonzept des EBW Schwabach, zu finden auf\u00a0<a class=\"et_link\" href=\"http:\/\/www.ebw-schwabach.de\/\" target=\"_blank\" rel=\"noopener\">www.ebw-schwabach.de<\/a>.<\/span><\/p><p><span style=\"font-size: 12pt;\">Bitte bringen Sie eine dicke Decke oder Matte, bequeme Kleidung und evtl. rutschfeste Socken mit.<\/span><\/p><h3>Infos:<\/h3><p><span style=\"font-size: 12pt;\">Der Eintritt ist kostenlos, um Spenden wird gebeten. Anmeldungen werden im Evangelischen Bildungswerk unter Telefon 09122 9256-420 oder\u00a0 per E-Mail: <a href=\"mailto:ebw.schwabach@elkb.de\" target=\"_blank\" rel=\"noopener\">ebw.schwabach@elkb.de<\/a> oder online unter <a href=\"http:\/\/www.ebwschwabach.de\" target=\"_blank\" rel=\"noopener\">www.ebwschwabach.de<\/a> entgegengenommen.<\/span><\/p><h3>Weiterf\u00fchrende Links:<\/h3><p><span style=\"font-size: 12pt;\"><a href=\"https:\/\/www.stmartin-schwabach.de\/evangelisches-haus\" target=\"_blank\" rel=\"noopener\">Die Homepage des Evangelischen Hauses in Schwabach finden Sie hier \u2026<\/a><\/span><\/p>\t\t\t\t\t\t<\/div>\n\t\t\t\t<\/div>\n\t\t\t\t<div class=\"elementor-element elementor-element-23e93c6 elementor-widget elementor-widget-shortcode\" data-id=\"23e93c6\" data-element_type=\"widget\" data-widget_type=\"shortcode.default\">\n\t\t\t\t<div class=\"elementor-widget-container\">\n\t\t\t\t\t<div class=\"elementor-shortcode\"><center><a href=\"https:\/\/a.partner-versicherung.de\/click.php?partner_id=19992&ad_id=441&deep=kfz-versicherung\"  target=\"_blank\"><img decoding=\"async\" src=\"https:\/\/a.partner-versicherung.de\/view.php?partner_id=19992&ad_id=441\" ><\/a><\/center><\/div>\n\t\t\t\t<\/div>\n\t\t\t\t<\/div>\n\t\t\t\t<div class=\"elementor-element elementor-element-772dde2 elementor-widget-divider--view-line elementor-widget elementor-widget-divider\" data-id=\"772dde2\" data-element_type=\"widget\" data-widget_type=\"divider.default\">\n\t\t\t\t<div class=\"elementor-widget-container\">\n\t\t\t\t\t<div class=\"elementor-divider\">\n\t\t\t<span class=\"elementor-divider-separator\">\n\t\t\t\t\t\t<\/span>\n\t\t<\/div>\n\t\t\t\t<\/div>\n\t\t\t\t<\/div>\n\t\t\t\t<div class=\"elementor-element elementor-element-39c5f74 elementor-widget elementor-widget-google_maps\" data-id=\"39c5f74\" data-element_type=\"widget\" data-widget_type=\"google_maps.default\">\n\t\t\t\t<div class=\"elementor-widget-container\">\n\t\t\t\t\t<div class=\"elementor-custom-embed\">\n\t\t\t<iframe loading=\"lazy\"\n\t\t\t\t\tsrc=\"https:\/\/maps.google.com\/maps?q=Wilhelm-D%C3%BCmmler-Stra%C3%9Fe%20126%2C%20Schwabach%2C%20Deutschland&#038;t=m&#038;z=17&#038;output=embed&#038;iwloc=near\"\n\t\t\t\t\ttitle=\"Wilhelm-D\u00fcmmler-Stra\u00dfe 126, Schwabach, Deutschland\"\n\t\t\t\t\taria-label=\"Wilhelm-D\u00fcmmler-Stra\u00dfe 126, Schwabach, Deutschland\"\n\t\t\t><\/iframe>\n\t\t<\/div>\n\t\t\t\t<\/div>\n\t\t\t\t<\/div>\n\t\t\t\t\t<\/div>\n\t\t<\/div>\n\t\t\t\t<div class=\"elementor-column elementor-col-33 elementor-top-column elementor-element elementor-element-flkv3o5\" data-id=\"flkv3o5\" data-element_type=\"column\">\n\t\t\t<div class=\"elementor-widget-wrap elementor-element-populated\">\n\t\t\t\t\t\t<div class=\"elementor-element elementor-element-bbb95d6 elementor-widget elementor-widget-heading\" data-id=\"bbb95d6\" data-element_type=\"widget\" data-widget_type=\"heading.default\">\n\t\t\t\t<div class=\"elementor-widget-container\">\n\t\t\t<h3 class=\"elementor-heading-title elementor-size-default\">Schnell vergleichen und sparen!<\/h3>\t\t<\/div>\n\t\t\t\t<\/div>\n\t\t\t\t<div class=\"elementor-element elementor-element-f43c454 elementor-widget elementor-widget-wp-widget-advads_ad_widget\" data-id=\"f43c454\" data-element_type=\"widget\" data-widget_type=\"wp-widget-advads_ad_widget.default\">\n\t\t\t\t<div class=\"elementor-widget-container\">\n\t\t\t<div id=\"regio-3562598249\"><div class=\"regio-adlabel\">Werbung<\/div><!-- Beginn https:\/\/www.financeads.net\/-Code --><a href=\"https:\/\/www.financeads.net\/tc.php?t=36648C236142529B\" target=\"_blank\"><img fetchpriority=\"high\" decoding=\"async\" src=\"https:\/\/www.financeads.net\/tb.php?t=36648V236142529B&https=1\" alt=\"\" border=\"0\" width=\"300\" height=\"250\"><\/a><!-- Ende https:\/\/www.financeads.net\/-Code --><\/div>\t\t<\/div>\n\t\t\t\t<\/div>\n\t\t\t\t<div class=\"elementor-element elementor-element-3413d32 elementor-widget elementor-widget-wp-widget-advads_ad_widget\" data-id=\"3413d32\" data-element_type=\"widget\" data-widget_type=\"wp-widget-advads_ad_widget.default\">\n\t\t\t\t<div class=\"elementor-widget-container\">\n\t\t\t<div id=\"regio-1476165148\"><div class=\"regio-adlabel\">Werbung<\/div><!-- Beginn https:\/\/www.financeads.net\/-Code --><a href=\"https:\/\/www.financeads.net\/tc.php?t=36648C42614510B\" target=\"_blank\"><img decoding=\"async\" src=\"https:\/\/www.financeads.net\/tb.php?t=36648V42614510B&https=1\" alt=\"\" border=\"0\" width=\"200\" height=\"300\"><\/a><!-- Ende https:\/\/www.financeads.net\/-Code --><\/div>\t\t<\/div>\n\t\t\t\t<\/div>\n\t\t\t\t<div class=\"elementor-element elementor-element-9ed271f elementor-widget elementor-widget-wp-widget-advads_ad_widget\" data-id=\"9ed271f\" data-element_type=\"widget\" data-widget_type=\"wp-widget-advads_ad_widget.default\">\n\t\t\t\t<div class=\"elementor-widget-container\">\n\t\t\t<div id=\"regio-1497255037\"><div class=\"regio-adlabel\">Werbung<\/div><!-- Beginn https:\/\/www.financeads.net\/-Code --><a href=\"https:\/\/www.financeads.net\/tc.php?t=36648C205040072B\" target=\"_blank\"><img decoding=\"async\" src=\"https:\/\/www.financeads.net\/tb.php?t=36648V205040072B&https=1\" alt=\"\" border=\"0\" width=\"300\" height=\"250\"><\/a><!-- Ende https:\/\/www.financeads.net\/-Code --><\/div>\t\t<\/div>\n\t\t\t\t<\/div>\n\t\t\t\t<div class=\"elementor-element elementor-element-b0591ec elementor-widget elementor-widget-wp-widget-advads_ad_widget\" data-id=\"b0591ec\" data-element_type=\"widget\" data-widget_type=\"wp-widget-advads_ad_widget.default\">\n\t\t\t\t<div class=\"elementor-widget-container\">\n\t\t\t<div id=\"regio-761715073\"><div class=\"regio-adlabel\">Werbung<\/div><!-- Beginn https:\/\/www.financeads.net\/-Code --><a href=\"https:\/\/www.financeads.net\/tc.php?t=36648C271460142B\" target=\"_blank\"><img loading=\"lazy\" decoding=\"async\" src=\"https:\/\/www.financeads.net\/tb.php?t=36648V271460142B&https=1\" alt=\"PETPROTECT_Hund&Katze_Banner\" border=\"0\" width=\"250\" height=\"250\"><\/a><!-- Ende https:\/\/www.financeads.net\/-Code --><\/div>\t\t<\/div>\n\t\t\t\t<\/div>\n\t\t\t\t\t<\/div>\n\t\t<\/div>\n\t\t\t\t\t<\/div>\n\t\t<\/section>\n\t\t\t\t<\/div>\n\t\t","protected":false},"excerpt":{"rendered":"<div class=\"mh-excerpt\"><p>Donnerstag, 28. April 2022, 18.30 Uhr bis 20.00 Uhr im Stadtteilzentrum St. Matth\u00e4us in der Wilhelm-D\u00fcmmler-Stra\u00dfe Meditativer Abend &#8211; Ein\u00fcbung in christliche Meditation Schwabach &#8211; In unserer unruhigen Zeit sehnen wir uns nach Stille. Aber <a class=\"mh-excerpt-more\" href=\"https:\/\/www.region-schwabach.de\/wordpress\/meditativer-abend-des-ebw-im-stadtteilzentrum-st-matthaus-am-donnerstag-den-28-april-2022\/\" title=\"Meditativer Abend des ebw im Stadtteilzentrum St. Matth\u00e4us &#8211; am Donnerstag, den 28. April 2022\">[&#8230;]<\/a><\/p>\n<\/div>","protected":false},"author":1,"featured_media":166300,"comment_status":"open","ping_status":"open","sticky":false,"template":"","format":"standard","meta":{"_cbd_carousel_blocks":"[]","footnotes":""},"categories":[16,287,4306,231,46],"tags":[18979,18978,10188,18687,18686,4034,19,14053,16310,14054,4268,2678],"class_list":{"0":"post-169208","1":"post","2":"type-post","3":"status-publish","4":"format-standard","5":"has-post-thumbnail","7":"category-aktuell","8":"category-jugend-und-familie","9":"category-ratgeber","10":"category-veranstaltungsnews","11":"category-verbaende","12":"tag-28-april-2022","13":"tag-28-04-2022","14":"tag-ebw","15":"tag-einuebung-in-christliche-meditation","16":"tag-meditativer-abend","17":"tag-online","18":"tag-schwabach","19":"tag-seminar","20":"tag-stadtteilzentrum-st-matthaeus","21":"tag-wie-kann-ich-stress-konkret-und-zielfuehrend-reduzieren-das-leben-positiv-gestalten","22":"tag-wilhelm-duemmler-strasse","23":"tag-wittelsbacherstrasse"},"_links":{"self":[{"href":"https:\/\/www.region-schwabach.de\/wordpress\/wp-json\/wp\/v2\/posts\/169208","targetHints":{"allow":["GET"]}}],"collection":[{"href":"https:\/\/www.region-schwabach.de\/wordpress\/wp-json\/wp\/v2\/posts"}],"about":[{"href":"https:\/\/www.region-schwabach.de\/wordpress\/wp-json\/wp\/v2\/types\/post"}],"author":[{"embeddable":true,"href":"https:\/\/www.region-schwabach.de\/wordpress\/wp-json\/wp\/v2\/users\/1"}],"replies":[{"embeddable":true,"href":"https:\/\/www.region-schwabach.de\/wordpress\/wp-json\/wp\/v2\/comments?post=169208"}],"version-history":[{"count":0,"href":"https:\/\/www.region-schwabach.de\/wordpress\/wp-json\/wp\/v2\/posts\/169208\/revisions"}],"wp:featuredmedia":[{"embeddable":true,"href":"https:\/\/www.region-schwabach.de\/wordpress\/wp-json\/wp\/v2\/media\/166300"}],"wp:attachment":[{"href":"https:\/\/www.region-schwabach.de\/wordpress\/wp-json\/wp\/v2\/media?parent=169208"}],"wp:term":[{"taxonomy":"category","embeddable":true,"href":"https:\/\/www.region-schwabach.de\/wordpress\/wp-json\/wp\/v2\/categories?post=169208"},{"taxonomy":"post_tag","embeddable":true,"href":"https:\/\/www.region-schwabach.de\/wordpress\/wp-json\/wp\/v2\/tags?post=169208"}],"curies":[{"name":"wp","href":"https:\/\/api.w.org\/{rel}","templated":true}]}}