{"id":169845,"date":"2022-05-04T11:28:38","date_gmt":"2022-05-04T09:28:38","guid":{"rendered":"https:\/\/www.region-schwabach.de\/wordpress\/?p=169845"},"modified":"2022-05-04T11:30:24","modified_gmt":"2022-05-04T09:30:24","slug":"mehrere-verkehrsunfalle-im-bereich-der-polizeiinspektion-hilpoltstein","status":"publish","type":"post","link":"https:\/\/www.region-schwabach.de\/wordpress\/mehrere-verkehrsunfalle-im-bereich-der-polizeiinspektion-hilpoltstein\/","title":{"rendered":"Mehrere Verkehrsunf\u00e4lle im Bereich der Polizeiinspektion Hilpoltstein"},"content":{"rendered":"\t\t<div data-elementor-type=\"wp-post\" data-elementor-id=\"169845\" class=\"elementor elementor-169845\">\n\t\t\t\t\t\t<section class=\"elementor-section elementor-top-section elementor-element elementor-element-1cuv9jr elementor-section-boxed elementor-section-height-default elementor-section-height-default\" data-id=\"1cuv9jr\" data-element_type=\"section\">\n\t\t\t\t\t\t<div class=\"elementor-container elementor-column-gap-default\">\n\t\t\t\t\t<div class=\"elementor-column elementor-col-50 elementor-top-column elementor-element elementor-element-q5zak7b\" data-id=\"q5zak7b\" data-element_type=\"column\">\n\t\t\t<div class=\"elementor-widget-wrap elementor-element-populated\">\n\t\t\t\t\t\t<div class=\"elementor-element elementor-element-dcef279 elementor-widget elementor-widget-wp-widget-advads_ad_widget\" data-id=\"dcef279\" data-element_type=\"widget\" data-widget_type=\"wp-widget-advads_ad_widget.default\">\n\t\t\t\t<div class=\"elementor-widget-container\">\n\t\t\t<div id=\"regio-2065889607\"><div class=\"regio-adlabel\">Werbung<\/div><center><a href=\"https:\/\/a.partner-versicherung.de\/click.php?partner_id=19992&ad_id=1578&deep=kreditkarten\"  target=\"_blank\"><img decoding=\"async\" src=\"https:\/\/a.partner-versicherung.de\/view.php?partner_id=19992&ad_id=1578\" ><\/a><\/center><\/div>\t\t<\/div>\n\t\t\t\t<\/div>\n\t\t\t\t<div class=\"elementor-element elementor-element-a4daeae elementor-widget elementor-widget-text-editor\" data-id=\"a4daeae\" data-element_type=\"widget\" data-widget_type=\"text-editor.default\">\n\t\t\t\t<div class=\"elementor-widget-container\">\n\t\t\t\t\t\t\t<h3>Verkehrsunfall I<\/h3><p><span style=\"font-size: 12pt;\">Heideck &#8211; Am Sonntagabend, den 01.05.2022, ereignete sich auf der Kreisstra\u00dfe zwischen Heideck und Laffenau gegen 17.30 Uhr ein Verkehrsunfall, als dort ein 43-j\u00e4hriger PKW-Fahrer nebst Anh\u00e4nger unterwegs war und der Anh\u00e4nger aus bisher ungekl\u00e4rten Gr\u00fcnden zu schlingern begann und sich auf den Kopf drehte. Bei der Sektion wurde ein Leitpfosten besch\u00e4digt, der H\u00e4nger war nicht mehr fahrbereit, es entstand ein Sachschaden in H\u00f6he von ca. 3.000 Euro.<\/span><\/p><h3>Verkehrsunfall II<\/h3><p><span style=\"font-size: 12pt;\">Hilpoltstein &#8211; Am Montagmorgen, den 02.05.2022, war ein 30-j\u00e4hriger PKW-Fahrer gegen 06.00 Uhr mit erh\u00f6hter Geschwindigkeit auf der Staatsstra\u00dfe zwischen Meckenhausen und Karm unterwegs. Als er nach rechts in Richtung Lay abbiegen wollte, kam er von der Fahrbahn ab, wobei das Fahrzeug einen wirtschaftlichen Totalschaden erlitt und abgeschleppt werden musste.<\/span><\/p><h3>Verkehrsunfall III<\/h3><p><span style=\"font-size: 12pt;\">Allersberg &#8211; Am Montagmittag, den 02.05.2022, war eine 75-j\u00e4hrige Audi-Fahrerin auf der Staatsstra\u00dfe zwischen Allersberg und Hilpoltstein unterwegs, als sie dort aus bislang ungekl\u00e4rten Gr\u00fcnden von der Fahrbahn abkam und gegen eine Leitplanke fuhr, wobei das Fahrzeug \u00fcber diese flog und im Stra\u00dfengraben liegenblieb. Bei dem Unfall wurden 12 Leitplankenfelder besch\u00e4digt, der entstandene Schaden bel\u00e4uft sich auf ca. 27.000 Euro.<\/span><\/p><h3>Verkehrsunfall IV<\/h3><p><span style=\"font-size: 12pt;\">Allersberg &#8211; Am Montagnachmittag, den 02.05.2022, ereignete sich in der Neumarkter Stra\u00dfe in Allersberg ein Verkehrsunfall zwischen zwei PKWs. Zu drm Unfall kam es, als ein 34-j\u00e4hriger Seat-Fahrer nach links abbiegen wollte und dabei mit einem 62-j\u00e4hrigen Suzuki-Fahrer kollidierte. Der Suzuki war anschlie\u00dfend nicht mehr fahrbereit und musste abgeschleppt werden, die Schadensh\u00f6he ist bisher noch nicht bekannt.\u00a0<\/span><\/p>\t\t\t\t\t\t<\/div>\n\t\t\t\t<\/div>\n\t\t\t\t<div class=\"elementor-element elementor-element-6c3f9de elementor-widget elementor-widget-shortcode\" data-id=\"6c3f9de\" data-element_type=\"widget\" data-widget_type=\"shortcode.default\">\n\t\t\t\t<div class=\"elementor-widget-container\">\n\t\t\t\t\t<div class=\"elementor-shortcode\"><center><a href=\"https:\/\/a.partner-versicherung.de\/click.php?partner_id=19992&ad_id=441&deep=kfz-versicherung\"  target=\"_blank\"><img decoding=\"async\" src=\"https:\/\/a.partner-versicherung.de\/view.php?partner_id=19992&ad_id=441\" ><\/a><\/center><\/div>\n\t\t\t\t<\/div>\n\t\t\t\t<\/div>\n\t\t\t\t<div class=\"elementor-element elementor-element-ace1283 elementor-widget-divider--view-line elementor-widget elementor-widget-divider\" data-id=\"ace1283\" data-element_type=\"widget\" data-widget_type=\"divider.default\">\n\t\t\t\t<div class=\"elementor-widget-container\">\n\t\t\t\t\t<div class=\"elementor-divider\">\n\t\t\t<span class=\"elementor-divider-separator\">\n\t\t\t\t\t\t<\/span>\n\t\t<\/div>\n\t\t\t\t<\/div>\n\t\t\t\t<\/div>\n\t\t\t\t<div class=\"elementor-element elementor-element-ac34ac3 elementor-widget elementor-widget-google_maps\" data-id=\"ac34ac3\" data-element_type=\"widget\" data-widget_type=\"google_maps.default\">\n\t\t\t\t<div class=\"elementor-widget-container\">\n\t\t\t\t\t<div class=\"elementor-custom-embed\">\n\t\t\t<iframe loading=\"lazy\"\n\t\t\t\t\tsrc=\"https:\/\/maps.google.com\/maps?q=Hilpoltstein%2C%20Deutschland&#038;t=m&#038;z=11&#038;output=embed&#038;iwloc=near\"\n\t\t\t\t\ttitle=\"Hilpoltstein, Deutschland\"\n\t\t\t\t\taria-label=\"Hilpoltstein, Deutschland\"\n\t\t\t><\/iframe>\n\t\t<\/div>\n\t\t\t\t<\/div>\n\t\t\t\t<\/div>\n\t\t\t\t\t<\/div>\n\t\t<\/div>\n\t\t\t\t<div class=\"elementor-column elementor-col-50 elementor-top-column elementor-element elementor-element-4ce46fb\" data-id=\"4ce46fb\" data-element_type=\"column\">\n\t\t\t<div class=\"elementor-widget-wrap elementor-element-populated\">\n\t\t\t\t\t\t<div class=\"elementor-element elementor-element-38f4e35 elementor-widget elementor-widget-heading\" data-id=\"38f4e35\" data-element_type=\"widget\" data-widget_type=\"heading.default\">\n\t\t\t\t<div class=\"elementor-widget-container\">\n\t\t\t<h3 class=\"elementor-heading-title elementor-size-default\">Schnell vergleichen und sparen!<\/h3>\t\t<\/div>\n\t\t\t\t<\/div>\n\t\t\t\t<div class=\"elementor-element elementor-element-92c49bc elementor-widget elementor-widget-wp-widget-advads_ad_widget\" data-id=\"92c49bc\" data-element_type=\"widget\" data-widget_type=\"wp-widget-advads_ad_widget.default\">\n\t\t\t\t<div class=\"elementor-widget-container\">\n\t\t\t<div id=\"regio-1107145158\"><div class=\"regio-adlabel\">Werbung<\/div><!-- Beginn https:\/\/www.financeads.net\/-Code --><a href=\"https:\/\/www.financeads.net\/tc.php?t=36648C236142529B\" target=\"_blank\"><img fetchpriority=\"high\" decoding=\"async\" src=\"https:\/\/www.financeads.net\/tb.php?t=36648V236142529B&https=1\" alt=\"\" border=\"0\" width=\"300\" height=\"250\"><\/a><!-- Ende https:\/\/www.financeads.net\/-Code --><\/div>\t\t<\/div>\n\t\t\t\t<\/div>\n\t\t\t\t<div class=\"elementor-element elementor-element-cb0c78c elementor-widget elementor-widget-wp-widget-advads_ad_widget\" data-id=\"cb0c78c\" data-element_type=\"widget\" data-widget_type=\"wp-widget-advads_ad_widget.default\">\n\t\t\t\t<div class=\"elementor-widget-container\">\n\t\t\t<div id=\"regio-939017487\"><div class=\"regio-adlabel\">Werbung<\/div><!-- Beginn https:\/\/www.financeads.net\/-Code --><a href=\"https:\/\/www.financeads.net\/tc.php?t=36648C42614510B\" target=\"_blank\"><img decoding=\"async\" src=\"https:\/\/www.financeads.net\/tb.php?t=36648V42614510B&https=1\" alt=\"\" border=\"0\" width=\"200\" height=\"300\"><\/a><!-- Ende https:\/\/www.financeads.net\/-Code --><\/div>\t\t<\/div>\n\t\t\t\t<\/div>\n\t\t\t\t<div class=\"elementor-element elementor-element-31c9ced elementor-widget elementor-widget-wp-widget-advads_ad_widget\" data-id=\"31c9ced\" data-element_type=\"widget\" data-widget_type=\"wp-widget-advads_ad_widget.default\">\n\t\t\t\t<div class=\"elementor-widget-container\">\n\t\t\t<div id=\"regio-2371719907\"><div class=\"regio-adlabel\">Werbung<\/div><!-- Beginn https:\/\/www.financeads.net\/-Code --><a href=\"https:\/\/www.financeads.net\/tc.php?t=36648C205040072B\" target=\"_blank\"><img decoding=\"async\" src=\"https:\/\/www.financeads.net\/tb.php?t=36648V205040072B&https=1\" alt=\"\" border=\"0\" width=\"300\" height=\"250\"><\/a><!-- Ende https:\/\/www.financeads.net\/-Code --><\/div>\t\t<\/div>\n\t\t\t\t<\/div>\n\t\t\t\t<div class=\"elementor-element elementor-element-0344b9f elementor-widget elementor-widget-wp-widget-advads_ad_widget\" data-id=\"0344b9f\" data-element_type=\"widget\" data-widget_type=\"wp-widget-advads_ad_widget.default\">\n\t\t\t\t<div class=\"elementor-widget-container\">\n\t\t\t<div id=\"regio-1009696603\"><div class=\"regio-adlabel\">Werbung<\/div><!-- Beginn https:\/\/www.financeads.net\/-Code --><a href=\"https:\/\/www.financeads.net\/tc.php?t=36648C271460142B\" target=\"_blank\"><img loading=\"lazy\" decoding=\"async\" src=\"https:\/\/www.financeads.net\/tb.php?t=36648V271460142B&https=1\" alt=\"PETPROTECT_Hund&Katze_Banner\" border=\"0\" width=\"250\" height=\"250\"><\/a><!-- Ende https:\/\/www.financeads.net\/-Code --><\/div>\t\t<\/div>\n\t\t\t\t<\/div>\n\t\t\t\t\t<\/div>\n\t\t<\/div>\n\t\t\t\t\t<\/div>\n\t\t<\/section>\n\t\t\t\t<\/div>\n\t\t","protected":false},"excerpt":{"rendered":"<div class=\"mh-excerpt\"><p>Verkehrsunfall I Heideck &#8211; Am Sonntagabend, den 01.05.2022, ereignete sich auf der Kreisstra\u00dfe zwischen Heideck und Laffenau gegen 17.30 Uhr ein Verkehrsunfall, als dort ein 43-j\u00e4hriger PKW-Fahrer nebst Anh\u00e4nger unterwegs war und der Anh\u00e4nger aus <a class=\"mh-excerpt-more\" href=\"https:\/\/www.region-schwabach.de\/wordpress\/mehrere-verkehrsunfalle-im-bereich-der-polizeiinspektion-hilpoltstein\/\" title=\"Mehrere Verkehrsunf\u00e4lle im Bereich der Polizeiinspektion Hilpoltstein\">[&#8230;]<\/a><\/p>\n<\/div>","protected":false},"author":1,"featured_media":169846,"comment_status":"open","ping_status":"open","sticky":false,"template":"","format":"standard","meta":{"_cbd_carousel_blocks":"[]","footnotes":""},"categories":[15],"tags":[18987,19036,6373,1555,556,495,961,596,297,754,2345,762,1153,8679,6450,1104,1400,946,10624,463,981,487,1161,1093,705,4738,1297,7498],"class_list":{"0":"post-169845","1":"post","2":"type-post","3":"status-publish","4":"format-standard","5":"has-post-thumbnail","7":"category-polizeimeldungen","8":"tag-01-05-2022","9":"tag-02-05-2022","10":"tag-abbiegevorgang","11":"tag-abschleppdienst","12":"tag-allersberg","13":"tag-anhaenger","14":"tag-audi","15":"tag-heideck","16":"tag-hilpoltstein","17":"tag-karm","18":"tag-kollision","19":"tag-kreisstrasse","20":"tag-laffenau","21":"tag-lay","22":"tag-leitpfosten","23":"tag-leitplanke","24":"tag-meckenhausen","25":"tag-neumarkter-strasse","26":"tag-nicht-mehr-fahrbereit","27":"tag-pkw","28":"tag-polizei","29":"tag-sachbeschaedigung","30":"tag-seat","31":"tag-staatsstrasse","32":"tag-strassengraben","33":"tag-suzuki","34":"tag-totalschaden","35":"tag-zusammenstoss-2"},"_links":{"self":[{"href":"https:\/\/www.region-schwabach.de\/wordpress\/wp-json\/wp\/v2\/posts\/169845","targetHints":{"allow":["GET"]}}],"collection":[{"href":"https:\/\/www.region-schwabach.de\/wordpress\/wp-json\/wp\/v2\/posts"}],"about":[{"href":"https:\/\/www.region-schwabach.de\/wordpress\/wp-json\/wp\/v2\/types\/post"}],"author":[{"embeddable":true,"href":"https:\/\/www.region-schwabach.de\/wordpress\/wp-json\/wp\/v2\/users\/1"}],"replies":[{"embeddable":true,"href":"https:\/\/www.region-schwabach.de\/wordpress\/wp-json\/wp\/v2\/comments?post=169845"}],"version-history":[{"count":0,"href":"https:\/\/www.region-schwabach.de\/wordpress\/wp-json\/wp\/v2\/posts\/169845\/revisions"}],"wp:featuredmedia":[{"embeddable":true,"href":"https:\/\/www.region-schwabach.de\/wordpress\/wp-json\/wp\/v2\/media\/169846"}],"wp:attachment":[{"href":"https:\/\/www.region-schwabach.de\/wordpress\/wp-json\/wp\/v2\/media?parent=169845"}],"wp:term":[{"taxonomy":"category","embeddable":true,"href":"https:\/\/www.region-schwabach.de\/wordpress\/wp-json\/wp\/v2\/categories?post=169845"},{"taxonomy":"post_tag","embeddable":true,"href":"https:\/\/www.region-schwabach.de\/wordpress\/wp-json\/wp\/v2\/tags?post=169845"}],"curies":[{"name":"wp","href":"https:\/\/api.w.org\/{rel}","templated":true}]}}