{"id":169986,"date":"2022-05-07T00:45:00","date_gmt":"2022-05-06T22:45:00","guid":{"rendered":"https:\/\/www.region-schwabach.de\/wordpress\/?p=169986"},"modified":"2022-05-07T11:04:36","modified_gmt":"2022-05-07T09:04:36","slug":"startschuss-zur-schwabacher-kinderkirchweih-2022-vom-6-mai-2022-bis-10-mai-2022-2","status":"publish","type":"post","link":"https:\/\/www.region-schwabach.de\/wordpress\/startschuss-zur-schwabacher-kinderkirchweih-2022-vom-6-mai-2022-bis-10-mai-2022-2\/","title":{"rendered":"Startschu\u00df zur Schwabacher Kinderkirchweih 2022 &#8211; vom 6. Mai 2022 bis 10. Mai 2022"},"content":{"rendered":"\t\t<div data-elementor-type=\"wp-post\" data-elementor-id=\"169986\" class=\"elementor elementor-169986\">\n\t\t\t\t\t\t<section class=\"elementor-section elementor-top-section elementor-element elementor-element-678181b elementor-section-boxed elementor-section-height-default elementor-section-height-default\" data-id=\"678181b\" data-element_type=\"section\">\n\t\t\t\t\t\t<div class=\"elementor-container elementor-column-gap-default\">\n\t\t\t\t\t<div class=\"elementor-column elementor-col-50 elementor-top-column elementor-element elementor-element-6b34026\" data-id=\"6b34026\" data-element_type=\"column\">\n\t\t\t<div class=\"elementor-widget-wrap elementor-element-populated\">\n\t\t\t\t\t\t<div class=\"elementor-element elementor-element-287cbfd elementor-widget elementor-widget-wp-widget-advads_ad_widget\" data-id=\"287cbfd\" data-element_type=\"widget\" data-widget_type=\"wp-widget-advads_ad_widget.default\">\n\t\t\t\t<div class=\"elementor-widget-container\">\n\t\t\t<div id=\"regio-3449655383\"><div class=\"regio-adlabel\">Werbung<\/div><center><a href=\"https:\/\/a.partner-versicherung.de\/click.php?partner_id=19992&ad_id=1578&deep=kreditkarten\"  target=\"_blank\"><img decoding=\"async\" src=\"https:\/\/a.partner-versicherung.de\/view.php?partner_id=19992&ad_id=1578\" ><\/a><\/center><\/div>\t\t<\/div>\n\t\t\t\t<\/div>\n\t\t\t\t<div class=\"elementor-element elementor-element-443ab98 elementor-widget elementor-widget-text-editor\" data-id=\"443ab98\" data-element_type=\"widget\" data-widget_type=\"text-editor.default\">\n\t\t\t\t<div class=\"elementor-widget-container\">\n\t\t\t\t\t\t\t<h3>Freitag, den 6. Mai 2022, bis Dienstag, den 10. Mai 2022<br \/>Schwabacher Kinderkirchweih mit buntem Programm<\/h3><p><span style=\"font-size: 12pt;\">Schwabach &#8211; Nach zwei Jahren Pause findet heuer die 10. Schwabacher Kinderkirchweih wieder statt. Von Freitag, den 6. Mai 2022 bis Dienstag, den 10. Mai 2022 sind alle Kinder und Jugendlichen mit ihren Eltern und Verwandten eingeladen, hier heitere Stunden zu verbringen.<br \/><\/span><\/p><p><span style=\"font-size: 12pt;\">\u201eSchwabienchen\u201c ,das Maskottchen der Schwabacher Kinderkirchweih, ist nat\u00fcrlich auch dabei. Bekanntes und Neues gibt es in der Innenstadt zu entdecken, wenn Karussell, Eiswagen und Co. in Schwabach haltmachen.<br \/>Vielf\u00e4ltige (Fahr-)Gesch\u00e4fte, ein Mitmach-Bereich, die bekannte Mitmach-B\u00fchne und Leckereien sorgen f\u00fcr einen tollen Aufenthalt.<br \/><\/span><\/p><h3>Er\u00f6ffnung durch Oberb\u00fcrgermeister Peter Rei\u00df<\/h3><p><span style=\"font-size: 12pt;\">Er\u00f6ffnet wird die Kinderkirchweih von Oberb\u00fcrgermeister Peter Rei\u00df am Freitag mit teilnehmenden Kinderg\u00e4rten und dem Schwabienchen auf der Mitmachb\u00fchne am Martin-Luther-Platz. <\/span><\/p><h3>Programm:\u00a0<\/h3><p><span style=\"font-size: 12pt;\">Am Samstag besucht der N\u00fcrnberger Kinderlieder-Macher \u201eFrisbi Jones\u201c die Mitmachb\u00fchne und sorgt mit seiner Ukulele f\u00fcr Partystimmung. Etwas h\u00e4rtere T\u00f6ne schlagen am Sonntag, 8. Mai, \u201eKIZZRock\u201c an. Akrobatisch wird es am Montagnachmittag, wenn das Artistenduo \u201eDrunter &amp; Dr\u00fcber\u201c mit seiner Show das Publikum zum Staunen bringen. Am letzten Kirchweih-Tag begeistert \u201ePatrick Martin\u201c, Gr\u00fcnder der \u201eErsten Bauchrednerschule Europas\u201c, mit einer abwechslungsreichen die G\u00e4ste.\u00a0<\/span><\/p><h3>Umfangreiches Rahmenprogramm<\/h3><p><span style=\"font-size: 12pt;\">W\u00e4hrend der gesamten Kinderkirchweih werden Aktionen angeboten, wie etwa ein gro\u00dfer Sandspielbereich, Kinderdisco, Poffertjes-backen, Bastelaktionen, RC-Autoparcours, Auftritte von Tanzgruppen, Quizrunden mit tollen Gewinnen und vieles mehr.<\/span><\/p><p><span style=\"font-size: 12pt;\">Noch bis zum 5. Mai sind die beliebten K\u00e4rwa-Goldbarren im B\u00fcrgerb\u00fcro im Schwabacher Rathaus zu bekommen. Sie haben einen Wert von 1 Euro, kosten aber nur 90 Cent. Sie k\u00f6nnen an allen Fahr- und Imbissbetrieben der Kinderkirchweih eingel\u00f6st werden.\u00a0<\/span><\/p><p><a href=\"https:\/\/www.schwabach.de\/images\/referate\/referat_2\/Ordnungsamt\/Gewerbeamt_Maerkte\/Markt_Veranstaltungen\/Flyer_KiKi_2022_compressed.pdf\" target=\"_blank\" rel=\"noopener\"><span style=\"font-size: 12pt;\">Das komplette Programm zur Schwabacher Kinderkirchweih gibt es hier zum Download &#8230;<\/span><\/a><\/p>\t\t\t\t\t\t<\/div>\n\t\t\t\t<\/div>\n\t\t\t\t<div class=\"elementor-element elementor-element-1822aba elementor-widget elementor-widget-heading\" data-id=\"1822aba\" data-element_type=\"widget\" data-widget_type=\"heading.default\">\n\t\t\t\t<div class=\"elementor-widget-container\">\n\t\t\t<h3 class=\"elementor-heading-title elementor-size-default\">Impressionen von der Schwabacher Kinderkirchweih<\/h3>\t\t<\/div>\n\t\t\t\t<\/div>\n\t\t\t\t<div class=\"elementor-element elementor-element-86df39a elementor-widget elementor-widget-image-gallery\" data-id=\"86df39a\" data-element_type=\"widget\" data-widget_type=\"image-gallery.default\">\n\t\t\t\t<div class=\"elementor-widget-container\">\n\t\t\t\t\t<div class=\"elementor-image-gallery\">\n\t\t\t<div id='gallery-1' class='gallery galleryid-169986 gallery-columns-4 gallery-size-medium'><figure class='gallery-item'>\n\t\t\t<div class='gallery-icon landscape'>\n\t\t\t\t<a data-elementor-open-lightbox=\"yes\" data-elementor-lightbox-slideshow=\"86df39a\" data-elementor-lightbox-title=\"20180420_151352\" data-e-action-hash=\"#elementor-action%3Aaction%3Dlightbox%26settings%3DeyJpZCI6MzY1MzQsInVybCI6Imh0dHBzOlwvXC93d3cucmVnaW9uLXNjaHdhYmFjaC5kZVwvd29yZHByZXNzXC93cC1jb250ZW50XC91cGxvYWRzXC8yMDE4XC8wNFwvMjAxODA0MjBfMTUxMzUyLmpwZyIsInNsaWRlc2hvdyI6Ijg2ZGYzOWEifQ%3D%3D\" href='https:\/\/www.region-schwabach.de\/wordpress\/wp-content\/uploads\/2018\/04\/20180420_151352.jpg'><img decoding=\"async\" width=\"300\" height=\"146\" src=\"https:\/\/www.region-schwabach.de\/wordpress\/wp-content\/uploads\/2018\/04\/20180420_151352-300x146.jpg\" class=\"attachment-medium size-medium\" alt=\"\" srcset=\"https:\/\/www.region-schwabach.de\/wordpress\/wp-content\/uploads\/2018\/04\/20180420_151352-300x146.jpg 300w, https:\/\/www.region-schwabach.de\/wordpress\/wp-content\/uploads\/2018\/04\/20180420_151352-768x374.jpg 768w, https:\/\/www.region-schwabach.de\/wordpress\/wp-content\/uploads\/2018\/04\/20180420_151352-1024x498.jpg 1024w, https:\/\/www.region-schwabach.de\/wordpress\/wp-content\/uploads\/2018\/04\/20180420_151352.jpg 2048w\" sizes=\"(max-width: 300px) 100vw, 300px\" \/><\/a>\n\t\t\t<\/div><\/figure><figure class='gallery-item'>\n\t\t\t<div class='gallery-icon landscape'>\n\t\t\t\t<a data-elementor-open-lightbox=\"yes\" data-elementor-lightbox-slideshow=\"86df39a\" data-elementor-lightbox-title=\"20180420_151337\" data-e-action-hash=\"#elementor-action%3Aaction%3Dlightbox%26settings%3DeyJpZCI6MzY1MzMsInVybCI6Imh0dHBzOlwvXC93d3cucmVnaW9uLXNjaHdhYmFjaC5kZVwvd29yZHByZXNzXC93cC1jb250ZW50XC91cGxvYWRzXC8yMDE4XC8wNFwvMjAxODA0MjBfMTUxMzM3LmpwZyIsInNsaWRlc2hvdyI6Ijg2ZGYzOWEifQ%3D%3D\" href='https:\/\/www.region-schwabach.de\/wordpress\/wp-content\/uploads\/2018\/04\/20180420_151337.jpg'><img decoding=\"async\" width=\"300\" height=\"146\" src=\"https:\/\/www.region-schwabach.de\/wordpress\/wp-content\/uploads\/2018\/04\/20180420_151337-300x146.jpg\" class=\"attachment-medium size-medium\" alt=\"\" srcset=\"https:\/\/www.region-schwabach.de\/wordpress\/wp-content\/uploads\/2018\/04\/20180420_151337-300x146.jpg 300w, https:\/\/www.region-schwabach.de\/wordpress\/wp-content\/uploads\/2018\/04\/20180420_151337-768x374.jpg 768w, https:\/\/www.region-schwabach.de\/wordpress\/wp-content\/uploads\/2018\/04\/20180420_151337-1024x498.jpg 1024w, https:\/\/www.region-schwabach.de\/wordpress\/wp-content\/uploads\/2018\/04\/20180420_151337.jpg 2048w\" sizes=\"(max-width: 300px) 100vw, 300px\" \/><\/a>\n\t\t\t<\/div><\/figure><figure class='gallery-item'>\n\t\t\t<div class='gallery-icon landscape'>\n\t\t\t\t<a data-elementor-open-lightbox=\"yes\" data-elementor-lightbox-slideshow=\"86df39a\" data-elementor-lightbox-title=\"20180420_151322\" data-e-action-hash=\"#elementor-action%3Aaction%3Dlightbox%26settings%3DeyJpZCI6MzY1MzIsInVybCI6Imh0dHBzOlwvXC93d3cucmVnaW9uLXNjaHdhYmFjaC5kZVwvd29yZHByZXNzXC93cC1jb250ZW50XC91cGxvYWRzXC8yMDE4XC8wNFwvMjAxODA0MjBfMTUxMzIyLmpwZyIsInNsaWRlc2hvdyI6Ijg2ZGYzOWEifQ%3D%3D\" href='https:\/\/www.region-schwabach.de\/wordpress\/wp-content\/uploads\/2018\/04\/20180420_151322.jpg'><img decoding=\"async\" width=\"300\" height=\"146\" src=\"https:\/\/www.region-schwabach.de\/wordpress\/wp-content\/uploads\/2018\/04\/20180420_151322-300x146.jpg\" class=\"attachment-medium size-medium\" alt=\"\" srcset=\"https:\/\/www.region-schwabach.de\/wordpress\/wp-content\/uploads\/2018\/04\/20180420_151322-300x146.jpg 300w, https:\/\/www.region-schwabach.de\/wordpress\/wp-content\/uploads\/2018\/04\/20180420_151322-768x374.jpg 768w, https:\/\/www.region-schwabach.de\/wordpress\/wp-content\/uploads\/2018\/04\/20180420_151322-1024x498.jpg 1024w, https:\/\/www.region-schwabach.de\/wordpress\/wp-content\/uploads\/2018\/04\/20180420_151322.jpg 2048w\" sizes=\"(max-width: 300px) 100vw, 300px\" \/><\/a>\n\t\t\t<\/div><\/figure><figure class='gallery-item'>\n\t\t\t<div class='gallery-icon landscape'>\n\t\t\t\t<a data-elementor-open-lightbox=\"yes\" data-elementor-lightbox-slideshow=\"86df39a\" data-elementor-lightbox-title=\"20180420_151244\" data-e-action-hash=\"#elementor-action%3Aaction%3Dlightbox%26settings%3DeyJpZCI6MzY1MzEsInVybCI6Imh0dHBzOlwvXC93d3cucmVnaW9uLXNjaHdhYmFjaC5kZVwvd29yZHByZXNzXC93cC1jb250ZW50XC91cGxvYWRzXC8yMDE4XC8wNFwvMjAxODA0MjBfMTUxMjQ0LmpwZyIsInNsaWRlc2hvdyI6Ijg2ZGYzOWEifQ%3D%3D\" href='https:\/\/www.region-schwabach.de\/wordpress\/wp-content\/uploads\/2018\/04\/20180420_151244.jpg'><img loading=\"lazy\" decoding=\"async\" width=\"300\" height=\"146\" src=\"https:\/\/www.region-schwabach.de\/wordpress\/wp-content\/uploads\/2018\/04\/20180420_151244-300x146.jpg\" class=\"attachment-medium size-medium\" alt=\"\" srcset=\"https:\/\/www.region-schwabach.de\/wordpress\/wp-content\/uploads\/2018\/04\/20180420_151244-300x146.jpg 300w, https:\/\/www.region-schwabach.de\/wordpress\/wp-content\/uploads\/2018\/04\/20180420_151244-768x374.jpg 768w, https:\/\/www.region-schwabach.de\/wordpress\/wp-content\/uploads\/2018\/04\/20180420_151244-1024x498.jpg 1024w, https:\/\/www.region-schwabach.de\/wordpress\/wp-content\/uploads\/2018\/04\/20180420_151244.jpg 2048w\" sizes=\"(max-width: 300px) 100vw, 300px\" \/><\/a>\n\t\t\t<\/div><\/figure><figure class='gallery-item'>\n\t\t\t<div class='gallery-icon landscape'>\n\t\t\t\t<a data-elementor-open-lightbox=\"yes\" data-elementor-lightbox-slideshow=\"86df39a\" data-elementor-lightbox-title=\"20180420_151158\" data-e-action-hash=\"#elementor-action%3Aaction%3Dlightbox%26settings%3DeyJpZCI6MzY1MzAsInVybCI6Imh0dHBzOlwvXC93d3cucmVnaW9uLXNjaHdhYmFjaC5kZVwvd29yZHByZXNzXC93cC1jb250ZW50XC91cGxvYWRzXC8yMDE4XC8wNFwvMjAxODA0MjBfMTUxMTU4LmpwZyIsInNsaWRlc2hvdyI6Ijg2ZGYzOWEifQ%3D%3D\" href='https:\/\/www.region-schwabach.de\/wordpress\/wp-content\/uploads\/2018\/04\/20180420_151158.jpg'><img loading=\"lazy\" decoding=\"async\" width=\"300\" height=\"146\" src=\"https:\/\/www.region-schwabach.de\/wordpress\/wp-content\/uploads\/2018\/04\/20180420_151158-300x146.jpg\" class=\"attachment-medium size-medium\" alt=\"\" srcset=\"https:\/\/www.region-schwabach.de\/wordpress\/wp-content\/uploads\/2018\/04\/20180420_151158-300x146.jpg 300w, https:\/\/www.region-schwabach.de\/wordpress\/wp-content\/uploads\/2018\/04\/20180420_151158-768x374.jpg 768w, https:\/\/www.region-schwabach.de\/wordpress\/wp-content\/uploads\/2018\/04\/20180420_151158-1024x498.jpg 1024w, https:\/\/www.region-schwabach.de\/wordpress\/wp-content\/uploads\/2018\/04\/20180420_151158.jpg 2048w\" sizes=\"(max-width: 300px) 100vw, 300px\" \/><\/a>\n\t\t\t<\/div><\/figure><figure class='gallery-item'>\n\t\t\t<div class='gallery-icon landscape'>\n\t\t\t\t<a data-elementor-open-lightbox=\"yes\" data-elementor-lightbox-slideshow=\"86df39a\" data-elementor-lightbox-title=\"20180420_151152\" data-e-action-hash=\"#elementor-action%3Aaction%3Dlightbox%26settings%3DeyJpZCI6MzY1MjksInVybCI6Imh0dHBzOlwvXC93d3cucmVnaW9uLXNjaHdhYmFjaC5kZVwvd29yZHByZXNzXC93cC1jb250ZW50XC91cGxvYWRzXC8yMDE4XC8wNFwvMjAxODA0MjBfMTUxMTUyLmpwZyIsInNsaWRlc2hvdyI6Ijg2ZGYzOWEifQ%3D%3D\" href='https:\/\/www.region-schwabach.de\/wordpress\/wp-content\/uploads\/2018\/04\/20180420_151152.jpg'><img loading=\"lazy\" decoding=\"async\" width=\"300\" height=\"146\" src=\"https:\/\/www.region-schwabach.de\/wordpress\/wp-content\/uploads\/2018\/04\/20180420_151152-300x146.jpg\" class=\"attachment-medium size-medium\" alt=\"\" srcset=\"https:\/\/www.region-schwabach.de\/wordpress\/wp-content\/uploads\/2018\/04\/20180420_151152-300x146.jpg 300w, https:\/\/www.region-schwabach.de\/wordpress\/wp-content\/uploads\/2018\/04\/20180420_151152-768x374.jpg 768w, https:\/\/www.region-schwabach.de\/wordpress\/wp-content\/uploads\/2018\/04\/20180420_151152-1024x498.jpg 1024w, https:\/\/www.region-schwabach.de\/wordpress\/wp-content\/uploads\/2018\/04\/20180420_151152.jpg 2048w\" sizes=\"(max-width: 300px) 100vw, 300px\" \/><\/a>\n\t\t\t<\/div><\/figure><figure class='gallery-item'>\n\t\t\t<div class='gallery-icon landscape'>\n\t\t\t\t<a data-elementor-open-lightbox=\"yes\" data-elementor-lightbox-slideshow=\"86df39a\" data-elementor-lightbox-title=\"20180420_151139\" data-e-action-hash=\"#elementor-action%3Aaction%3Dlightbox%26settings%3DeyJpZCI6MzY1MjgsInVybCI6Imh0dHBzOlwvXC93d3cucmVnaW9uLXNjaHdhYmFjaC5kZVwvd29yZHByZXNzXC93cC1jb250ZW50XC91cGxvYWRzXC8yMDE4XC8wNFwvMjAxODA0MjBfMTUxMTM5LmpwZyIsInNsaWRlc2hvdyI6Ijg2ZGYzOWEifQ%3D%3D\" href='https:\/\/www.region-schwabach.de\/wordpress\/wp-content\/uploads\/2018\/04\/20180420_151139.jpg'><img loading=\"lazy\" decoding=\"async\" width=\"300\" height=\"146\" src=\"https:\/\/www.region-schwabach.de\/wordpress\/wp-content\/uploads\/2018\/04\/20180420_151139-300x146.jpg\" class=\"attachment-medium size-medium\" alt=\"\" srcset=\"https:\/\/www.region-schwabach.de\/wordpress\/wp-content\/uploads\/2018\/04\/20180420_151139-300x146.jpg 300w, https:\/\/www.region-schwabach.de\/wordpress\/wp-content\/uploads\/2018\/04\/20180420_151139-768x374.jpg 768w, https:\/\/www.region-schwabach.de\/wordpress\/wp-content\/uploads\/2018\/04\/20180420_151139-1024x498.jpg 1024w, https:\/\/www.region-schwabach.de\/wordpress\/wp-content\/uploads\/2018\/04\/20180420_151139.jpg 2048w\" sizes=\"(max-width: 300px) 100vw, 300px\" \/><\/a>\n\t\t\t<\/div><\/figure><figure class='gallery-item'>\n\t\t\t<div class='gallery-icon landscape'>\n\t\t\t\t<a data-elementor-open-lightbox=\"yes\" data-elementor-lightbox-slideshow=\"86df39a\" data-elementor-lightbox-title=\"20180420_151123\" data-e-action-hash=\"#elementor-action%3Aaction%3Dlightbox%26settings%3DeyJpZCI6MzY1MjcsInVybCI6Imh0dHBzOlwvXC93d3cucmVnaW9uLXNjaHdhYmFjaC5kZVwvd29yZHByZXNzXC93cC1jb250ZW50XC91cGxvYWRzXC8yMDE4XC8wNFwvMjAxODA0MjBfMTUxMTIzLmpwZyIsInNsaWRlc2hvdyI6Ijg2ZGYzOWEifQ%3D%3D\" href='https:\/\/www.region-schwabach.de\/wordpress\/wp-content\/uploads\/2018\/04\/20180420_151123.jpg'><img loading=\"lazy\" decoding=\"async\" width=\"300\" height=\"146\" src=\"https:\/\/www.region-schwabach.de\/wordpress\/wp-content\/uploads\/2018\/04\/20180420_151123-300x146.jpg\" class=\"attachment-medium size-medium\" alt=\"\" srcset=\"https:\/\/www.region-schwabach.de\/wordpress\/wp-content\/uploads\/2018\/04\/20180420_151123-300x146.jpg 300w, https:\/\/www.region-schwabach.de\/wordpress\/wp-content\/uploads\/2018\/04\/20180420_151123-768x374.jpg 768w, https:\/\/www.region-schwabach.de\/wordpress\/wp-content\/uploads\/2018\/04\/20180420_151123-1024x498.jpg 1024w, https:\/\/www.region-schwabach.de\/wordpress\/wp-content\/uploads\/2018\/04\/20180420_151123.jpg 2048w\" sizes=\"(max-width: 300px) 100vw, 300px\" \/><\/a>\n\t\t\t<\/div><\/figure><figure class='gallery-item'>\n\t\t\t<div class='gallery-icon landscape'>\n\t\t\t\t<a data-elementor-open-lightbox=\"yes\" data-elementor-lightbox-slideshow=\"86df39a\" data-elementor-lightbox-title=\"20180420_151117\" data-e-action-hash=\"#elementor-action%3Aaction%3Dlightbox%26settings%3DeyJpZCI6MzY1MjYsInVybCI6Imh0dHBzOlwvXC93d3cucmVnaW9uLXNjaHdhYmFjaC5kZVwvd29yZHByZXNzXC93cC1jb250ZW50XC91cGxvYWRzXC8yMDE4XC8wNFwvMjAxODA0MjBfMTUxMTE3LmpwZyIsInNsaWRlc2hvdyI6Ijg2ZGYzOWEifQ%3D%3D\" href='https:\/\/www.region-schwabach.de\/wordpress\/wp-content\/uploads\/2018\/04\/20180420_151117.jpg'><img loading=\"lazy\" decoding=\"async\" width=\"300\" height=\"146\" src=\"https:\/\/www.region-schwabach.de\/wordpress\/wp-content\/uploads\/2018\/04\/20180420_151117-300x146.jpg\" class=\"attachment-medium size-medium\" alt=\"\" srcset=\"https:\/\/www.region-schwabach.de\/wordpress\/wp-content\/uploads\/2018\/04\/20180420_151117-300x146.jpg 300w, https:\/\/www.region-schwabach.de\/wordpress\/wp-content\/uploads\/2018\/04\/20180420_151117-768x374.jpg 768w, https:\/\/www.region-schwabach.de\/wordpress\/wp-content\/uploads\/2018\/04\/20180420_151117-1024x498.jpg 1024w, https:\/\/www.region-schwabach.de\/wordpress\/wp-content\/uploads\/2018\/04\/20180420_151117.jpg 2048w\" sizes=\"(max-width: 300px) 100vw, 300px\" \/><\/a>\n\t\t\t<\/div><\/figure><figure class='gallery-item'>\n\t\t\t<div class='gallery-icon landscape'>\n\t\t\t\t<a data-elementor-open-lightbox=\"yes\" data-elementor-lightbox-slideshow=\"86df39a\" data-elementor-lightbox-title=\"20180420_151112\" data-e-action-hash=\"#elementor-action%3Aaction%3Dlightbox%26settings%3DeyJpZCI6MzY1MjUsInVybCI6Imh0dHBzOlwvXC93d3cucmVnaW9uLXNjaHdhYmFjaC5kZVwvd29yZHByZXNzXC93cC1jb250ZW50XC91cGxvYWRzXC8yMDE4XC8wNFwvMjAxODA0MjBfMTUxMTEyLmpwZyIsInNsaWRlc2hvdyI6Ijg2ZGYzOWEifQ%3D%3D\" href='https:\/\/www.region-schwabach.de\/wordpress\/wp-content\/uploads\/2018\/04\/20180420_151112.jpg'><img loading=\"lazy\" decoding=\"async\" width=\"300\" height=\"146\" src=\"https:\/\/www.region-schwabach.de\/wordpress\/wp-content\/uploads\/2018\/04\/20180420_151112-300x146.jpg\" class=\"attachment-medium size-medium\" alt=\"\" srcset=\"https:\/\/www.region-schwabach.de\/wordpress\/wp-content\/uploads\/2018\/04\/20180420_151112-300x146.jpg 300w, https:\/\/www.region-schwabach.de\/wordpress\/wp-content\/uploads\/2018\/04\/20180420_151112-768x374.jpg 768w, https:\/\/www.region-schwabach.de\/wordpress\/wp-content\/uploads\/2018\/04\/20180420_151112-1024x498.jpg 1024w, https:\/\/www.region-schwabach.de\/wordpress\/wp-content\/uploads\/2018\/04\/20180420_151112.jpg 2048w\" sizes=\"(max-width: 300px) 100vw, 300px\" \/><\/a>\n\t\t\t<\/div><\/figure><figure class='gallery-item'>\n\t\t\t<div class='gallery-icon landscape'>\n\t\t\t\t<a data-elementor-open-lightbox=\"yes\" data-elementor-lightbox-slideshow=\"86df39a\" data-elementor-lightbox-title=\"20180420_151021\" data-e-action-hash=\"#elementor-action%3Aaction%3Dlightbox%26settings%3DeyJpZCI6MzY1MjQsInVybCI6Imh0dHBzOlwvXC93d3cucmVnaW9uLXNjaHdhYmFjaC5kZVwvd29yZHByZXNzXC93cC1jb250ZW50XC91cGxvYWRzXC8yMDE4XC8wNFwvMjAxODA0MjBfMTUxMDIxLmpwZyIsInNsaWRlc2hvdyI6Ijg2ZGYzOWEifQ%3D%3D\" href='https:\/\/www.region-schwabach.de\/wordpress\/wp-content\/uploads\/2018\/04\/20180420_151021.jpg'><img loading=\"lazy\" decoding=\"async\" width=\"300\" height=\"146\" src=\"https:\/\/www.region-schwabach.de\/wordpress\/wp-content\/uploads\/2018\/04\/20180420_151021-300x146.jpg\" class=\"attachment-medium size-medium\" alt=\"\" srcset=\"https:\/\/www.region-schwabach.de\/wordpress\/wp-content\/uploads\/2018\/04\/20180420_151021-300x146.jpg 300w, https:\/\/www.region-schwabach.de\/wordpress\/wp-content\/uploads\/2018\/04\/20180420_151021-768x374.jpg 768w, https:\/\/www.region-schwabach.de\/wordpress\/wp-content\/uploads\/2018\/04\/20180420_151021-1024x498.jpg 1024w, https:\/\/www.region-schwabach.de\/wordpress\/wp-content\/uploads\/2018\/04\/20180420_151021.jpg 2048w\" sizes=\"(max-width: 300px) 100vw, 300px\" \/><\/a>\n\t\t\t<\/div><\/figure><figure class='gallery-item'>\n\t\t\t<div class='gallery-icon landscape'>\n\t\t\t\t<a data-elementor-open-lightbox=\"yes\" data-elementor-lightbox-slideshow=\"86df39a\" data-elementor-lightbox-title=\"20180420_151012\" data-e-action-hash=\"#elementor-action%3Aaction%3Dlightbox%26settings%3DeyJpZCI6MzY1MjMsInVybCI6Imh0dHBzOlwvXC93d3cucmVnaW9uLXNjaHdhYmFjaC5kZVwvd29yZHByZXNzXC93cC1jb250ZW50XC91cGxvYWRzXC8yMDE4XC8wNFwvMjAxODA0MjBfMTUxMDEyLmpwZyIsInNsaWRlc2hvdyI6Ijg2ZGYzOWEifQ%3D%3D\" href='https:\/\/www.region-schwabach.de\/wordpress\/wp-content\/uploads\/2018\/04\/20180420_151012.jpg'><img loading=\"lazy\" decoding=\"async\" width=\"300\" height=\"146\" src=\"https:\/\/www.region-schwabach.de\/wordpress\/wp-content\/uploads\/2018\/04\/20180420_151012-300x146.jpg\" class=\"attachment-medium size-medium\" alt=\"\" srcset=\"https:\/\/www.region-schwabach.de\/wordpress\/wp-content\/uploads\/2018\/04\/20180420_151012-300x146.jpg 300w, https:\/\/www.region-schwabach.de\/wordpress\/wp-content\/uploads\/2018\/04\/20180420_151012-768x374.jpg 768w, https:\/\/www.region-schwabach.de\/wordpress\/wp-content\/uploads\/2018\/04\/20180420_151012-1024x498.jpg 1024w, https:\/\/www.region-schwabach.de\/wordpress\/wp-content\/uploads\/2018\/04\/20180420_151012.jpg 2048w\" sizes=\"(max-width: 300px) 100vw, 300px\" \/><\/a>\n\t\t\t<\/div><\/figure><figure class='gallery-item'>\n\t\t\t<div class='gallery-icon landscape'>\n\t\t\t\t<a data-elementor-open-lightbox=\"yes\" data-elementor-lightbox-slideshow=\"86df39a\" data-elementor-lightbox-title=\"20180420_150956\" data-e-action-hash=\"#elementor-action%3Aaction%3Dlightbox%26settings%3DeyJpZCI6MzY1MjIsInVybCI6Imh0dHBzOlwvXC93d3cucmVnaW9uLXNjaHdhYmFjaC5kZVwvd29yZHByZXNzXC93cC1jb250ZW50XC91cGxvYWRzXC8yMDE4XC8wNFwvMjAxODA0MjBfMTUwOTU2LmpwZyIsInNsaWRlc2hvdyI6Ijg2ZGYzOWEifQ%3D%3D\" href='https:\/\/www.region-schwabach.de\/wordpress\/wp-content\/uploads\/2018\/04\/20180420_150956.jpg'><img loading=\"lazy\" decoding=\"async\" width=\"300\" height=\"146\" src=\"https:\/\/www.region-schwabach.de\/wordpress\/wp-content\/uploads\/2018\/04\/20180420_150956-300x146.jpg\" class=\"attachment-medium size-medium\" alt=\"\" srcset=\"https:\/\/www.region-schwabach.de\/wordpress\/wp-content\/uploads\/2018\/04\/20180420_150956-300x146.jpg 300w, https:\/\/www.region-schwabach.de\/wordpress\/wp-content\/uploads\/2018\/04\/20180420_150956-768x374.jpg 768w, https:\/\/www.region-schwabach.de\/wordpress\/wp-content\/uploads\/2018\/04\/20180420_150956-1024x498.jpg 1024w, https:\/\/www.region-schwabach.de\/wordpress\/wp-content\/uploads\/2018\/04\/20180420_150956.jpg 2048w\" sizes=\"(max-width: 300px) 100vw, 300px\" \/><\/a>\n\t\t\t<\/div><\/figure><figure class='gallery-item'>\n\t\t\t<div class='gallery-icon landscape'>\n\t\t\t\t<a data-elementor-open-lightbox=\"yes\" data-elementor-lightbox-slideshow=\"86df39a\" data-elementor-lightbox-title=\"20180420_150941\" data-e-action-hash=\"#elementor-action%3Aaction%3Dlightbox%26settings%3DeyJpZCI6MzY1MjEsInVybCI6Imh0dHBzOlwvXC93d3cucmVnaW9uLXNjaHdhYmFjaC5kZVwvd29yZHByZXNzXC93cC1jb250ZW50XC91cGxvYWRzXC8yMDE4XC8wNFwvMjAxODA0MjBfMTUwOTQxLmpwZyIsInNsaWRlc2hvdyI6Ijg2ZGYzOWEifQ%3D%3D\" href='https:\/\/www.region-schwabach.de\/wordpress\/wp-content\/uploads\/2018\/04\/20180420_150941.jpg'><img loading=\"lazy\" decoding=\"async\" width=\"300\" height=\"146\" src=\"https:\/\/www.region-schwabach.de\/wordpress\/wp-content\/uploads\/2018\/04\/20180420_150941-300x146.jpg\" class=\"attachment-medium size-medium\" alt=\"\" srcset=\"https:\/\/www.region-schwabach.de\/wordpress\/wp-content\/uploads\/2018\/04\/20180420_150941-300x146.jpg 300w, https:\/\/www.region-schwabach.de\/wordpress\/wp-content\/uploads\/2018\/04\/20180420_150941-768x374.jpg 768w, https:\/\/www.region-schwabach.de\/wordpress\/wp-content\/uploads\/2018\/04\/20180420_150941-1024x498.jpg 1024w, https:\/\/www.region-schwabach.de\/wordpress\/wp-content\/uploads\/2018\/04\/20180420_150941.jpg 2048w\" sizes=\"(max-width: 300px) 100vw, 300px\" \/><\/a>\n\t\t\t<\/div><\/figure><figure class='gallery-item'>\n\t\t\t<div class='gallery-icon landscape'>\n\t\t\t\t<a data-elementor-open-lightbox=\"yes\" data-elementor-lightbox-slideshow=\"86df39a\" data-elementor-lightbox-title=\"20180420_150934\" data-e-action-hash=\"#elementor-action%3Aaction%3Dlightbox%26settings%3DeyJpZCI6MzY1MjAsInVybCI6Imh0dHBzOlwvXC93d3cucmVnaW9uLXNjaHdhYmFjaC5kZVwvd29yZHByZXNzXC93cC1jb250ZW50XC91cGxvYWRzXC8yMDE4XC8wNFwvMjAxODA0MjBfMTUwOTM0LmpwZyIsInNsaWRlc2hvdyI6Ijg2ZGYzOWEifQ%3D%3D\" href='https:\/\/www.region-schwabach.de\/wordpress\/wp-content\/uploads\/2018\/04\/20180420_150934.jpg'><img loading=\"lazy\" decoding=\"async\" width=\"300\" height=\"146\" src=\"https:\/\/www.region-schwabach.de\/wordpress\/wp-content\/uploads\/2018\/04\/20180420_150934-300x146.jpg\" class=\"attachment-medium size-medium\" alt=\"\" srcset=\"https:\/\/www.region-schwabach.de\/wordpress\/wp-content\/uploads\/2018\/04\/20180420_150934-300x146.jpg 300w, https:\/\/www.region-schwabach.de\/wordpress\/wp-content\/uploads\/2018\/04\/20180420_150934-768x374.jpg 768w, https:\/\/www.region-schwabach.de\/wordpress\/wp-content\/uploads\/2018\/04\/20180420_150934-1024x498.jpg 1024w, https:\/\/www.region-schwabach.de\/wordpress\/wp-content\/uploads\/2018\/04\/20180420_150934.jpg 2048w\" sizes=\"(max-width: 300px) 100vw, 300px\" \/><\/a>\n\t\t\t<\/div><\/figure><figure class='gallery-item'>\n\t\t\t<div class='gallery-icon landscape'>\n\t\t\t\t<a data-elementor-open-lightbox=\"yes\" data-elementor-lightbox-slideshow=\"86df39a\" data-elementor-lightbox-title=\"20180420_150920\" data-e-action-hash=\"#elementor-action%3Aaction%3Dlightbox%26settings%3DeyJpZCI6MzY1MTksInVybCI6Imh0dHBzOlwvXC93d3cucmVnaW9uLXNjaHdhYmFjaC5kZVwvd29yZHByZXNzXC93cC1jb250ZW50XC91cGxvYWRzXC8yMDE4XC8wNFwvMjAxODA0MjBfMTUwOTIwLmpwZyIsInNsaWRlc2hvdyI6Ijg2ZGYzOWEifQ%3D%3D\" href='https:\/\/www.region-schwabach.de\/wordpress\/wp-content\/uploads\/2018\/04\/20180420_150920.jpg'><img loading=\"lazy\" decoding=\"async\" width=\"300\" height=\"146\" src=\"https:\/\/www.region-schwabach.de\/wordpress\/wp-content\/uploads\/2018\/04\/20180420_150920-300x146.jpg\" class=\"attachment-medium size-medium\" alt=\"\" srcset=\"https:\/\/www.region-schwabach.de\/wordpress\/wp-content\/uploads\/2018\/04\/20180420_150920-300x146.jpg 300w, https:\/\/www.region-schwabach.de\/wordpress\/wp-content\/uploads\/2018\/04\/20180420_150920-768x374.jpg 768w, https:\/\/www.region-schwabach.de\/wordpress\/wp-content\/uploads\/2018\/04\/20180420_150920-1024x498.jpg 1024w, https:\/\/www.region-schwabach.de\/wordpress\/wp-content\/uploads\/2018\/04\/20180420_150920.jpg 2048w\" sizes=\"(max-width: 300px) 100vw, 300px\" \/><\/a>\n\t\t\t<\/div><\/figure><figure class='gallery-item'>\n\t\t\t<div class='gallery-icon landscape'>\n\t\t\t\t<a data-elementor-open-lightbox=\"yes\" data-elementor-lightbox-slideshow=\"86df39a\" data-elementor-lightbox-title=\"20180420_150909\" data-e-action-hash=\"#elementor-action%3Aaction%3Dlightbox%26settings%3DeyJpZCI6MzY1MTgsInVybCI6Imh0dHBzOlwvXC93d3cucmVnaW9uLXNjaHdhYmFjaC5kZVwvd29yZHByZXNzXC93cC1jb250ZW50XC91cGxvYWRzXC8yMDE4XC8wNFwvMjAxODA0MjBfMTUwOTA5LmpwZyIsInNsaWRlc2hvdyI6Ijg2ZGYzOWEifQ%3D%3D\" href='https:\/\/www.region-schwabach.de\/wordpress\/wp-content\/uploads\/2018\/04\/20180420_150909.jpg'><img loading=\"lazy\" decoding=\"async\" width=\"300\" height=\"146\" src=\"https:\/\/www.region-schwabach.de\/wordpress\/wp-content\/uploads\/2018\/04\/20180420_150909-300x146.jpg\" class=\"attachment-medium size-medium\" alt=\"\" srcset=\"https:\/\/www.region-schwabach.de\/wordpress\/wp-content\/uploads\/2018\/04\/20180420_150909-300x146.jpg 300w, https:\/\/www.region-schwabach.de\/wordpress\/wp-content\/uploads\/2018\/04\/20180420_150909-768x374.jpg 768w, https:\/\/www.region-schwabach.de\/wordpress\/wp-content\/uploads\/2018\/04\/20180420_150909-1024x498.jpg 1024w, https:\/\/www.region-schwabach.de\/wordpress\/wp-content\/uploads\/2018\/04\/20180420_150909.jpg 2048w\" sizes=\"(max-width: 300px) 100vw, 300px\" \/><\/a>\n\t\t\t<\/div><\/figure><figure class='gallery-item'>\n\t\t\t<div class='gallery-icon landscape'>\n\t\t\t\t<a data-elementor-open-lightbox=\"yes\" data-elementor-lightbox-slideshow=\"86df39a\" data-elementor-lightbox-title=\"20180420_150829\" data-e-action-hash=\"#elementor-action%3Aaction%3Dlightbox%26settings%3DeyJpZCI6MzY1MTcsInVybCI6Imh0dHBzOlwvXC93d3cucmVnaW9uLXNjaHdhYmFjaC5kZVwvd29yZHByZXNzXC93cC1jb250ZW50XC91cGxvYWRzXC8yMDE4XC8wNFwvMjAxODA0MjBfMTUwODI5LmpwZyIsInNsaWRlc2hvdyI6Ijg2ZGYzOWEifQ%3D%3D\" href='https:\/\/www.region-schwabach.de\/wordpress\/wp-content\/uploads\/2018\/04\/20180420_150829.jpg'><img loading=\"lazy\" decoding=\"async\" width=\"300\" height=\"146\" src=\"https:\/\/www.region-schwabach.de\/wordpress\/wp-content\/uploads\/2018\/04\/20180420_150829-300x146.jpg\" class=\"attachment-medium size-medium\" alt=\"\" srcset=\"https:\/\/www.region-schwabach.de\/wordpress\/wp-content\/uploads\/2018\/04\/20180420_150829-300x146.jpg 300w, https:\/\/www.region-schwabach.de\/wordpress\/wp-content\/uploads\/2018\/04\/20180420_150829-768x374.jpg 768w, https:\/\/www.region-schwabach.de\/wordpress\/wp-content\/uploads\/2018\/04\/20180420_150829-1024x498.jpg 1024w, https:\/\/www.region-schwabach.de\/wordpress\/wp-content\/uploads\/2018\/04\/20180420_150829.jpg 2048w\" sizes=\"(max-width: 300px) 100vw, 300px\" \/><\/a>\n\t\t\t<\/div><\/figure><figure class='gallery-item'>\n\t\t\t<div class='gallery-icon landscape'>\n\t\t\t\t<a data-elementor-open-lightbox=\"yes\" data-elementor-lightbox-slideshow=\"86df39a\" data-elementor-lightbox-title=\"20180420_150808\" data-e-action-hash=\"#elementor-action%3Aaction%3Dlightbox%26settings%3DeyJpZCI6MzY1MTYsInVybCI6Imh0dHBzOlwvXC93d3cucmVnaW9uLXNjaHdhYmFjaC5kZVwvd29yZHByZXNzXC93cC1jb250ZW50XC91cGxvYWRzXC8yMDE4XC8wNFwvMjAxODA0MjBfMTUwODA4LmpwZyIsInNsaWRlc2hvdyI6Ijg2ZGYzOWEifQ%3D%3D\" href='https:\/\/www.region-schwabach.de\/wordpress\/wp-content\/uploads\/2018\/04\/20180420_150808.jpg'><img loading=\"lazy\" decoding=\"async\" width=\"300\" height=\"146\" src=\"https:\/\/www.region-schwabach.de\/wordpress\/wp-content\/uploads\/2018\/04\/20180420_150808-300x146.jpg\" class=\"attachment-medium size-medium\" alt=\"\" srcset=\"https:\/\/www.region-schwabach.de\/wordpress\/wp-content\/uploads\/2018\/04\/20180420_150808-300x146.jpg 300w, https:\/\/www.region-schwabach.de\/wordpress\/wp-content\/uploads\/2018\/04\/20180420_150808-768x374.jpg 768w, https:\/\/www.region-schwabach.de\/wordpress\/wp-content\/uploads\/2018\/04\/20180420_150808-1024x498.jpg 1024w, https:\/\/www.region-schwabach.de\/wordpress\/wp-content\/uploads\/2018\/04\/20180420_150808.jpg 2048w\" sizes=\"(max-width: 300px) 100vw, 300px\" \/><\/a>\n\t\t\t<\/div><\/figure><figure class='gallery-item'>\n\t\t\t<div class='gallery-icon landscape'>\n\t\t\t\t<a data-elementor-open-lightbox=\"yes\" data-elementor-lightbox-slideshow=\"86df39a\" data-elementor-lightbox-title=\"20180420_150757\" data-e-action-hash=\"#elementor-action%3Aaction%3Dlightbox%26settings%3DeyJpZCI6MzY1MTUsInVybCI6Imh0dHBzOlwvXC93d3cucmVnaW9uLXNjaHdhYmFjaC5kZVwvd29yZHByZXNzXC93cC1jb250ZW50XC91cGxvYWRzXC8yMDE4XC8wNFwvMjAxODA0MjBfMTUwNzU3LmpwZyIsInNsaWRlc2hvdyI6Ijg2ZGYzOWEifQ%3D%3D\" href='https:\/\/www.region-schwabach.de\/wordpress\/wp-content\/uploads\/2018\/04\/20180420_150757.jpg'><img loading=\"lazy\" decoding=\"async\" width=\"300\" height=\"146\" src=\"https:\/\/www.region-schwabach.de\/wordpress\/wp-content\/uploads\/2018\/04\/20180420_150757-300x146.jpg\" class=\"attachment-medium size-medium\" alt=\"\" srcset=\"https:\/\/www.region-schwabach.de\/wordpress\/wp-content\/uploads\/2018\/04\/20180420_150757-300x146.jpg 300w, https:\/\/www.region-schwabach.de\/wordpress\/wp-content\/uploads\/2018\/04\/20180420_150757-768x374.jpg 768w, https:\/\/www.region-schwabach.de\/wordpress\/wp-content\/uploads\/2018\/04\/20180420_150757-1024x498.jpg 1024w, https:\/\/www.region-schwabach.de\/wordpress\/wp-content\/uploads\/2018\/04\/20180420_150757.jpg 2048w\" sizes=\"(max-width: 300px) 100vw, 300px\" \/><\/a>\n\t\t\t<\/div><\/figure>\n\t\t<\/div>\n\t\t<\/div>\n\t\t\t\t<\/div>\n\t\t\t\t<\/div>\n\t\t\t\t\t<\/div>\n\t\t<\/div>\n\t\t\t\t<div class=\"elementor-column elementor-col-50 elementor-top-column elementor-element elementor-element-b1ce8ea\" data-id=\"b1ce8ea\" data-element_type=\"column\">\n\t\t\t<div class=\"elementor-widget-wrap elementor-element-populated\">\n\t\t\t\t\t\t<div class=\"elementor-element elementor-element-6c0cd16 elementor-widget elementor-widget-heading\" data-id=\"6c0cd16\" data-element_type=\"widget\" data-widget_type=\"heading.default\">\n\t\t\t\t<div class=\"elementor-widget-container\">\n\t\t\t<h3 class=\"elementor-heading-title elementor-size-default\">Schnell vergleichen und sparen!<\/h3>\t\t<\/div>\n\t\t\t\t<\/div>\n\t\t\t\t<div class=\"elementor-element elementor-element-d606c01 elementor-widget elementor-widget-wp-widget-advads_ad_widget\" data-id=\"d606c01\" data-element_type=\"widget\" data-widget_type=\"wp-widget-advads_ad_widget.default\">\n\t\t\t\t<div class=\"elementor-widget-container\">\n\t\t\t<div id=\"regio-3478770171\"><div class=\"regio-adlabel\">Werbung<\/div><!-- Beginn https:\/\/www.financeads.net\/-Code --><a href=\"https:\/\/www.financeads.net\/tc.php?t=36648C236142529B\" target=\"_blank\"><img loading=\"lazy\" decoding=\"async\" src=\"https:\/\/www.financeads.net\/tb.php?t=36648V236142529B&https=1\" alt=\"\" border=\"0\" width=\"300\" height=\"250\"><\/a><!-- Ende https:\/\/www.financeads.net\/-Code --><\/div>\t\t<\/div>\n\t\t\t\t<\/div>\n\t\t\t\t<div class=\"elementor-element elementor-element-b445ea1 elementor-widget elementor-widget-wp-widget-advads_ad_widget\" data-id=\"b445ea1\" data-element_type=\"widget\" data-widget_type=\"wp-widget-advads_ad_widget.default\">\n\t\t\t\t<div class=\"elementor-widget-container\">\n\t\t\t<div id=\"regio-1463176782\"><div class=\"regio-adlabel\">Werbung<\/div><!-- Beginn https:\/\/www.financeads.net\/-Code --><a href=\"https:\/\/www.financeads.net\/tc.php?t=36648C42614510B\" target=\"_blank\"><img loading=\"lazy\" decoding=\"async\" src=\"https:\/\/www.financeads.net\/tb.php?t=36648V42614510B&https=1\" alt=\"\" border=\"0\" width=\"200\" height=\"300\"><\/a><!-- Ende https:\/\/www.financeads.net\/-Code --><\/div>\t\t<\/div>\n\t\t\t\t<\/div>\n\t\t\t\t<div class=\"elementor-element elementor-element-67dabac elementor-widget elementor-widget-wp-widget-advads_ad_widget\" data-id=\"67dabac\" data-element_type=\"widget\" data-widget_type=\"wp-widget-advads_ad_widget.default\">\n\t\t\t\t<div class=\"elementor-widget-container\">\n\t\t\t<div id=\"regio-269829659\"><div class=\"regio-adlabel\">Werbung<\/div><!-- Beginn https:\/\/www.financeads.net\/-Code --><a href=\"https:\/\/www.financeads.net\/tc.php?t=36648C205040072B\" target=\"_blank\"><img loading=\"lazy\" decoding=\"async\" src=\"https:\/\/www.financeads.net\/tb.php?t=36648V205040072B&https=1\" alt=\"\" border=\"0\" width=\"300\" height=\"250\"><\/a><!-- Ende https:\/\/www.financeads.net\/-Code --><\/div>\t\t<\/div>\n\t\t\t\t<\/div>\n\t\t\t\t<div class=\"elementor-element elementor-element-a37b5f9 elementor-widget elementor-widget-wp-widget-advads_ad_widget\" data-id=\"a37b5f9\" data-element_type=\"widget\" data-widget_type=\"wp-widget-advads_ad_widget.default\">\n\t\t\t\t<div class=\"elementor-widget-container\">\n\t\t\t<div id=\"regio-3937782300\"><div class=\"regio-adlabel\">Werbung<\/div><!-- Beginn https:\/\/www.financeads.net\/-Code --><a href=\"https:\/\/www.financeads.net\/tc.php?t=36648C271460142B\" target=\"_blank\"><img loading=\"lazy\" decoding=\"async\" src=\"https:\/\/www.financeads.net\/tb.php?t=36648V271460142B&https=1\" alt=\"PETPROTECT_Hund&Katze_Banner\" border=\"0\" width=\"250\" height=\"250\"><\/a><!-- Ende https:\/\/www.financeads.net\/-Code --><\/div>\t\t<\/div>\n\t\t\t\t<\/div>\n\t\t\t\t\t<\/div>\n\t\t<\/div>\n\t\t\t\t\t<\/div>\n\t\t<\/section>\n\t\t\t\t<\/div>\n\t\t","protected":false},"excerpt":{"rendered":"<div class=\"mh-excerpt\"><p>Freitag, den 6. Mai 2022, bis Dienstag, den 10. Mai 2022Schwabacher Kinderkirchweih mit buntem Programm Schwabach &#8211; Nach zwei Jahren Pause findet heuer die 10. Schwabacher Kinderkirchweih wieder statt. Von Freitag, den 6. Mai 2022 <a class=\"mh-excerpt-more\" href=\"https:\/\/www.region-schwabach.de\/wordpress\/startschuss-zur-schwabacher-kinderkirchweih-2022-vom-6-mai-2022-bis-10-mai-2022-2\/\" title=\"Startschu\u00df zur Schwabacher Kinderkirchweih 2022 &#8211; vom 6. Mai 2022 bis 10. Mai 2022\">[&#8230;]<\/a><\/p>\n<\/div>","protected":false},"author":1,"featured_media":169987,"comment_status":"open","ping_status":"open","sticky":false,"template":"","format":"standard","meta":{"_cbd_carousel_blocks":"[]","footnotes":""},"categories":[16,1,61,231],"tags":[19082,19089,19096,19098,19101,19099,18992,19090,19097,19100,18,522,523,1480,19,3151],"class_list":{"0":"post-169986","1":"post","2":"type-post","3":"status-publish","4":"format-standard","5":"has-post-thumbnail","7":"category-aktuell","8":"category-allgemein","9":"category-rathaus","10":"category-veranstaltungsnews","11":"tag-06-05-2022","12":"tag-07-05-2022","13":"tag-08-05-2022","14":"tag-09-05-2022","15":"tag-10-mai-2022","16":"tag-10-05-2022","17":"tag-6-mai-2022","18":"tag-7-mai-2022","19":"tag-8-mai-2022","20":"tag-9-mai-2022","21":"tag-kinderkirchweih","22":"tag-koenigsplatz","23":"tag-martin-luther-platz","24":"tag-rathaus","25":"tag-schwabach","26":"tag-stadt-schwabach"},"_links":{"self":[{"href":"https:\/\/www.region-schwabach.de\/wordpress\/wp-json\/wp\/v2\/posts\/169986","targetHints":{"allow":["GET"]}}],"collection":[{"href":"https:\/\/www.region-schwabach.de\/wordpress\/wp-json\/wp\/v2\/posts"}],"about":[{"href":"https:\/\/www.region-schwabach.de\/wordpress\/wp-json\/wp\/v2\/types\/post"}],"author":[{"embeddable":true,"href":"https:\/\/www.region-schwabach.de\/wordpress\/wp-json\/wp\/v2\/users\/1"}],"replies":[{"embeddable":true,"href":"https:\/\/www.region-schwabach.de\/wordpress\/wp-json\/wp\/v2\/comments?post=169986"}],"version-history":[{"count":0,"href":"https:\/\/www.region-schwabach.de\/wordpress\/wp-json\/wp\/v2\/posts\/169986\/revisions"}],"wp:featuredmedia":[{"embeddable":true,"href":"https:\/\/www.region-schwabach.de\/wordpress\/wp-json\/wp\/v2\/media\/169987"}],"wp:attachment":[{"href":"https:\/\/www.region-schwabach.de\/wordpress\/wp-json\/wp\/v2\/media?parent=169986"}],"wp:term":[{"taxonomy":"category","embeddable":true,"href":"https:\/\/www.region-schwabach.de\/wordpress\/wp-json\/wp\/v2\/categories?post=169986"},{"taxonomy":"post_tag","embeddable":true,"href":"https:\/\/www.region-schwabach.de\/wordpress\/wp-json\/wp\/v2\/tags?post=169986"}],"curies":[{"name":"wp","href":"https:\/\/api.w.org\/{rel}","templated":true}]}}