{"id":170187,"date":"2022-05-08T01:45:00","date_gmt":"2022-05-07T23:45:00","guid":{"rendered":"https:\/\/www.region-schwabach.de\/wordpress\/?p=170187"},"modified":"2022-05-07T22:46:14","modified_gmt":"2022-05-07T20:46:14","slug":"schwabach-beteiligt-sich-erstmals-am-stadtradeln-vom-19-juni-bis-zum-9-juli-2022","status":"publish","type":"post","link":"https:\/\/www.region-schwabach.de\/wordpress\/schwabach-beteiligt-sich-erstmals-am-stadtradeln-vom-19-juni-bis-zum-9-juli-2022\/","title":{"rendered":"Schwabach beteiligt sich erstmals am Stadtradeln vom 19. Juni bis zum 9. Juli 2022"},"content":{"rendered":"\t\t<div data-elementor-type=\"wp-post\" data-elementor-id=\"170187\" class=\"elementor elementor-170187\">\n\t\t\t\t\t\t<section class=\"elementor-section elementor-top-section elementor-element elementor-element-tlus4ia elementor-section-boxed elementor-section-height-default elementor-section-height-default\" data-id=\"tlus4ia\" data-element_type=\"section\">\n\t\t\t\t\t\t<div class=\"elementor-container elementor-column-gap-default\">\n\t\t\t\t\t<div class=\"elementor-column elementor-col-50 elementor-top-column elementor-element elementor-element-sphcucl\" data-id=\"sphcucl\" data-element_type=\"column\">\n\t\t\t<div class=\"elementor-widget-wrap elementor-element-populated\">\n\t\t\t\t\t\t<div class=\"elementor-element elementor-element-4f2h2af elementor-widget elementor-widget-text-editor\" data-id=\"4f2h2af\" data-element_type=\"widget\" data-widget_type=\"text-editor.default\">\n\t\t\t\t<div class=\"elementor-widget-container\">\n\t\t\t\t\t\t\t<h3 class=\"entry-title\"><span id=\"page65R_mcid20\" class=\"markedContent\"><span dir=\"ltr\" role=\"presentation\">Auch Schwabach tritt dieses Jahr in die Pedale<\/span><\/span><span id=\"undefined\" class=\"markedContent\"><\/span><span id=\"page65R_mcid13\" class=\"markedContent\"><br role=\"presentation\" \/><span dir=\"ltr\" role=\"presentation\">STADTRADELN 2022 erstmals auch in Schwabach<\/span><\/span><\/h3><p><span style=\"font-size: 12pt;\">Schwabach &#8211; <span id=\"page65R_mcid15\" class=\"markedContent\"><span dir=\"ltr\" role=\"presentation\">Schwabach beteiligt sich dieses Jahr erstmals beim internationalen Wettbe<\/span><span dir=\"ltr\" role=\"presentation\">werb STADTRADELN. Mit einem Stand auf der Autoshow hat das Umwelt<\/span><span dir=\"ltr\" role=\"presentation\">referat der Stadt die Schwabacher B\u00fcrgerinnen und B\u00fcrger \u00fcber den <\/span><span dir=\"ltr\" role=\"presentation\">Radwettbewerb umfassend informiert. Oberb\u00fcrgermeister Peter Rei\u00df, die <\/span><span dir=\"ltr\" role=\"presentation\">Umweltreferentin Dr. Christine Meyer und der Stadtrat Martin Sauer machten <\/span><span dir=\"ltr\" role=\"presentation\">gemeinsam Werbung f\u00fcr die dreiw\u00f6chige Aktion im kommenden Sommer.<\/span><\/span><span id=\"page65R_mcid16\" class=\"markedContent\"><\/span><span id=\"page65R_mcid17\" class=\"markedContent\"><br role=\"presentation\" \/><\/span><\/span><\/p><p><span style=\"font-size: 12pt;\"><span id=\"page65R_mcid17\" class=\"markedContent\"><span dir=\"ltr\" role=\"presentation\">Vom 19. Juni bis zum 9. Juli sollen alle Radbegeisterten und die, die es noch <\/span><span dir=\"ltr\" role=\"presentation\">werden wollen, m\u00f6glichst viele Alltagsstrecken mit dem Rad bew\u00e4ltigen. Die <\/span><span dir=\"ltr\" role=\"presentation\">Teilnahme steht allen Interessierten offen, die in Schwabach wohnen, arbeiten, <\/span><span dir=\"ltr\" role=\"presentation\">einem Verein angeh\u00f6ren oder zur Schule gehen. Dabei kann jeder ein <\/span><span dir=\"ltr\" role=\"presentation\">STADTRADELN-Team gr\u00fcnden oder einem bereits bestehenden Team <\/span><span dir=\"ltr\" role=\"presentation\">beitreten, um beim Wettbewerb teilzunehmen. Eine Teilnahme ohne Team ist <\/span><span dir=\"ltr\" role=\"presentation\">hingegen nicht m\u00f6glich.<\/span><\/span><span id=\"page65R_mcid18\" class=\"markedContent\"><\/span><span id=\"page65R_mcid19\" class=\"markedContent\"><br role=\"presentation\" \/><\/span><\/span><\/p><p><span style=\"font-size: 12pt;\"><span id=\"page65R_mcid19\" class=\"markedContent\"><span dir=\"ltr\" role=\"presentation\">Christine Meyer arbeitet gemeinsam mit ihrem Team seit Anfang des Jahres an <\/span><span dir=\"ltr\" role=\"presentation\">der Erstellung eines Mobilit\u00e4tsplans f\u00fcr Schwabach. Bei diesem geht es <\/span><span dir=\"ltr\" role=\"presentation\">insbesondere darum, umweltfreundliche Verkehrsarten, wie zum Beispiel den <\/span><span dir=\"ltr\" role=\"presentation\">Radverkehr, zu st\u00e4rken. Aus diesem Grund unterst\u00fctzt Dr. Meyer die Aktion <\/span><span dir=\"ltr\" role=\"presentation\">STADTRADELN sehr gerne. \u201eBei einem Wettbewerb wie STADTRADELN wird <\/span><span dir=\"ltr\" role=\"presentation\">noch einmal deutlich, wie wichtig das Fahrrad als Verkehrsmittel ist. Es ist nicht <\/span><\/span><\/span><span style=\"font-size: 12pt;\"><span id=\"page1R_mcid0\" class=\"markedContent\"><span dir=\"ltr\" role=\"presentation\">nur wichtig f\u00fcr den Klima- und Umweltschutz, sondern tr\u00e4gt auch zum Erhalt <\/span><span dir=\"ltr\" role=\"presentation\">der Gesundheit bei und bedeutet ein St\u00fcck Lebensqualit\u00e4t\u201c, so die Referentin.<\/span><\/span><span id=\"page1R_mcid1\" class=\"markedContent\"><\/span><span id=\"page1R_mcid2\" class=\"markedContent\"><br role=\"presentation\" \/><\/span><\/span><\/p><p><span style=\"font-size: 12pt;\"><span id=\"page1R_mcid2\" class=\"markedContent\"><span dir=\"ltr\" role=\"presentation\">Best\u00e4rkt in ihren Planungen f\u00fcr die Aktion wurde die Stadtverwaltung auch <\/span><span dir=\"ltr\" role=\"presentation\">durch entsprechende Anregungen aus einer B\u00fcrgerversammlung im Februar. <\/span><\/span><span id=\"page1R_mcid3\" class=\"markedContent\"><span dir=\"ltr\" role=\"presentation\">Als Teilnehmer in der Sonderkategorie STADTRADELN-Star m\u00f6chte indes <\/span><span dir=\"ltr\" role=\"presentation\">auch der Oberb\u00fcrgermeister als aktiver Alltagsradfahrer f\u00fcr das Fahrrad und <\/span><span dir=\"ltr\" role=\"presentation\">die Aktion intensiv werben. Er wird dabei den Versuch wagen, f\u00fcr drei Wochen <\/span><span dir=\"ltr\" role=\"presentation\">kein Auto von innen zu sehen \u2013 auch nicht als Beifahrer. W\u00e4hrend des <\/span><span dir=\"ltr\" role=\"presentation\">Aktionszeitraums wird Rei\u00df \u00fcber seine Erfahrungen, komplett auf das Fahrrad <\/span><span dir=\"ltr\" role=\"presentation\">umzusteigen, im STADTRADELN-Blog berichten.<\/span><\/span><span id=\"page1R_mcid4\" class=\"markedContent\"><\/span><span id=\"page1R_mcid5\" class=\"markedContent\"><br role=\"presentation\" \/><\/span><\/span><\/p><p><span style=\"font-size: 12pt;\"><span id=\"page1R_mcid5\" class=\"markedContent\"><span dir=\"ltr\" role=\"presentation\">Zum Start des Wettbewerbs findet am Sonntag, 19. Juni, um 14 Uhr auf dem <\/span><span dir=\"ltr\" role=\"presentation\">K\u00f6nigsplatz die Auftaktveranstaltung statt. Hier bieten die Organisationen <\/span><span dir=\"ltr\" role=\"presentation\">ADFC, VCD und der Bund Naturschutz verschiedene gef\u00fchrte Radtouren in <\/span><span dir=\"ltr\" role=\"presentation\">unterschiedlicher L\u00e4nge an.<\/span><\/span><span id=\"page1R_mcid6\" class=\"markedContent\"><\/span><span id=\"page1R_mcid7\" class=\"markedContent\"><br role=\"presentation\" \/><\/span><\/span><\/p><p><span style=\"font-size: 12pt;\"><span id=\"page1R_mcid7\" class=\"markedContent\"><span dir=\"ltr\" role=\"presentation\">Am Samstag, 23. Juli, um 11:30 Uhr ist auf dem Schwabacher B\u00fcrgerfest eine <\/span><span dir=\"ltr\" role=\"presentation\">Siegerehrung auf der Haupttrib\u00fcne am K\u00f6nigsplatz geplant. Hier k\u00f6nnen alle <\/span><span dir=\"ltr\" role=\"presentation\">Teilnehmenden tolle Preise gewinnen.<\/span><\/span><span id=\"page1R_mcid8\" class=\"markedContent\"><\/span><span id=\"page1R_mcid9\" class=\"markedContent\"><br role=\"presentation\" \/><\/span><\/span><\/p><p><span style=\"font-size: 12pt;\"><span id=\"page1R_mcid9\" class=\"markedContent\"><span dir=\"ltr\" role=\"presentation\">Interessierte k\u00f6nnen sich unter<\/span><\/span><span id=\"page1R_mcid10\" class=\"markedContent\"> <span dir=\"ltr\" role=\"presentation\">www.stadtradeln.de\/schwabach<\/span><\/span><span id=\"page1R_mcid19\" class=\"markedContent\"> <span dir=\"ltr\" role=\"presentation\">anmelden. <\/span><\/span><span id=\"page1R_mcid12\" class=\"markedContent\"><span dir=\"ltr\" role=\"presentation\">R\u00fcckfragen beantwortet Sabrina Pfeifer im Referat f\u00fcr Umwelt, Mobilit\u00e4t, <\/span><span dir=\"ltr\" role=\"presentation\">Nachhaltigkeit und Klimaschutz unter Telefon 09122 860-801 oder der <\/span><span dir=\"ltr\" role=\"presentation\">Mobilit\u00e4tsbeauftragte der Stadt, G\u00f6tz Mahdi, Telefon 09122 860-802. <\/span><\/span><span id=\"page1R_mcid13\" class=\"markedContent\"><span dir=\"ltr\" role=\"presentation\">Das Referat ist auch per E-Mail unter<\/span><\/span><span id=\"page1R_mcid14\" class=\"markedContent\"> <span dir=\"ltr\" role=\"presentation\">umweltreferat@schwabach.de<\/span><\/span><span id=\"page1R_mcid20\" class=\"markedContent\"> <span dir=\"ltr\" role=\"presentation\">zu <\/span><\/span><span id=\"page1R_mcid21\" class=\"markedContent\"><span dir=\"ltr\" role=\"presentation\">erreichen.<\/span><\/span><span id=\"page1R_mcid16\" class=\"markedContent\"><\/span><span id=\"page1R_mcid17\" class=\"markedContent\"><br role=\"presentation\" \/><\/span><\/span><\/p><p><strong><span style=\"font-size: 12pt;\"><span id=\"page1R_mcid17\" class=\"markedContent\"><span dir=\"ltr\" role=\"presentation\">Foto: OB Peter Rei\u00df (Mitte) und das Team vom Umweltreferat der Stadt <\/span><span dir=\"ltr\" role=\"presentation\">Schwabach, G\u00f6tz Mahdi, Umweltreferentin Dr. Christine Meyer und Sabrina <\/span><span dir=\"ltr\" role=\"presentation\">Pfeifer (von links), machten bei der Autoshow Werbung f\u00fcr die Aktion <\/span><span dir=\"ltr\" role=\"presentation\">Stadtradeln.\u00a0<\/span><\/span><\/span><\/strong><\/p>\t\t\t\t\t\t<\/div>\n\t\t\t\t<\/div>\n\t\t\t\t<div class=\"elementor-element elementor-element-a030f1b elementor-widget elementor-widget-google_maps\" data-id=\"a030f1b\" data-element_type=\"widget\" data-widget_type=\"google_maps.default\">\n\t\t\t\t<div class=\"elementor-widget-container\">\n\t\t\t\t\t<div class=\"elementor-custom-embed\">\n\t\t\t<iframe loading=\"lazy\"\n\t\t\t\t\tsrc=\"https:\/\/maps.google.com\/maps?q=Schwabach%2C%20Deutschland&#038;t=m&#038;z=15&#038;output=embed&#038;iwloc=near\"\n\t\t\t\t\ttitle=\"Schwabach, Deutschland\"\n\t\t\t\t\taria-label=\"Schwabach, Deutschland\"\n\t\t\t><\/iframe>\n\t\t<\/div>\n\t\t\t\t<\/div>\n\t\t\t\t<\/div>\n\t\t\t\t\t<\/div>\n\t\t<\/div>\n\t\t\t\t<div class=\"elementor-column elementor-col-50 elementor-top-column elementor-element elementor-element-4233827\" data-id=\"4233827\" data-element_type=\"column\">\n\t\t\t<div class=\"elementor-widget-wrap elementor-element-populated\">\n\t\t\t\t\t\t<div class=\"elementor-element elementor-element-4a16d76 elementor-widget elementor-widget-heading\" data-id=\"4a16d76\" data-element_type=\"widget\" data-widget_type=\"heading.default\">\n\t\t\t\t<div class=\"elementor-widget-container\">\n\t\t\t<h3 class=\"elementor-heading-title elementor-size-default\">Schnell vergleichen und sparen!<\/h3>\t\t<\/div>\n\t\t\t\t<\/div>\n\t\t\t\t<div class=\"elementor-element elementor-element-3bb9546 elementor-widget elementor-widget-wp-widget-advads_ad_widget\" data-id=\"3bb9546\" data-element_type=\"widget\" data-widget_type=\"wp-widget-advads_ad_widget.default\">\n\t\t\t\t<div class=\"elementor-widget-container\">\n\t\t\t<div id=\"regio-3188423505\"><div class=\"regio-adlabel\">Werbung<\/div><!-- Beginn https:\/\/www.financeads.net\/-Code --><a href=\"https:\/\/www.financeads.net\/tc.php?t=36648C236142529B\" target=\"_blank\"><img fetchpriority=\"high\" decoding=\"async\" src=\"https:\/\/www.financeads.net\/tb.php?t=36648V236142529B&https=1\" alt=\"\" border=\"0\" width=\"300\" height=\"250\"><\/a><!-- Ende https:\/\/www.financeads.net\/-Code --><\/div>\t\t<\/div>\n\t\t\t\t<\/div>\n\t\t\t\t<div class=\"elementor-element elementor-element-bdb2bd9 elementor-widget elementor-widget-wp-widget-advads_ad_widget\" data-id=\"bdb2bd9\" data-element_type=\"widget\" data-widget_type=\"wp-widget-advads_ad_widget.default\">\n\t\t\t\t<div class=\"elementor-widget-container\">\n\t\t\t<div id=\"regio-559784556\"><div class=\"regio-adlabel\">Werbung<\/div><!-- Beginn https:\/\/www.financeads.net\/-Code --><a href=\"https:\/\/www.financeads.net\/tc.php?t=36648C42614510B\" target=\"_blank\"><img decoding=\"async\" src=\"https:\/\/www.financeads.net\/tb.php?t=36648V42614510B&https=1\" alt=\"\" border=\"0\" width=\"200\" height=\"300\"><\/a><!-- Ende https:\/\/www.financeads.net\/-Code --><\/div>\t\t<\/div>\n\t\t\t\t<\/div>\n\t\t\t\t<div class=\"elementor-element elementor-element-1bb58b3 elementor-widget elementor-widget-wp-widget-advads_ad_widget\" data-id=\"1bb58b3\" data-element_type=\"widget\" data-widget_type=\"wp-widget-advads_ad_widget.default\">\n\t\t\t\t<div class=\"elementor-widget-container\">\n\t\t\t<div id=\"regio-396317485\"><div class=\"regio-adlabel\">Werbung<\/div><!-- Beginn https:\/\/www.financeads.net\/-Code --><a href=\"https:\/\/www.financeads.net\/tc.php?t=36648C205040072B\" target=\"_blank\"><img decoding=\"async\" src=\"https:\/\/www.financeads.net\/tb.php?t=36648V205040072B&https=1\" alt=\"\" border=\"0\" width=\"300\" height=\"250\"><\/a><!-- Ende https:\/\/www.financeads.net\/-Code --><\/div>\t\t<\/div>\n\t\t\t\t<\/div>\n\t\t\t\t<div class=\"elementor-element elementor-element-d6fa9ae elementor-widget elementor-widget-wp-widget-advads_ad_widget\" data-id=\"d6fa9ae\" data-element_type=\"widget\" data-widget_type=\"wp-widget-advads_ad_widget.default\">\n\t\t\t\t<div class=\"elementor-widget-container\">\n\t\t\t<div id=\"regio-1898616636\"><div class=\"regio-adlabel\">Werbung<\/div><!-- Beginn https:\/\/www.financeads.net\/-Code --><a href=\"https:\/\/www.financeads.net\/tc.php?t=36648C271460142B\" target=\"_blank\"><img loading=\"lazy\" decoding=\"async\" src=\"https:\/\/www.financeads.net\/tb.php?t=36648V271460142B&https=1\" alt=\"PETPROTECT_Hund&Katze_Banner\" border=\"0\" width=\"250\" height=\"250\"><\/a><!-- Ende https:\/\/www.financeads.net\/-Code --><\/div>\t\t<\/div>\n\t\t\t\t<\/div>\n\t\t\t\t\t<\/div>\n\t\t<\/div>\n\t\t\t\t\t<\/div>\n\t\t<\/section>\n\t\t\t\t<\/div>\n\t\t","protected":false},"excerpt":{"rendered":"<div class=\"mh-excerpt\"><p>Auch Schwabach tritt dieses Jahr in die PedaleSTADTRADELN 2022 erstmals auch in Schwabach Schwabach &#8211; Schwabach beteiligt sich dieses Jahr erstmals beim internationalen Wettbewerb STADTRADELN. Mit einem Stand auf der Autoshow hat das Umweltreferat der <a class=\"mh-excerpt-more\" href=\"https:\/\/www.region-schwabach.de\/wordpress\/schwabach-beteiligt-sich-erstmals-am-stadtradeln-vom-19-juni-bis-zum-9-juli-2022\/\" title=\"Schwabach beteiligt sich erstmals am Stadtradeln vom 19. Juni bis zum 9. Juli 2022\">[&#8230;]<\/a><\/p>\n<\/div>","protected":false},"author":1,"featured_media":170188,"comment_status":"open","ping_status":"open","sticky":false,"template":"","format":"standard","meta":{"_cbd_carousel_blocks":"[]","footnotes":""},"categories":[16,1,13,61],"tags":[19103,19108,18281,19109,19110,522,19105,15780,1480,19,3012,3151,19102,19106,19104,19107,3634],"class_list":{"0":"post-170187","1":"post","2":"type-post","3":"status-publish","4":"format-standard","5":"has-post-thumbnail","7":"category-aktuell","8":"category-allgemein","9":"category-nachrichten","10":"category-rathaus","11":"tag-19-juni-2022-bis-9-juli-2022","12":"tag-adfc","13":"tag-auftaktveranstaltung","14":"tag-bund-naturschutz","15":"tag-gefuehrte-radtouren","16":"tag-koenigsplatz","17":"tag-mobilitaetsplan","18":"tag-oberbuergermeister-peter-reiss","19":"tag-rathaus","20":"tag-schwabach","21":"tag-stadt","22":"tag-stadt-schwabach","23":"tag-stadtradeln","24":"tag-umweltfreundliche-verkehrsarten","25":"tag-umweltreferentin-christine-meyer","26":"tag-vcd","27":"tag-wettbewerb"},"_links":{"self":[{"href":"https:\/\/www.region-schwabach.de\/wordpress\/wp-json\/wp\/v2\/posts\/170187","targetHints":{"allow":["GET"]}}],"collection":[{"href":"https:\/\/www.region-schwabach.de\/wordpress\/wp-json\/wp\/v2\/posts"}],"about":[{"href":"https:\/\/www.region-schwabach.de\/wordpress\/wp-json\/wp\/v2\/types\/post"}],"author":[{"embeddable":true,"href":"https:\/\/www.region-schwabach.de\/wordpress\/wp-json\/wp\/v2\/users\/1"}],"replies":[{"embeddable":true,"href":"https:\/\/www.region-schwabach.de\/wordpress\/wp-json\/wp\/v2\/comments?post=170187"}],"version-history":[{"count":0,"href":"https:\/\/www.region-schwabach.de\/wordpress\/wp-json\/wp\/v2\/posts\/170187\/revisions"}],"wp:featuredmedia":[{"embeddable":true,"href":"https:\/\/www.region-schwabach.de\/wordpress\/wp-json\/wp\/v2\/media\/170188"}],"wp:attachment":[{"href":"https:\/\/www.region-schwabach.de\/wordpress\/wp-json\/wp\/v2\/media?parent=170187"}],"wp:term":[{"taxonomy":"category","embeddable":true,"href":"https:\/\/www.region-schwabach.de\/wordpress\/wp-json\/wp\/v2\/categories?post=170187"},{"taxonomy":"post_tag","embeddable":true,"href":"https:\/\/www.region-schwabach.de\/wordpress\/wp-json\/wp\/v2\/tags?post=170187"}],"curies":[{"name":"wp","href":"https:\/\/api.w.org\/{rel}","templated":true}]}}