{"id":170891,"date":"2022-05-14T02:00:00","date_gmt":"2022-05-14T00:00:00","guid":{"rendered":"https:\/\/www.region-schwabach.de\/wordpress\/?p=170891"},"modified":"2022-05-13T21:56:25","modified_gmt":"2022-05-13T19:56:25","slug":"die-badesaison-2022-im-parkbad-schwabach-wird-am-samstag-den-14-mai-2022-eroffnet","status":"publish","type":"post","link":"https:\/\/www.region-schwabach.de\/wordpress\/die-badesaison-2022-im-parkbad-schwabach-wird-am-samstag-den-14-mai-2022-eroffnet\/","title":{"rendered":"Die Badesaison 2022 im Parkbad Schwabach wird am Samstag, den 14. Mai 2022, er\u00f6ffnet"},"content":{"rendered":"\t\t<div data-elementor-type=\"wp-post\" data-elementor-id=\"170891\" class=\"elementor elementor-170891\">\n\t\t\t\t\t\t<section class=\"elementor-section elementor-top-section elementor-element elementor-element-678181b elementor-section-boxed elementor-section-height-default elementor-section-height-default\" data-id=\"678181b\" data-element_type=\"section\">\n\t\t\t\t\t\t<div class=\"elementor-container elementor-column-gap-default\">\n\t\t\t\t\t<div class=\"elementor-column elementor-col-50 elementor-top-column elementor-element elementor-element-6b34026\" data-id=\"6b34026\" data-element_type=\"column\">\n\t\t\t<div class=\"elementor-widget-wrap elementor-element-populated\">\n\t\t\t\t\t\t<div class=\"elementor-element elementor-element-443ab98 elementor-widget elementor-widget-text-editor\" data-id=\"443ab98\" data-element_type=\"widget\" data-widget_type=\"text-editor.default\">\n\t\t\t\t<div class=\"elementor-widget-container\">\n\t\t\t\t\t\t\t<h3>Schwabacher Parkbad-Saison startet Mitte Mai<br \/>Fr\u00fchschwimmen ist zur\u00fcck \u2013 Normalit\u00e4t im Badebetrieb<\/h3><p><span style=\"font-size: 12pt;\">Schwabach \u2013 Am Samstag, den 14. Mai 2022 \u00f6ffnet das Parkbad die Pfortenf\u00fcr die Saison 2022. Neben Einzelkarten, Zehner-Karten und Feierabendkarten gibt es auch wieder Dauerkarten f\u00fcr die Badesaison. Die aktuellen Preise sind unter <a href=\"http:\/\/www.stadtwerkeschwabach.de\" target=\"_blank\" rel=\"noopener\">www.stadtwerkeschwabach.de<\/a> ver\u00f6ffentlicht.\u00a0<\/span><\/p><h3>Endlich wieder Normalbetrieb\u00a0<\/h3><p><span style=\"font-size: 12pt;\">Keine Corona-Einschr\u00e4nkungen mehr, ganz normaler Parkbad-Betrieb \u2013 darauf k\u00f6nnen sich die Wasserratten und Schwimmfans heuer freuen. Ab Samstag, den 14. Mai 2022, \u00f6ffnet das Schwabacher Parkbad wieder, mit 24 Grad Wassertemperatur &#8211; wie gehabt. Einziger Wermutstopfen wird der Baul\u00e4rm durch die beginnenden Bauarbeiten f\u00fcr das neue Hallenbad auf dem Parkbad-Gel\u00e4nde sein. Auch das Fr\u00fchschwimmen kommt zur\u00fcck.<\/span><\/p><p><span style=\"font-size: 12pt;\">Die Vorbereitungen der neuen Freibad-Saison sind in den vergangenen Tagen bereits auf Hochtouren gelaufen. Becken wurden gereinigt, Gr\u00fcnanlagen gepflegt, Spielger\u00e4te gepr\u00fcft und nat\u00fcrlich wurde Wasser zum Schwimmen und Baden eingelassen.\u00a0<\/span><\/p><h3>Fr\u00fchschwimmen 3x pro Woche im Schwimmerbecken<\/h3><p><span style=\"font-size: 12pt;\">\u201eWir freuen uns, dass endlich wieder ein normaler Badebetrieb fast ohne Einschr\u00e4nkungen m\u00f6glich ist\u201c, betont B\u00e4der-Leiter Michael Gaisa.<\/span><\/p><p><span style=\"font-size: 12pt;\">Zudem gibt es fortan<strong>\u00a0drei Mal die Woche, montags, mittwochs und freitags, ein Fr\u00fchschwimmerangebot im Schwimmerbecken<\/strong>, an diesen Tagen \u00f6ffnen die Tore bereits ab 7.30 Uhr. \u201eDas war ein lang gehegter Wunsch aus der Bev\u00f6lkerung und wurde \u00fcber die Corona-Zeit schmerzlich von unseren Badeg\u00e4sten vermisst. Wir freuen uns, dass wir diesen Service nun wieder anbieten k\u00f6nnen\u201c, so Gaisa.\u00a0<\/span><\/p><h3>Abends bis 20.00 Uhr\u00a0<\/h3><p><span style=\"font-size: 12pt;\">An den anderen Tagen \u00f6ffnet das Parkbad ab 9 Uhr morgens. Die neue Zeiteinteilung sei im Hinblick auf die Dienstpl\u00e4ne und die weiterhin langen \u00d6ffnungszeiten bis zum Abend eine ausgewogene L\u00f6sung, um einen<strong>\u00a0sicheren Badebetrieb<\/strong>\u00a0zu gew\u00e4hrleisten. Da das Parkbad\u00a0<strong>abends weiterhin bis 20 Uhr ge\u00f6ffnet<\/strong>\u00a0ist, k\u00f6nnen so m\u00f6glichst viele Badeg\u00e4ste profitieren. Berufst\u00e4tige k\u00f6nnen nun dreimal pro Woche morgens vor oder auch t\u00e4glich abends nach der Arbeit ihre Bahnen ziehen. Auch f\u00fcr Familien, Kinder und Jugendliche sind die langen Zeiten bis abends praktikabel, damit die sonnigen Tage gut ausgenutzt werden k\u00f6nnen.<\/span><\/p><h3>Die bereits f\u00fcr 2020 geplante Preiserh\u00f6hung erfolgt nun diese Saison\u00a0<\/h3><p><span style=\"font-size: 12pt;\">Heuer wird die moderate Preiserh\u00f6hung f\u00fcr einzelne Tickets, die bereits 2020 beschlossen, aber wegen Corona-Einschr\u00e4nkungen bislang noch nicht eingef\u00fchrt wurde, umgesetzt. Neben Einzelkarten (4,50 Euro, erm\u00e4\u00dfigt 2,20 Euro) und 10er-Karten (40,80 Euro, erm\u00e4\u00dfigt 18,70 Euro) wird es auch wieder Dauerkarten (157 Euro, erm\u00e4\u00dfigt 75 Euro) f\u00fcr die ganze Badesaison und Feierabendkarten (2,80 Euro, erm\u00e4\u00dfigt 1,50 Euro) geben.\u00a0<\/span><\/p><p><span style=\"font-size: 12pt;\">Die aktuellen Preise sind auch\u00a0<a href=\"https:\/\/www.stadtwerke-schwabach.de\/Baeder\/Preisblaetter-und-Broschueren\/Preisblaetter-und-Bedingungen.html\" target=\"_blank\" rel=\"noopener\">hier\u00a0<\/a>ver\u00f6ffentlicht. Dauerkarten werden ab Montag, den 9. Mai 2022, bei den Stadtwerken verkauft.<\/span><\/p><h3>Weiterf\u00fchrende Links:<\/h3><p><span style=\"font-size: 12pt;\"><a href=\"https:\/\/www.stadtwerke-schwabach.de\/Baeder\/Parkbad-Schwabach\/\" target=\"_blank\" rel=\"noopener\">Homepage Parkbad Schwabach &#8230;<\/a><\/span><\/p>\t\t\t\t\t\t<\/div>\n\t\t\t\t<\/div>\n\t\t\t\t<div class=\"elementor-element elementor-element-0755c94 elementor-widget elementor-widget-shortcode\" data-id=\"0755c94\" data-element_type=\"widget\" data-widget_type=\"shortcode.default\">\n\t\t\t\t<div class=\"elementor-widget-container\">\n\t\t\t\t\t<div class=\"elementor-shortcode\"><!-- Beginn https:\/\/www.financeads.net\/-Code --><a href=\"https:\/\/www.financeads.net\/tc.php?t=36648C38513858B\" target=\"_blank\"><center><img decoding=\"async\" src=\"https:\/\/www.financeads.net\/tb.php?t=36648V38513858B&https=1\" alt=\"\" border=\"0\" width=\"468\" height=\"60\"><\/a><!-- Ende https:\/\/www.financeads.net\/-Code --><\/div>\n\t\t\t\t<\/div>\n\t\t\t\t<\/div>\n\t\t\t\t<div class=\"elementor-element elementor-element-21c3450 elementor-widget-divider--view-line elementor-widget elementor-widget-divider\" data-id=\"21c3450\" data-element_type=\"widget\" data-widget_type=\"divider.default\">\n\t\t\t\t<div class=\"elementor-widget-container\">\n\t\t\t\t\t<div class=\"elementor-divider\">\n\t\t\t<span class=\"elementor-divider-separator\">\n\t\t\t\t\t\t<\/span>\n\t\t<\/div>\n\t\t\t\t<\/div>\n\t\t\t\t<\/div>\n\t\t\t\t<div class=\"elementor-element elementor-element-f4c690c elementor-widget elementor-widget-google_maps\" data-id=\"f4c690c\" data-element_type=\"widget\" data-widget_type=\"google_maps.default\">\n\t\t\t\t<div class=\"elementor-widget-container\">\n\t\t\t\t\t<div class=\"elementor-custom-embed\">\n\t\t\t<iframe loading=\"lazy\"\n\t\t\t\t\tsrc=\"https:\/\/maps.google.com\/maps?q=Angerstra%C3%9Fe%2010%2C%20Schwabach%2C%20Deutschland&#038;t=m&#038;z=16&#038;output=embed&#038;iwloc=near\"\n\t\t\t\t\ttitle=\"Angerstra\u00dfe 10, Schwabach, Deutschland\"\n\t\t\t\t\taria-label=\"Angerstra\u00dfe 10, Schwabach, Deutschland\"\n\t\t\t><\/iframe>\n\t\t<\/div>\n\t\t\t\t<\/div>\n\t\t\t\t<\/div>\n\t\t\t\t\t<\/div>\n\t\t<\/div>\n\t\t\t\t<div class=\"elementor-column elementor-col-50 elementor-top-column elementor-element elementor-element-dbba6c2\" data-id=\"dbba6c2\" data-element_type=\"column\">\n\t\t\t<div class=\"elementor-widget-wrap elementor-element-populated\">\n\t\t\t\t\t\t<div class=\"elementor-element elementor-element-7ddeeb5 elementor-widget elementor-widget-heading\" data-id=\"7ddeeb5\" data-element_type=\"widget\" data-widget_type=\"heading.default\">\n\t\t\t\t<div class=\"elementor-widget-container\">\n\t\t\t<h3 class=\"elementor-heading-title elementor-size-default\">Schnell vergleichen und sparen!<\/h3>\t\t<\/div>\n\t\t\t\t<\/div>\n\t\t\t\t<div class=\"elementor-element elementor-element-0312a14 elementor-widget elementor-widget-wp-widget-advads_ad_widget\" data-id=\"0312a14\" data-element_type=\"widget\" data-widget_type=\"wp-widget-advads_ad_widget.default\">\n\t\t\t\t<div class=\"elementor-widget-container\">\n\t\t\t<div id=\"regio-2024964575\"><div class=\"regio-adlabel\">Werbung<\/div><!-- Beginn https:\/\/www.financeads.net\/-Code --><a href=\"https:\/\/www.financeads.net\/tc.php?t=36648C236142529B\" target=\"_blank\"><img fetchpriority=\"high\" decoding=\"async\" src=\"https:\/\/www.financeads.net\/tb.php?t=36648V236142529B&https=1\" alt=\"\" border=\"0\" width=\"300\" height=\"250\"><\/a><!-- Ende https:\/\/www.financeads.net\/-Code --><\/div>\t\t<\/div>\n\t\t\t\t<\/div>\n\t\t\t\t<div class=\"elementor-element elementor-element-755cc21 elementor-widget elementor-widget-wp-widget-advads_ad_widget\" data-id=\"755cc21\" data-element_type=\"widget\" data-widget_type=\"wp-widget-advads_ad_widget.default\">\n\t\t\t\t<div class=\"elementor-widget-container\">\n\t\t\t<div id=\"regio-3841740888\"><div class=\"regio-adlabel\">Werbung<\/div><!-- Beginn https:\/\/www.financeads.net\/-Code --><a href=\"https:\/\/www.financeads.net\/tc.php?t=36648C42614510B\" target=\"_blank\"><img decoding=\"async\" src=\"https:\/\/www.financeads.net\/tb.php?t=36648V42614510B&https=1\" alt=\"\" border=\"0\" width=\"200\" height=\"300\"><\/a><!-- Ende https:\/\/www.financeads.net\/-Code --><\/div>\t\t<\/div>\n\t\t\t\t<\/div>\n\t\t\t\t<div class=\"elementor-element elementor-element-acc7dbb elementor-widget elementor-widget-wp-widget-advads_ad_widget\" data-id=\"acc7dbb\" data-element_type=\"widget\" data-widget_type=\"wp-widget-advads_ad_widget.default\">\n\t\t\t\t<div class=\"elementor-widget-container\">\n\t\t\t<div id=\"regio-3327641024\"><div class=\"regio-adlabel\">Werbung<\/div><!-- Beginn https:\/\/www.financeads.net\/-Code --><a href=\"https:\/\/www.financeads.net\/tc.php?t=36648C205040072B\" target=\"_blank\"><img loading=\"lazy\" decoding=\"async\" src=\"https:\/\/www.financeads.net\/tb.php?t=36648V205040072B&https=1\" alt=\"\" border=\"0\" width=\"300\" height=\"250\"><\/a><!-- Ende https:\/\/www.financeads.net\/-Code --><\/div>\t\t<\/div>\n\t\t\t\t<\/div>\n\t\t\t\t<div class=\"elementor-element elementor-element-09f4aba elementor-widget elementor-widget-wp-widget-advads_ad_widget\" data-id=\"09f4aba\" data-element_type=\"widget\" data-widget_type=\"wp-widget-advads_ad_widget.default\">\n\t\t\t\t<div class=\"elementor-widget-container\">\n\t\t\t<div id=\"regio-1171904966\"><div class=\"regio-adlabel\">Werbung<\/div><!-- Beginn https:\/\/www.financeads.net\/-Code --><a href=\"https:\/\/www.financeads.net\/tc.php?t=36648C271460142B\" target=\"_blank\"><img loading=\"lazy\" decoding=\"async\" src=\"https:\/\/www.financeads.net\/tb.php?t=36648V271460142B&https=1\" alt=\"PETPROTECT_Hund&Katze_Banner\" border=\"0\" width=\"250\" height=\"250\"><\/a><!-- Ende https:\/\/www.financeads.net\/-Code --><\/div>\t\t<\/div>\n\t\t\t\t<\/div>\n\t\t\t\t\t<\/div>\n\t\t<\/div>\n\t\t\t\t\t<\/div>\n\t\t<\/section>\n\t\t\t\t<\/div>\n\t\t","protected":false},"excerpt":{"rendered":"<div class=\"mh-excerpt\"><p>Schwabacher Parkbad-Saison startet Mitte Mai Fr\u00fchschwimmen ist zur\u00fcck \u2013 Normalit\u00e4t im Badebetrieb Schwabach \u2013 Am Samstag, den 14. Mai 2022 \u00f6ffnet das Parkbad die Pfortenf\u00fcr die Saison 2022. Neben Einzelkarten, Zehner-Karten und Feierabendkarten gibt es <a class=\"mh-excerpt-more\" href=\"https:\/\/www.region-schwabach.de\/wordpress\/die-badesaison-2022-im-parkbad-schwabach-wird-am-samstag-den-14-mai-2022-eroffnet\/\" title=\"Die Badesaison 2022 im Parkbad Schwabach wird am Samstag, den 14. Mai 2022, er\u00f6ffnet\">[&#8230;]<\/a><\/p>\n<\/div>","protected":false},"author":1,"featured_media":118637,"comment_status":"open","ping_status":"open","sticky":false,"template":"","format":"standard","meta":{"_cbd_carousel_blocks":"[]","footnotes":""},"categories":[16,1,2549,231],"tags":[19141,19140,941,3550,4127,2546,1480,5942,19,3012,4477],"class_list":{"0":"post-170891","1":"post","2":"type-post","3":"status-publish","4":"format-standard","5":"has-post-thumbnail","7":"category-aktuell","8":"category-allgemein","9":"category-stadtwerke","10":"category-veranstaltungsnews","11":"tag-14-mai-2022","12":"tag-14-05-2022","13":"tag-angerstrasse","14":"tag-eroeffnung","15":"tag-freibad","16":"tag-parkbad","17":"tag-rathaus","18":"tag-saison","19":"tag-schwabach","20":"tag-stadt","21":"tag-stadtwerke"},"_links":{"self":[{"href":"https:\/\/www.region-schwabach.de\/wordpress\/wp-json\/wp\/v2\/posts\/170891","targetHints":{"allow":["GET"]}}],"collection":[{"href":"https:\/\/www.region-schwabach.de\/wordpress\/wp-json\/wp\/v2\/posts"}],"about":[{"href":"https:\/\/www.region-schwabach.de\/wordpress\/wp-json\/wp\/v2\/types\/post"}],"author":[{"embeddable":true,"href":"https:\/\/www.region-schwabach.de\/wordpress\/wp-json\/wp\/v2\/users\/1"}],"replies":[{"embeddable":true,"href":"https:\/\/www.region-schwabach.de\/wordpress\/wp-json\/wp\/v2\/comments?post=170891"}],"version-history":[{"count":0,"href":"https:\/\/www.region-schwabach.de\/wordpress\/wp-json\/wp\/v2\/posts\/170891\/revisions"}],"wp:featuredmedia":[{"embeddable":true,"href":"https:\/\/www.region-schwabach.de\/wordpress\/wp-json\/wp\/v2\/media\/118637"}],"wp:attachment":[{"href":"https:\/\/www.region-schwabach.de\/wordpress\/wp-json\/wp\/v2\/media?parent=170891"}],"wp:term":[{"taxonomy":"category","embeddable":true,"href":"https:\/\/www.region-schwabach.de\/wordpress\/wp-json\/wp\/v2\/categories?post=170891"},{"taxonomy":"post_tag","embeddable":true,"href":"https:\/\/www.region-schwabach.de\/wordpress\/wp-json\/wp\/v2\/tags?post=170891"}],"curies":[{"name":"wp","href":"https:\/\/api.w.org\/{rel}","templated":true}]}}