{"id":171238,"date":"2022-05-18T01:00:00","date_gmt":"2022-05-17T23:00:00","guid":{"rendered":"https:\/\/www.region-schwabach.de\/wordpress\/?p=171238"},"modified":"2022-05-17T21:14:02","modified_gmt":"2022-05-17T19:14:02","slug":"ob-peter-reiss-ladt-am-mittwoch-den-18-mai-2022-zu-der-infoveranstaltung-nachhaltiges-schwabach-was-kummerts-mich-ein","status":"publish","type":"post","link":"https:\/\/www.region-schwabach.de\/wordpress\/ob-peter-reiss-ladt-am-mittwoch-den-18-mai-2022-zu-der-infoveranstaltung-nachhaltiges-schwabach-was-kummerts-mich-ein\/","title":{"rendered":"OB Peter Rei\u00df l\u00e4dt am Mittwoch, den 18. Mai 2022, zu der Infoveranstaltung &#8222;Nachhaltiges Schwabach &#8211; was k\u00fcmmert\u00b4s mich?&#8220; ein"},"content":{"rendered":"\t\t<div data-elementor-type=\"wp-post\" data-elementor-id=\"171238\" class=\"elementor elementor-171238\">\n\t\t\t\t\t\t<section class=\"elementor-section elementor-top-section elementor-element elementor-element-678181b elementor-section-boxed elementor-section-height-default elementor-section-height-default\" data-id=\"678181b\" data-element_type=\"section\">\n\t\t\t\t\t\t<div class=\"elementor-container elementor-column-gap-default\">\n\t\t\t\t\t<div class=\"elementor-column elementor-col-50 elementor-top-column elementor-element elementor-element-6b34026\" data-id=\"6b34026\" data-element_type=\"column\">\n\t\t\t<div class=\"elementor-widget-wrap elementor-element-populated\">\n\t\t\t\t\t\t<div class=\"elementor-element elementor-element-5fea1cd elementor-widget elementor-widget-wp-widget-advads_ad_widget\" data-id=\"5fea1cd\" data-element_type=\"widget\" data-widget_type=\"wp-widget-advads_ad_widget.default\">\n\t\t\t\t<div class=\"elementor-widget-container\">\n\t\t\t<div id=\"regio-28926736\"><div class=\"regio-adlabel\">Werbung<\/div><center><a href=\"https:\/\/a.partner-versicherung.de\/click.php?partner_id=19992&ad_id=1578&deep=kreditkarten\"  target=\"_blank\"><img decoding=\"async\" src=\"https:\/\/a.partner-versicherung.de\/view.php?partner_id=19992&ad_id=1578\" ><\/a><\/center><\/div>\t\t<\/div>\n\t\t\t\t<\/div>\n\t\t\t\t<div class=\"elementor-element elementor-element-443ab98 elementor-widget elementor-widget-text-editor\" data-id=\"443ab98\" data-element_type=\"widget\" data-widget_type=\"text-editor.default\">\n\t\t\t\t<div class=\"elementor-widget-container\">\n\t\t\t\t\t\t\t<h3><span id=\"page48R_mcid19\" class=\"markedContent\"><span dir=\"ltr\" role=\"presentation\">Abendveranstaltung am Mittwoch, den 18. Mai 2022:\u00a0<\/span><\/span><span id=\"undefined\" class=\"markedContent\"><\/span><span id=\"page48R_mcid20\" class=\"markedContent\"><\/span><span id=\"page48R_mcid12\" class=\"markedContent\"><br role=\"presentation\" \/><span dir=\"ltr\" role=\"presentation\">Nachhaltiges Schwabach &#8211; was k\u00fcmmert\u2019s mich?<\/span><\/span><\/h3><p><span style=\"font-size: 12pt;\">Schwabach &#8211; <span id=\"page48R_mcid14\" class=\"markedContent\"><span dir=\"ltr\" role=\"presentation\">\u00dcber den Tellerrand blicken, uns mit Lebenswirklichkeiten und Visionen <\/span><span dir=\"ltr\" role=\"presentation\">von Kindern weltweit und vor Ort auseinandersetzen und unser <\/span><span dir=\"ltr\" role=\"presentation\">Schwabach nachhaltig denken \u2013 das sind die Motive einer Abendver<\/span><span dir=\"ltr\" role=\"presentation\">anstaltung, zu der Oberb\u00fcrgermeister Peter Rei\u00df f\u00fcr Mittwoch, den 18. Mai 2022, <\/span><span dir=\"ltr\" role=\"presentation\">einl\u00e4dt. Ab 18.30 Uhr (Einlass ab 18.00 Uhr) ist dann im Markgrafensaal <\/span><span dir=\"ltr\" role=\"presentation\">Filmemacherin Sigrid Klausmann mit ihrem Filmprojekt \u201e199 Kleine <\/span><span dir=\"ltr\" role=\"presentation\">Helden*innen\u201c zu Gast. Der Eintritt ist frei.<\/span><\/span><span id=\"page48R_mcid15\" class=\"markedContent\"><\/span><span id=\"page48R_mcid16\" class=\"markedContent\"><br role=\"presentation\" \/><\/span><\/span><\/p><p><span style=\"font-size: 12pt;\"><span id=\"page48R_mcid16\" class=\"markedContent\"><span dir=\"ltr\" role=\"presentation\">Der Film r\u00fcckt Kinder aus unterschiedlichen Weltregionen und Kultur<\/span><span dir=\"ltr\" role=\"presentation\">kreisen in den Mittelpunkt. Die Idee f\u00fcr diese globale Portraitreihe, die <\/span><span dir=\"ltr\" role=\"presentation\">seit 2013 unter der Schirmherrschaft der Deutschen UNESCO-<\/span><span dir=\"ltr\" role=\"presentation\">Kommission steht, hatten Filmregisseurin Sigrid Klausmann und Schau<\/span><span dir=\"ltr\" role=\"presentation\">spieler Walter Sittler. Das prominente Ehepaar ist von der Notwendigkeit <\/span><span dir=\"ltr\" role=\"presentation\">\u00fcberzeugt, Kindern weltweit eine Stimme zu geben. Die Filmreihe <\/span><span dir=\"ltr\" role=\"presentation\">begleitet Kinder auf ihren au\u00dfergew\u00f6hnlichen Schulwegen und <\/span><span dir=\"ltr\" role=\"presentation\">erm\u00f6glicht uns, von ihren \u00c4ngsten und Tr\u00e4umen, von ihrem Blick in die <\/span><span dir=\"ltr\" role=\"presentation\">Zukunft zu erfahren.<\/span><\/span><span id=\"page48R_mcid17\" class=\"markedContent\"><\/span><span id=\"page48R_mcid18\" class=\"markedContent\"><br role=\"presentation\" \/><\/span><\/span><\/p><p><span style=\"font-size: 12pt;\"><span id=\"page48R_mcid18\" class=\"markedContent\"><span dir=\"ltr\" role=\"presentation\">Was uns das hier in Schwabach k\u00fcmmert, damit besch\u00e4ftigt sich die <\/span><span dir=\"ltr\" role=\"presentation\">Veranstaltung ebenfalls. Auf unserem Weg zur nachhaltigen, klima<\/span><span dir=\"ltr\" role=\"presentation\">neutralen Stadt r\u00fccken die Themen Zukunftsf\u00e4higkeit und Generationen<\/span><span dir=\"ltr\" role=\"presentation\">gerechtigkeit verst\u00e4rkt in unser Bewusstsein. Zukunftsvisionen und <\/span><span dir=\"ltr\" role=\"presentation\">Belange dieser Kinder ernst zu nehmen und in das st\u00e4dtische Handeln <\/span><\/span><\/span><span style=\"font-size: 12pt;\"><span id=\"page1R_mcid0\" class=\"markedContent\"><span dir=\"ltr\" role=\"presentation\">einflie\u00dfen zu lassen, sind ebenfalls Thema. Wer sich in diesem <\/span><span dir=\"ltr\" role=\"presentation\">Zusammenhang daf\u00fcr interessiert, weshalb die Stadt Schwabach derzeit <\/span><span dir=\"ltr\" role=\"presentation\">ein st\u00e4dtisches Gesamtkonzept unter dem Paradigma der Nachhaltigkeit <\/span><span dir=\"ltr\" role=\"presentation\">erarbeitet und der oftmals verw\u00e4ssert erscheinende Modebegriff <\/span><span dir=\"ltr\" role=\"presentation\">\u201eNachhaltigkeit\u201c die Richtung f\u00fcr k\u00fcnftige Projekte und Vorhaben der <\/span><span dir=\"ltr\" role=\"presentation\">Stadt Schwabach angeben soll, findet an diesem Abend Antworten.<\/span><\/span><span id=\"page1R_mcid1\" class=\"markedContent\"><\/span><span id=\"page1R_mcid2\" class=\"markedContent\"><br role=\"presentation\" \/><\/span><\/span><\/p><p><span style=\"font-size: 12pt;\"><span id=\"page1R_mcid2\" class=\"markedContent\"><span dir=\"ltr\" role=\"presentation\">N\u00e4here Infos gibt es bei Anna Spaulding <\/span><span dir=\"ltr\" role=\"presentation\">(<\/span><\/span><a href=\"mailto:anna.spaulding@schwabach.de\" target=\"_blank\" rel=\"noopener\"><span id=\"page1R_mcid3\" class=\"markedContent\"><span dir=\"ltr\" role=\"presentation\">anna.spaulding@schwabach.de<\/span><\/span><\/a><span id=\"page1R_mcid8\" class=\"markedContent\"><span dir=\"ltr\" role=\"presentation\">) und <\/span><\/span><span id=\"page1R_mcid5\" class=\"markedContent\"><span dir=\"ltr\" role=\"presentation\">Tanja Helm(<\/span><\/span><a href=\"mailto:tanja.helm@schwabach.de\" target=\"_blank\" rel=\"noopener\"><span id=\"page1R_mcid6\" class=\"markedContent\"><span dir=\"ltr\" role=\"presentation\">tanja.helm@schwabach.de<\/span><\/span><\/a><span id=\"page1R_mcid9\" class=\"markedContent\"><span dir=\"ltr\" role=\"presentation\">).\u00a0<\/span><\/span><\/span><\/p>\t\t\t\t\t\t<\/div>\n\t\t\t\t<\/div>\n\t\t\t\t<div class=\"elementor-element elementor-element-7cc9469 elementor-widget elementor-widget-shortcode\" data-id=\"7cc9469\" data-element_type=\"widget\" data-widget_type=\"shortcode.default\">\n\t\t\t\t<div class=\"elementor-widget-container\">\n\t\t\t\t\t<div class=\"elementor-shortcode\"><center><a href=\"https:\/\/a.partner-versicherung.de\/click.php?partner_id=19992&ad_id=441&deep=kfz-versicherung\"  target=\"_blank\"><img decoding=\"async\" src=\"https:\/\/a.partner-versicherung.de\/view.php?partner_id=19992&ad_id=441\" ><\/a><\/center><\/div>\n\t\t\t\t<\/div>\n\t\t\t\t<\/div>\n\t\t\t\t<div class=\"elementor-element elementor-element-0c834d7 elementor-widget-divider--view-line elementor-widget elementor-widget-divider\" data-id=\"0c834d7\" data-element_type=\"widget\" data-widget_type=\"divider.default\">\n\t\t\t\t<div class=\"elementor-widget-container\">\n\t\t\t\t\t<div class=\"elementor-divider\">\n\t\t\t<span class=\"elementor-divider-separator\">\n\t\t\t\t\t\t<\/span>\n\t\t<\/div>\n\t\t\t\t<\/div>\n\t\t\t\t<\/div>\n\t\t\t\t<div class=\"elementor-element elementor-element-325f51f elementor-widget elementor-widget-google_maps\" data-id=\"325f51f\" data-element_type=\"widget\" data-widget_type=\"google_maps.default\">\n\t\t\t\t<div class=\"elementor-widget-container\">\n\t\t\t\t\t<div class=\"elementor-custom-embed\">\n\t\t\t<iframe loading=\"lazy\"\n\t\t\t\t\tsrc=\"https:\/\/maps.google.com\/maps?q=K%C3%B6nigsplatz%201%2C%20Schwabach%2C%20Deutschland&#038;t=m&#038;z=17&#038;output=embed&#038;iwloc=near\"\n\t\t\t\t\ttitle=\"K\u00f6nigsplatz 1, Schwabach, Deutschland\"\n\t\t\t\t\taria-label=\"K\u00f6nigsplatz 1, Schwabach, Deutschland\"\n\t\t\t><\/iframe>\n\t\t<\/div>\n\t\t\t\t<\/div>\n\t\t\t\t<\/div>\n\t\t\t\t\t<\/div>\n\t\t<\/div>\n\t\t\t\t<div class=\"elementor-column elementor-col-50 elementor-top-column elementor-element elementor-element-f141625\" data-id=\"f141625\" data-element_type=\"column\">\n\t\t\t<div class=\"elementor-widget-wrap elementor-element-populated\">\n\t\t\t\t\t\t<div class=\"elementor-element elementor-element-aa635e8 elementor-widget elementor-widget-heading\" data-id=\"aa635e8\" data-element_type=\"widget\" data-widget_type=\"heading.default\">\n\t\t\t\t<div class=\"elementor-widget-container\">\n\t\t\t<h3 class=\"elementor-heading-title elementor-size-default\">Schnell vergleichen und sparen!<\/h3>\t\t<\/div>\n\t\t\t\t<\/div>\n\t\t\t\t<div class=\"elementor-element elementor-element-380778c elementor-widget elementor-widget-wp-widget-advads_ad_widget\" data-id=\"380778c\" data-element_type=\"widget\" data-widget_type=\"wp-widget-advads_ad_widget.default\">\n\t\t\t\t<div class=\"elementor-widget-container\">\n\t\t\t<div id=\"regio-43724222\"><div class=\"regio-adlabel\">Werbung<\/div><!-- Beginn https:\/\/www.financeads.net\/-Code --><a href=\"https:\/\/www.financeads.net\/tc.php?t=36648C236142529B\" target=\"_blank\"><img fetchpriority=\"high\" decoding=\"async\" src=\"https:\/\/www.financeads.net\/tb.php?t=36648V236142529B&https=1\" alt=\"\" border=\"0\" width=\"300\" height=\"250\"><\/a><!-- Ende https:\/\/www.financeads.net\/-Code --><\/div>\t\t<\/div>\n\t\t\t\t<\/div>\n\t\t\t\t<div class=\"elementor-element elementor-element-bd26aa5 elementor-widget elementor-widget-wp-widget-advads_ad_widget\" data-id=\"bd26aa5\" data-element_type=\"widget\" data-widget_type=\"wp-widget-advads_ad_widget.default\">\n\t\t\t\t<div class=\"elementor-widget-container\">\n\t\t\t<div id=\"regio-1200165063\"><div class=\"regio-adlabel\">Werbung<\/div><!-- Beginn https:\/\/www.financeads.net\/-Code --><a href=\"https:\/\/www.financeads.net\/tc.php?t=36648C42614510B\" target=\"_blank\"><img decoding=\"async\" src=\"https:\/\/www.financeads.net\/tb.php?t=36648V42614510B&https=1\" alt=\"\" border=\"0\" width=\"200\" height=\"300\"><\/a><!-- Ende https:\/\/www.financeads.net\/-Code --><\/div>\t\t<\/div>\n\t\t\t\t<\/div>\n\t\t\t\t<div class=\"elementor-element elementor-element-abfc6b5 elementor-widget elementor-widget-wp-widget-advads_ad_widget\" data-id=\"abfc6b5\" data-element_type=\"widget\" data-widget_type=\"wp-widget-advads_ad_widget.default\">\n\t\t\t\t<div class=\"elementor-widget-container\">\n\t\t\t<div id=\"regio-3566047191\"><div class=\"regio-adlabel\">Werbung<\/div><!-- Beginn https:\/\/www.financeads.net\/-Code --><a href=\"https:\/\/www.financeads.net\/tc.php?t=36648C205040072B\" target=\"_blank\"><img decoding=\"async\" src=\"https:\/\/www.financeads.net\/tb.php?t=36648V205040072B&https=1\" alt=\"\" border=\"0\" width=\"300\" height=\"250\"><\/a><!-- Ende https:\/\/www.financeads.net\/-Code --><\/div>\t\t<\/div>\n\t\t\t\t<\/div>\n\t\t\t\t<div class=\"elementor-element elementor-element-9b68655 elementor-widget elementor-widget-wp-widget-advads_ad_widget\" data-id=\"9b68655\" data-element_type=\"widget\" data-widget_type=\"wp-widget-advads_ad_widget.default\">\n\t\t\t\t<div class=\"elementor-widget-container\">\n\t\t\t<div id=\"regio-2800053823\"><div class=\"regio-adlabel\">Werbung<\/div><!-- Beginn https:\/\/www.financeads.net\/-Code --><a href=\"https:\/\/www.financeads.net\/tc.php?t=36648C271460142B\" target=\"_blank\"><img loading=\"lazy\" decoding=\"async\" src=\"https:\/\/www.financeads.net\/tb.php?t=36648V271460142B&https=1\" alt=\"PETPROTECT_Hund&Katze_Banner\" border=\"0\" width=\"250\" height=\"250\"><\/a><!-- Ende https:\/\/www.financeads.net\/-Code --><\/div>\t\t<\/div>\n\t\t\t\t<\/div>\n\t\t\t\t\t<\/div>\n\t\t<\/div>\n\t\t\t\t\t<\/div>\n\t\t<\/section>\n\t\t\t\t<\/div>\n\t\t","protected":false},"excerpt":{"rendered":"<div class=\"mh-excerpt\"><p>Abendveranstaltung am Mittwoch, den 18. Mai 2022:&nbsp;Nachhaltiges Schwabach &#8211; was k\u00fcmmert\u2019s mich? Schwabach &#8211; \u00dcber den Tellerrand blicken, uns mit Lebenswirklichkeiten und Visionen von Kindern weltweit und vor Ort auseinandersetzen und unser Schwabach nachhaltig denken <a class=\"mh-excerpt-more\" href=\"https:\/\/www.region-schwabach.de\/wordpress\/ob-peter-reiss-ladt-am-mittwoch-den-18-mai-2022-zu-der-infoveranstaltung-nachhaltiges-schwabach-was-kummerts-mich-ein\/\" title=\"OB Peter Rei\u00df l\u00e4dt am Mittwoch, den 18. Mai 2022, zu der Infoveranstaltung &#8222;Nachhaltiges Schwabach &#8211; was k\u00fcmmert\u00b4s mich?&#8220; ein\">[&#8230;]<\/a><\/p>\n<\/div>","protected":false},"author":1,"featured_media":171239,"comment_status":"open","ping_status":"open","sticky":false,"template":"","format":"standard","meta":{"_cbd_carousel_blocks":"[]","footnotes":""},"categories":[16,61],"tags":[19193,19192,19191,19194,6580,522,2029,2028,5269,12385,1480,19,19195,6968,3012,3151],"class_list":{"0":"post-171238","1":"post","2":"type-post","3":"status-publish","4":"format-standard","5":"has-post-thumbnail","7":"category-aktuell","8":"category-rathaus","9":"tag-nachhaltiges-schwabach-was-kuemmers-mich","10":"tag-18-mai-2022","11":"tag-18-05-2022","12":"tag-filmregisseurin","13":"tag-infoveranstaltung","14":"tag-koenigsplatz","15":"tag-ludwigstrasse","16":"tag-markgrafensaal","17":"tag-oberbuergermeister","18":"tag-peter-reiss","19":"tag-rathaus","20":"tag-schwabach","21":"tag-sigrid-klausmann","22":"tag-spd","23":"tag-stadt","24":"tag-stadt-schwabach"},"_links":{"self":[{"href":"https:\/\/www.region-schwabach.de\/wordpress\/wp-json\/wp\/v2\/posts\/171238","targetHints":{"allow":["GET"]}}],"collection":[{"href":"https:\/\/www.region-schwabach.de\/wordpress\/wp-json\/wp\/v2\/posts"}],"about":[{"href":"https:\/\/www.region-schwabach.de\/wordpress\/wp-json\/wp\/v2\/types\/post"}],"author":[{"embeddable":true,"href":"https:\/\/www.region-schwabach.de\/wordpress\/wp-json\/wp\/v2\/users\/1"}],"replies":[{"embeddable":true,"href":"https:\/\/www.region-schwabach.de\/wordpress\/wp-json\/wp\/v2\/comments?post=171238"}],"version-history":[{"count":0,"href":"https:\/\/www.region-schwabach.de\/wordpress\/wp-json\/wp\/v2\/posts\/171238\/revisions"}],"wp:featuredmedia":[{"embeddable":true,"href":"https:\/\/www.region-schwabach.de\/wordpress\/wp-json\/wp\/v2\/media\/171239"}],"wp:attachment":[{"href":"https:\/\/www.region-schwabach.de\/wordpress\/wp-json\/wp\/v2\/media?parent=171238"}],"wp:term":[{"taxonomy":"category","embeddable":true,"href":"https:\/\/www.region-schwabach.de\/wordpress\/wp-json\/wp\/v2\/categories?post=171238"},{"taxonomy":"post_tag","embeddable":true,"href":"https:\/\/www.region-schwabach.de\/wordpress\/wp-json\/wp\/v2\/tags?post=171238"}],"curies":[{"name":"wp","href":"https:\/\/api.w.org\/{rel}","templated":true}]}}